{"id":97434,"date":"2025-04-20T19:53:34","date_gmt":"2025-04-20T23:53:34","guid":{"rendered":"https:\/\/lasprimeras.com.do\/?p=97434"},"modified":"2025-04-20T19:53:36","modified_gmt":"2025-04-20T23:53:36","slug":"tapones-reviven-la-necesidad-de-ampliacion-de-la-carretera-sanchez-desde-bani-hasta-azua","status":"publish","type":"post","link":"https:\/\/lasprimeras.com.do\/index.php\/2025\/04\/20\/tapones-reviven-la-necesidad-de-ampliacion-de-la-carretera-sanchez-desde-bani-hasta-azua\/","title":{"rendered":"Tapones reviven la necesidad de ampliaci\u00f3n de la carretera S\u00e1nchez desde Ban\u00ed hasta Azua"},"content":{"rendered":"\n<p><strong>En abril del 2024, Abinader dijo que la ampliaci\u00f3n ser\u00eda fijada en el presupuesto del 2025, pero no se hizo.<\/strong><\/p>\n\n\n\n<p>Desde hace varios a\u00f1os, los tapones agobian a los miles de personas que se desplazan en Semana Santa y otras fechas festivas hacia el Sur por la carretera S\u00e1nchez, una v\u00eda a la que ya consideran un &#8220;camino vecinal&#8221;, debido a estrechez frente a la cantidad de viajeros.<\/p>\n\n\n\n<p>En este asueto, los taponamientos por el centro del municipio cabecera de provincia Peravia bajaron considerablemente con la habilitaci\u00f3n provisional de la Circunvalaci\u00f3n de Ban\u00ed.<\/p>\n\n\n\n<p>Anteriormente se registraba una demora de m\u00e1s de una hora para atravesar 2.9 kil\u00f3metros desde la entrada a la salida del casco urbano.<\/p>\n\n\n\n<p>Pero la situaci\u00f3n sigue cr\u00edtica en la carretera S\u00e1nchez, principalmente en el tramo comprendido entre el N\u00famero hasta Ban\u00ed. El retorno simult\u00e1neo provoca un embudo de varios kil\u00f3metros, debido a que los conductores toman ambas v\u00edas, provocando un colapso del tr\u00e1nsito.<\/p>\n\n\n\n<p>Los planes<\/p>\n\n\n\n<p>Al finalizar la Semana Santa de 2024, en la que se desplazaron 1.7 millones de veh\u00edculos, el presidente Luis Abinader reconoci\u00f3 la situaci\u00f3n y se propuso incluir en el Presupuesto General del 2025 la ampliaci\u00f3n a cuatro carriles desde Ban\u00ed hasta el cruce de Ocoa y, en un futuro, llevarla hasta Azua. Sin embargo, la partida no fue incluida.<\/p>\n\n\n\n<p>Adem\u00e1s, en marzo de este a\u00f1o, el Senado aprob\u00f3 una resoluci\u00f3n en la que solicit\u00f3 al Poder Ejecutivo la construcci\u00f3n de una autov\u00eda de cuatro carriles, proyecto desarrollado en dos fases.<\/p>\n\n\n\n<p>La primera abarcar\u00e1 los tramos carreteros Ban\u00ed-Azua-Barahona-Azua-San Juan. Y la segunda desde Barahona-Pedernales, Barahona-Bahoruco-Independencia y San Juan de la Maguana-El\u00edas Pi\u00f1a.<\/p>\n\n\n\n<p>La iniciativa fue propuesta por Andr\u00e9s Ayala, senador de Barahona, quien calific\u00f3 la v\u00eda como un &#8220;camino vecinal&#8221;. Se sumaron los dem\u00e1s legisladores del Sur o de otras regiones por la importancia del proyecto para el turismo en Barahona y Pedernales.<\/p>\n\n\n\n<p>Ricardo de los Santos, presidente del Senado, favoreci\u00f3 la resoluci\u00f3n al considerar que, cuando se normalice la situaci\u00f3n de Hait\u00ed, se facilitar\u00e1 el transporte de mercanc\u00eda a ese pa\u00eds.<\/p>\n\n\n\n<p>La Circunvalaci\u00f3n de Azua, entregada en febrero del 2023, junto a la de Ban\u00ed, fijada para el 2025, han acortado el tiempo y han mejorado el tr\u00e1nsito por esos pueblos.<\/p>\n\n\n\n<p>La carretera S\u00e1nchez, tambi\u00e9n conocida como la v\u00eda troncal RD-2, comprende cuatro carriles desde Santo Domingo hasta Ban\u00ed. Sin embargo, desde ah\u00ed para all\u00e1 solo hay un carril para ir y otro para regresar.<\/p>\n\n\n\n<p>Fuente Diario Libre<\/p>\n","protected":false},"excerpt":{"rendered":"<p>En abril del 2024, Abinader dijo que la ampliaci\u00f3n ser\u00eda fijada en el presupuesto del 2025, pero no se hizo. Desde hace varios a\u00f1os, los tapones agobian a los miles&hellip;<\/p>\n","protected":false},"author":2,"featured_media":97435,"comment_status":"open","ping_status":"open","sticky":false,"template":"","format":"standard","meta":{"content-type":"","jetpack_post_was_ever_published":false,"_jetpack_newsletter_access":"","_jetpack_dont_email_post_to_subs":false,"_jetpack_newsletter_tier_id":0,"_jetpack_memberships_contains_paywalled_content":false,"_jetpack_memberships_contains_paid_content":false,"footnotes":""},"categories":[35],"tags":[1565,1296,963,18947,5192,7353,18946],"class_list":["post-97434","post","type-post","status-publish","format-standard","has-post-thumbnail","hentry","category-nacionales","tag-ampliacion","tag-azua","tag-bani","tag-carretera-sanchez","tag-necesidad","tag-reviven","tag-tapones"],"jetpack_featured_media_url":"https:\/\/lasprimeras.com.do\/wp-content\/uploads\/2025\/04\/tapones.jpg","jetpack-related-posts":[{"id":79858,"url":"https:\/\/lasprimeras.com.do\/index.php\/2024\/03\/31\/fuerte-tapon-en-el-numero-tramo-azua-bani-en-direccion-a-santo-domingo\/","url_meta":{"origin":97434,"position":0},"title":"Fuerte tap\u00f3n en &#8220;El N\u00famero&#8221;, tramo Azua-Ban\u00ed, en direcci\u00f3n a Santo Domingo","author":"Nelson Feliz","date":"31 de marzo de 2024","format":false,"excerpt":"La imprudencia de muchos choferes y conductores que se desplazan hacia Santo Domingo han provocado un gran en taponamiento en el tramo de la carretera Azua-Ban\u00ed, despu\u00e9s del asueto de la Semana Santa. Desde muy temprano, se ha podido observar a trav\u00e9s de las redes sociales la fuerte cogesti\u00f3n vehicular\u2026","rel":"","context":"En \u00abNACIONALES\u00bb","block_context":{"text":"NACIONALES","link":"https:\/\/lasprimeras.com.do\/index.php\/category\/nacionales\/"},"img":{"alt_text":"tapon","src":"https:\/\/i0.wp.com\/lasprimeras.com.do\/wp-content\/uploads\/2024\/03\/tapon.jpg?resize=350%2C200&ssl=1","width":350,"height":200,"srcset":"https:\/\/i0.wp.com\/lasprimeras.com.do\/wp-content\/uploads\/2024\/03\/tapon.jpg?resize=350%2C200&ssl=1 1x, https:\/\/i0.wp.com\/lasprimeras.com.do\/wp-content\/uploads\/2024\/03\/tapon.jpg?resize=525%2C300&ssl=1 1.5x, https:\/\/i0.wp.com\/lasprimeras.com.do\/wp-content\/uploads\/2024\/03\/tapon.jpg?resize=700%2C400&ssl=1 2x"},"classes":[]},{"id":121724,"url":"https:\/\/lasprimeras.com.do\/index.php\/2026\/02\/09\/en-especial-2\/","url_meta":{"origin":97434,"position":1},"title":"EN ESPECIAL","author":"Nelson Feliz","date":"9 de febrero de 2026","format":false,"excerpt":"\u00a1Peligro! Cristhian Jim\u00e9nez Es un peligroso camino vecinal, relegado luego de que una v\u00eda m\u00e1s moderna acercara el sur a la capital. A nadie le importa hasta el pr\u00f3ximo accidente. La carretera S\u00e1nchez re\u00fane todas las condiciones para ser clausurada. Tradicionalmente ocurre que cuando un equipo, una planta, un sistema\u2026","rel":"","context":"En \u00abOPINI\u00d3N\u00bb","block_context":{"text":"OPINI\u00d3N","link":"https:\/\/lasprimeras.com.do\/index.php\/category\/opinion\/"},"img":{"alt_text":"","src":"","width":0,"height":0},"classes":[]},{"id":57640,"url":"https:\/\/lasprimeras.com.do\/index.php\/2023\/08\/14\/choque-de-tanquero-cargado-de-gasolina-con-camion-de-harina-obstruye-transito-bani-azua\/","url_meta":{"origin":97434,"position":2},"title":"Choque de tanquero cargado de gasolina con cami\u00f3n de harina obstruye tr\u00e1nsito Ban\u00ed-Azua","author":"Nelson Feliz","date":"14 de agosto de 2023","format":false,"excerpt":"JOS\u00c9 ALBERTO MALDONADO El choque de camiones tiene casi paralizado en tr\u00e1nsito en el tramo carretero Azua-Ban\u00ed, con una hilera de veh\u00edculos de varios kil\u00f3metros. El accidente se produjo cuando un cami\u00f3n cargado de gasolina, impact\u00f3 a otro que iba lleno de sacos de harina, quedando el cabezote del tanquero\u2026","rel":"","context":"En \u00abNACIONALES\u00bb","block_context":{"text":"NACIONALES","link":"https:\/\/lasprimeras.com.do\/index.php\/category\/nacionales\/"},"img":{"alt_text":"choque de camiones","src":"https:\/\/i0.wp.com\/lasprimeras.com.do\/wp-content\/uploads\/2023\/08\/camion.jpeg?resize=350%2C200&ssl=1","width":350,"height":200,"srcset":"https:\/\/i0.wp.com\/lasprimeras.com.do\/wp-content\/uploads\/2023\/08\/camion.jpeg?resize=350%2C200&ssl=1 1x, https:\/\/i0.wp.com\/lasprimeras.com.do\/wp-content\/uploads\/2023\/08\/camion.jpeg?resize=525%2C300&ssl=1 1.5x"},"classes":[]},{"id":92190,"url":"https:\/\/lasprimeras.com.do\/index.php\/2024\/12\/31\/accidente-de-transito-en-la-carretera-entre-azua-y-bani-deja-cuatro-muertos-y-varios-heridos\/","url_meta":{"origin":97434,"position":3},"title":"Accidente de tr\u00e1nsito en la carretera entre Azua y Ban\u00ed deja cuatro muertos y varios heridos","author":"Nelson Feliz","date":"31 de diciembre de 2024","format":false,"excerpt":"Un tr\u00e1gico accidente de tr\u00e1nsito ocurrido este martes en la carretera S\u00e1nchez, entre Azua y Ban\u00ed, dej\u00f3 un saldo de cuatro personas fallecidas y otras cuatro heridas, seg\u00fan inform\u00f3 el Sistema 911. El siniestro involucr\u00f3 a dos veh\u00edculos tipo yipeta: una Honda CRV de color gris y una Hyundai Santa\u2026","rel":"","context":"En \u00abNACIONALES\u00bb","block_context":{"text":"NACIONALES","link":"https:\/\/lasprimeras.com.do\/index.php\/category\/nacionales\/"},"img":{"alt_text":"","src":"https:\/\/i0.wp.com\/lasprimeras.com.do\/wp-content\/uploads\/2024\/12\/Accidente.jpg?resize=350%2C200&ssl=1","width":350,"height":200,"srcset":"https:\/\/i0.wp.com\/lasprimeras.com.do\/wp-content\/uploads\/2024\/12\/Accidente.jpg?resize=350%2C200&ssl=1 1x, https:\/\/i0.wp.com\/lasprimeras.com.do\/wp-content\/uploads\/2024\/12\/Accidente.jpg?resize=525%2C300&ssl=1 1.5x"},"classes":[]},{"id":126521,"url":"https:\/\/lasprimeras.com.do\/index.php\/2026\/04\/02\/caos-en-la-carretera-bani-sc-por-alto-flujo-vehicular\/","url_meta":{"origin":97434,"position":4},"title":"Caos en la carretera Ban\u00ed-SC por alto flujo vehicular","author":"Nelson Feliz","date":"2 de abril de 2026","format":false,"excerpt":"Cientos de veh\u00edculos transitan por las carreteras y calles de las provincias del Sur y Suroeste del pa\u00eds, movilizando a miles de personas que se trasladan durante esta Semana Santa para visitar familiares, playas y balnearios desde este Jueves Santo hasta el Domingo de Resurrecci\u00f3n. En la carretera S\u00e1nchez, espec\u00edficamente\u2026","rel":"","context":"En \u00abNACIONALES\u00bb","block_context":{"text":"NACIONALES","link":"https:\/\/lasprimeras.com.do\/index.php\/category\/nacionales\/"},"img":{"alt_text":"","src":"https:\/\/i0.wp.com\/lasprimeras.com.do\/wp-content\/uploads\/2026\/04\/tapon.jpg?resize=350%2C200&ssl=1","width":350,"height":200,"srcset":"https:\/\/i0.wp.com\/lasprimeras.com.do\/wp-content\/uploads\/2026\/04\/tapon.jpg?resize=350%2C200&ssl=1 1x, https:\/\/i0.wp.com\/lasprimeras.com.do\/wp-content\/uploads\/2026\/04\/tapon.jpg?resize=525%2C300&ssl=1 1.5x"},"classes":[]},{"id":59544,"url":"https:\/\/lasprimeras.com.do\/index.php\/2023\/09\/05\/se-vuelca-camion-de-arena-en-el-elevado-de-la-autopista-30-de-mayo-el-tapon-abarca-kilometros\/","url_meta":{"origin":97434,"position":5},"title":"Se vuelca cami\u00f3n de arena en el elevado de la autopista 30 de Mayo; el tap\u00f3n abarca kil\u00f3metros","author":"Nelson Feliz","date":"5 de septiembre de 2023","format":false,"excerpt":"Un cami\u00f3n cargado de arena se volc\u00f3 la ma\u00f1ana de este martes en el elevado de la autopista 30 de Mayo, pr\u00f3ximo al peaje de la carretera S\u00e1nchez. El hecho ha trastornado el tr\u00e1nsito de la zona, provocando un gran taponamiento, en la carretera S\u00e1nchez, 30 de Mayo, Avenida Luper\u00f3n,\u2026","rel":"","context":"En \u00abNACIONALES\u00bb","block_context":{"text":"NACIONALES","link":"https:\/\/lasprimeras.com.do\/index.php\/category\/nacionales\/"},"img":{"alt_text":"tapon","src":"https:\/\/i0.wp.com\/lasprimeras.com.do\/wp-content\/uploads\/2023\/09\/tapon.jpeg?resize=350%2C200&ssl=1","width":350,"height":200,"srcset":"https:\/\/i0.wp.com\/lasprimeras.com.do\/wp-content\/uploads\/2023\/09\/tapon.jpeg?resize=350%2C200&ssl=1 1x, https:\/\/i0.wp.com\/lasprimeras.com.do\/wp-content\/uploads\/2023\/09\/tapon.jpeg?resize=525%2C300&ssl=1 1.5x, https:\/\/i0.wp.com\/lasprimeras.com.do\/wp-content\/uploads\/2023\/09\/tapon.jpeg?resize=700%2C400&ssl=1 2x"},"classes":[]}],"jetpack_sharing_enabled":true,"_links":{"self":[{"href":"https:\/\/lasprimeras.com.do\/index.php\/wp-json\/wp\/v2\/posts\/97434","targetHints":{"allow":["GET"]}}],"collection":[{"href":"https:\/\/lasprimeras.com.do\/index.php\/wp-json\/wp\/v2\/posts"}],"about":[{"href":"https:\/\/lasprimeras.com.do\/index.php\/wp-json\/wp\/v2\/types\/post"}],"author":[{"embeddable":true,"href":"https:\/\/lasprimeras.com.do\/index.php\/wp-json\/wp\/v2\/users\/2"}],"replies":[{"embeddable":true,"href":"https:\/\/lasprimeras.com.do\/index.php\/wp-json\/wp\/v2\/comments?post=97434"}],"version-history":[{"count":1,"href":"https:\/\/lasprimeras.com.do\/index.php\/wp-json\/wp\/v2\/posts\/97434\/revisions"}],"predecessor-version":[{"id":97436,"href":"https:\/\/lasprimeras.com.do\/index.php\/wp-json\/wp\/v2\/posts\/97434\/revisions\/97436"}],"wp:featuredmedia":[{"embeddable":true,"href":"https:\/\/lasprimeras.com.do\/index.php\/wp-json\/wp\/v2\/media\/97435"}],"wp:attachment":[{"href":"https:\/\/lasprimeras.com.do\/index.php\/wp-json\/wp\/v2\/media?parent=97434"}],"wp:term":[{"taxonomy":"category","embeddable":true,"href":"https:\/\/lasprimeras.com.do\/index.php\/wp-json\/wp\/v2\/categories?post=97434"},{"taxonomy":"post_tag","embeddable":true,"href":"https:\/\/lasprimeras.com.do\/index.php\/wp-json\/wp\/v2\/tags?post=97434"}],"curies":[{"name":"wp","href":"https:\/\/api.w.org\/{rel}","templated":true}]}}