{"id":97440,"date":"2025-04-21T07:26:37","date_gmt":"2025-04-21T11:26:37","guid":{"rendered":"https:\/\/lasprimeras.com.do\/?p=97440"},"modified":"2025-04-21T07:26:38","modified_gmt":"2025-04-21T11:26:38","slug":"francisco-cambio-la-posicion-de-la-iglesia-sobre-la-pena-de-muerte-pero-mantuvo-la-del-aborto","status":"publish","type":"post","link":"https:\/\/lasprimeras.com.do\/index.php\/2025\/04\/21\/francisco-cambio-la-posicion-de-la-iglesia-sobre-la-pena-de-muerte-pero-mantuvo-la-del-aborto\/","title":{"rendered":"Francisco cambi\u00f3 la posici\u00f3n de la Iglesia sobre la pena de muerte, pero mantuvo la del aborto"},"content":{"rendered":"\n<p>POR NICOLE WINFIELD<\/p>\n\n\n\n<p>CIUDAD DEL VATICANO (AP) \u2014 El papa Francisco modific\u00f3 las ense\u00f1anzas de la Iglesia cat\u00f3lica en \u00e1reas como la pena de muerte y las armas nucleares, las mantuvo en otras como el aborto y avanz\u00f3 entre musulmanes y creyentes que durante mucho tiempo se sintieron marginados.<\/p>\n\n\n\n<p>\u00c9stas son algunas de sus posturas sobre cuestiones clave:<\/p>\n\n\n\n<p>Aborto<\/p>\n\n\n\n<p>Francisco defendi\u00f3 la ense\u00f1anza de la Iglesia que se opone al aborto y se hizo eco de sus predecesores al decir que la vida humana es sagrada y debe ser defendida.<\/p>\n\n\n\n<p>Describi\u00f3 el aborto, as\u00ed como la eutanasia, como evidencia de la \u201ccultura del descarte\u201d actual y compar\u00f3 la interrupci\u00f3n del embarazo con \u201ccontratar a un sicario para resolver un problema\u201d.<\/p>\n\n\n\n<p>Sin embargo, no enfatiz\u00f3 la posici\u00f3n de la iglesia como lo hicieron sus predecesores y dijo que las mujeres que abortaron deben ser acompa\u00f1adas espiritualmente por la Iglesia.<\/p>\n\n\n\n<p>Francisco tambi\u00e9n permiti\u00f3 que sacerdotes comunes, no s\u00f3lo obispos, absolvieran a mujeres cat\u00f3licas que hab\u00edan interrumpido intencionalmente un embarazo.<\/p>\n\n\n\n<p>No apoy\u00f3 los intentos de obispos estadounidenses que pretend\u00edan negar la comuni\u00f3n al presidente Joe Biden por estar a favor del derecho al aborto, argumentando que estos deber\u00edan ser pastores, no pol\u00edticos.<\/p>\n\n\n\n<p>Abuso<\/p>\n\n\n\n<p>El mayor esc\u00e1ndalo durante su papado fue cuando desacredit\u00f3 a las v\u00edctimas chilenas de abuso sexual al ponerse del lado de un obispo al que acusaron de complicidad.<br>Tras darse cuenta de su error, invit\u00f3 a las v\u00edctimas al Vaticano y se disculp\u00f3 personalmente. Luego llev\u00f3 a toda la Conferencia episcopal chilena a Roma, donde los presion\u00f3 para que renunciaran.<\/p>\n\n\n\n<p>En su medida m\u00e1s significativa, Francisco expuls\u00f3 al excardenal estadounidense Theodore McCarrick despu\u00e9s de que una investigaci\u00f3n del Vaticano determinara que abus\u00f3 tanto de menores como de adultos.<\/p>\n\n\n\n<p>Posteriormente, Francisco aprob\u00f3 leyes eclesi\u00e1sticas que abol\u00edan el uso del secreto pontificio y establec\u00edan procedimientos para investigar a los obispos que abusaban o encubr\u00edan a sacerdotes depredadores.<\/p>\n\n\n\n<p>Sin embargo, se vio perseguido por algunos casos de alto perfil en los que parec\u00eda ponerse del lado de los sacerdotes acusados.<\/p>\n\n\n\n<p>Benedicto XVI<\/p>\n\n\n\n<p>En 2013, el papa Benedicto XVI renunci\u00f3 \u2014algo que no hab\u00eda ocurrido en 600 a\u00f1os\u2014 y Francisco fue elegido para reemplazarlo.<\/p>\n\n\n\n<p>Como Benedicto vivi\u00f3 en los terrenos del Vaticano hasta su muerte en 2022, Francisco dijo que era como tener un \u201cabuelo sabio\u201d en casa, parte de su creencia de que los ancianos tienen una gran experiencia que ofrecer.<\/p>\n\n\n\n<p>Sin embargo, hubo momentos en que hubo fricciones, por ejemplo, cuando Benedicto XVI fue coautor de un libro que apoyaba firmemente el celibato sacerdotal justo mientras Francisco estaba considerando una excepci\u00f3n para resolver la escasez de cl\u00e9rigos en la Amazon\u00eda.<\/p>\n\n\n\n<p>Capitalismo<\/p>\n\n\n\n<p>Algunos comentaristas conservadores estadounidenses acusaron a Francisco de tener simpat\u00edas marxistas, dadas sus frecuentes denuncias de sistemas econ\u00f3micos que \u201cidolatran\u201d el dinero por encima de las personas y su claro disgusto por el capitalismo al estilo estadounidense.<\/p>\n\n\n\n<p>Pidi\u00f3 un ingreso b\u00e1sico universal, salarios y condiciones de trabajo dignos y dijo que, si bien la globalizaci\u00f3n hab\u00eda salvado a muchos de la pobreza, \u201cha condenado a muchos otros a morir de hambre porque es un sistema econ\u00f3mico selectivo\u201d.<\/p>\n\n\n\n<p>\u201cEsta econom\u00eda mata\u201d, dijo sobre la globalizaci\u00f3n, defendiendo que su postura era la del Evangelio, no la del comunismo.<\/p>\n\n\n\n<p>Celibato<\/p>\n\n\n\n<p>Francisco mantuvo el celibato para los sacerdotes incluso despu\u00e9s de que los obispos del Amazonas le pidieran que hiciera una excepci\u00f3n para permitir que los religiosos casados cubrieran la escasez de cl\u00e9rigos.<\/p>\n\n\n\n<p>El papa hab\u00eda dicho durante mucho tiempo que el requisito del celibato podr\u00eda cambiar, ya que no era una cuesti\u00f3n de doctrina. No obstante, dijo que el debate estaba demasiado politizado y que no quer\u00eda ser el papa que diera el primer paso.<\/p>\n\n\n\n<p>China<\/p>\n\n\n\n<p>En 2018, Francisco autoriz\u00f3 un acuerdo sobre el nombramiento de obispos en China para poner fin a una disputa de d\u00e9cadas y regulariz\u00f3 el estatus de media docena de obispos chinos que hab\u00edan sido consagrados sin el consentimiento papal.<\/p>\n\n\n\n<p>Los detalles del acuerdo nunca fueron revelados, pero sus cr\u00edticos lo acusaron de traicionar a quienes practicaban el catolicismo de manera clandestina en China y que se mantuvieron leales a la Santa Sede durante d\u00e9cadas de persecuci\u00f3n.<\/p>\n\n\n\n<p>En contraste, el Vaticano lo defendi\u00f3 como el mejor acuerdo que pod\u00eda conseguir antes de que Beijing cerrara la puerta por completo.<\/p>\n\n\n\n<p>Anticoncepci\u00f3n<\/p>\n\n\n\n<p>Francisco defendi\u00f3 la oposici\u00f3n de la Iglesia a la anticoncepci\u00f3n artificial, pero tambi\u00e9n dijo que los cat\u00f3licos no necesitan reproducirse \u201ccomo conejos\u201d y, en cambio, deber\u00edan practicar la \u201cpaternidad responsable\u201d a trav\u00e9s de m\u00e9todos aprobados.<\/p>\n\n\n\n<p>La Iglesia respald\u00f3 el m\u00e9todo de planificaci\u00f3n familiar natural, que implica monitorear el ciclo de la mujer para evitar las relaciones sexuales cuando est\u00e1 ovulando.<\/p>\n\n\n\n<p>Al mismo tiempo, Francisco sugiri\u00f3 en 2016 que las mujeres amenazadas por el virus zika, que causaba malformaciones en miles de ni\u00f1os en ese momento, podr\u00edan utilizar anticonceptivos artificiales porque \u201cevitar el embarazo no es un mal absoluto\u201d a la luz de las epidemias.<\/p>\n\n\n\n<p>COVID-19<\/p>\n\n\n\n<p>Como el resto de la humanidad, Francisco estuvo en aislamiento durante la pandemia de COVID-19. Se le impidi\u00f3 viajar, celebrar misa en p\u00fablico o presidir audiencias.<br>Inst\u00f3 repetidamente al mundo a utilizar la pandemia como una llamada de atenci\u00f3n que mostrara la necesidad de reestablecer prioridades y pol\u00edticas a favor de los m\u00e1s vulnerables.<\/p>\n\n\n\n<p>El papa apoy\u00f3 firmemente las campa\u00f1as de vacunaci\u00f3n y exigi\u00f3 que los pobres tuvieran prioridad. La oficina de doctrina del Vaticano dijo que era moralmente aceptable vacunarse, incluso con inyecciones que utilizaban tejido de fetos abortados en procesos de investigaci\u00f3n, lo que puso a Francisco en conflicto con los conservadores que rechazaron las inyecciones por motivos morales.<\/p>\n\n\n\n<p>Pena de muerte<\/p>\n\n\n\n<p>Francisco fue m\u00e1s all\u00e1 de sus predecesores y cambi\u00f3 la ense\u00f1anza cat\u00f3lica para afirmar que la pena de muerte es \u201cinadmisible\u201d en todos los casos, independientemente de la gravedad del delito.<\/p>\n\n\n\n<p>Tambi\u00e9n calific\u00f3 la cadena perpetua sin libertad condicional como una \u201cpena de muerte oculta\u201d y el confinamiento solitario como una \u201cforma de tortura\u201d, diciendo que ambas deber\u00edan ser abolidas.<\/p>\n\n\n\n<p>Divorcio<\/p>\n\n\n\n<p>Francisco dividi\u00f3 la Iglesia al abrir una puerta para que los cat\u00f3licos divorciados que volvieron a casarse por la v\u00eda civil recibieran la comuni\u00f3n.<\/p>\n\n\n\n<p>La ense\u00f1anza de la Iglesia sostiene que, sin una anulaci\u00f3n que declare inv\u00e1lido el matrimonio inicial, estos cat\u00f3licos est\u00e1n cometiendo adulterio y, por lo tanto, no pueden recibir el sacramento.<\/p>\n\n\n\n<p>Francisco primero facilit\u00f3 la obtenci\u00f3n de una anulaci\u00f3n. Luego, aunque no abri\u00f3 la puerta a que cualquier cat\u00f3lico sin anulaci\u00f3n pudiera acceder al sacramento, en una nota a pie de p\u00e1gina de su enc\u00edclica de 2016, \u201cLa alegr\u00eda del amor\u201d, sugiri\u00f3 que los obispos y sacerdotes podr\u00edan acompa\u00f1ar a esas parejas caso por caso.<\/p>\n\n\n\n<p>Medio ambiente<\/p>\n\n\n\n<p>Francisco se convirti\u00f3 en el primer papa en utilizar datos cient\u00edficos en un importante documento de ense\u00f1anza al calificar el calentamiento global como un problema causado en gran medida por el hombre.<\/p>\n\n\n\n<p>En su enc\u00edclica de 2015, \u201cAlabado seas\u201d, Francisco denunci\u00f3 un sistema econ\u00f3mico mundial \u201cestructuralmente perverso\u201d que explota a los pobres y corre el riesgo de convertir la Tierra en un \u201cinmenso mont\u00f3n de inmundicia\u201d.<\/p>\n\n\n\n<p>Una actualizaci\u00f3n de 2023 se\u00f1al\u00f3 a Estados Unidos por sus emisiones y advirti\u00f3 que el mundo estaba \u201ccerca de un punto de quiebre\u201d.<\/p>\n\n\n\n<p>Insisti\u00f3 en el tema en una reuni\u00f3n de obispos del Amazonas en 2019 y en su predicaci\u00f3n sobre la pandemia de coronavirus. Si bien Francisco presion\u00f3 m\u00e1s que sus predecesores sobre la cuesti\u00f3n ecol\u00f3gica, muchos papas antes que \u00e9l pidieron un mejor cuidado de la creaci\u00f3n de Dios.<\/p>\n\n\n\n<p>Pueblos ind\u00edgenas<\/p>\n\n\n\n<p>Francisco se disculp\u00f3 ampliamente por los \u201ccr\u00edmenes\u201d cometidos contra los pueblos ind\u00edgenas durante la conquista colonial y poscolonial de las Am\u00e9ricas.<\/p>\n\n\n\n<p>Lo hizo en Bolivia en 2015 y nuevamente durante una \u201cperegrinaci\u00f3n penitencial\u201d a Canad\u00e1 en 2022 por el papel de la Iglesia en la asimilaci\u00f3n forzada de ni\u00f1os ind\u00edgenas en internados administrados por la Iglesia.<\/p>\n\n\n\n<p>El Vaticano tambi\u00e9n repudi\u00f3 formalmente la \u201cDoctrina del Descubrimiento\u201d, teor\u00edas respaldadas por las \u201cbulas\u201d papales del siglo XV que legitimaron la confiscaci\u00f3n de tierras en la era colonial y forman la base de algunas leyes de propiedad actuales, aunque no rescindi\u00f3 las bulas.<\/p>\n\n\n\n<p>Francisco tambi\u00e9n present\u00f3 como sistema econ\u00f3mico modelo las misiones jesuitas en Paraguay, que llevaron el cristianismo, la educaci\u00f3n y organizaci\u00f3n econ\u00f3mica de estilo europeo a los nativos en los siglos XVII y XVIII.<\/p>\n\n\n\n<p>Canoniz\u00f3 al misionero del siglo XVIII, Jun\u00edpero Serra, durante su viaje de 2015 a Estados Unidos a pesar de las objeciones de algunos grupos nativos que acusaron a Serra de conversiones forzadas, esclavizar a los conversos y ayudar a eliminar a las poblaciones ind\u00edgenas a trav\u00e9s de enfermedades.<\/p>\n\n\n\n<p>Islam<\/p>\n\n\n\n<p>Francisco logr\u00f3 avances significativos en las conflictivas relaciones del Vaticano con el Islam al forjar v\u00ednculos con l\u00edderes religiosos sunitas y chiitas y enfatizar un compromiso compartido con la paz, la solidaridad y el di\u00e1logo.<\/p>\n\n\n\n<p>Firm\u00f3 un documento hist\u00f3rico sobre la necesidad de una mayor fraternidad humana con el jeque Ahmed el-Tayeb, el gran im\u00e1n de Al-Azhar, la sede del saber sunita en El Cairo.<\/p>\n\n\n\n<p>Fue el primer papa en visitar tanto la pen\u00ednsula ar\u00e1biga como Irak, el lugar de nacimiento de Abraham, un profeta importante para cristianos, musulmanes y jud\u00edos. Mientras estuvo en Irak, se reuni\u00f3 con el principal cl\u00e9rigo chiita del pa\u00eds y una figura venerada en el mundo chiita, el gran ayatol\u00e1 Ali al-Sistani.<\/p>\n\n\n\n<p>Misa latina<\/p>\n\n\n\n<p>En una de sus medidas m\u00e1s controvertidas, Francisco revirti\u00f3 las acciones de Benedicto XVI y volvi\u00f3 a imponer restricciones a la celebraci\u00f3n de la antigua misa en lat\u00edn.<\/p>\n\n\n\n<p>Dijo que ten\u00eda que actuar porque la difusi\u00f3n del llamado rito tridentino despu\u00e9s de que Benedicto relajara las restricciones en 2007 se estaba convirtiendo en una fuente de divisi\u00f3n en la Iglesia.<\/p>\n\n\n\n<p>Esto indign\u00f3 a sus cr\u00edticos tradicionalistas y conservadores, quienes calificaron la medida como un ataque contra ellos y el antiguo rito. Esto aliment\u00f3 la oposici\u00f3n de derecha a Francisco, que ya estaba enojada por su acercamiento a la comunidad LGBTQ+ y a los cat\u00f3licos divorciados.<\/p>\n\n\n\n<p>LGBTQ+<\/p>\n\n\n\n<p>Francisco dijo la famosa frase: \u201d\u00bfQui\u00e9n soy yo para juzgar?\u201d cuando se le pregunt\u00f3 en 2013 sobre un sacerdote que supuestamente tuvo un amante gay en su pasado.<\/p>\n\n\n\n<p>El papa continu\u00f3 asegurando a los homosexuales que Dios los ama tal como son, que \u201cser homosexual no es un delito\u201d y que \u201ctodos, todos, todos\u201d son bienvenidos en la Iglesia.<\/p>\n\n\n\n<p>Durante su pontificado, el Vaticano dijo que las personas transg\u00e9nero podr\u00edan ser bautizadas, servir como padrinos y testigos en bodas; y aprob\u00f3 bendiciones para personas del mismo sexo.<\/p>\n\n\n\n<p>No obstante, aunque se reuni\u00f3 varias veces con miembros de la comunidad LGBTQ+, Francisco no cambi\u00f3 la ense\u00f1anza de la Iglesia al afirmar que los actos homosexuales son \u201cintr\u00ednsecamente desordenados\u201d.<\/p>\n\n\n\n<p>Como arzobispo de Buenos Aires, se opuso a los esfuerzos por legalizar el matrimonio entre personas del mismo sexo y propuso, sin \u00e9xito, que el pa\u00eds aprobara en su lugar las uniones civiles.<\/p>\n\n\n\n<p>Migraci\u00f3n<\/p>\n\n\n\n<p>Francisco denunci\u00f3 la \u201cglobalizaci\u00f3n de la indiferencia\u201d mostrada hacia los migrantes e inst\u00f3 a Europa y a otros pa\u00edses a abrir sus puertas a quienes buscan una vida mejor.<\/p>\n\n\n\n<p>Su primer viaje fuera de Roma como pont\u00edfice en julio de 2013 fue a la isla italiana de Lampedusa, un lugar clave entonces en la crisis migratoria de Europa.<\/p>\n\n\n\n<p>En 2016, llev\u00f3 consigo a Roma a una docena de refugiados sirios desde un campamento griego y repiti\u00f3 el gesto en 2021 mientras visitaba Chipre y Grecia. \u201c\u00a1No podemos permitir que el Mediterr\u00e1neo se convierta en un gran cementerio!\u201d dijo a los legisladores europeos.<\/p>\n\n\n\n<p>Tambi\u00e9n denunci\u00f3 las condiciones \u201cinhumanas\u201d que enfrentan los migrantes que cruzan la frontera entre Estados Unidos y M\u00e9xico.<\/p>\n\n\n\n<p>En 2016, Francisco dijo del entonces candidato Donald Trump que cualquiera que construya un muro para mantener alejados a los inmigrantes \u201cno es cristiano\u201d.<\/p>\n\n\n\n<p>Armas nucleares<\/p>\n\n\n\n<p>Francisco fue m\u00e1s all\u00e1 de sus predecesores \u2014y de las ense\u00f1anzas de la Iglesia\u2014 al decir que no s\u00f3lo el uso, sino la mera posesi\u00f3n de armas nucleares era \u201cinmoral\u201d.<\/p>\n\n\n\n<p>Antes, la Iglesia sosten\u00eda que la disuasi\u00f3n nuclear podr\u00eda ser moralmente aceptable siempre y cuando apuntara hacia un desarme mutuo y verificable.<\/p>\n\n\n\n<p>Reforma en el Vaticano<\/p>\n\n\n\n<p>Francisco fue elegido con el mandato de reformar la burocracia tras siglos de despilfarro, mala gesti\u00f3n y crisis de mercado que pusieron en riesgo la salud financiera del Vaticano.<\/p>\n\n\n\n<p>Impuso regulaciones para traer orden, transparencia y contabilidad moderna a los registros, exigiendo procedimientos de licitaci\u00f3n competitivos, l\u00edmites a las donaciones, recortes salariales para los cardenales y la centralizaci\u00f3n de activos e inversiones en una oficina con una pol\u00edtica de inversi\u00f3n unificada, \u00e9tica y verde.<\/p>\n\n\n\n<p>Cre\u00f3 una Secretar\u00eda de Econom\u00eda para supervisar las finanzas de la Santa Sede, compuesta principalmente por expertos laicos, y autoriz\u00f3 un amplio juicio penal sobre la inversi\u00f3n fallida del Vaticano en un acuerdo inmobiliario en Londres que result\u00f3 en p\u00e9rdidas por decenas de millones de euros.<\/p>\n\n\n\n<p>Mujeres<\/p>\n\n\n\n<p>Francisco siempre empuj\u00f3 por dar a las mujeres un papel m\u00e1s importante en la gobernanza de la Iglesia e hizo nombramientos y cambios significativos en su legislaci\u00f3n para demostrar su punto.<\/p>\n\n\n\n<p>Nombr\u00f3 a una monja italiana como prefecta de la oficina del Vaticano para las \u00f3rdenes religiosas y a otra como jefa de la administraci\u00f3n del Estado, dos puestos que antes s\u00f3lo desempe\u00f1aban cardenales.<\/p>\n\n\n\n<p>Tambi\u00e9n nombr\u00f3 a una monja francesa como subsecretaria de la oficina del S\u00ednodo de Obispos del Vaticano, d\u00e1ndole poder de voto en el proceso que antes era exclusivamente masculino y abri\u00f3 el s\u00ednodo mismo a mujeres votantes.<\/p>\n\n\n\n<p>Por primera vez, nombr\u00f3 a tres mujeres para la oficina del Vaticano que examina los nombramientos de obispos y asign\u00f3 mujeres para la mitad de los esca\u00f1os del consejo econ\u00f3mico del Vaticano.<\/p>\n\n\n\n<p>Tambi\u00e9n nombr\u00f3 dos comisiones de estudio para determinar si las mujeres pod\u00edan ser ordenadas diaconisas, puso a Mar\u00eda Magdalena a la par de los ap\u00f3stoles varones al declararle un d\u00eda festivo y permiti\u00f3 formalmente que las mujeres sirvieran como lectoras y ac\u00f3litas. No obstante, reafirm\u00f3 el sacerdocio exclusivamente masculino.<\/p>\n","protected":false},"excerpt":{"rendered":"<p>POR NICOLE WINFIELD CIUDAD DEL VATICANO (AP) \u2014 El papa Francisco modific\u00f3 las ense\u00f1anzas de la Iglesia cat\u00f3lica en \u00e1reas como la pena de muerte y las armas nucleares, las&hellip;<\/p>\n","protected":false},"author":10,"featured_media":97441,"comment_status":"open","ping_status":"open","sticky":false,"template":"","format":"standard","meta":{"content-type":"","jetpack_post_was_ever_published":false,"_jetpack_newsletter_access":"","_jetpack_dont_email_post_to_subs":false,"_jetpack_newsletter_tier_id":0,"_jetpack_memberships_contains_paywalled_content":false,"_jetpack_memberships_contains_paid_content":false,"footnotes":""},"categories":[16289],"tags":[2180,17639,2996,18949,16091,8143],"class_list":["post-97440","post","type-post","status-publish","format-standard","has-post-thumbnail","hentry","category-internacionales","tag-aborto","tag-francisco","tag-iglesia","tag-mantuvo","tag-pena-de-muerte","tag-posicion"],"jetpack_featured_media_url":"https:\/\/lasprimeras.com.do\/wp-content\/uploads\/2025\/04\/ora.jpg","jetpack-related-posts":[{"id":110920,"url":"https:\/\/lasprimeras.com.do\/index.php\/2025\/10\/02\/el-papa-interviene-en-el-debate-sobre-el-aborto-en-ee-uu-planteando-que-significa-realmente-ser-pro-vida\/","url_meta":{"origin":97440,"position":0},"title":"El Papa interviene en el debate sobre el aborto en EE.UU. planteando qu\u00e9 significa realmente ser &#8220;pro vida&#8221;","author":"Nelson Feliz","date":"2 de octubre de 2025","format":false,"excerpt":"Por Nicole Winfield ROMA (AP) \u2014 El papa Le\u00f3n XIV intervino por primera vez en una disputa sobre el aborto que agita a la Iglesia cat\u00f3lica estadounidense al plantear la aparente contradicci\u00f3n sobre lo que realmente significa ser \"pro vida\". A Leo, oriundo de Chicago, se le pregunt\u00f3 el martes\u2026","rel":"","context":"En \u00abINTERNACIONALES\u00bb","block_context":{"text":"INTERNACIONALES","link":"https:\/\/lasprimeras.com.do\/index.php\/category\/sin-categoria\/internacionales\/"},"img":{"alt_text":"","src":"https:\/\/i0.wp.com\/lasprimeras.com.do\/wp-content\/uploads\/2025\/10\/El-papa-Leon-XIV-hace-un-gesto-al-llegar-a-su-audiencia-general-semanal-en-la-Plaza-de-San-Pedro-del-Vaticano.jpg?resize=350%2C200&ssl=1","width":350,"height":200,"srcset":"https:\/\/i0.wp.com\/lasprimeras.com.do\/wp-content\/uploads\/2025\/10\/El-papa-Leon-XIV-hace-un-gesto-al-llegar-a-su-audiencia-general-semanal-en-la-Plaza-de-San-Pedro-del-Vaticano.jpg?resize=350%2C200&ssl=1 1x, https:\/\/i0.wp.com\/lasprimeras.com.do\/wp-content\/uploads\/2025\/10\/El-papa-Leon-XIV-hace-un-gesto-al-llegar-a-su-audiencia-general-semanal-en-la-Plaza-de-San-Pedro-del-Vaticano.jpg?resize=525%2C300&ssl=1 1.5x, https:\/\/i0.wp.com\/lasprimeras.com.do\/wp-content\/uploads\/2025\/10\/El-papa-Leon-XIV-hace-un-gesto-al-llegar-a-su-audiencia-general-semanal-en-la-Plaza-de-San-Pedro-del-Vaticano.jpg?resize=700%2C400&ssl=1 2x"},"classes":[]},{"id":86103,"url":"https:\/\/lasprimeras.com.do\/index.php\/2024\/07\/17\/luis-el-gallo-pide-se-congele-conocimiento-codigo-penal-y-el-tema-del-aborto\/","url_meta":{"origin":97440,"position":1},"title":"Luis \u201cEl Gallo\u201d pide se congele conocimiento C\u00f3digo Penal y el tema del aborto","author":"Nelson Feliz","date":"17 de julio de 2024","format":false,"excerpt":"El presidente de la Uni\u00f3n Dem\u00f3crata Cristiana \u2013UDC-, Luis Acosta Moreta, Luis \u201cEl Gallo\u201d, pidi\u00f3 hoy que el nuevo C\u00f3digo Penal y el tema de los abortos, deben congelarse\u00a0 de inmediato, para ser conocidos a fondo por los nuevos legisladores. Destac\u00f3 que solo con el tratamiento a la prohibici\u00f3n o\u2026","rel":"","context":"En \u00abSin categor\u00eda\u00bb","block_context":{"text":"Sin categor\u00eda","link":"https:\/\/lasprimeras.com.do\/index.php\/category\/sin-categoria\/"},"img":{"alt_text":"","src":"https:\/\/i0.wp.com\/lasprimeras.com.do\/wp-content\/uploads\/2024\/07\/Luis-Acosta-Moreta-2.jpg?resize=350%2C200&ssl=1","width":350,"height":200,"srcset":"https:\/\/i0.wp.com\/lasprimeras.com.do\/wp-content\/uploads\/2024\/07\/Luis-Acosta-Moreta-2.jpg?resize=350%2C200&ssl=1 1x, https:\/\/i0.wp.com\/lasprimeras.com.do\/wp-content\/uploads\/2024\/07\/Luis-Acosta-Moreta-2.jpg?resize=525%2C300&ssl=1 1.5x, https:\/\/i0.wp.com\/lasprimeras.com.do\/wp-content\/uploads\/2024\/07\/Luis-Acosta-Moreta-2.jpg?resize=700%2C400&ssl=1 2x"},"classes":[]},{"id":72332,"url":"https:\/\/lasprimeras.com.do\/index.php\/2023\/12\/28\/luis-el-gallo-llama-a-la-iglesia-catolica-a-evitar-luchas-internas-y-divisiones\/","url_meta":{"origin":97440,"position":2},"title":"Luis \u201cEl Gallo\u201d llama a la Iglesia Cat\u00f3lica a evitar luchas internas y divisiones","author":"Nelson Feliz","date":"28 de diciembre de 2023","format":false,"excerpt":"El presidente de la Uni\u00f3n Dem\u00f3crata Cristiana -UDC_, Luis Acosta Moreta, Luis \u201cEl Gallo\u201d, pidi\u00f3 hoy a la c\u00fapula de la iglesia cat\u00f3lica que evite profundizar divisiones internas, y mantenga la l\u00ednea en contra del aborto y la defensa de la soberan\u00eda nacional. Apunt\u00f3 que desde hace meses hay una\u2026","rel":"","context":"En \u00abPORTADA\u00bb","block_context":{"text":"PORTADA","link":"https:\/\/lasprimeras.com.do\/index.php\/category\/portada\/"},"img":{"alt_text":"Luis Acosta Moreta","src":"https:\/\/i0.wp.com\/lasprimeras.com.do\/wp-content\/uploads\/2023\/12\/GALLO-1.jpg?resize=350%2C200&ssl=1","width":350,"height":200,"srcset":"https:\/\/i0.wp.com\/lasprimeras.com.do\/wp-content\/uploads\/2023\/12\/GALLO-1.jpg?resize=350%2C200&ssl=1 1x, https:\/\/i0.wp.com\/lasprimeras.com.do\/wp-content\/uploads\/2023\/12\/GALLO-1.jpg?resize=525%2C300&ssl=1 1.5x, https:\/\/i0.wp.com\/lasprimeras.com.do\/wp-content\/uploads\/2023\/12\/GALLO-1.jpg?resize=700%2C400&ssl=1 2x"},"classes":[]},{"id":93585,"url":"https:\/\/lasprimeras.com.do\/index.php\/2025\/02\/14\/las-interrupciones-del-embarazo-se-reanudaran-en-missouri-tras-suspension-temporal-de-restricciones\/","url_meta":{"origin":97440,"position":3},"title":"Las interrupciones del embarazo se reanudar\u00e1n en Missouri tras suspensi\u00f3n temporal de restricciones","author":"Nelson Feliz","date":"14 de febrero de 2025","format":false,"excerpt":"KANSAS CITY, Missouri, EE.UU. (AP) \u2014 Los abortos se reanudar\u00e1n en Missouri despu\u00e9s de que un juez bloque\u00f3 temporalmente las regulaciones el viernes, las cuales los proveedores afirmaron que les hab\u00edan impedido ofrecer el procedimiento. La decisi\u00f3n se produjo despu\u00e9s de que un juez de Kansas City dictamin\u00f3 el a\u00f1o\u2026","rel":"","context":"En \u00abSALUD\u00bb","block_context":{"text":"SALUD","link":"https:\/\/lasprimeras.com.do\/index.php\/category\/salud\/"},"img":{"alt_text":"","src":"https:\/\/i0.wp.com\/lasprimeras.com.do\/wp-content\/uploads\/2025\/02\/interrupciones-del-embarazo.jpeg?resize=350%2C200&ssl=1","width":350,"height":200,"srcset":"https:\/\/i0.wp.com\/lasprimeras.com.do\/wp-content\/uploads\/2025\/02\/interrupciones-del-embarazo.jpeg?resize=350%2C200&ssl=1 1x, https:\/\/i0.wp.com\/lasprimeras.com.do\/wp-content\/uploads\/2025\/02\/interrupciones-del-embarazo.jpeg?resize=525%2C300&ssl=1 1.5x, https:\/\/i0.wp.com\/lasprimeras.com.do\/wp-content\/uploads\/2025\/02\/interrupciones-del-embarazo.jpeg?resize=700%2C400&ssl=1 2x"},"classes":[]},{"id":50682,"url":"https:\/\/lasprimeras.com.do\/index.php\/2023\/05\/23\/luis-el-gallo-reclama-a-congresistas-defender-nacionalidad-y-oponerse-al-aborto\/","url_meta":{"origin":97440,"position":4},"title":"Luis \u201cEl Gallo\u201d reclama a congresistas defender nacionalidad y oponerse al aborto","author":"prenxa100","date":"23 de mayo de 2023","format":false,"excerpt":"Santo Domingo.-. El presidente de la Uni\u00f3n Dem\u00f3crata Cristiana -UDC-, Luis Acosta Moreta, Luis \u201cEl Gallo\u201d, pidi\u00f3 hoy a los legisladores que se pongan la coraza del patriotismo, para que rechacen las presiones de las grandes potencias para instalar en el pa\u00eds campamentos de refugiados haitianos. Asimismo, exigi\u00f3 de los\u2026","rel":"","context":"En \u00abPORTADA\u00bb","block_context":{"text":"PORTADA","link":"https:\/\/lasprimeras.com.do\/index.php\/category\/portada\/"},"img":{"alt_text":"","src":"","width":0,"height":0},"classes":[]},{"id":78325,"url":"https:\/\/lasprimeras.com.do\/index.php\/2024\/03\/14\/adolescente-muere-al-acudir-a-un-aborto-inseguro-en-el-seibo\/","url_meta":{"origin":97440,"position":5},"title":"Adolescente muere al acudir a un aborto inseguro en El Seibo","author":"Nelson Feliz","date":"14 de marzo de 2024","format":false,"excerpt":"Coalici\u00f3n exige aprobaci\u00f3n urgente de las tres causales; llama al presidente Luis Abinader y al congreso a priorizar su aprobaci\u00f3n antes de que m\u00e1s ni\u00f1as y mujeres sigan muriendo. La Coalici\u00f3n por los Derechos y la Vida de las Mujeres lament\u00f3 la muerte de una adolescente\u00a0 de 13 a\u00f1os de\u2026","rel":"","context":"En \u00abSin categor\u00eda\u00bb","block_context":{"text":"Sin categor\u00eda","link":"https:\/\/lasprimeras.com.do\/index.php\/category\/sin-categoria\/"},"img":{"alt_text":"aborto","src":"https:\/\/i0.wp.com\/lasprimeras.com.do\/wp-content\/uploads\/2024\/03\/aborto.jpg?resize=350%2C200&ssl=1","width":350,"height":200},"classes":[]}],"jetpack_sharing_enabled":true,"_links":{"self":[{"href":"https:\/\/lasprimeras.com.do\/index.php\/wp-json\/wp\/v2\/posts\/97440","targetHints":{"allow":["GET"]}}],"collection":[{"href":"https:\/\/lasprimeras.com.do\/index.php\/wp-json\/wp\/v2\/posts"}],"about":[{"href":"https:\/\/lasprimeras.com.do\/index.php\/wp-json\/wp\/v2\/types\/post"}],"author":[{"embeddable":true,"href":"https:\/\/lasprimeras.com.do\/index.php\/wp-json\/wp\/v2\/users\/10"}],"replies":[{"embeddable":true,"href":"https:\/\/lasprimeras.com.do\/index.php\/wp-json\/wp\/v2\/comments?post=97440"}],"version-history":[{"count":1,"href":"https:\/\/lasprimeras.com.do\/index.php\/wp-json\/wp\/v2\/posts\/97440\/revisions"}],"predecessor-version":[{"id":97442,"href":"https:\/\/lasprimeras.com.do\/index.php\/wp-json\/wp\/v2\/posts\/97440\/revisions\/97442"}],"wp:featuredmedia":[{"embeddable":true,"href":"https:\/\/lasprimeras.com.do\/index.php\/wp-json\/wp\/v2\/media\/97441"}],"wp:attachment":[{"href":"https:\/\/lasprimeras.com.do\/index.php\/wp-json\/wp\/v2\/media?parent=97440"}],"wp:term":[{"taxonomy":"category","embeddable":true,"href":"https:\/\/lasprimeras.com.do\/index.php\/wp-json\/wp\/v2\/categories?post=97440"},{"taxonomy":"post_tag","embeddable":true,"href":"https:\/\/lasprimeras.com.do\/index.php\/wp-json\/wp\/v2\/tags?post=97440"}],"curies":[{"name":"wp","href":"https:\/\/api.w.org\/{rel}","templated":true}]}}