{"id":97465,"date":"2025-04-21T09:54:12","date_gmt":"2025-04-21T13:54:12","guid":{"rendered":"https:\/\/lasprimeras.com.do\/?p=97465"},"modified":"2025-04-21T09:54:12","modified_gmt":"2025-04-21T13:54:12","slug":"faride-raful-manda-a-rodar-a-manipuladores-mediaticos-y-a-los-defensores-del-caos","status":"publish","type":"post","link":"https:\/\/lasprimeras.com.do\/index.php\/2025\/04\/21\/faride-raful-manda-a-rodar-a-manipuladores-mediaticos-y-a-los-defensores-del-caos\/","title":{"rendered":"Faride Raful manda a &#8220;rodar&#8221; a manipuladores medi\u00e1ticos y a los defensores del caos"},"content":{"rendered":"\n<p>La ministra de Interior y Polic\u00eda, Faride Raful, lanz\u00f3 un fuerte mensaje en su cuenta de X, haciendo un llamado a la prudencia y al respeto de las normas durante el fin de semana de Semana Santa. Al mismo tiempo, mand\u00f3 a &#8220;rodar&#8221; a aquellos que buscan &#8220;extorsi\u00f3n, caos o manipulaci\u00f3n medi\u00e1tica&#8221;.<\/p>\n\n\n\n<p>En su publicaci\u00f3n, Raful expres\u00f3 su apoyo al esfuerzo de las autoridades que trabajaron durante estos d\u00edas festivos y a los que a\u00fan est\u00e1n laborando, exhortando a la ciudadan\u00eda a respetar las se\u00f1ales viales.<\/p>\n\n\n\n<p>&#8220;Favor retornar de manera prudente y segura (no tomen la marginal a menos que sea una emergencia\u2026). Respeten las se\u00f1ales. Gracias al personal que labor\u00f3 y que a\u00fan labora. Las puertas del Ministerio de Interior y Polic\u00eda est\u00e1n abiertas para colaborar, denunciar excesos o para dialogar en favor del orden&#8221;, escribi\u00f3 la ministra.<\/p>\n\n\n\n<p>Sin embargo, en el mismo mensaje, Raful se refiri\u00f3 a los &#8220;manipuladores medi\u00e1ticos&#8221;, diciendo: &#8220;Para la extorsi\u00f3n, defensa del caos o manipulaci\u00f3n medi\u00e1tica, no cuenten conmigo, rueden&#8221;.<\/p>\n\n\n\n<figure class=\"wp-block-image size-full\"><img decoding=\"async\" width=\"584\" height=\"447\" src=\"https:\/\/lasprimeras.com.do\/wp-content\/uploads\/2025\/04\/fari.jpg\" alt=\"\" class=\"wp-image-97466\" srcset=\"https:\/\/lasprimeras.com.do\/wp-content\/uploads\/2025\/04\/fari.jpg 584w, https:\/\/lasprimeras.com.do\/wp-content\/uploads\/2025\/04\/fari-300x230.jpg 300w\" sizes=\"(max-width: 584px) 100vw, 584px\" \/><\/figure>\n\n\n\n<p>Feriado por Semana Santa<\/p>\n\n\n\n<p>Raful tambi\u00e9n destac\u00f3 el prop\u00f3sito detr\u00e1s de los feriados de Semana Santa, se\u00f1alando que estos d\u00edas son una conmemoraci\u00f3n del sacrificio y la resurrecci\u00f3n de Jes\u00fas, no un espacio para fomentar el desorden o el ruido.<\/p>\n\n\n\n<p>&#8220;Hoy concluimos la Semana Santa comprometidos con la seguridad y el orden&#8221;, expres\u00f3.<\/p>\n\n\n\n<p>&#8220;Para la extorsi\u00f3n, defensa del caos o manipulaci\u00f3n medi\u00e1tica, no cuenten conmigo, rueden&#8221;<br>Faride Raful<br>Ministra de Interior y Polic\u00eda<\/p>\n\n\n\n<p>Asimismo, dijo que &#8220;el Estado declara estos d\u00edas feriados para conmemorar el sacrificio y la resurrecci\u00f3n de Jes\u00fas, no para enaltecer el desorden y el ruido. Trabajamos dentro del marco legal vigente, el mismo de a\u00f1os anteriores, para una sociedad m\u00e1s organizada, donde la libertad de uno no viole la de los dem\u00e1s&#8221;.<\/p>\n","protected":false},"excerpt":{"rendered":"<p>La ministra de Interior y Polic\u00eda, Faride Raful, lanz\u00f3 un fuerte mensaje en su cuenta de X, haciendo un llamado a la prudencia y al respeto de las normas durante&hellip;<\/p>\n","protected":false},"author":10,"featured_media":97467,"comment_status":"open","ping_status":"open","sticky":false,"template":"","format":"standard","meta":{"content-type":"","jetpack_post_was_ever_published":false,"_jetpack_newsletter_access":"","_jetpack_dont_email_post_to_subs":false,"_jetpack_newsletter_tier_id":0,"_jetpack_memberships_contains_paywalled_content":false,"_jetpack_memberships_contains_paid_content":false,"footnotes":""},"categories":[35,25],"tags":[1187,294,996,10406,18959,18958,18960],"class_list":["post-97465","post","type-post","status-publish","format-standard","has-post-thumbnail","hentry","category-nacionales","category-portada","tag-caos","tag-defensores","tag-faride-raful","tag-manda","tag-manipuladores","tag-mediaticos","tag-rodar"],"jetpack_featured_media_url":"https:\/\/lasprimeras.com.do\/wp-content\/uploads\/2025\/04\/Faride-Raful-1.jpg","jetpack-related-posts":[{"id":111692,"url":"https:\/\/lasprimeras.com.do\/index.php\/2025\/10\/12\/faride-raful-garantiza-orden-y-paz-ante-llamado-a-paro-en-navarrete\/","url_meta":{"origin":97465,"position":0},"title":"Faride Raful garantiza orden y paz ante llamado a paro en Navarrete","author":"Nelson Feliz","date":"12 de octubre de 2025","format":false,"excerpt":"La ministra de Interior y Polic\u00eda, Faride Raful, garantiz\u00f3 este domingo el orden y la paz en el municipio de Navarrete, ante el llamado a paro por 48 horas convocado por organizaciones sociales para este lunes y martes. Raful ofreci\u00f3 sus declaraciones durante una visita al director regional Cibao Central\u2026","rel":"","context":"En \u00abMILITARES\u00bb","block_context":{"text":"MILITARES","link":"https:\/\/lasprimeras.com.do\/index.php\/category\/militares\/"},"img":{"alt_text":"Faride Raful","src":"https:\/\/i0.wp.com\/lasprimeras.com.do\/wp-content\/uploads\/2025\/01\/Faride-Raful.jpeg?resize=350%2C200&ssl=1","width":350,"height":200,"srcset":"https:\/\/i0.wp.com\/lasprimeras.com.do\/wp-content\/uploads\/2025\/01\/Faride-Raful.jpeg?resize=350%2C200&ssl=1 1x, https:\/\/i0.wp.com\/lasprimeras.com.do\/wp-content\/uploads\/2025\/01\/Faride-Raful.jpeg?resize=525%2C300&ssl=1 1.5x, https:\/\/i0.wp.com\/lasprimeras.com.do\/wp-content\/uploads\/2025\/01\/Faride-Raful.jpeg?resize=700%2C400&ssl=1 2x"},"classes":[]},{"id":105024,"url":"https:\/\/lasprimeras.com.do\/index.php\/2025\/07\/29\/dictan-impedimento-de-salida-garantia-economica-a-la-torita-por-caso-de-faride-raful\/","url_meta":{"origin":97465,"position":1},"title":"Dictan impedimento de salida, garant\u00eda econ\u00f3mica a &#8220;la Torita&#8221; por caso de Faride Raful","author":"Nelson Feliz","date":"29 de julio de 2025","format":false,"excerpt":"Ingrid Jorge fue sometida por alegada difamaci\u00f3n e injuria contra Faride Raful, ministra de Interior y Polic\u00eda. La jueza Yanibet Rivas, del Sexto Juzgado de la Instrucci\u00f3n del Distrito Nacional, impuso la tarde de este martes medida de coerci\u00f3n contra la creadora de contenido Ingrid Jorge, conocida como \"la Torita\",\u2026","rel":"","context":"En \u00abJUSTICIA\u00bb","block_context":{"text":"JUSTICIA","link":"https:\/\/lasprimeras.com.do\/index.php\/category\/justicia\/"},"img":{"alt_text":"","src":"https:\/\/i0.wp.com\/lasprimeras.com.do\/wp-content\/uploads\/2025\/07\/Faride-Raful.jpg?resize=350%2C200&ssl=1","width":350,"height":200,"srcset":"https:\/\/i0.wp.com\/lasprimeras.com.do\/wp-content\/uploads\/2025\/07\/Faride-Raful.jpg?resize=350%2C200&ssl=1 1x, https:\/\/i0.wp.com\/lasprimeras.com.do\/wp-content\/uploads\/2025\/07\/Faride-Raful.jpg?resize=525%2C300&ssl=1 1.5x, https:\/\/i0.wp.com\/lasprimeras.com.do\/wp-content\/uploads\/2025\/07\/Faride-Raful.jpg?resize=700%2C400&ssl=1 2x"},"classes":[]},{"id":118569,"url":"https:\/\/lasprimeras.com.do\/index.php\/2025\/12\/31\/interior-y-policia-intensifica-operativos-a-nivel-nacional-ante-celebraciones-de-ano-nuevo\/","url_meta":{"origin":97465,"position":2},"title":"Interior y Polic\u00eda intensifica operativos a nivel nacional ante celebraciones de A\u00f1o Nuevo","author":"Nelson Feliz","date":"31 de diciembre de 2025","format":false,"excerpt":"Faride Raful","rel":"","context":"En \u00abMILITARES\u00bb","block_context":{"text":"MILITARES","link":"https:\/\/lasprimeras.com.do\/index.php\/category\/militares\/"},"img":{"alt_text":"","src":"https:\/\/i0.wp.com\/lasprimeras.com.do\/wp-content\/uploads\/2025\/12\/IMG-20251229-WA0486.jpg?resize=350%2C200&ssl=1","width":350,"height":200,"srcset":"https:\/\/i0.wp.com\/lasprimeras.com.do\/wp-content\/uploads\/2025\/12\/IMG-20251229-WA0486.jpg?resize=350%2C200&ssl=1 1x, https:\/\/i0.wp.com\/lasprimeras.com.do\/wp-content\/uploads\/2025\/12\/IMG-20251229-WA0486.jpg?resize=525%2C300&ssl=1 1.5x, https:\/\/i0.wp.com\/lasprimeras.com.do\/wp-content\/uploads\/2025\/12\/IMG-20251229-WA0486.jpg?resize=700%2C400&ssl=1 2x, https:\/\/i0.wp.com\/lasprimeras.com.do\/wp-content\/uploads\/2025\/12\/IMG-20251229-WA0486.jpg?resize=1050%2C600&ssl=1 3x"},"classes":[]},{"id":99365,"url":"https:\/\/lasprimeras.com.do\/index.php\/2025\/05\/20\/prm-condena-campana-de-descredito-contra-faride-raful-y-milagros-german\/","url_meta":{"origin":97465,"position":3},"title":"PRM condena campa\u00f1a de descr\u00e9dito contra Faride Raful y Milagros Germ\u00e1n","author":"Nelson Feliz","date":"20 de mayo de 2025","format":false,"excerpt":"El Partido Revolucionario Moderno (PRM) conden\u00f3 este martes de manera en\u00e9rgica la campa\u00f1a de descr\u00e9dito personal que ha sido emprendida en contra de la miembro de la Direcci\u00f3n Ejecutiva, Faride Raful. En documento de prensa, el PRM indica que ante campa\u00f1as aviesas, desproporcionadas y atroces, dirigidas a amedrentar y empa\u00f1ar\u2026","rel":"","context":"En \u00abPOLITICA\u00bb","block_context":{"text":"POLITICA","link":"https:\/\/lasprimeras.com.do\/index.php\/category\/politica\/"},"img":{"alt_text":"PRM","src":"https:\/\/i0.wp.com\/lasprimeras.com.do\/wp-content\/uploads\/2024\/02\/PRM.jpg?resize=350%2C200&ssl=1","width":350,"height":200,"srcset":"https:\/\/i0.wp.com\/lasprimeras.com.do\/wp-content\/uploads\/2024\/02\/PRM.jpg?resize=350%2C200&ssl=1 1x, https:\/\/i0.wp.com\/lasprimeras.com.do\/wp-content\/uploads\/2024\/02\/PRM.jpg?resize=525%2C300&ssl=1 1.5x"},"classes":[]},{"id":99442,"url":"https:\/\/lasprimeras.com.do\/index.php\/2025\/05\/21\/faride-raful-ejemplo-de-dignidad-firmeza-y-responsabilidad\/","url_meta":{"origin":97465,"position":4},"title":"Faride Raf\u00fal ejemplo de dignidad, firmeza y responsabilidad","author":"Nelson Feliz","date":"21 de mayo de 2025","format":false,"excerpt":"Por Dr. Ram\u00f3n Ceballo En un contexto de alta presi\u00f3n pol\u00edtica, marcado por ataques sistem\u00e1ticos y campa\u00f1as de descr\u00e9dito, la ex senadora y actual ministra de Interior y Polic\u00eda, Faride Raf\u00fal, ha sido blanco de una agresiva ofensiva que combina violencia pol\u00edtica de g\u00e9nero y acoso digital, manifestaciones claras de\u2026","rel":"","context":"En \u00abOPINI\u00d3N\u00bb","block_context":{"text":"OPINI\u00d3N","link":"https:\/\/lasprimeras.com.do\/index.php\/category\/opinion\/"},"img":{"alt_text":"","src":"https:\/\/i0.wp.com\/lasprimeras.com.do\/wp-content\/uploads\/2025\/05\/Faride-Raful.jpg?resize=350%2C200&ssl=1","width":350,"height":200,"srcset":"https:\/\/i0.wp.com\/lasprimeras.com.do\/wp-content\/uploads\/2025\/05\/Faride-Raful.jpg?resize=350%2C200&ssl=1 1x, https:\/\/i0.wp.com\/lasprimeras.com.do\/wp-content\/uploads\/2025\/05\/Faride-Raful.jpg?resize=525%2C300&ssl=1 1.5x, https:\/\/i0.wp.com\/lasprimeras.com.do\/wp-content\/uploads\/2025\/05\/Faride-Raful.jpg?resize=700%2C400&ssl=1 2x"},"classes":[]},{"id":106803,"url":"https:\/\/lasprimeras.com.do\/index.php\/2025\/08\/19\/fuerza-de-tarea-conjunta-traza-plan-estrategico-para-reducir-homicidios-en-provincias-de-mayor-incidencia\/","url_meta":{"origin":97465,"position":5},"title":"Fuerza de Tarea Conjunta traza plan estrat\u00e9gico para reducir homicidios en provincias de mayor incidencia","author":"Nelson Feliz","date":"19 de agosto de 2025","format":false,"excerpt":"Ministra Faride Raful llama a ejercer ciudadan\u00eda consciente y respetuosa de las autoridades La ministra de Interior y Polic\u00eda, Faride Raful inform\u00f3 que la tasa acumulada de homicidios permanece en 8.2 por cada 100 mil habitantes y 25 provincias siguen por debajo de un d\u00edgito, mientras la Fuerza de Tarea\u2026","rel":"","context":"En \u00abMILITARES\u00bb","block_context":{"text":"MILITARES","link":"https:\/\/lasprimeras.com.do\/index.php\/category\/militares\/"},"img":{"alt_text":"","src":"https:\/\/i0.wp.com\/lasprimeras.com.do\/wp-content\/uploads\/2025\/08\/Faride-Raful-1.jpg?resize=350%2C200&ssl=1","width":350,"height":200,"srcset":"https:\/\/i0.wp.com\/lasprimeras.com.do\/wp-content\/uploads\/2025\/08\/Faride-Raful-1.jpg?resize=350%2C200&ssl=1 1x, https:\/\/i0.wp.com\/lasprimeras.com.do\/wp-content\/uploads\/2025\/08\/Faride-Raful-1.jpg?resize=525%2C300&ssl=1 1.5x, https:\/\/i0.wp.com\/lasprimeras.com.do\/wp-content\/uploads\/2025\/08\/Faride-Raful-1.jpg?resize=700%2C400&ssl=1 2x"},"classes":[]}],"jetpack_sharing_enabled":true,"_links":{"self":[{"href":"https:\/\/lasprimeras.com.do\/index.php\/wp-json\/wp\/v2\/posts\/97465","targetHints":{"allow":["GET"]}}],"collection":[{"href":"https:\/\/lasprimeras.com.do\/index.php\/wp-json\/wp\/v2\/posts"}],"about":[{"href":"https:\/\/lasprimeras.com.do\/index.php\/wp-json\/wp\/v2\/types\/post"}],"author":[{"embeddable":true,"href":"https:\/\/lasprimeras.com.do\/index.php\/wp-json\/wp\/v2\/users\/10"}],"replies":[{"embeddable":true,"href":"https:\/\/lasprimeras.com.do\/index.php\/wp-json\/wp\/v2\/comments?post=97465"}],"version-history":[{"count":1,"href":"https:\/\/lasprimeras.com.do\/index.php\/wp-json\/wp\/v2\/posts\/97465\/revisions"}],"predecessor-version":[{"id":97468,"href":"https:\/\/lasprimeras.com.do\/index.php\/wp-json\/wp\/v2\/posts\/97465\/revisions\/97468"}],"wp:featuredmedia":[{"embeddable":true,"href":"https:\/\/lasprimeras.com.do\/index.php\/wp-json\/wp\/v2\/media\/97467"}],"wp:attachment":[{"href":"https:\/\/lasprimeras.com.do\/index.php\/wp-json\/wp\/v2\/media?parent=97465"}],"wp:term":[{"taxonomy":"category","embeddable":true,"href":"https:\/\/lasprimeras.com.do\/index.php\/wp-json\/wp\/v2\/categories?post=97465"},{"taxonomy":"post_tag","embeddable":true,"href":"https:\/\/lasprimeras.com.do\/index.php\/wp-json\/wp\/v2\/tags?post=97465"}],"curies":[{"name":"wp","href":"https:\/\/api.w.org\/{rel}","templated":true}]}}