{"id":97494,"date":"2025-04-22T08:00:53","date_gmt":"2025-04-22T12:00:53","guid":{"rendered":"https:\/\/lasprimeras.com.do\/?p=97494"},"modified":"2025-04-22T08:00:54","modified_gmt":"2025-04-22T12:00:54","slug":"comedores-economicos-obtiene-del-map-un-100-por-cumplimiento-a-carta-compromiso","status":"publish","type":"post","link":"https:\/\/lasprimeras.com.do\/index.php\/2025\/04\/22\/comedores-economicos-obtiene-del-map-un-100-por-cumplimiento-a-carta-compromiso\/","title":{"rendered":"Comedores Econ\u00f3micos obtiene del MAP un 100% por cumplimiento a Carta Compromiso"},"content":{"rendered":"\n<p><strong>La evaluaci\u00f3n cubri\u00f3 diversos temas como los atributos de calidad (higiene, accesibilidad, amabilidad), formas de comunicaci\u00f3n con la ciudadan\u00eda, presentaci\u00f3n de quejas y sugerencias y deberes del ciudadano, entre otros.<\/strong><\/p>\n\n\n\n<p>El Ministerio de Administraci\u00f3n P\u00fablica (MAP), otorg\u00f3 a Comedores Econ\u00f3micos del Estado Dominicano (CEED), el mayor puntaje al cumplimiento de los deberes establecido en la renovaci\u00f3n de la tercera versi\u00f3n de la Carta Compromiso de la instituci\u00f3n, por reflejar un cumplimiento del 100% luego de la evaluaci\u00f3n anual de seguimiento realizada por t\u00e9cnicos de esa instituci\u00f3n, lo cual ser\u00e1 registrado en el Sistema de Monitoreo para Medir los Niveles de Desarrollo de la Gesti\u00f3n P\u00fablica (SISMAP).<\/p>\n\n\n\n<p>En una comunicaci\u00f3n dirigida al director general de Comedores Econ\u00f3micos del Estado Dominicano (CEED), Edgar Augusto F\u00e9liz M\u00e9ndez, el MAP resalta el nivel de cumplimiento alcanzado y el compromiso de contribuir con la mejora de la gesti\u00f3n de la calidad en el sector p\u00fablico, colocando a disposici\u00f3n de los ciudadanos toda informaci\u00f3n sobre los servicios de la instituci\u00f3n.<\/p>\n\n\n\n<p>F\u00e9liz M\u00e9ndez, expres\u00f3 su satisfacci\u00f3n por este logro y destac\u00f3 el empe\u00f1o y entrega del equipo de trabajo que labora en Comedores Econ\u00f3micos en cumplir con las directrices del presidente Luis Abinader Corona, quien busca garantizar que las instituciones del Estado brinden servicios de calidad basados en la buena gesti\u00f3n y la transparencia.<\/p>\n\n\n\n<p>\u201cYo felicit\u00f3 a todos los colaboradores de la instituci\u00f3n por ser parte de este logro que nos permite por segundo a\u00f1o consecutivo obtener un 100% en la evaluaci\u00f3n de nuestra Carta Compromiso y los exhorto a seguir trabajando con el mismo entusiasmo y dedicaci\u00f3n\u201d, expres\u00f3 el funcionario.<\/p>\n\n\n\n<p>La evaluaci\u00f3n cubri\u00f3 diversos temas como los atributos de calidad (higiene, accesibilidad, amabilidad), formas de comunicaci\u00f3n con la ciudadan\u00eda, presentaci\u00f3n de quejas y sugerencias y deberes del ciudadano, entre otros.<\/p>\n\n\n\n<p>La Carta Compromiso al Ciudadano es un documento elaborado por el Ministerio de Administraci\u00f3n P\u00fablica (MAP), para informar p\u00fablicamente a los usuarios sobre los servicios gestionados por las instituciones y los compromisos de calidad asumidos. Este documento es fundamental para evidenciar la efectividad de los principios de funcionamiento de las instituciones.<\/p>\n","protected":false},"excerpt":{"rendered":"<p>La evaluaci\u00f3n cubri\u00f3 diversos temas como los atributos de calidad (higiene, accesibilidad, amabilidad), formas de comunicaci\u00f3n con la ciudadan\u00eda, presentaci\u00f3n de quejas y sugerencias y deberes del ciudadano, entre otros.&hellip;<\/p>\n","protected":false},"author":10,"featured_media":97495,"comment_status":"open","ping_status":"open","sticky":false,"template":"","format":"standard","meta":{"content-type":"","jetpack_post_was_ever_published":false,"_jetpack_newsletter_access":"","_jetpack_dont_email_post_to_subs":false,"_jetpack_newsletter_tier_id":0,"_jetpack_memberships_contains_paywalled_content":false,"_jetpack_memberships_contains_paid_content":false,"footnotes":""},"categories":[35,25],"tags":[2883,9438,6997,3013,2384],"class_list":["post-97494","post","type-post","status-publish","format-standard","has-post-thumbnail","hentry","category-nacionales","category-portada","tag-carta-compromiso","tag-comedores-economicos","tag-cumplimiento","tag-estado-dominicano","tag-map"],"jetpack_featured_media_url":"https:\/\/lasprimeras.com.do\/wp-content\/uploads\/2025\/04\/comedores.jpg","jetpack-related-posts":[{"id":67440,"url":"https:\/\/lasprimeras.com.do\/index.php\/2023\/11\/15\/inespre-obtiene-el-primer-lugar-en-satisfaccion-ciudadana-durante-premiacion-del-map\/","url_meta":{"origin":97494,"position":0},"title":"Inespre obtiene el primer lugar en \u201cSatisfacci\u00f3n Ciudadana\u201d durante premiaci\u00f3n del MAP\u00a0","author":"Nelson Feliz","date":"15 de noviembre de 2023","format":false,"excerpt":"La instituci\u00f3n tambi\u00e9n recibi\u00f3 un reconocimiento por compras verdes. El Instituto de Estabilizaci\u00f3n de Precios (Inespre) obtuvo el primer lugar en Satisfacci\u00f3n Ciudadana en el Sistema de Monitoreo de la Administraci\u00f3n P\u00fablica (SISMAP) Gesti\u00f3n P\u00fablica durante una premiaci\u00f3n organizada\u00a0 por el Ministerio de Administraci\u00f3n P\u00fablica (MAP). El Inespre fue premiado\u2026","rel":"","context":"En \u00abENTRETENIMIENTO\u00bb","block_context":{"text":"ENTRETENIMIENTO","link":"https:\/\/lasprimeras.com.do\/index.php\/category\/entretenimiento\/"},"img":{"alt_text":"premiacion","src":"https:\/\/i0.wp.com\/lasprimeras.com.do\/wp-content\/uploads\/2023\/11\/premiacion-1.jpg?resize=350%2C200&ssl=1","width":350,"height":200,"srcset":"https:\/\/i0.wp.com\/lasprimeras.com.do\/wp-content\/uploads\/2023\/11\/premiacion-1.jpg?resize=350%2C200&ssl=1 1x, https:\/\/i0.wp.com\/lasprimeras.com.do\/wp-content\/uploads\/2023\/11\/premiacion-1.jpg?resize=525%2C300&ssl=1 1.5x, https:\/\/i0.wp.com\/lasprimeras.com.do\/wp-content\/uploads\/2023\/11\/premiacion-1.jpg?resize=700%2C400&ssl=1 2x"},"classes":[]},{"id":66930,"url":"https:\/\/lasprimeras.com.do\/index.php\/2023\/11\/10\/conaleche-celebra-su-aniversario-numero-22\/","url_meta":{"origin":97494,"position":1},"title":"CONALECHE celebra su aniversario n\u00famero 22","author":"Nelson Feliz","date":"10 de noviembre de 2023","format":false,"excerpt":"Miguel Laureano, director ejecutivo de la entidad,\u00a0 resalt\u00f3 los logros institucionales en esta gesti\u00f3n de Luis Abinader. Por Martin Restituyo El Consejo Nacional para la Reglamentaci\u00f3n y Fomento de la Industria Lechera (CONALECHE), celebr\u00f3 este viernes con una Misa de Acci\u00f3n de Gracia su aniversario n\u00famero 22, resaltando los logros\u2026","rel":"","context":"En \u00abECONOM\u00cdA\u00bb","block_context":{"text":"ECONOM\u00cdA","link":"https:\/\/lasprimeras.com.do\/index.php\/category\/economia\/"},"img":{"alt_text":"CONALECHE","src":"https:\/\/i0.wp.com\/lasprimeras.com.do\/wp-content\/uploads\/2023\/11\/CONALECHE.jpg?resize=350%2C200&ssl=1","width":350,"height":200,"srcset":"https:\/\/i0.wp.com\/lasprimeras.com.do\/wp-content\/uploads\/2023\/11\/CONALECHE.jpg?resize=350%2C200&ssl=1 1x, https:\/\/i0.wp.com\/lasprimeras.com.do\/wp-content\/uploads\/2023\/11\/CONALECHE.jpg?resize=525%2C300&ssl=1 1.5x"},"classes":[]},{"id":58806,"url":"https:\/\/lasprimeras.com.do\/index.php\/2023\/08\/28\/tesorero-nacional-firma-carta-compromiso-para-fortalecer-la-cultura-de-transparencia\/","url_meta":{"origin":97494,"position":2},"title":"Tesorero Nacional firma carta compromiso para fortalecer la cultura de transparencia","author":"Nelson Feliz","date":"28 de agosto de 2023","format":false,"excerpt":"Con el objetivo de fortalecer la transparencia y promover una cultura de integridad institucional, el Tesorero Nacional, Luis Rafael Delgado S\u00e1nchez, firm\u00f3 la carta compromiso ante la Comisi\u00f3n de Integridad Gubernamental y Cumplimiento Normativo de la Tesorer\u00eda Nacional, inform\u00f3 la instituci\u00f3n a trav\u00e9s de una nota de prensa. La entidad\u2026","rel":"","context":"En \u00abECONOM\u00cdA\u00bb","block_context":{"text":"ECONOM\u00cdA","link":"https:\/\/lasprimeras.com.do\/index.php\/category\/economia\/"},"img":{"alt_text":"Luis Rafael Delgado S\u00e1nchez","src":"https:\/\/i0.wp.com\/lasprimeras.com.do\/wp-content\/uploads\/2023\/08\/Luis-Rafael-Delgado-Sanchez.jpg?resize=350%2C200&ssl=1","width":350,"height":200,"srcset":"https:\/\/i0.wp.com\/lasprimeras.com.do\/wp-content\/uploads\/2023\/08\/Luis-Rafael-Delgado-Sanchez.jpg?resize=350%2C200&ssl=1 1x, https:\/\/i0.wp.com\/lasprimeras.com.do\/wp-content\/uploads\/2023\/08\/Luis-Rafael-Delgado-Sanchez.jpg?resize=525%2C300&ssl=1 1.5x, https:\/\/i0.wp.com\/lasprimeras.com.do\/wp-content\/uploads\/2023\/08\/Luis-Rafael-Delgado-Sanchez.jpg?resize=700%2C400&ssl=1 2x"},"classes":[]},{"id":104609,"url":"https:\/\/lasprimeras.com.do\/index.php\/2025\/07\/25\/procompetencia-reconoce-a-comedores-economicos-como-aliado-clave-en-la-lucha-contra-la-colusion-y-la-transparencia\/","url_meta":{"origin":97494,"position":3},"title":"ProCompetencia reconoce a Comedores Econ\u00f3micos como aliado clave en la lucha contra la colusi\u00f3n y la transparencia","author":"Nelson Feliz","date":"25 de julio de 2025","format":false,"excerpt":"La presidenta del Consejo Directivo de la Comisi\u00f3n Nacional de Defensa de la Competencia (ProCompetencia), Mar\u00eda Elena V\u00e1squez Taveras, realiz\u00f3 una visita institucional al director general de los Comedores Econ\u00f3micos del Estado Dominicano (CEED), Edgar Augusto F\u00e9liz M\u00e9ndez, con el prop\u00f3sito de agradecer el firme compromiso de esta entidad con\u2026","rel":"","context":"En \u00abNACIONALES\u00bb","block_context":{"text":"NACIONALES","link":"https:\/\/lasprimeras.com.do\/index.php\/category\/nacionales\/"},"img":{"alt_text":"","src":"https:\/\/i0.wp.com\/lasprimeras.com.do\/wp-content\/uploads\/2025\/07\/Pro-y-comedores.jpg?resize=350%2C200&ssl=1","width":350,"height":200,"srcset":"https:\/\/i0.wp.com\/lasprimeras.com.do\/wp-content\/uploads\/2025\/07\/Pro-y-comedores.jpg?resize=350%2C200&ssl=1 1x, https:\/\/i0.wp.com\/lasprimeras.com.do\/wp-content\/uploads\/2025\/07\/Pro-y-comedores.jpg?resize=525%2C300&ssl=1 1.5x, https:\/\/i0.wp.com\/lasprimeras.com.do\/wp-content\/uploads\/2025\/07\/Pro-y-comedores.jpg?resize=700%2C400&ssl=1 2x"},"classes":[]},{"id":86407,"url":"https:\/\/lasprimeras.com.do\/index.php\/2024\/07\/24\/mas-de-44-millones-de-visitantes-con-ventas-de-alimentos-a-bajos-costos-en-inespre\/","url_meta":{"origin":97494,"position":4},"title":"M\u00e1s de 44 millones de visitantes con ventas de alimentos a bajos costos en Inespre","author":"Nelson Feliz","date":"24 de julio de 2024","format":false,"excerpt":"El Instituto de Estabilizaci\u00f3n de Precios (Inespre) ha beneficiado a m\u00e1s de 44 millones de visitantes a nivel nacional con las ventas de alimentos a bajos costos en casi cuatro a\u00f1os de gesti\u00f3n, a trav\u00e9s de sus programas de bodegas m\u00f3viles, mercados de productores, ventas de combos en los supermercados\u2026","rel":"","context":"En \u00abECONOM\u00cdA\u00bb","block_context":{"text":"ECONOM\u00cdA","link":"https:\/\/lasprimeras.com.do\/index.php\/category\/economia\/"},"img":{"alt_text":"","src":"https:\/\/i0.wp.com\/lasprimeras.com.do\/wp-content\/uploads\/2024\/07\/Inespre-1.jpg?resize=350%2C200&ssl=1","width":350,"height":200,"srcset":"https:\/\/i0.wp.com\/lasprimeras.com.do\/wp-content\/uploads\/2024\/07\/Inespre-1.jpg?resize=350%2C200&ssl=1 1x, https:\/\/i0.wp.com\/lasprimeras.com.do\/wp-content\/uploads\/2024\/07\/Inespre-1.jpg?resize=525%2C300&ssl=1 1.5x, https:\/\/i0.wp.com\/lasprimeras.com.do\/wp-content\/uploads\/2024\/07\/Inespre-1.jpg?resize=700%2C400&ssl=1 2x"},"classes":[]},{"id":109758,"url":"https:\/\/lasprimeras.com.do\/index.php\/2025\/09\/22\/abinader-inaugura-de-manera-simultanea-13-nuevos-comedores-ubicados-en-diferentes-comunidades\/","url_meta":{"origin":97494,"position":5},"title":"Abinader inaugura de manera simult\u00e1nea 13 nuevos comedores ubicados en diferentes comunidades","author":"Nelson Feliz","date":"22 de septiembre de 2025","format":false,"excerpt":"\u201cEste ha sido un hito sin precedentes. Con la ampliaci\u00f3n de los servicios de Comedores Econ\u00f3micos, este gobierno ha logrado niveles hist\u00f3ricos en seguridad alimentaria, reafirmando el compromiso de avanzar hacia la meta de declarar la Rep\u00fablica Dominicana como un pa\u00eds con Hambre Cero\u201d, resalt\u00f3 el mandatario. El presidente de\u2026","rel":"","context":"En \u00abNACIONALES\u00bb","block_context":{"text":"NACIONALES","link":"https:\/\/lasprimeras.com.do\/index.php\/category\/nacionales\/"},"img":{"alt_text":"","src":"https:\/\/i0.wp.com\/lasprimeras.com.do\/wp-content\/uploads\/2025\/09\/Luis-Abinader-4.jpg?resize=350%2C200&ssl=1","width":350,"height":200,"srcset":"https:\/\/i0.wp.com\/lasprimeras.com.do\/wp-content\/uploads\/2025\/09\/Luis-Abinader-4.jpg?resize=350%2C200&ssl=1 1x, https:\/\/i0.wp.com\/lasprimeras.com.do\/wp-content\/uploads\/2025\/09\/Luis-Abinader-4.jpg?resize=525%2C300&ssl=1 1.5x, https:\/\/i0.wp.com\/lasprimeras.com.do\/wp-content\/uploads\/2025\/09\/Luis-Abinader-4.jpg?resize=700%2C400&ssl=1 2x"},"classes":[]}],"jetpack_sharing_enabled":true,"_links":{"self":[{"href":"https:\/\/lasprimeras.com.do\/index.php\/wp-json\/wp\/v2\/posts\/97494","targetHints":{"allow":["GET"]}}],"collection":[{"href":"https:\/\/lasprimeras.com.do\/index.php\/wp-json\/wp\/v2\/posts"}],"about":[{"href":"https:\/\/lasprimeras.com.do\/index.php\/wp-json\/wp\/v2\/types\/post"}],"author":[{"embeddable":true,"href":"https:\/\/lasprimeras.com.do\/index.php\/wp-json\/wp\/v2\/users\/10"}],"replies":[{"embeddable":true,"href":"https:\/\/lasprimeras.com.do\/index.php\/wp-json\/wp\/v2\/comments?post=97494"}],"version-history":[{"count":1,"href":"https:\/\/lasprimeras.com.do\/index.php\/wp-json\/wp\/v2\/posts\/97494\/revisions"}],"predecessor-version":[{"id":97496,"href":"https:\/\/lasprimeras.com.do\/index.php\/wp-json\/wp\/v2\/posts\/97494\/revisions\/97496"}],"wp:featuredmedia":[{"embeddable":true,"href":"https:\/\/lasprimeras.com.do\/index.php\/wp-json\/wp\/v2\/media\/97495"}],"wp:attachment":[{"href":"https:\/\/lasprimeras.com.do\/index.php\/wp-json\/wp\/v2\/media?parent=97494"}],"wp:term":[{"taxonomy":"category","embeddable":true,"href":"https:\/\/lasprimeras.com.do\/index.php\/wp-json\/wp\/v2\/categories?post=97494"},{"taxonomy":"post_tag","embeddable":true,"href":"https:\/\/lasprimeras.com.do\/index.php\/wp-json\/wp\/v2\/tags?post=97494"}],"curies":[{"name":"wp","href":"https:\/\/api.w.org\/{rel}","templated":true}]}}