{"id":97499,"date":"2025-04-21T08:22:14","date_gmt":"2025-04-21T12:22:14","guid":{"rendered":"https:\/\/lasprimeras.com.do\/?p=97499"},"modified":"2025-04-22T08:26:16","modified_gmt":"2025-04-22T12:26:16","slug":"gobierno-declara-duelo-oficial-por-fallecimiento-del-papa-francisco","status":"publish","type":"post","link":"https:\/\/lasprimeras.com.do\/index.php\/2025\/04\/21\/gobierno-declara-duelo-oficial-por-fallecimiento-del-papa-francisco\/","title":{"rendered":"Gobierno declara duelo oficial por fallecimiento del papa Francisco"},"content":{"rendered":"\n<ul class=\"wp-block-list\">\n<li><strong>El duelo nacional se extender\u00e1 durante los d\u00edas 22, 23 y 24 de abril de 2025 y no implica suspensi\u00f3n de labores o actividades oficiales o privadas.<\/strong><\/li>\n<\/ul>\n\n\n\n<p>El presidente Luis Abinader mediante el Decreto n\u00fam. 216-25 declar\u00f3 duelo oficial en todo el territorio nacional durante los d\u00edas 22, 23 y 24 de abril de 2025 por motivo del fallecimiento del papa Francisco, ocurrido este lunes 21 de abril.<\/p>\n\n\n\n<p>En el referido decreto, el mandatario resalt\u00f3 la figura del pont\u00edfice como un l\u00edder global que impuls\u00f3 importantes reformas dentro de la Iglesia Cat\u00f3lica y se caracteriz\u00f3 por su humildad, apertura al di\u00e1logo y compromiso con la paz entre los pueblos.<\/p>\n\n\n\n<p>Nacido en Buenos Aires en 1936 como Jorge Mario Bergoglio, el papa Francisco fue el primer pont\u00edfice latinoamericano y jesuita en la historia de la Iglesia.<\/p>\n\n\n\n<p>Aunque no visit\u00f3 la Rep\u00fablica Dominicana durante su pontificado, mantuvo una relaci\u00f3n cercana con el pa\u00eds, mostrando gestos de solidaridad y empat\u00eda en momentos dif\u00edciles, como su oraci\u00f3n por las v\u00edctimas de la reciente tragedia ocurrida en un centro de entretenimiento el pasado 8 de abril.<\/p>\n\n\n\n<p>El decreto dispone que la Bandera Nacional deber\u00e1 ondear a media asta en los recintos militares y edificios p\u00fablicos durante los d\u00edas de duelo. Asimismo, fue remitido a los ministerios de Relaciones Exteriores, Defensa e Interior y Polic\u00eda para su ejecuci\u00f3n.<\/p>\n\n\n\n<p>Con esta disposici\u00f3n, el Gobierno dominicano se suma a las expresiones de pesar por la partida de un hombre que, m\u00e1s all\u00e1 de su rol religioso, se distingui\u00f3 por su compromiso con la humanidad, la inclusi\u00f3n y la esperanza.<\/p>\n","protected":false},"excerpt":{"rendered":"<p>El presidente Luis Abinader mediante el Decreto n\u00fam. 216-25 declar\u00f3 duelo oficial en todo el territorio nacional durante los d\u00edas 22, 23 y 24 de abril de 2025 por motivo&hellip;<\/p>\n","protected":false},"author":10,"featured_media":97500,"comment_status":"open","ping_status":"open","sticky":false,"template":"","format":"standard","meta":{"content-type":"","jetpack_post_was_ever_published":false,"_jetpack_newsletter_access":"","_jetpack_dont_email_post_to_subs":false,"_jetpack_newsletter_tier_id":0,"_jetpack_memberships_contains_paywalled_content":false,"_jetpack_memberships_contains_paid_content":false,"footnotes":""},"categories":[35,25],"tags":[9625,1065,171,1388],"class_list":["post-97499","post","type-post","status-publish","format-standard","has-post-thumbnail","hentry","category-nacionales","category-portada","tag-duelo-oficial","tag-fallecimiento","tag-gobierno","tag-papa-francisco"],"jetpack_featured_media_url":"https:\/\/lasprimeras.com.do\/wp-content\/uploads\/2025\/04\/abinader-y-papa.jpg","jetpack-related-posts":[{"id":81347,"url":"https:\/\/lasprimeras.com.do\/index.php\/2024\/04\/19\/abinader-declara-duelo-oficial-por-fallecimiento-franklin-almeyda-rancier\/","url_meta":{"origin":97499,"position":0},"title":"Abinader declara duelo oficial por fallecimiento Franklin Almeyda Rancier","author":"Nelson Feliz","date":"19 de abril de 2024","format":false,"excerpt":"Por Martin Restituyo El presidente Luis Abinader emiti\u00f3 el decreto n\u00fam. 219-24 que declara este s\u00e1bado 20 de abril, d\u00eda de duelo oficial por el fallecimiento de Francisco Jos\u00e9 (Franklin) Almeyda Rancier. En el art\u00edculo 2, el decreto indica que en el d\u00eda se\u00f1alado, la Bandera Nacional deber\u00e1 ondear a\u2026","rel":"","context":"En \u00abNACIONALES\u00bb","block_context":{"text":"NACIONALES","link":"https:\/\/lasprimeras.com.do\/index.php\/category\/nacionales\/"},"img":{"alt_text":"Franklin Almeyda Rancier","src":"https:\/\/i0.wp.com\/lasprimeras.com.do\/wp-content\/uploads\/2024\/04\/12_Econo_30_1p01.webp?resize=350%2C200&ssl=1","width":350,"height":200,"srcset":"https:\/\/i0.wp.com\/lasprimeras.com.do\/wp-content\/uploads\/2024\/04\/12_Econo_30_1p01.webp?resize=350%2C200&ssl=1 1x, https:\/\/i0.wp.com\/lasprimeras.com.do\/wp-content\/uploads\/2024\/04\/12_Econo_30_1p01.webp?resize=525%2C300&ssl=1 1.5x, https:\/\/i0.wp.com\/lasprimeras.com.do\/wp-content\/uploads\/2024\/04\/12_Econo_30_1p01.webp?resize=700%2C400&ssl=1 2x, https:\/\/i0.wp.com\/lasprimeras.com.do\/wp-content\/uploads\/2024\/04\/12_Econo_30_1p01.webp?resize=1050%2C600&ssl=1 3x"},"classes":[]},{"id":97658,"url":"https:\/\/lasprimeras.com.do\/index.php\/2025\/04\/25\/abinader-viaja-hoy-al-vaticano-al-funeral-de-su-santidad-el-papa-francisco\/","url_meta":{"origin":97499,"position":1},"title":"Abinader viaja hoy al Vaticano al funeral de su Santidad el Papa Francisco","author":"Nelson Feliz","date":"25 de abril de 2025","format":false,"excerpt":"Mandatario dominicano, se suma as\u00ed a otros jefes de estado y de gobiernos que asisten a los actos por el fallecimiento del Sumo Pont\u00edfice. El presidente Luis Abinader y la primera dama, Raquel Arbaje, viajar\u00e1n este viernes al Vaticano para asistir a la misa funeral de Su Santidad el papa\u2026","rel":"","context":"En \u00abNACIONALES\u00bb","block_context":{"text":"NACIONALES","link":"https:\/\/lasprimeras.com.do\/index.php\/category\/nacionales\/"},"img":{"alt_text":"","src":"https:\/\/i0.wp.com\/lasprimeras.com.do\/wp-content\/uploads\/2025\/04\/luis-abinader-1.jpg?resize=350%2C200&ssl=1","width":350,"height":200,"srcset":"https:\/\/i0.wp.com\/lasprimeras.com.do\/wp-content\/uploads\/2025\/04\/luis-abinader-1.jpg?resize=350%2C200&ssl=1 1x, https:\/\/i0.wp.com\/lasprimeras.com.do\/wp-content\/uploads\/2025\/04\/luis-abinader-1.jpg?resize=525%2C300&ssl=1 1.5x"},"classes":[]},{"id":67835,"url":"https:\/\/lasprimeras.com.do\/index.php\/2023\/11\/19\/abinader-declara-tres-dias-de-duelo-oficial-por-las-victimas-mortales-a-causa-de-las-lluvias\/","url_meta":{"origin":97499,"position":2},"title":"Abinader declara tres d\u00edas de duelo oficial por las v\u00edctimas mortales a causa de las lluvias","author":"Nelson Feliz","date":"19 de noviembre de 2023","format":false,"excerpt":"El presidente Luis Abinader emiti\u00f3 este domingo el decreto 586-23, mediante el cual se declaran tres d\u00edas de duelo oficial por las v\u00edctimas mortales a causa de las inundaciones registradas en el pa\u00eds. Los d\u00edas correspondientes al duelo oficial son el 20, 21 y 22 de noviembre del presente a\u00f1o.\u2026","rel":"","context":"En \u00abNACIONALES\u00bb","block_context":{"text":"NACIONALES","link":"https:\/\/lasprimeras.com.do\/index.php\/category\/nacionales\/"},"img":{"alt_text":"duelo oficial","src":"https:\/\/i0.wp.com\/lasprimeras.com.do\/wp-content\/uploads\/2023\/08\/palacio-duelo.jpg?resize=350%2C200&ssl=1","width":350,"height":200,"srcset":"https:\/\/i0.wp.com\/lasprimeras.com.do\/wp-content\/uploads\/2023\/08\/palacio-duelo.jpg?resize=350%2C200&ssl=1 1x, https:\/\/i0.wp.com\/lasprimeras.com.do\/wp-content\/uploads\/2023\/08\/palacio-duelo.jpg?resize=525%2C300&ssl=1 1.5x, https:\/\/i0.wp.com\/lasprimeras.com.do\/wp-content\/uploads\/2023\/08\/palacio-duelo.jpg?resize=700%2C400&ssl=1 2x, https:\/\/i0.wp.com\/lasprimeras.com.do\/wp-content\/uploads\/2023\/08\/palacio-duelo.jpg?resize=1050%2C600&ssl=1 3x"},"classes":[]},{"id":96842,"url":"https:\/\/lasprimeras.com.do\/index.php\/2025\/04\/09\/abinader-declara-duelo-nacional-los-dias-89-y-10-por-tragedia-sucedida-en-discoteca-jet-set\/","url_meta":{"origin":97499,"position":3},"title":"Abinader declara duelo nacional los d\u00edas 8,9 y 10 por tragedia sucedida en discoteca Jet Set","author":"Nelson Feliz","date":"9 de abril de 2025","format":false,"excerpt":"El presidente Luis Abinader declar\u00f3 mediante 194 \u2013 25 los d\u00edas 8, 9 y 10 de abril de 2025 de duelo oficial, por motivo de la tr\u00e1gica situaci\u00f3n ocurrida en la madrugada de hoy en la discoteca Jet Set, en el Distinto Nacional. En el art\u00edculo 2 del decreto ordena\u2026","rel":"","context":"En \u00abNACIONALES\u00bb","block_context":{"text":"NACIONALES","link":"https:\/\/lasprimeras.com.do\/index.php\/category\/nacionales\/"},"img":{"alt_text":"","src":"https:\/\/i0.wp.com\/lasprimeras.com.do\/wp-content\/uploads\/2025\/04\/Bandera-media-acta.jpg?resize=350%2C200&ssl=1","width":350,"height":200,"srcset":"https:\/\/i0.wp.com\/lasprimeras.com.do\/wp-content\/uploads\/2025\/04\/Bandera-media-acta.jpg?resize=350%2C200&ssl=1 1x, https:\/\/i0.wp.com\/lasprimeras.com.do\/wp-content\/uploads\/2025\/04\/Bandera-media-acta.jpg?resize=525%2C300&ssl=1 1.5x"},"classes":[]},{"id":92809,"url":"https:\/\/lasprimeras.com.do\/index.php\/2025\/01\/15\/el-papa-confirma-tener-archivos-sobre-abusos-corrupcion-y-negocios-oscuros-en-el-vaticano\/","url_meta":{"origin":97499,"position":4},"title":"El papa confirma tener archivos sobre &#8220;abusos, corrupci\u00f3n y negocios oscuros&#8221; en el Vaticano","author":"Nelson Feliz","date":"15 de enero de 2025","format":false,"excerpt":"\"Una gran caja blanca\", llena de documentos relativos a los esc\u00e1ndalos \"m\u00e1s dif\u00edciles y dolorosos\" de la Iglesia cat\u00f3lica, fue entregada a Francisco por su predecesor Benedicto XVI. El papa Francisco ha revelado en su libro autobiogr\u00e1fico 'Spera' (Esperanza), publicado este martes, que su predecesor Benedicto XVI despu\u00e9s de renunciar\u2026","rel":"","context":"En \u00abINTERNACIONALES\u00bb","block_context":{"text":"INTERNACIONALES","link":"https:\/\/lasprimeras.com.do\/index.php\/category\/sin-categoria\/internacionales\/"},"img":{"alt_text":"El papa Francisco se re\u00fane con Benedicto XVI en la residencia de verano papal de Castel Gandolfo, Italia, el 23 de marzo de 2013.","src":"https:\/\/i0.wp.com\/lasprimeras.com.do\/wp-content\/uploads\/2025\/01\/El-papa-Francisco-se-reune-con-Benedicto-XVI-en-la-residencia-de-verano-papal-de-Castel-Gandolfo-Italia-el-23-de-marzo-de-2013.jpg?resize=350%2C200&ssl=1","width":350,"height":200,"srcset":"https:\/\/i0.wp.com\/lasprimeras.com.do\/wp-content\/uploads\/2025\/01\/El-papa-Francisco-se-reune-con-Benedicto-XVI-en-la-residencia-de-verano-papal-de-Castel-Gandolfo-Italia-el-23-de-marzo-de-2013.jpg?resize=350%2C200&ssl=1 1x, https:\/\/i0.wp.com\/lasprimeras.com.do\/wp-content\/uploads\/2025\/01\/El-papa-Francisco-se-reune-con-Benedicto-XVI-en-la-residencia-de-verano-papal-de-Castel-Gandolfo-Italia-el-23-de-marzo-de-2013.jpg?resize=525%2C300&ssl=1 1.5x, https:\/\/i0.wp.com\/lasprimeras.com.do\/wp-content\/uploads\/2025\/01\/El-papa-Francisco-se-reune-con-Benedicto-XVI-en-la-residencia-de-verano-papal-de-Castel-Gandolfo-Italia-el-23-de-marzo-de-2013.jpg?resize=700%2C400&ssl=1 2x"},"classes":[]},{"id":77735,"url":"https:\/\/lasprimeras.com.do\/index.php\/2024\/02\/24\/el-papa-francisco-cancela-una-reunion-con-diaconos-de-roma\/","url_meta":{"origin":97499,"position":5},"title":"El Papa Francisco cancela una reuni\u00f3n con di\u00e1conos de Roma","author":"Nelson Feliz","date":"24 de febrero de 2024","format":false,"excerpt":"POR GIADA ZAMPANO CIUDAD DEL VATICANO (AP) \u2014 El Papa Francisco cancel\u00f3 una audiencia programada para el s\u00e1bado como medida de precauci\u00f3n despu\u00e9s de contraer una gripe leve, dijo la oficina de prensa del Vaticano en un breve comunicado, sin agregar m\u00e1s detalles. Francisco ten\u00eda previsto reunirse con los di\u00e1conos\u2026","rel":"","context":"En \u00abSin categor\u00eda\u00bb","block_context":{"text":"Sin categor\u00eda","link":"https:\/\/lasprimeras.com.do\/index.php\/category\/sin-categoria\/"},"img":{"alt_text":"El Papa Francisco","src":"https:\/\/i0.wp.com\/lasprimeras.com.do\/wp-content\/uploads\/2024\/02\/El-Papa-Francisco.jpg?resize=350%2C200&ssl=1","width":350,"height":200,"srcset":"https:\/\/i0.wp.com\/lasprimeras.com.do\/wp-content\/uploads\/2024\/02\/El-Papa-Francisco.jpg?resize=350%2C200&ssl=1 1x, https:\/\/i0.wp.com\/lasprimeras.com.do\/wp-content\/uploads\/2024\/02\/El-Papa-Francisco.jpg?resize=525%2C300&ssl=1 1.5x, https:\/\/i0.wp.com\/lasprimeras.com.do\/wp-content\/uploads\/2024\/02\/El-Papa-Francisco.jpg?resize=700%2C400&ssl=1 2x"},"classes":[]}],"jetpack_sharing_enabled":true,"_links":{"self":[{"href":"https:\/\/lasprimeras.com.do\/index.php\/wp-json\/wp\/v2\/posts\/97499","targetHints":{"allow":["GET"]}}],"collection":[{"href":"https:\/\/lasprimeras.com.do\/index.php\/wp-json\/wp\/v2\/posts"}],"about":[{"href":"https:\/\/lasprimeras.com.do\/index.php\/wp-json\/wp\/v2\/types\/post"}],"author":[{"embeddable":true,"href":"https:\/\/lasprimeras.com.do\/index.php\/wp-json\/wp\/v2\/users\/10"}],"replies":[{"embeddable":true,"href":"https:\/\/lasprimeras.com.do\/index.php\/wp-json\/wp\/v2\/comments?post=97499"}],"version-history":[{"count":1,"href":"https:\/\/lasprimeras.com.do\/index.php\/wp-json\/wp\/v2\/posts\/97499\/revisions"}],"predecessor-version":[{"id":97501,"href":"https:\/\/lasprimeras.com.do\/index.php\/wp-json\/wp\/v2\/posts\/97499\/revisions\/97501"}],"wp:featuredmedia":[{"embeddable":true,"href":"https:\/\/lasprimeras.com.do\/index.php\/wp-json\/wp\/v2\/media\/97500"}],"wp:attachment":[{"href":"https:\/\/lasprimeras.com.do\/index.php\/wp-json\/wp\/v2\/media?parent=97499"}],"wp:term":[{"taxonomy":"category","embeddable":true,"href":"https:\/\/lasprimeras.com.do\/index.php\/wp-json\/wp\/v2\/categories?post=97499"},{"taxonomy":"post_tag","embeddable":true,"href":"https:\/\/lasprimeras.com.do\/index.php\/wp-json\/wp\/v2\/tags?post=97499"}],"curies":[{"name":"wp","href":"https:\/\/api.w.org\/{rel}","templated":true}]}}