{"id":97507,"date":"2025-04-22T09:31:48","date_gmt":"2025-04-22T13:31:48","guid":{"rendered":"https:\/\/lasprimeras.com.do\/?p=97507"},"modified":"2025-04-22T09:31:49","modified_gmt":"2025-04-22T13:31:49","slug":"cmd-sugiere-buscar-alternativas-humanitarias-con-la-salud-de-los-extranjeros-ilegales","status":"publish","type":"post","link":"https:\/\/lasprimeras.com.do\/index.php\/2025\/04\/22\/cmd-sugiere-buscar-alternativas-humanitarias-con-la-salud-de-los-extranjeros-ilegales\/","title":{"rendered":"CMD sugiere buscar alternativas humanitarias con la salud de los extranjeros ilegales"},"content":{"rendered":"\n<p>El presidente del Colegio M\u00e9dico Dominicano Dr. Waldo Ariel Suero expres\u00f3 que la aplicaci\u00f3n de las medidas establecidas por el gobierno a nivel de los centros de salud frente a los extranjeros ilegales; en algunas situaciones ESPECIALES de salud de esos enfermos no es tan simple, no puede ser 100% r\u00edgida su aplicaci\u00f3n.<\/p>\n\n\n\n<p>No estamos hablando de los casos de emergencias; estamos hablando de situaciones de salud ESPECIALES, de casos previamente tratados en nuestros hospitales, tanto cl\u00ednicos como quir\u00fargicos de seguimiento que ameritan varias citas, cirug\u00edas NO necesariamente electivas, uso de medicamentos y dem\u00e1s seguimiento; que de no llevarse a cabo, la vida de estos enfermos podr\u00edan traer consecuencias negativas, incluso fallecer en sus casas.<\/p>\n\n\n\n<p>Qu\u00e9 es lo que esta pasando? que por temor a que sean deportados estos enfermos indocumentados adultos y ni\u00f1os, se estan quedando en sus casas y al no asistir al m\u00e9dico a recibir el tratamiento cl\u00ednico \u00f3 quir\u00fargico, terminar\u00e1n empeorando su salud en sus hogares.<\/p>\n\n\n\n<p>Para nosotros los m\u00e9dicos priorizar la salud es lo fundamental, el m\u00e9dico en el marco de su formaci\u00f3n profesional es un humanista y nos ense\u00f1aron a salvar vidas, es nuestra labor prioritaria.<\/p>\n\n\n\n<p>El humanismo est\u00e1 por encima de todo, incluyendo la pol\u00edtica. El CMD plantea que todos juntos tomemos medidas para evitar que la salud de estos enfermos se deteriore en sus casas. Los aspectos legales de los inmigrantes corresponden a las autoridades, las autoridades saben tambi\u00e9n que la salud es una prioridad.<\/p>\n\n\n\n<p>El CMD y sus diferentes instancias proponemos una reuni\u00f3n con Migraci\u00f3n, el Ministerio de Salud P\u00fablica y el Servicio Nacional de Salud; para buscarles una salida; en ese sentido sugerimos que se dise\u00f1en protocolos para estos casos ESPECIALES, con el principal objetivo de garantizarle la salud a estos extranjeros indocumentados. Sin que las funciones de Migraci\u00f3n se vean afectadas.<\/p>\n","protected":false},"excerpt":{"rendered":"<p>El presidente del Colegio M\u00e9dico Dominicano Dr. Waldo Ariel Suero expres\u00f3 que la aplicaci\u00f3n de las medidas establecidas por el gobierno a nivel de los centros de salud frente a&hellip;<\/p>\n","protected":false},"author":10,"featured_media":94416,"comment_status":"open","ping_status":"open","sticky":false,"template":"","format":"standard","meta":{"content-type":"","jetpack_post_was_ever_published":false,"_jetpack_newsletter_access":"","_jetpack_dont_email_post_to_subs":false,"_jetpack_newsletter_tier_id":0,"_jetpack_memberships_contains_paywalled_content":false,"_jetpack_memberships_contains_paid_content":false,"footnotes":""},"categories":[25,16558],"tags":[3253,1057,2311,18974,92,813],"class_list":["post-97507","post","type-post","status-publish","format-standard","has-post-thumbnail","hentry","category-portada","category-salud","tag-alternativas","tag-cmd","tag-extranjeros","tag-humanitarias","tag-ilegales","tag-salud"],"jetpack_featured_media_url":"https:\/\/lasprimeras.com.do\/wp-content\/uploads\/2025\/02\/Waldo-Ariel-Suero.jpg","jetpack-related-posts":[{"id":97634,"url":"https:\/\/lasprimeras.com.do\/index.php\/2025\/04\/24\/cmd-y-las-sociedades-medicas-no-fueron-consultados-como-establece-la-ley-68-03-segun-waldo-suero\/","url_meta":{"origin":97507,"position":0},"title":"&#8220;CMD y las Sociedades M\u00e9dicas NO fueron consultados como establece la Ley 68\/03&#8221;, seg\u00fan Waldo Suero","author":"Nelson Feliz","date":"24 de abril de 2025","format":false,"excerpt":"El presidente del Colegio M\u00e9dico Dominicano, doctor Waldo Ariel Suero, expres\u00f3 que el CMD y las Sociedades M\u00e9dicas Especializadas NO fueron consultados como establece la Ley 68\/03, en lo referente al protocolo que las autoridades est\u00e1n implementando en los hospitales, relacionado con la salud y los extranjeros ilegales. Suero enfatiz\u00f3\u2026","rel":"","context":"En \u00abPORTADA\u00bb","block_context":{"text":"PORTADA","link":"https:\/\/lasprimeras.com.do\/index.php\/category\/portada\/"},"img":{"alt_text":"Waldo Ariel Suero","src":"https:\/\/i0.wp.com\/lasprimeras.com.do\/wp-content\/uploads\/2025\/04\/Waldo-Ariel-Suero.jpg?resize=350%2C200&ssl=1","width":350,"height":200,"srcset":"https:\/\/i0.wp.com\/lasprimeras.com.do\/wp-content\/uploads\/2025\/04\/Waldo-Ariel-Suero.jpg?resize=350%2C200&ssl=1 1x, https:\/\/i0.wp.com\/lasprimeras.com.do\/wp-content\/uploads\/2025\/04\/Waldo-Ariel-Suero.jpg?resize=525%2C300&ssl=1 1.5x"},"classes":[]},{"id":127696,"url":"https:\/\/lasprimeras.com.do\/index.php\/2026\/04\/14\/gobierno-y-cmd-buscan-fortalecer-el-sistema-de-salud-y-reinvidicaciones-gremiales\/","url_meta":{"origin":97507,"position":1},"title":"Gobierno y CMD buscan fortalecer el sistema de salud y reinvidicaciones gremiales","author":"Nelson Feliz","date":"14 de abril de 2026","format":false,"excerpt":"En un ambiente de apertura y di\u00e1logo institucional, el Presidente de la Rep\u00fablica, Luis Abinader, recibi\u00f3 este martes en el Palacio Nacional a la junta directiva del Colegio M\u00e9dico Dominicano (CMD), encabezada por su presidente, el Dr. Luis Pe\u00f1a N\u00fa\u00f1ez. El encuentro tuvo como objetivo central dar seguimiento a la\u2026","rel":"","context":"En \u00abSALUD\u00bb","block_context":{"text":"SALUD","link":"https:\/\/lasprimeras.com.do\/index.php\/category\/salud\/"},"img":{"alt_text":"","src":"https:\/\/i0.wp.com\/lasprimeras.com.do\/wp-content\/uploads\/2026\/04\/CMD-1.jpg?resize=350%2C200&ssl=1","width":350,"height":200,"srcset":"https:\/\/i0.wp.com\/lasprimeras.com.do\/wp-content\/uploads\/2026\/04\/CMD-1.jpg?resize=350%2C200&ssl=1 1x, https:\/\/i0.wp.com\/lasprimeras.com.do\/wp-content\/uploads\/2026\/04\/CMD-1.jpg?resize=525%2C300&ssl=1 1.5x, https:\/\/i0.wp.com\/lasprimeras.com.do\/wp-content\/uploads\/2026\/04\/CMD-1.jpg?resize=700%2C400&ssl=1 2x"},"classes":[]},{"id":59549,"url":"https:\/\/lasprimeras.com.do\/index.php\/2023\/09\/05\/cmd-suspende-paro-de-labores-por-aumento-de-casos-de-dengue\/","url_meta":{"origin":97507,"position":2},"title":"CMD suspende paro de labores por aumento de casos de dengue","author":"Nelson Feliz","date":"5 de septiembre de 2023","format":false,"excerpt":"Se mantendr\u00e1n en sesi\u00f3n permanente para decidir las acciones a tomar en lo adelante. El Colegio M\u00e9dico Dominicano (CMD) suspendi\u00f3 este martes los paros de labores a nivel nacional para el sector p\u00fablico y privado que hab\u00eda convocado para el jueves y viernes de esta semana, debido al aumento de\u2026","rel":"","context":"En \u00abPORTADA\u00bb","block_context":{"text":"PORTADA","link":"https:\/\/lasprimeras.com.do\/index.php\/category\/portada\/"},"img":{"alt_text":"","src":"https:\/\/i0.wp.com\/lasprimeras.com.do\/wp-content\/uploads\/2023\/09\/medicos.jpg?resize=350%2C200&ssl=1","width":350,"height":200,"srcset":"https:\/\/i0.wp.com\/lasprimeras.com.do\/wp-content\/uploads\/2023\/09\/medicos.jpg?resize=350%2C200&ssl=1 1x, https:\/\/i0.wp.com\/lasprimeras.com.do\/wp-content\/uploads\/2023\/09\/medicos.jpg?resize=525%2C300&ssl=1 1.5x, https:\/\/i0.wp.com\/lasprimeras.com.do\/wp-content\/uploads\/2023\/09\/medicos.jpg?resize=700%2C400&ssl=1 2x"},"classes":[]},{"id":50367,"url":"https:\/\/lasprimeras.com.do\/index.php\/2023\/05\/19\/luis-el-gallo-emplaza-cmd-suspenda-paros-y-dialogue-con-hospitales-abiertos\/","url_meta":{"origin":97507,"position":3},"title":"Luis \u201cEl Gallo\u201d emplaza CMD suspenda paros y dialogue con hospitales abiertos","author":"prenxa100","date":"19 de mayo de 2023","format":false,"excerpt":"SANTO DOMINGO.-.El presidente de la Uni\u00f3n Dem\u00f3crata Cristiana, -UDC-, Luis Acosta Moreta, Luis \u201cEl Gallo\u201d, emplaz\u00f3 hoy al Colegio M\u00e9dico Dominicano para que suspenda los llamados a paros en hospitales p\u00fablicos, e inici\u00f3 el camino del di\u00e1logo y la concertaci\u00f3n. El di\u00e1logo, con los hospitales abiertos ofreciendo asistencia, es la\u2026","rel":"","context":"En \u00abPORTADA\u00bb","block_context":{"text":"PORTADA","link":"https:\/\/lasprimeras.com.do\/index.php\/category\/portada\/"},"img":{"alt_text":"","src":"","width":0,"height":0},"classes":[]},{"id":121791,"url":"https:\/\/lasprimeras.com.do\/index.php\/2026\/02\/10\/cmd-fiscaliza-hospital-de-engombe-valora-higiene-pero-urge-mayor-personal-especializado\/","url_meta":{"origin":97507,"position":4},"title":"CMD fiscaliza Hospital de Engombe; valora higiene pero urge mayor personal especializado","author":"Nelson Feliz","date":"10 de febrero de 2026","format":false,"excerpt":"Los directivos del Colegio M\u00e9dico Dominicano (CMD) realizaron una visita de supervisi\u00f3n al Hospital Municipal de Engombe, con el fin de evaluar las condiciones operativas del centro y las inquietudes laborales del personal sanitario. La comitiva estuvo encabezada por la Dra. \u00c1ngela Ynfante, presidenta de la provincia Santo Domingo del\u2026","rel":"","context":"En \u00abSALUD\u00bb","block_context":{"text":"SALUD","link":"https:\/\/lasprimeras.com.do\/index.php\/category\/salud\/"},"img":{"alt_text":"","src":"https:\/\/i0.wp.com\/lasprimeras.com.do\/wp-content\/uploads\/2026\/02\/IMG-20260209-WA0615.jpg?resize=350%2C200&ssl=1","width":350,"height":200,"srcset":"https:\/\/i0.wp.com\/lasprimeras.com.do\/wp-content\/uploads\/2026\/02\/IMG-20260209-WA0615.jpg?resize=350%2C200&ssl=1 1x, https:\/\/i0.wp.com\/lasprimeras.com.do\/wp-content\/uploads\/2026\/02\/IMG-20260209-WA0615.jpg?resize=525%2C300&ssl=1 1.5x, https:\/\/i0.wp.com\/lasprimeras.com.do\/wp-content\/uploads\/2026\/02\/IMG-20260209-WA0615.jpg?resize=700%2C400&ssl=1 2x, https:\/\/i0.wp.com\/lasprimeras.com.do\/wp-content\/uploads\/2026\/02\/IMG-20260209-WA0615.jpg?resize=1050%2C600&ssl=1 3x"},"classes":[]},{"id":118180,"url":"https:\/\/lasprimeras.com.do\/index.php\/2025\/12\/23\/presidente-del-cmd-juramentada-a-la-doctora-mir-a-font-frias-como-directora-de-ars-cmd\/","url_meta":{"origin":97507,"position":5},"title":"Presidente del CMD juramentada a la doctora Mir a Font Frias como directora de ARS-CMD","author":"Nelson Feliz","date":"23 de diciembre de 2025","format":false,"excerpt":"La Junta Directiva Nacional del CMD y del Consejo de Administraci\u00f3n de la ARS CMD, el Dr. Luis Pe\u00f1a Nu\u00f1ez presidente del Colegio M\u00e9dico Dominicano (CMD), juramento a la Dra Mirna Esther Fonfrias como la nueva directora ejecutiva de la ARS CMD. Mirna Fonfrias es una reconocida m\u00e9dico con una\u2026","rel":"","context":"En \u00abPORTADA\u00bb","block_context":{"text":"PORTADA","link":"https:\/\/lasprimeras.com.do\/index.php\/category\/portada\/"},"img":{"alt_text":"","src":"https:\/\/i0.wp.com\/lasprimeras.com.do\/wp-content\/uploads\/2025\/12\/IMG-20251223-WA0163.jpg?resize=350%2C200&ssl=1","width":350,"height":200,"srcset":"https:\/\/i0.wp.com\/lasprimeras.com.do\/wp-content\/uploads\/2025\/12\/IMG-20251223-WA0163.jpg?resize=350%2C200&ssl=1 1x, https:\/\/i0.wp.com\/lasprimeras.com.do\/wp-content\/uploads\/2025\/12\/IMG-20251223-WA0163.jpg?resize=525%2C300&ssl=1 1.5x, https:\/\/i0.wp.com\/lasprimeras.com.do\/wp-content\/uploads\/2025\/12\/IMG-20251223-WA0163.jpg?resize=700%2C400&ssl=1 2x, https:\/\/i0.wp.com\/lasprimeras.com.do\/wp-content\/uploads\/2025\/12\/IMG-20251223-WA0163.jpg?resize=1050%2C600&ssl=1 3x"},"classes":[]}],"jetpack_sharing_enabled":true,"_links":{"self":[{"href":"https:\/\/lasprimeras.com.do\/index.php\/wp-json\/wp\/v2\/posts\/97507","targetHints":{"allow":["GET"]}}],"collection":[{"href":"https:\/\/lasprimeras.com.do\/index.php\/wp-json\/wp\/v2\/posts"}],"about":[{"href":"https:\/\/lasprimeras.com.do\/index.php\/wp-json\/wp\/v2\/types\/post"}],"author":[{"embeddable":true,"href":"https:\/\/lasprimeras.com.do\/index.php\/wp-json\/wp\/v2\/users\/10"}],"replies":[{"embeddable":true,"href":"https:\/\/lasprimeras.com.do\/index.php\/wp-json\/wp\/v2\/comments?post=97507"}],"version-history":[{"count":1,"href":"https:\/\/lasprimeras.com.do\/index.php\/wp-json\/wp\/v2\/posts\/97507\/revisions"}],"predecessor-version":[{"id":97508,"href":"https:\/\/lasprimeras.com.do\/index.php\/wp-json\/wp\/v2\/posts\/97507\/revisions\/97508"}],"wp:featuredmedia":[{"embeddable":true,"href":"https:\/\/lasprimeras.com.do\/index.php\/wp-json\/wp\/v2\/media\/94416"}],"wp:attachment":[{"href":"https:\/\/lasprimeras.com.do\/index.php\/wp-json\/wp\/v2\/media?parent=97507"}],"wp:term":[{"taxonomy":"category","embeddable":true,"href":"https:\/\/lasprimeras.com.do\/index.php\/wp-json\/wp\/v2\/categories?post=97507"},{"taxonomy":"post_tag","embeddable":true,"href":"https:\/\/lasprimeras.com.do\/index.php\/wp-json\/wp\/v2\/tags?post=97507"}],"curies":[{"name":"wp","href":"https:\/\/api.w.org\/{rel}","templated":true}]}}