{"id":97528,"date":"2025-04-22T11:40:36","date_gmt":"2025-04-22T15:40:36","guid":{"rendered":"https:\/\/lasprimeras.com.do\/?p=97528"},"modified":"2025-04-22T11:40:38","modified_gmt":"2025-04-22T15:40:38","slug":"dia-internacional-de-la-madre-tierra","status":"publish","type":"post","link":"https:\/\/lasprimeras.com.do\/index.php\/2025\/04\/22\/dia-internacional-de-la-madre-tierra\/","title":{"rendered":"D\u00eda Internacional de la Madre Tierra"},"content":{"rendered":"\n<p class=\"wp-block-paragraph\">El D\u00eda de la Tierra, oficialmente D\u00eda Internacional de la Madre Tierra, es un d\u00eda celebrado en muchos pa\u00edses el 22 de abril de cada a\u00f1o.<\/p>\n\n\n\n<p class=\"wp-block-paragraph\">Su promotor, el senador estadounidense Gaylord Nelson, proclam\u00f3 este d\u00eda para crear una conciencia com\u00fan a los problemas de la sobrepoblaci\u00f3n, la contaminaci\u00f3n, la conservaci\u00f3n de la biodiversidad, el calentamiento global y otras preocupaciones ambientales para proteger la Tierra.<\/p>\n\n\n\n<p class=\"wp-block-paragraph\">Es un d\u00eda para rendir homenaje y reconocer a la Tierra como nuestro hogar, as\u00ed como lo han expresado distintas culturas a lo largo de la historia, demostrando la interdependencia entre sus muchos ecosistemas y los seres vivos que la habitamos.<\/p>\n","protected":false},"excerpt":{"rendered":"<p>El D\u00eda de la Tierra, oficialmente D\u00eda Internacional de la Madre Tierra, es un d\u00eda celebrado en muchos pa\u00edses el 22 de abril de cada a\u00f1o. Su promotor, el senador&hellip;<\/p>\n","protected":false},"author":10,"featured_media":97529,"comment_status":"open","ping_status":"open","sticky":false,"template":"","format":"standard","meta":{"content-type":"","_jetpack_newsletter_access":"","_jetpack_dont_email_post_to_subs":false,"_jetpack_newsletter_tier_id":0,"_jetpack_memberships_contains_paywalled_content":false,"_jetpack_feature_clip_id":0,"_jetpack_memberships_contains_paid_content":false,"footnotes":"","jetpack_post_was_ever_published":false},"categories":[35,25],"tags":[18983],"class_list":["post-97528","post","type-post","status-publish","format-standard","has-post-thumbnail","hentry","category-nacionales","category-portada","tag-dia-internacional-de-la-madre-tierra"],"jetpack-related-posts":[{"id":97519,"url":"https:\/\/lasprimeras.com.do\/index.php\/2025\/04\/22\/congresista-espaillat-conmemora-dia-de-la-tierra-y-siembra-un-arbol-en-el-alto-manhattan\/","url_meta":{"origin":97528,"position":0},"title":"Congresista Espaillat conmemora D\u00eda de la Tierra y siembra un \u00e1rbol en el Alto Manhattan","author":"Nelson Feliz","date":"22 de abril de 2025","format":false,"excerpt":"https:\/\/www.youtube.com\/watch?v=gG0MSGZz6Go Por Ram\u00f3n Mercedes NUEVA YORK.- El congresista Adriano Espaillat (NY-13) empez\u00f3 la celebraci\u00f3n del D\u00eda de la Tierra plantando un \u00e1rbol en la acera de D\u00e9cima Avenida y la calle 201, frente al proyecto de viviendas Dyckman Houses y el Centro Educativo Oscar de la Renta, En el Alto\u2026","rel":"","context":"En \u00abINTERNACIONALES\u00bb","block_context":{"text":"INTERNACIONALES","link":"https:\/\/lasprimeras.com.do\/index.php\/category\/sin-categoria\/internacionales\/"},"img":{"alt_text":"D\u00eda de la Tierra","src":"https:\/\/i0.wp.com\/lasprimeras.com.do\/wp-content\/uploads\/2025\/04\/WhatsApp-Image-2025-04-22-at-7.10.31-AM.jpeg?resize=350%2C200&ssl=1","width":350,"height":200,"srcset":"https:\/\/i0.wp.com\/lasprimeras.com.do\/wp-content\/uploads\/2025\/04\/WhatsApp-Image-2025-04-22-at-7.10.31-AM.jpeg?resize=350%2C200&ssl=1 1x, https:\/\/i0.wp.com\/lasprimeras.com.do\/wp-content\/uploads\/2025\/04\/WhatsApp-Image-2025-04-22-at-7.10.31-AM.jpeg?resize=525%2C300&ssl=1 1.5x, https:\/\/i0.wp.com\/lasprimeras.com.do\/wp-content\/uploads\/2025\/04\/WhatsApp-Image-2025-04-22-at-7.10.31-AM.jpeg?resize=700%2C400&ssl=1 2x"},"classes":[]},{"id":98157,"url":"https:\/\/lasprimeras.com.do\/index.php\/2025\/05\/02\/dominicanos-nyc-muestran-preocupacion-por-constantes-temblores-tierra-rd\/","url_meta":{"origin":97528,"position":1},"title":"Dominicanos NYC muestran preocupaci\u00f3n por constantes temblores tierra RD","author":"Nelson Feliz","date":"2 de mayo de 2025","format":false,"excerpt":"Por Ram\u00f3n Mercedes NUEVA YORK.- Dominicanos en el Alto Manhattan muestran preocupaciones debido a que en los \u00faltimos 16 meses en la Rep\u00fablica Dominicana han ocurrido m\u00e1s de 20 temblores de tierra con magnitudes sobre los 4 grados, sismo significativo, pero con da\u00f1o poco probable. La noche del pasado lunes\u2026","rel":"","context":"En \u00abINTERNACIONALES\u00bb","block_context":{"text":"INTERNACIONALES","link":"https:\/\/lasprimeras.com.do\/index.php\/category\/sin-categoria\/internacionales\/"},"img":{"alt_text":"Dominicanos NYC muestran preocupaci\u00f3n por constantes temblores tierra RD","src":"https:\/\/i0.wp.com\/lasprimeras.com.do\/wp-content\/uploads\/2025\/05\/WhatsApp-Image-2025-05-02-at-6.11.53-AM-1.jpeg?resize=350%2C200&ssl=1","width":350,"height":200,"srcset":"https:\/\/i0.wp.com\/lasprimeras.com.do\/wp-content\/uploads\/2025\/05\/WhatsApp-Image-2025-05-02-at-6.11.53-AM-1.jpeg?resize=350%2C200&ssl=1 1x, https:\/\/i0.wp.com\/lasprimeras.com.do\/wp-content\/uploads\/2025\/05\/WhatsApp-Image-2025-05-02-at-6.11.53-AM-1.jpeg?resize=525%2C300&ssl=1 1.5x, https:\/\/i0.wp.com\/lasprimeras.com.do\/wp-content\/uploads\/2025\/05\/WhatsApp-Image-2025-05-02-at-6.11.53-AM-1.jpeg?resize=700%2C400&ssl=1 2x"},"classes":[]},{"id":81536,"url":"https:\/\/lasprimeras.com.do\/index.php\/2024\/04\/22\/biden-conmemora-el-dia-de-la-tierra-anunciando-7-000-millones-de-dolares-en-subvenciones-para-energia-solar\/","url_meta":{"origin":97528,"position":2},"title":"Biden conmemora el D\u00eda de la Tierra anunciando 7.000 millones de d\u00f3lares en subvenciones para energ\u00eda solar","author":"BIMARY DE JES\u00daS Matos","date":"22 de abril de 2024","format":false,"excerpt":"EFE.-El presidente Joe Biden conmemora el D\u00eda de la Tierra anunciando 7.ooo millones de d\u00f3lares en subvenciones federales para proyectos solares residenciales que atienden a m\u00e1s de 900.000 hogares en comunidades de ingresos bajos y medios. Tambi\u00e9n planea ampliar su programa de capacitaci\u00f3n en empleos verdes del American Climate Corps,\u2026","rel":"","context":"En \u00abSin categor\u00eda\u00bb","block_context":{"text":"Sin categor\u00eda","link":"https:\/\/lasprimeras.com.do\/index.php\/category\/sin-categoria\/"},"img":{"alt_text":"","src":"https:\/\/i0.wp.com\/lasprimeras.com.do\/wp-content\/uploads\/2024\/04\/b807a45d-179c-4001-a0da-f7d327bb7680_w650_r1_s.jpg?resize=350%2C200&ssl=1","width":350,"height":200,"srcset":"https:\/\/i0.wp.com\/lasprimeras.com.do\/wp-content\/uploads\/2024\/04\/b807a45d-179c-4001-a0da-f7d327bb7680_w650_r1_s.jpg?resize=350%2C200&ssl=1 1x, https:\/\/i0.wp.com\/lasprimeras.com.do\/wp-content\/uploads\/2024\/04\/b807a45d-179c-4001-a0da-f7d327bb7680_w650_r1_s.jpg?resize=525%2C300&ssl=1 1.5x"},"classes":[]},{"id":50275,"url":"https:\/\/lasprimeras.com.do\/index.php\/2023\/05\/18\/promueve-rd-celebro-el-dia-de-las-madres-en-italia-al-ritmo-de-manny-cruz\/","url_meta":{"origin":97528,"position":3},"title":"ProMueve RD celebr\u00f3 el D\u00eda de las Madres en Italia al ritmo de Manny Cruz","author":"prenxa100","date":"18 de mayo de 2023","format":false,"excerpt":"Roma, Italia. - La organizaci\u00f3n no gubernamental, ProMueve RD, celebr\u00f3 el D\u00eda de las Madres a las dominicanas residentes en Italia con un emotivo encuentro en el que compartieron con el reconocido merenguero Manny Cruz. Manny Cruz, acompa\u00f1ado de su esposa Yery Peguero, present\u00f3 parte de su repertorio musical en\u2026","rel":"","context":"En \u00abENTRETENIMIENTO\u00bb","block_context":{"text":"ENTRETENIMIENTO","link":"https:\/\/lasprimeras.com.do\/index.php\/category\/entretenimiento\/"},"img":{"alt_text":"","src":"","width":0,"height":0},"classes":[]},{"id":53899,"url":"https:\/\/lasprimeras.com.do\/index.php\/2023\/07\/03\/rafael-baralt-perez\/","url_meta":{"origin":97528,"position":4},"title":"Rafael Baralt P\u00e9rez","author":"Nelson Feliz","date":"3 de julio de 2023","format":false,"excerpt":"Por Dionicio Hern\u00e1ndez Leonardo Un d\u00eda como hoy, 3 de julio de 1810, naci\u00f3 Rafael Baralt P\u00e9rez en Maracaibo, Venezuela. Fue un militar, historiador, periodista y poeta venezolano, primer hispanoamericano en ser seleccionado miembro de n\u00famero de la Real Academia Espa\u00f1ola (1853). Adem\u00e1s, es el autor del primer diccionario del\u2026","rel":"","context":"En \u00abHISTORIA\u00bb","block_context":{"text":"HISTORIA","link":"https:\/\/lasprimeras.com.do\/index.php\/category\/historia\/"},"img":{"alt_text":"","src":"","width":0,"height":0},"classes":[]},{"id":93502,"url":"https:\/\/lasprimeras.com.do\/index.php\/2025\/02\/12\/osiris-de-leon-afirma-que-la-exploracion-de-las-tierras-raras-no-impactaria-los-parques-nacionales\/","url_meta":{"origin":97528,"position":5},"title":"Osiris de Le\u00f3n afirma que la exploraci\u00f3n de las tierras raras no impactar\u00eda los parques nacionales","author":"Nelson Feliz","date":"12 de febrero de 2025","format":false,"excerpt":"El reconocido ge\u00f3logo dijo que es tiempo de desmontar el discurso contra la explotaci\u00f3n minera En las \u00faltimas semanas, el t\u00e9rmino \u201ctierras raras\u201d ha captado la atenci\u00f3n nacional y fue el foco de inter\u00e9s en la visita al pa\u00eds de Marco Rubio, secretario de Estado de EE.UU. en la que\u2026","rel":"","context":"En \u00abNACIONALES\u00bb","block_context":{"text":"NACIONALES","link":"https:\/\/lasprimeras.com.do\/index.php\/category\/nacionales\/"},"img":{"alt_text":"Osiris de Le\u00f3n","src":"https:\/\/i0.wp.com\/lasprimeras.com.do\/wp-content\/uploads\/2025\/02\/Osiris-de-Leon.jpg?resize=350%2C200&ssl=1","width":350,"height":200,"srcset":"https:\/\/i0.wp.com\/lasprimeras.com.do\/wp-content\/uploads\/2025\/02\/Osiris-de-Leon.jpg?resize=350%2C200&ssl=1 1x, https:\/\/i0.wp.com\/lasprimeras.com.do\/wp-content\/uploads\/2025\/02\/Osiris-de-Leon.jpg?resize=525%2C300&ssl=1 1.5x"},"classes":[]}],"jetpack_sharing_enabled":true,"jetpack_featured_media_url":"https:\/\/lasprimeras.com.do\/wp-content\/uploads\/2025\/04\/Dia-Internacional-de-la-Madre-Tierra.jpg","_links":{"self":[{"href":"https:\/\/lasprimeras.com.do\/index.php\/wp-json\/wp\/v2\/posts\/97528","targetHints":{"allow":["GET"]}}],"collection":[{"href":"https:\/\/lasprimeras.com.do\/index.php\/wp-json\/wp\/v2\/posts"}],"about":[{"href":"https:\/\/lasprimeras.com.do\/index.php\/wp-json\/wp\/v2\/types\/post"}],"author":[{"embeddable":true,"href":"https:\/\/lasprimeras.com.do\/index.php\/wp-json\/wp\/v2\/users\/10"}],"replies":[{"embeddable":true,"href":"https:\/\/lasprimeras.com.do\/index.php\/wp-json\/wp\/v2\/comments?post=97528"}],"version-history":[{"count":1,"href":"https:\/\/lasprimeras.com.do\/index.php\/wp-json\/wp\/v2\/posts\/97528\/revisions"}],"predecessor-version":[{"id":97530,"href":"https:\/\/lasprimeras.com.do\/index.php\/wp-json\/wp\/v2\/posts\/97528\/revisions\/97530"}],"wp:featuredmedia":[{"embeddable":true,"href":"https:\/\/lasprimeras.com.do\/index.php\/wp-json\/wp\/v2\/media\/97529"}],"wp:attachment":[{"href":"https:\/\/lasprimeras.com.do\/index.php\/wp-json\/wp\/v2\/media?parent=97528"}],"wp:term":[{"taxonomy":"category","embeddable":true,"href":"https:\/\/lasprimeras.com.do\/index.php\/wp-json\/wp\/v2\/categories?post=97528"},{"taxonomy":"post_tag","embeddable":true,"href":"https:\/\/lasprimeras.com.do\/index.php\/wp-json\/wp\/v2\/tags?post=97528"}],"curies":[{"name":"wp","href":"https:\/\/api.w.org\/{rel}","templated":true}]}}