{"id":97535,"date":"2025-04-22T23:09:26","date_gmt":"2025-04-23T03:09:26","guid":{"rendered":"https:\/\/lasprimeras.com.do\/?p=97535"},"modified":"2025-04-22T23:09:27","modified_gmt":"2025-04-23T03:09:27","slug":"legisladores-de-fp-rechazan-eleccion-de-camara-de-cuentas","status":"publish","type":"post","link":"https:\/\/lasprimeras.com.do\/index.php\/2025\/04\/22\/legisladores-de-fp-rechazan-eleccion-de-camara-de-cuentas\/","title":{"rendered":"Legisladores de FP rechazan elecci\u00f3n de C\u00e1mara de Cuentas"},"content":{"rendered":"\n<p class=\"wp-block-paragraph\"><strong>Exigen una revisi\u00f3n &#8220;transparente&#8221; del proceso.<\/strong><\/p>\n\n\n\n<p class=\"wp-block-paragraph\">El Senado de la Rep\u00fablica aprob\u00f3 este martes la escogencia de los cinco dominicanos que integrar\u00e1n el nuevo pleno de la C\u00e1mara de Cuentas, durante el periodo 2025-2029, el cual ser\u00e1 juramentado este mi\u00e9rcoles.<\/p>\n\n\n\n<p class=\"wp-block-paragraph\">A pesar de que los 29 legisladores que representan al oficialismo dentro de la C\u00e1mara Alta no mostraron impugnaci\u00f3n alguna a la escogencia realizada por la comisi\u00f3n especial, los senadores opositores presentaron un informe disidente en el que detallaron las motivaciones de su rechazo.<\/p>\n\n\n\n<p class=\"wp-block-paragraph\">La elecci\u00f3n aprobada durante la sesi\u00f3n de este martes coloc\u00f3 a Emma Polanco, quien presidir\u00e1 la instituci\u00f3n, acompa\u00f1ada de Francisco Tam\u00e1rez, de vicepresidente.<\/p>\n\n\n\n<p class=\"wp-block-paragraph\">Al igual que a Francisco Franco, Ram\u00f3n M\u00e9ndez y Griselda G\u00f3mez, que ser\u00e1n miembros del organismo de fiscalizaci\u00f3n.<\/p>\n\n\n\n<p class=\"wp-block-paragraph\">El Senado es la \u00fanica c\u00e1mara legislativa que tiene una presencia minoritaria de las organizaciones pol\u00edticas opositoras, con la presencia de solo tres congresistas postulados a trav\u00e9s de la Fuerza del Pueblo (FP).<\/p>\n\n\n\n<p class=\"wp-block-paragraph\">Precisamente, estos \u00fanicos tres congresistas fueron los que firmaron un documento, presentado ante el pleno senatorial, exigiendo una \u201crevisi\u00f3n profunda\u201d del proceso desarrollado para elegir la pr\u00f3xima direcci\u00f3n del \u00f3rgano fiscalizador.<\/p>\n\n\n\n<p class=\"wp-block-paragraph\">La negativa de estos est\u00e1 centrada solo en dos personas de las cinco electas: Francisco Tam\u00e1rez y Griselda G\u00f3mez, ya que su intenci\u00f3n era que estas posiciones las ocuparan el exfiscal titular de Santo Domingo Oeste, Eduard L\u00f3pez Ulloa, y Maribel Reyes.<\/p>\n\n\n\n<p class=\"wp-block-paragraph\">Es por esta raz\u00f3n que el senador Rogelio Genao, aliado al oficialismo, dice no entender por qu\u00e9 los opositores afirman que no pudieron participar de manera inclusiva en la etapa de elecci\u00f3n, \u201csi hay una gran parte de consenso\u201d dentro de los electos.<\/p>\n\n\n\n<p class=\"wp-block-paragraph\">Falta de criterio en la evaluaci\u00f3n<\/p>\n\n\n\n<p class=\"wp-block-paragraph\">Sin embargo, los senadores Omar Fern\u00e1ndez, F\u00e9lix Bautista y Eduard Espiritusanto, de la FP; consideran que se registr\u00f3 una \u201cfalta de criterio de conocimiento\u201d en las evaluaciones realizada a los 193 aspirantes.<\/p>\n\n\n\n<p class=\"wp-block-paragraph\">Alegando que nunca fue publicado el resultado de las evaluaciones de los aspirantes, lo que no permiti\u00f3 conocer correctamente como fueron evaluados sus m\u00e9ritos, experiencia y formaci\u00f3n en \u00e1reas clave como contabilidad, auditor\u00eda, administraci\u00f3n p\u00fablica y derecho.<\/p>\n\n\n\n<p class=\"wp-block-paragraph\">Adem\u00e1s, calificaron de preocupante que entre los miembros seleccionados figuren personas retiradas recientemente de funciones dentro del Gobierno. Haciendo referencia a Griselda G\u00f3mez Santana, quien ocup\u00f3 la direcci\u00f3n de Calidad y Evaluaci\u00f3n de la Gesti\u00f3n Presupuestaria en la Direcci\u00f3n General de Presupuesto.<\/p>\n\n\n\n<p class=\"wp-block-paragraph\">\u201cLo cual configura una clara l\u00ednea de conflicto de intereses, puede comprometer la imparcialidad y objetividad que deben caracterizar el accionar de la C\u00e1mara de Cuentas\u201d, establecen en el informe.<\/p>\n\n\n\n<p class=\"wp-block-paragraph\">Adem\u00e1s, aseguraron que se profundizar\u00eda la percepci\u00f3n de que el control institucional est\u00e1 subordinado a intereses pol\u00edticos, debilitando gravemente el r\u00e9gimen democr\u00e1tico y el Estado de derecho.<\/p>\n\n\n\n<p class=\"wp-block-paragraph\">\u201cPara nosotros no se trata de un simple desacuerdo pol\u00edtico, sino de un compromiso con la construcci\u00f3n de instituciones fuertes\u201d, afirmaron.<\/p>\n\n\n\n<p class=\"wp-block-paragraph\">Ante este escenario, el bloque de senadores y diputados de la FP unific\u00f3 su posici\u00f3n de denegaci\u00f3n. Por lo que entendieron oportuno alertar a la ciudadan\u00eda y \u201corganismos nacionales e internacionales de supervisi\u00f3n democr\u00e1tica sobre los riesgos institucionales que esta elecci\u00f3n implica\u201d.<\/p>\n\n\n\n<p class=\"wp-block-paragraph\">No obstante, el senador Guillermo Lama, presidente de la comisi\u00f3n especial que realiz\u00f3 el estudio, aclar\u00f3 que el dictamen estuvo apegado a las observaciones emitidas por los representantes, sin importar las influencias pol\u00edticas.<\/p>\n\n\n\n<p class=\"wp-block-paragraph\">Fuente Listin Diario<\/p>\n","protected":false},"excerpt":{"rendered":"<p>Exigen una revisi\u00f3n &#8220;transparente&#8221; del proceso. El Senado de la Rep\u00fablica aprob\u00f3 este martes la escogencia de los cinco dominicanos que integrar\u00e1n el nuevo pleno de la C\u00e1mara de Cuentas,&hellip;<\/p>\n","protected":false},"author":2,"featured_media":97536,"comment_status":"open","ping_status":"open","sticky":false,"template":"","format":"standard","meta":{"content-type":"","_jetpack_newsletter_access":"","_jetpack_dont_email_post_to_subs":false,"_jetpack_newsletter_tier_id":0,"_jetpack_memberships_contains_paywalled_content":false,"_jetpack_feature_clip_id":0,"_jetpack_memberships_contains_paid_content":false,"footnotes":"","jetpack_post_was_ever_published":false},"categories":[16559,25],"tags":[340,4499,158,5126,2637],"class_list":["post-97535","post","type-post","status-publish","format-standard","has-post-thumbnail","hentry","category-politica","category-portada","tag-camara-de-cuentas","tag-eleccion","tag-fuerza-del-pueblo","tag-legisladores","tag-rechazan"],"jetpack-related-posts":[{"id":96383,"url":"https:\/\/lasprimeras.com.do\/index.php\/2025\/03\/30\/exsenador-luis-rene-canaan-confia-en-una-buena-escogencia-de-camara-de-cuentas\/","url_meta":{"origin":97535,"position":0},"title":"Exsenador\u00a0Luis Ren\u00e9 Cana\u00e1n conf\u00eda en una buena escogencia de C\u00e1mara de Cuentas","author":"Nelson Feliz","date":"30 de marzo de 2025","format":false,"excerpt":"El exsenador Lu\u00eds Ren\u00e9 Cana\u00e1n Rojas, asegur\u00f3 que\u00a0 conf\u00eda en la labor que est\u00e1 realizado el Congreso Nacional en la escogencia de la nueva C\u00e1mara de Cuentas. Al ser entrevistado por el periodista Jos\u00e9 Cuevas en el programa de televisi\u00f3n Tras las Huellas, el ex legislador agreg\u00f3: \"siempre hay una\u2026","rel":"","context":"En \u00abPOLITICA\u00bb","block_context":{"text":"POLITICA","link":"https:\/\/lasprimeras.com.do\/index.php\/category\/politica\/"},"img":{"alt_text":"","src":"https:\/\/i0.wp.com\/lasprimeras.com.do\/wp-content\/uploads\/2025\/03\/LUIS-RENE-CANAAN.jpg?resize=350%2C200&ssl=1","width":350,"height":200,"srcset":"https:\/\/i0.wp.com\/lasprimeras.com.do\/wp-content\/uploads\/2025\/03\/LUIS-RENE-CANAAN.jpg?resize=350%2C200&ssl=1 1x, https:\/\/i0.wp.com\/lasprimeras.com.do\/wp-content\/uploads\/2025\/03\/LUIS-RENE-CANAAN.jpg?resize=525%2C300&ssl=1 1.5x, https:\/\/i0.wp.com\/lasprimeras.com.do\/wp-content\/uploads\/2025\/03\/LUIS-RENE-CANAAN.jpg?resize=700%2C400&ssl=1 2x"},"classes":[]},{"id":97547,"url":"https:\/\/lasprimeras.com.do\/index.php\/2025\/04\/22\/senado-de-la-republica-escoge-nuevos-miembros-de-la-camara-de-cuentas-para-el-periodo-2025-2029\/","url_meta":{"origin":97535,"position":1},"title":"Senado de la Rep\u00fablica escoge nuevos miembros de la C\u00e1mara de Cuentas para el periodo 2025-2029","author":"Nelson Feliz","date":"22 de abril de 2025","format":false,"excerpt":"El Senado de la Rep\u00fablica escogi\u00f3 este martes los nuevos integrantes de la C\u00e1mara de Cuentas de la Rep\u00fablica Dominicana y dej\u00f3 conformado el bufete directivo de ese \u00f3rgano, que ser\u00e1 presidido por Emma Polanco Melo de Mercedes, presidente; Francisco Tam\u00e1rez Florentino, vicepresidente; as\u00ed como los miembros Francisco Alberto Franco\u2026","rel":"","context":"En \u00abNACIONALES\u00bb","block_context":{"text":"NACIONALES","link":"https:\/\/lasprimeras.com.do\/index.php\/category\/nacionales\/"},"img":{"alt_text":"","src":"https:\/\/i0.wp.com\/lasprimeras.com.do\/wp-content\/uploads\/2025\/04\/senado.jpeg?resize=350%2C200&ssl=1","width":350,"height":200,"srcset":"https:\/\/i0.wp.com\/lasprimeras.com.do\/wp-content\/uploads\/2025\/04\/senado.jpeg?resize=350%2C200&ssl=1 1x, https:\/\/i0.wp.com\/lasprimeras.com.do\/wp-content\/uploads\/2025\/04\/senado.jpeg?resize=525%2C300&ssl=1 1.5x, https:\/\/i0.wp.com\/lasprimeras.com.do\/wp-content\/uploads\/2025\/04\/senado.jpeg?resize=700%2C400&ssl=1 2x"},"classes":[]},{"id":53674,"url":"https:\/\/lasprimeras.com.do\/index.php\/2023\/06\/29\/pacheco-deplora-oposicion-para-hacer-juicio-politico\/","url_meta":{"origin":97535,"position":2},"title":"Pacheco deplora oposici\u00f3n para hacer juicio pol\u00edtico","author":"Nelson Feliz","date":"29 de junio de 2023","format":false,"excerpt":"El presidente de la C\u00e1mara de Diputados, Alfredo Pacheco rechaz\u00f3 que ha externado la oposici\u00f3n para aplicar un juicio pol\u00edtico al Pleno de la C\u00e1mara de Cuentas por las faltas encontradas. Desde que se aprob\u00f3 el informe que sugiere un juicio pol\u00edtico, los principales partidos de oposici\u00f3n representados en la\u2026","rel":"","context":"En \u00abPORTADA\u00bb","block_context":{"text":"PORTADA","link":"https:\/\/lasprimeras.com.do\/index.php\/category\/portada\/"},"img":{"alt_text":"Alfredo Pacheco","src":"https:\/\/i0.wp.com\/lasprimeras.com.do\/wp-content\/uploads\/2023\/06\/Alfredo-Pacheco.jpg?resize=350%2C200&ssl=1","width":350,"height":200,"srcset":"https:\/\/i0.wp.com\/lasprimeras.com.do\/wp-content\/uploads\/2023\/06\/Alfredo-Pacheco.jpg?resize=350%2C200&ssl=1 1x, https:\/\/i0.wp.com\/lasprimeras.com.do\/wp-content\/uploads\/2023\/06\/Alfredo-Pacheco.jpg?resize=525%2C300&ssl=1 1.5x, https:\/\/i0.wp.com\/lasprimeras.com.do\/wp-content\/uploads\/2023\/06\/Alfredo-Pacheco.jpg?resize=700%2C400&ssl=1 2x"},"classes":[]},{"id":97600,"url":"https:\/\/lasprimeras.com.do\/index.php\/2025\/04\/23\/senado-de-la-republica-juramenta-y-posesiona-a-los-nuevos-miembros-de-la-camara-de-cuentas\/","url_meta":{"origin":97535,"position":3},"title":"Senado de la Rep\u00fablica juramenta y posesiona a los nuevos miembros de la C\u00e1mara de Cuentas","author":"Nelson Feliz","date":"23 de abril de 2025","format":false,"excerpt":"Por Adalgisa S\u00e1nchez El presidente del Senado de la Rep\u00fablica Dominicana, Ricardo de los Santos, jurament\u00f3 y posesion\u00f3 a los nuevos miembros de la C\u00e1mara de Cuentas, para el periodo 2025-2029. Durante el acto de juramentaci\u00f3n, De los Santos recomend\u00f3 realizar una buena labor apegada a la \u00e9tica, aplicando el\u2026","rel":"","context":"En \u00abNACIONALES\u00bb","block_context":{"text":"NACIONALES","link":"https:\/\/lasprimeras.com.do\/index.php\/category\/nacionales\/"},"img":{"alt_text":"","src":"https:\/\/i0.wp.com\/lasprimeras.com.do\/wp-content\/uploads\/2025\/04\/cuentas-miembros.jpg?resize=350%2C200&ssl=1","width":350,"height":200,"srcset":"https:\/\/i0.wp.com\/lasprimeras.com.do\/wp-content\/uploads\/2025\/04\/cuentas-miembros.jpg?resize=350%2C200&ssl=1 1x, https:\/\/i0.wp.com\/lasprimeras.com.do\/wp-content\/uploads\/2025\/04\/cuentas-miembros.jpg?resize=525%2C300&ssl=1 1.5x, https:\/\/i0.wp.com\/lasprimeras.com.do\/wp-content\/uploads\/2025\/04\/cuentas-miembros.jpg?resize=700%2C400&ssl=1 2x"},"classes":[]},{"id":87476,"url":"https:\/\/lasprimeras.com.do\/index.php\/2024\/08\/12\/rafael-castillo-sera-el-nuevo-vocero-del-bloque-de-la-fp-en-la-camara-de-diputados\/","url_meta":{"origin":97535,"position":4},"title":"Rafael Castillo ser\u00e1 el nuevo vocero del bloque de la FP en la C\u00e1mara de Diputados","author":"Nelson Feliz","date":"12 de agosto de 2024","format":false,"excerpt":"Selinee M\u00e9ndez ser\u00e1 vice vocera y Dulce Rojas la secretaria del bloque de la FP en la C\u00e1mara Baja. El partido Fuerza del Pueblo eligi\u00f3 a Rafael Castillo como nuevo vocero del bloque de su organizaci\u00f3n en la C\u00e1mara de Diputados, para el per\u00edodo legislativo que inicia el 16 de\u2026","rel":"","context":"En \u00abSin categor\u00eda\u00bb","block_context":{"text":"Sin categor\u00eda","link":"https:\/\/lasprimeras.com.do\/index.php\/category\/sin-categoria\/"},"img":{"alt_text":"Rafael Castillo","src":"https:\/\/i0.wp.com\/lasprimeras.com.do\/wp-content\/uploads\/2024\/08\/fp.jpg?resize=350%2C200&ssl=1","width":350,"height":200,"srcset":"https:\/\/i0.wp.com\/lasprimeras.com.do\/wp-content\/uploads\/2024\/08\/fp.jpg?resize=350%2C200&ssl=1 1x, https:\/\/i0.wp.com\/lasprimeras.com.do\/wp-content\/uploads\/2024\/08\/fp.jpg?resize=525%2C300&ssl=1 1.5x, https:\/\/i0.wp.com\/lasprimeras.com.do\/wp-content\/uploads\/2024\/08\/fp.jpg?resize=700%2C400&ssl=1 2x"},"classes":[]},{"id":77935,"url":"https:\/\/lasprimeras.com.do\/index.php\/2024\/02\/26\/legisladores-de-oposicion-no-asistiran-a-rendicion-de-cuentas-en-rechazo-a-compra-de-voluntades\/","url_meta":{"origin":97535,"position":5},"title":"Legisladores de Oposici\u00f3n no asistir\u00e1n a rendici\u00f3n de cuentas, en rechaz\u00f3 a compra de voluntades","author":"Nelson Feliz","date":"26 de febrero de 2024","format":false,"excerpt":"El Partido de la Liberaci\u00f3n Dominicana asegura se socav\u00f3 car\u00e1cter c\u00edvico de recintos electorales con propaganda pol\u00edtica de los oficialistas, compra de voluntades y asedio a electores. El bloque parlamentario de los partidos de la Liberaci\u00f3n Dominicana y Revolucionario Dominicana que integran la oposici\u00f3n en el Congreso Nacional, anunciaron que\u2026","rel":"","context":"En \u00abPORTADA\u00bb","block_context":{"text":"PORTADA","link":"https:\/\/lasprimeras.com.do\/index.php\/category\/portada\/"},"img":{"alt_text":"Legisladores de Oposici\u00f3n","src":"https:\/\/i0.wp.com\/lasprimeras.com.do\/wp-content\/uploads\/2024\/02\/Legisladores-de-Oposicion-1.jpg?resize=350%2C200&ssl=1","width":350,"height":200,"srcset":"https:\/\/i0.wp.com\/lasprimeras.com.do\/wp-content\/uploads\/2024\/02\/Legisladores-de-Oposicion-1.jpg?resize=350%2C200&ssl=1 1x, https:\/\/i0.wp.com\/lasprimeras.com.do\/wp-content\/uploads\/2024\/02\/Legisladores-de-Oposicion-1.jpg?resize=525%2C300&ssl=1 1.5x, https:\/\/i0.wp.com\/lasprimeras.com.do\/wp-content\/uploads\/2024\/02\/Legisladores-de-Oposicion-1.jpg?resize=700%2C400&ssl=1 2x"},"classes":[]}],"jetpack_sharing_enabled":true,"jetpack_featured_media_url":"https:\/\/lasprimeras.com.do\/wp-content\/uploads\/2025\/04\/senado.jpeg","_links":{"self":[{"href":"https:\/\/lasprimeras.com.do\/index.php\/wp-json\/wp\/v2\/posts\/97535","targetHints":{"allow":["GET"]}}],"collection":[{"href":"https:\/\/lasprimeras.com.do\/index.php\/wp-json\/wp\/v2\/posts"}],"about":[{"href":"https:\/\/lasprimeras.com.do\/index.php\/wp-json\/wp\/v2\/types\/post"}],"author":[{"embeddable":true,"href":"https:\/\/lasprimeras.com.do\/index.php\/wp-json\/wp\/v2\/users\/2"}],"replies":[{"embeddable":true,"href":"https:\/\/lasprimeras.com.do\/index.php\/wp-json\/wp\/v2\/comments?post=97535"}],"version-history":[{"count":1,"href":"https:\/\/lasprimeras.com.do\/index.php\/wp-json\/wp\/v2\/posts\/97535\/revisions"}],"predecessor-version":[{"id":97537,"href":"https:\/\/lasprimeras.com.do\/index.php\/wp-json\/wp\/v2\/posts\/97535\/revisions\/97537"}],"wp:featuredmedia":[{"embeddable":true,"href":"https:\/\/lasprimeras.com.do\/index.php\/wp-json\/wp\/v2\/media\/97536"}],"wp:attachment":[{"href":"https:\/\/lasprimeras.com.do\/index.php\/wp-json\/wp\/v2\/media?parent=97535"}],"wp:term":[{"taxonomy":"category","embeddable":true,"href":"https:\/\/lasprimeras.com.do\/index.php\/wp-json\/wp\/v2\/categories?post=97535"},{"taxonomy":"post_tag","embeddable":true,"href":"https:\/\/lasprimeras.com.do\/index.php\/wp-json\/wp\/v2\/tags?post=97535"}],"curies":[{"name":"wp","href":"https:\/\/api.w.org\/{rel}","templated":true}]}}