{"id":97585,"date":"2025-04-24T07:10:42","date_gmt":"2025-04-24T11:10:42","guid":{"rendered":"https:\/\/lasprimeras.com.do\/?p=97585"},"modified":"2025-04-24T07:10:43","modified_gmt":"2025-04-24T11:10:43","slug":"zelenskyy-de-ucrania-llega-a-sudafrica-para-visita-oficial-tras-nuevas-criticas-de-trump","status":"publish","type":"post","link":"https:\/\/lasprimeras.com.do\/index.php\/2025\/04\/24\/zelenskyy-de-ucrania-llega-a-sudafrica-para-visita-oficial-tras-nuevas-criticas-de-trump\/","title":{"rendered":"Zelenskyy de Ucrania llega a Sud\u00e1frica para visita oficial tras nuevas cr\u00edticas de Trump"},"content":{"rendered":"\n<p>PRETORIA, Sud\u00e1frica (AP) \u2014 El presidente de Ucrania, Volodymyr Zelenskyy, lleg\u00f3 a Sud\u00e1frica el jueves para una visita de Estado tras las nuevas acusaciones de Donald Trump de que est\u00e1 prolongando la guerra contra Rusia al oponerse a cualquier plan que implique ceder territorio en un acuerdo de paz.<\/p>\n\n\n\n<p>Zelenskyy, que aterriz\u00f3 en Sud\u00e1frica durante la noche, estaba viajando cuando el presidente de Estados Unidos afirm\u00f3 que el l\u00edder ucraniano estaba prolongando el \u201ccampo de matanza\u201d al negarse a ceder la Crimea ocupada ilegalmente al Kremlin como parte de un posible plan de paz.<\/p>\n\n\n\n<p>Durante la noche, un ataque ruso a gran escala con misiles y aviones no tripulados alcanz\u00f3 Kiev y caus\u00f3 nueve muertos y unos 70 heridos, incluidos seis ni\u00f1os, seg\u00fan informaron las autoridades ucranianas.<\/p>\n\n\n\n<p>Las negociaciones de paz para poner fin a la guerra, que comenz\u00f3 en febrero de 2022, parecen haberse estancado.<\/p>\n\n\n\n<p>Las conversaciones con funcionarios de Estados Unidos, Europa y Ucrania en Londres el mi\u00e9rcoles rebajaron su perfil y lograron avances limitados despu\u00e9s de que el secretario de Estado estadounidense, Marco Rubio, cancelara su asistencia, lo que gener\u00f3 dudas sobre el rumbo de las negociaciones.<\/p>\n\n\n\n<p>Zelenskyy se reunir\u00e1 con el presidente de Sud\u00e1frica, Cyril Ramaphosa, en los edificios del gobierno en Pretoria m\u00e1s tarde el jueves, y abordar\u00e1n, entre otras cosas, las &#8220;\u00e1reas de cooperaci\u00f3n con el objetivo de apoyar los esfuerzos para lograr una paz duradera\u201d, indic\u00f3 la oficina de Ramaphosa.<\/p>\n\n\n\n<p>El mandatario se ha postulado como posible mediador en la guerra debido a los lazos entre Sud\u00e1frica con Rusia a trav\u00e9s del bloque BRICS de naciones en desarrollo, aunque sus esfuerzos han arrojado pocos avances concretos.<\/p>\n\n\n\n<p>Ramaphosa afirm\u00f3 que habl\u00f3 por tel\u00e9fono con el presidente ruso, Vlad\u00edmir Putin, el lunes y que ambos se \u201ccomprometieron a trabajar juntos hacia una resoluci\u00f3n pac\u00edfica del conflicto entre Rusia y Ucrania\u201d.<\/p>\n","protected":false},"excerpt":{"rendered":"<p>PRETORIA, Sud\u00e1frica (AP) \u2014 El presidente de Ucrania, Volodymyr Zelenskyy, lleg\u00f3 a Sud\u00e1frica el jueves para una visita de Estado tras las nuevas acusaciones de Donald Trump de que est\u00e1&hellip;<\/p>\n","protected":false},"author":10,"featured_media":97586,"comment_status":"open","ping_status":"open","sticky":false,"template":"","format":"standard","meta":{"content-type":"","jetpack_post_was_ever_published":false,"_jetpack_newsletter_access":"","_jetpack_dont_email_post_to_subs":false,"_jetpack_newsletter_tier_id":0,"_jetpack_memberships_contains_paywalled_content":false,"_jetpack_memberships_contains_paid_content":false,"footnotes":""},"categories":[16289],"tags":[978,13603,1108,11941],"class_list":["post-97585","post","type-post","status-publish","format-standard","has-post-thumbnail","hentry","category-internacionales","tag-donald-trump","tag-sudafrica","tag-ucrania","tag-volodymyr-zelenskyy"],"jetpack_featured_media_url":"https:\/\/lasprimeras.com.do\/wp-content\/uploads\/2025\/04\/Volodymyr-Zelenskyy.jpg","jetpack-related-posts":[{"id":97594,"url":"https:\/\/lasprimeras.com.do\/index.php\/2025\/04\/24\/zelensky-acorta-su-viaje-a-sudafrica-tras-un-ataque-masivo-ruso-sobre-kiev-que-deja-9-muertos\/","url_meta":{"origin":97585,"position":0},"title":"Zelensky acorta su viaje a Sud\u00e1frica tras un ataque masivo ruso sobre Kiev que deja 9 muertos","author":"Nelson Feliz","date":"24 de abril de 2025","format":false,"excerpt":"POR VASILISA STEPANENKO and SAMYA KULLAB KIEV, Ucrania (AP) \u2014 El presidente de Ucrania, Volodymyr Zelenskyy, dijo el jueves que acortar\u00e1 su viaje oficial a Sud\u00e1frica y regresar\u00e1 al pa\u00eds despu\u00e9s de un ataque ruso sobre Kiev que mat\u00f3 al menos a nueve personas e hiri\u00f3 a m\u00e1s de 70.\u2026","rel":"","context":"En \u00abINTERNACIONALES\u00bb","block_context":{"text":"INTERNACIONALES","link":"https:\/\/lasprimeras.com.do\/index.php\/category\/sin-categoria\/internacionales\/"},"img":{"alt_text":"","src":"https:\/\/i0.wp.com\/lasprimeras.com.do\/wp-content\/uploads\/2025\/04\/kiev.jpg?resize=350%2C200&ssl=1","width":350,"height":200,"srcset":"https:\/\/i0.wp.com\/lasprimeras.com.do\/wp-content\/uploads\/2025\/04\/kiev.jpg?resize=350%2C200&ssl=1 1x, https:\/\/i0.wp.com\/lasprimeras.com.do\/wp-content\/uploads\/2025\/04\/kiev.jpg?resize=525%2C300&ssl=1 1.5x, https:\/\/i0.wp.com\/lasprimeras.com.do\/wp-content\/uploads\/2025\/04\/kiev.jpg?resize=700%2C400&ssl=1 2x"},"classes":[]},{"id":93716,"url":"https:\/\/lasprimeras.com.do\/index.php\/2025\/02\/19\/asesor-de-zelenskyy-dice-que-eeuu-renuncio-a-papel-en-la-guerra-fortaleciendo-a-rusia\/","url_meta":{"origin":97585,"position":1},"title":"Asesor de Zelenskyy dice que EEUU renunci\u00f3 a papel en la guerra, fortaleciendo a Rusia","author":"Nelson Feliz","date":"19 de febrero de 2025","format":false,"excerpt":"POR SUSIE BLANN and HANNA ARHIROVA KIEV, Ucrania (AP) \u2014 Un asesor presidencial ucraniano afirm\u00f3 el mi\u00e9rcoles que Estados Unidos ha debilitado su posici\u00f3n y ha cedido el liderazgo diplom\u00e1tico a Rusia antes de posibles conversaciones de paz sobre Ucrania, tras una reuni\u00f3n en Arabia Saud\u00ed entre altos diplom\u00e1ticos estadounidenses\u2026","rel":"","context":"En \u00abINTERNACIONALES\u00bb","block_context":{"text":"INTERNACIONALES","link":"https:\/\/lasprimeras.com.do\/index.php\/category\/sin-categoria\/internacionales\/"},"img":{"alt_text":"","src":"https:\/\/i0.wp.com\/lasprimeras.com.do\/wp-content\/uploads\/2025\/02\/guerra.jpg?resize=350%2C200&ssl=1","width":350,"height":200,"srcset":"https:\/\/i0.wp.com\/lasprimeras.com.do\/wp-content\/uploads\/2025\/02\/guerra.jpg?resize=350%2C200&ssl=1 1x, https:\/\/i0.wp.com\/lasprimeras.com.do\/wp-content\/uploads\/2025\/02\/guerra.jpg?resize=525%2C300&ssl=1 1.5x, https:\/\/i0.wp.com\/lasprimeras.com.do\/wp-content\/uploads\/2025\/02\/guerra.jpg?resize=700%2C400&ssl=1 2x"},"classes":[]},{"id":94432,"url":"https:\/\/lasprimeras.com.do\/index.php\/2025\/02\/28\/zelenskyy-sale-de-la-casa-blanca-sin-firmar-acuerdo-tras-altercado-con-trump-en-el-despacho-oval\/","url_meta":{"origin":97585,"position":2},"title":"Zelenskyy sale de la Casa Blanca sin firmar acuerdo tras altercado con Trump en el Despacho Oval","author":"Nelson Feliz","date":"28 de febrero de 2025","format":false,"excerpt":"POR WILL WEISSERT, ZEKE MILLER and AAMER MADHANI WASHINGTON (AP) \u2014 El presidente Donald Trump reprendi\u00f3 al presidente ucraniano Volodymyr Zelenskyy por ser \u201cirrespetuoso\u201d el viernes en una extraordinaria reuni\u00f3n en el Despacho Oval, y luego cancel\u00f3 abruptamente la firma de un acuerdo de minerales que, seg\u00fan Trump, habr\u00eda acercado\u2026","rel":"","context":"En \u00abINTERNACIONALES\u00bb","block_context":{"text":"INTERNACIONALES","link":"https:\/\/lasprimeras.com.do\/index.php\/category\/sin-categoria\/internacionales\/"},"img":{"alt_text":"","src":"https:\/\/i0.wp.com\/lasprimeras.com.do\/wp-content\/uploads\/2025\/02\/Volodymyr-Zelenskyy-3.jpg?resize=350%2C200&ssl=1","width":350,"height":200,"srcset":"https:\/\/i0.wp.com\/lasprimeras.com.do\/wp-content\/uploads\/2025\/02\/Volodymyr-Zelenskyy-3.jpg?resize=350%2C200&ssl=1 1x, https:\/\/i0.wp.com\/lasprimeras.com.do\/wp-content\/uploads\/2025\/02\/Volodymyr-Zelenskyy-3.jpg?resize=525%2C300&ssl=1 1.5x, https:\/\/i0.wp.com\/lasprimeras.com.do\/wp-content\/uploads\/2025\/02\/Volodymyr-Zelenskyy-3.jpg?resize=700%2C400&ssl=1 2x"},"classes":[]},{"id":93719,"url":"https:\/\/lasprimeras.com.do\/index.php\/2025\/02\/19\/trump-advierte-a-zelenskyy-que-debe-negociar-rapidamente-el-fin-de-la-guerra-con-rusia\/","url_meta":{"origin":97585,"position":3},"title":"Trump advierte a Zelenskyy que debe negociar r\u00e1pidamente el fin de la guerra con Rusia","author":"Nelson Feliz","date":"19 de febrero de 2025","format":false,"excerpt":"POR AAMER MADHANI, MIKE PESOLI and STEPHANY MATAT MIAMI (AP) \u2014 El presidente Donald Trump advirti\u00f3 el mi\u00e9rcoles al presidente ucraniano Volodymyr Zelenskyy que \u201cmejor act\u00fae r\u00e1pido\u201d para negociar el fin de la invasi\u00f3n de Rusia a Ucrania, o se arriesga a no tener una naci\u00f3n que liderar. La ret\u00f3rica\u2026","rel":"","context":"En \u00abINTERNACIONALES\u00bb","block_context":{"text":"INTERNACIONALES","link":"https:\/\/lasprimeras.com.do\/index.php\/category\/sin-categoria\/internacionales\/"},"img":{"alt_text":"Volodymyr Zelenskyy","src":"https:\/\/i0.wp.com\/lasprimeras.com.do\/wp-content\/uploads\/2025\/02\/Volodymyr-Zelenskyy-1.jpg?resize=350%2C200&ssl=1","width":350,"height":200,"srcset":"https:\/\/i0.wp.com\/lasprimeras.com.do\/wp-content\/uploads\/2025\/02\/Volodymyr-Zelenskyy-1.jpg?resize=350%2C200&ssl=1 1x, https:\/\/i0.wp.com\/lasprimeras.com.do\/wp-content\/uploads\/2025\/02\/Volodymyr-Zelenskyy-1.jpg?resize=525%2C300&ssl=1 1.5x"},"classes":[]},{"id":93561,"url":"https:\/\/lasprimeras.com.do\/index.php\/2025\/02\/14\/zelenskyy-quiere-garantias-de-seguridad-mientras-trump-busca-poner-fin-a-la-guerra-en-ucrania\/","url_meta":{"origin":97585,"position":4},"title":"Zelenskyy quiere \u201cgarant\u00edas de seguridad\u201d mientras Trump busca poner fin a la guerra en Ucrania","author":"Nelson Feliz","date":"14 de febrero de 2025","format":false,"excerpt":"POR AAMER MADHANI, EMMA BURROWS and STEFANIE DAZIO M\u00daNICH (AP) \u2014 El presidente de Ucrania, Volodymyr Zelenskyy, dijo el viernes que su pa\u00eds quiere \u201cgarant\u00edas de seguridad\u201d antes de cualquier conversaci\u00f3n con Rusia, mientras el gobierno de Estados Unidos presiona a ambos pa\u00edses para encontrar un final r\u00e1pido a la\u2026","rel":"","context":"En \u00abINTERNACIONALES\u00bb","block_context":{"text":"INTERNACIONALES","link":"https:\/\/lasprimeras.com.do\/index.php\/category\/sin-categoria\/internacionales\/"},"img":{"alt_text":"Volodymyr Zelenskyy","src":"https:\/\/i0.wp.com\/lasprimeras.com.do\/wp-content\/uploads\/2025\/02\/Volodymyr-Zelenskyy.jpg?resize=350%2C200&ssl=1","width":350,"height":200,"srcset":"https:\/\/i0.wp.com\/lasprimeras.com.do\/wp-content\/uploads\/2025\/02\/Volodymyr-Zelenskyy.jpg?resize=350%2C200&ssl=1 1x, https:\/\/i0.wp.com\/lasprimeras.com.do\/wp-content\/uploads\/2025\/02\/Volodymyr-Zelenskyy.jpg?resize=525%2C300&ssl=1 1.5x, https:\/\/i0.wp.com\/lasprimeras.com.do\/wp-content\/uploads\/2025\/02\/Volodymyr-Zelenskyy.jpg?resize=700%2C400&ssl=1 2x"},"classes":[]},{"id":94426,"url":"https:\/\/lasprimeras.com.do\/index.php\/2025\/02\/28\/lideres-europeos-se-comprometen-a-apoyar-a-ucrania-despues-de-tensa-reunion-de-zelenskyy-con-trump\/","url_meta":{"origin":97585,"position":5},"title":"L\u00edderes europeos se comprometen a apoyar a Ucrania despu\u00e9s de tensa reuni\u00f3n de Zelenskyy con Trump","author":"Nelson Feliz","date":"28 de febrero de 2025","format":false,"excerpt":"POR STEFANIE DAZIO and SUSIE BLANN BERL\u00cdN (AP) \u2014 Los l\u00edderes europeos se comprometieron el viernes a \u00faltima hora a apoyar a Ucrania tras la pol\u00e9mica reuni\u00f3n en la Oficina Oval entre el presidente de Estados Unidos, Donald Trump, el vicepresidente JD Vance y el presidente ucraniano Volodymyr Zelenskyy, y\u2026","rel":"","context":"En \u00abINTERNACIONALES\u00bb","block_context":{"text":"INTERNACIONALES","link":"https:\/\/lasprimeras.com.do\/index.php\/category\/sin-categoria\/internacionales\/"},"img":{"alt_text":"","src":"https:\/\/i0.wp.com\/lasprimeras.com.do\/wp-content\/uploads\/2025\/02\/Volodymyr-Zelenskyy-2.jpg?resize=350%2C200&ssl=1","width":350,"height":200,"srcset":"https:\/\/i0.wp.com\/lasprimeras.com.do\/wp-content\/uploads\/2025\/02\/Volodymyr-Zelenskyy-2.jpg?resize=350%2C200&ssl=1 1x, https:\/\/i0.wp.com\/lasprimeras.com.do\/wp-content\/uploads\/2025\/02\/Volodymyr-Zelenskyy-2.jpg?resize=525%2C300&ssl=1 1.5x, https:\/\/i0.wp.com\/lasprimeras.com.do\/wp-content\/uploads\/2025\/02\/Volodymyr-Zelenskyy-2.jpg?resize=700%2C400&ssl=1 2x"},"classes":[]}],"jetpack_sharing_enabled":true,"_links":{"self":[{"href":"https:\/\/lasprimeras.com.do\/index.php\/wp-json\/wp\/v2\/posts\/97585","targetHints":{"allow":["GET"]}}],"collection":[{"href":"https:\/\/lasprimeras.com.do\/index.php\/wp-json\/wp\/v2\/posts"}],"about":[{"href":"https:\/\/lasprimeras.com.do\/index.php\/wp-json\/wp\/v2\/types\/post"}],"author":[{"embeddable":true,"href":"https:\/\/lasprimeras.com.do\/index.php\/wp-json\/wp\/v2\/users\/10"}],"replies":[{"embeddable":true,"href":"https:\/\/lasprimeras.com.do\/index.php\/wp-json\/wp\/v2\/comments?post=97585"}],"version-history":[{"count":1,"href":"https:\/\/lasprimeras.com.do\/index.php\/wp-json\/wp\/v2\/posts\/97585\/revisions"}],"predecessor-version":[{"id":97587,"href":"https:\/\/lasprimeras.com.do\/index.php\/wp-json\/wp\/v2\/posts\/97585\/revisions\/97587"}],"wp:featuredmedia":[{"embeddable":true,"href":"https:\/\/lasprimeras.com.do\/index.php\/wp-json\/wp\/v2\/media\/97586"}],"wp:attachment":[{"href":"https:\/\/lasprimeras.com.do\/index.php\/wp-json\/wp\/v2\/media?parent=97585"}],"wp:term":[{"taxonomy":"category","embeddable":true,"href":"https:\/\/lasprimeras.com.do\/index.php\/wp-json\/wp\/v2\/categories?post=97585"},{"taxonomy":"post_tag","embeddable":true,"href":"https:\/\/lasprimeras.com.do\/index.php\/wp-json\/wp\/v2\/tags?post=97585"}],"curies":[{"name":"wp","href":"https:\/\/api.w.org\/{rel}","templated":true}]}}