{"id":97588,"date":"2025-04-24T07:20:04","date_gmt":"2025-04-24T11:20:04","guid":{"rendered":"https:\/\/lasprimeras.com.do\/?p=97588"},"modified":"2025-04-24T07:20:06","modified_gmt":"2025-04-24T11:20:06","slug":"francisco-intento-dar-mayor-acogida-a-las-personas-lgbtq-pero-la-doctrina-de-la-iglesia-cambio-poco","status":"publish","type":"post","link":"https:\/\/lasprimeras.com.do\/index.php\/2025\/04\/24\/francisco-intento-dar-mayor-acogida-a-las-personas-lgbtq-pero-la-doctrina-de-la-iglesia-cambio-poco\/","title":{"rendered":"Francisco intent\u00f3 dar mayor acogida a las personas LGBTQ, pero la doctrina de la Iglesia cambi\u00f3 poco"},"content":{"rendered":"\n<p>El papado de Francisco termin\u00f3 con la misma doctrina que hab\u00eda heredado hacia las personas LGBTQ+: la Iglesia cat\u00f3lica rechaza el matrimonio entre personas del mismo sexo y condena cualquier relaci\u00f3n sexual entre parejas homosexuales como \u201cintr\u00ednsecamente desordenada\u201d.<\/p>\n\n\n\n<p>Sin embargo, a diferencia de sus predecesores, Francisco transmiti\u00f3 gradualmente a trav\u00e9s de sus acciones, declaraciones formales y comentarios ocasionales que quer\u00eda que la Iglesia fuera un lugar m\u00e1s acogedor para ellos.<\/p>\n\n\n\n<p>Activistas frustrados, conservadores cautelosos<\/p>\n\n\n\n<p>Entre los activistas hab\u00eda frustraci\u00f3n por la falta de un avance doctrinal, pero aun as\u00ed hab\u00eda gratitud por su calidez hacia ellos.<\/p>\n\n\n\n<p>Muchos l\u00edderes cat\u00f3licos conservadores desconfiaban constantemente del alcance LGBTQ+ de Francisco y en ocasiones se mostraban enojados y desafiantes, como cuando decidi\u00f3 en diciembre de 2023 permitir que los sacerdotes bendijeran a las parejas del mismo sexo.<\/p>\n\n\n\n<p>En respuesta, los obispos africanos se negaron a implementar la declaraci\u00f3n del Vaticano, diciendo que las relaciones entre personas del mismo sexo eran \u201ccontrarias a la voluntad de Dios\u201d. Algunos obispos de Europa del Este, Am\u00e9rica Latina y otros lugares tambi\u00e9n expresaron su oposici\u00f3n.<\/p>\n\n\n\n<p>La declaraci\u00f3n del Vaticano reafirm\u00f3 la ense\u00f1anza tradicional de la Iglesia de que el matrimonio es una uni\u00f3n de por vida entre un hombre y una mujer, pero permiti\u00f3 a los sacerdotes ofrecer bendiciones espont\u00e1neas y no lit\u00fargicas a parejas del mismo sexo que buscaban la gracia de Dios en sus vidas, siempre que dichas bendiciones no se confundan con los ritos y rituales de una boda.<\/p>\n\n\n\n<p>En enero de 2024, Francisco reconoci\u00f3 que la declaraci\u00f3n de bendici\u00f3n hab\u00eda encontrado resistencia y culp\u00f3 a los obispos opositores por negarse a abrir un di\u00e1logo al respecto.<\/p>\n\n\n\n<p>\u201cSe toma una decisi\u00f3n y la soledad es un precio que hay que pagar\u201d, dijo en una entrevista televisiva. \u201cA veces no se aceptan decisiones\u2026 Pero en la mayor\u00eda de los casos, cuando no aceptas una decisi\u00f3n es porque no la entiendes\u201d.<\/p>\n\n\n\n<p>\u201cEsto ha sucedido con estas \u00faltimas decisiones de bendecir a todos\u201d, a\u00f1adi\u00f3 Francisco. \u201cEl Se\u00f1or bendice a todos\u201d.<\/p>\n\n\n\n<p>Los beneficiarios de la actitud acogedora de Francisco incluyeron a una comunidad de mujeres transg\u00e9nero \u2014muchas de ellas inmigrantes latinoamericanas que trabajaban en Roma como prostitutas\u2014 que realizaban visitas mensuales a sus audiencias generales y recib\u00edan asientos VIP.<\/p>\n\n\n\n<p>\u201cAntes la Iglesia estaba cerrada para nosotros. No nos ve\u00edan como personas normales. Nos ve\u00edan como el diablo\u201d, dijo Andrea Paola Torres L\u00f3pez, nacida en Colombia. \u201cEntonces lleg\u00f3 el Papa Francisco y se nos abrieron las puertas de la Iglesia\u201d.<\/p>\n\n\n\n<p>Fuente AP<\/p>\n","protected":false},"excerpt":{"rendered":"<p>El papado de Francisco termin\u00f3 con la misma doctrina que hab\u00eda heredado hacia las personas LGBTQ+: la Iglesia cat\u00f3lica rechaza el matrimonio entre personas del mismo sexo y condena cualquier&hellip;<\/p>\n","protected":false},"author":10,"featured_media":97589,"comment_status":"open","ping_status":"open","sticky":false,"template":"","format":"standard","meta":{"content-type":"","jetpack_post_was_ever_published":false,"_jetpack_newsletter_access":"","_jetpack_dont_email_post_to_subs":false,"_jetpack_newsletter_tier_id":0,"_jetpack_memberships_contains_paywalled_content":false,"_jetpack_memberships_contains_paid_content":false,"footnotes":""},"categories":[16289],"tags":[8155,17639,2996,17740],"class_list":["post-97588","post","type-post","status-publish","format-standard","has-post-thumbnail","hentry","category-internacionales","tag-doctrina","tag-francisco","tag-iglesia","tag-lgbtq-2"],"jetpack_featured_media_url":"https:\/\/lasprimeras.com.do\/wp-content\/uploads\/2025\/04\/El-papado-de-Francisco.jpg","jetpack-related-posts":[{"id":107874,"url":"https:\/\/lasprimeras.com.do\/index.php\/2025\/09\/01\/el-papa-leon-se-reune-con-defensor-catolico-lgbtq-y-promete-continuar-la-acogida-de-francisco\/","url_meta":{"origin":97588,"position":0},"title":"El papa Le\u00f3n se re\u00fane con defensor cat\u00f3lico LGBTQ+ y promete continuar la acogida de Francisco","author":"Nelson Feliz","date":"1 de septiembre de 2025","format":false,"excerpt":"POR NICOLE WINFIELD CIUDAD DEL VATICANO (AP) \u2014 El papa Le\u00f3n XIV se reuni\u00f3 el lunes con uno de los defensores m\u00e1s destacados de una mayor inclusi\u00f3n LGBTQ+ en la Iglesia cat\u00f3lica y alent\u00f3 su ministerio, justo d\u00edas antes de una peregrinaci\u00f3n del A\u00f1o Santo programada de cat\u00f3licos LGBTQ+ al\u2026","rel":"","context":"En \u00abINTERNACIONALES\u00bb","block_context":{"text":"INTERNACIONALES","link":"https:\/\/lasprimeras.com.do\/index.php\/category\/sin-categoria\/internacionales\/"},"img":{"alt_text":"","src":"https:\/\/i0.wp.com\/lasprimeras.com.do\/wp-content\/uploads\/2025\/09\/El-papa-Leon-XIV.jpg?resize=350%2C200&ssl=1","width":350,"height":200,"srcset":"https:\/\/i0.wp.com\/lasprimeras.com.do\/wp-content\/uploads\/2025\/09\/El-papa-Leon-XIV.jpg?resize=350%2C200&ssl=1 1x, https:\/\/i0.wp.com\/lasprimeras.com.do\/wp-content\/uploads\/2025\/09\/El-papa-Leon-XIV.jpg?resize=525%2C300&ssl=1 1.5x, https:\/\/i0.wp.com\/lasprimeras.com.do\/wp-content\/uploads\/2025\/09\/El-papa-Leon-XIV.jpg?resize=700%2C400&ssl=1 2x"},"classes":[]},{"id":62172,"url":"https:\/\/lasprimeras.com.do\/index.php\/2023\/10\/03\/cardenales-conservadores-desafian-al-papa-francisco-a-ratificar-doctrina-sobre-homosexuales-en-la-iglesia\/","url_meta":{"origin":97588,"position":1},"title":"Cardenales conservadores desaf\u00edan al papa Francisco a ratificar doctrina sobre homosexuales en la iglesia","author":"Nelson Feliz","date":"3 de octubre de 2023","format":false,"excerpt":"Pidieron al papa Francisco que recalcara que la Iglesia no puede bendecir a parejas del mismo sexo y que cualquier acto sexual fuera del matrimonio entre un hombre y una mujer es un grave pecado. Cinco cardenales conservadores de Europa, Asia, \u00c1frica y Am\u00e9rica han desafiado al papa Francisco a\u2026","rel":"","context":"En \u00abSin categor\u00eda\u00bb","block_context":{"text":"Sin categor\u00eda","link":"https:\/\/lasprimeras.com.do\/index.php\/category\/sin-categoria\/"},"img":{"alt_text":"El Papa Francisco celebra un consistorio en St. Plaza de San Pedro en el Vaticano, donde crear\u00e1 21 nuevos cardenales, el s\u00e1bado 1 de septiembre.AP","src":"https:\/\/i0.wp.com\/lasprimeras.com.do\/wp-content\/uploads\/2023\/10\/El-Papa-Francisco.jpeg?resize=350%2C200&ssl=1","width":350,"height":200,"srcset":"https:\/\/i0.wp.com\/lasprimeras.com.do\/wp-content\/uploads\/2023\/10\/El-Papa-Francisco.jpeg?resize=350%2C200&ssl=1 1x, https:\/\/i0.wp.com\/lasprimeras.com.do\/wp-content\/uploads\/2023\/10\/El-Papa-Francisco.jpeg?resize=525%2C300&ssl=1 1.5x, https:\/\/i0.wp.com\/lasprimeras.com.do\/wp-content\/uploads\/2023\/10\/El-Papa-Francisco.jpeg?resize=700%2C400&ssl=1 2x"},"classes":[]},{"id":83957,"url":"https:\/\/lasprimeras.com.do\/index.php\/2024\/05\/28\/el-papa-se-disculpa-despues-de-prohibir-homosexualidad-en-la-iglesia-catolica\/","url_meta":{"origin":97588,"position":2},"title":"El Papa se disculpa despu\u00e9s de prohibir homosexualidad en la Iglesia Cat\u00f3lica","author":"Nelson Feliz","date":"28 de mayo de 2024","format":false,"excerpt":"POR NICOLE WINFIELD CIUDAD DEL VATICANO (AP) \u2014 El Papa Francisco se disculp\u00f3 el martes despu\u00e9s de que lo citaran usando un t\u00e9rmino vulgar y despectivo sobre los hombres homosexuales para reafirmar la prohibici\u00f3n de la Iglesia Cat\u00f3lica sobre los sacerdotes homosexuales. El alboroto que sigui\u00f3 subray\u00f3 c\u00f3mo la ense\u00f1anza\u2026","rel":"","context":"En \u00abSin categor\u00eda\u00bb","block_context":{"text":"Sin categor\u00eda","link":"https:\/\/lasprimeras.com.do\/index.php\/category\/sin-categoria\/"},"img":{"alt_text":"","src":"https:\/\/i0.wp.com\/lasprimeras.com.do\/wp-content\/uploads\/2024\/05\/El-Papa-Francisco-1.jpg?resize=350%2C200&ssl=1","width":350,"height":200,"srcset":"https:\/\/i0.wp.com\/lasprimeras.com.do\/wp-content\/uploads\/2024\/05\/El-Papa-Francisco-1.jpg?resize=350%2C200&ssl=1 1x, https:\/\/i0.wp.com\/lasprimeras.com.do\/wp-content\/uploads\/2024\/05\/El-Papa-Francisco-1.jpg?resize=525%2C300&ssl=1 1.5x, https:\/\/i0.wp.com\/lasprimeras.com.do\/wp-content\/uploads\/2024\/05\/El-Papa-Francisco-1.jpg?resize=700%2C400&ssl=1 2x"},"classes":[]},{"id":97440,"url":"https:\/\/lasprimeras.com.do\/index.php\/2025\/04\/21\/francisco-cambio-la-posicion-de-la-iglesia-sobre-la-pena-de-muerte-pero-mantuvo-la-del-aborto\/","url_meta":{"origin":97588,"position":3},"title":"Francisco cambi\u00f3 la posici\u00f3n de la Iglesia sobre la pena de muerte, pero mantuvo la del aborto","author":"Nelson Feliz","date":"21 de abril de 2025","format":false,"excerpt":"POR NICOLE WINFIELD CIUDAD DEL VATICANO (AP) \u2014 El papa Francisco modific\u00f3 las ense\u00f1anzas de la Iglesia cat\u00f3lica en \u00e1reas como la pena de muerte y las armas nucleares, las mantuvo en otras como el aborto y avanz\u00f3 entre musulmanes y creyentes que durante mucho tiempo se sintieron marginados. \u00c9stas\u2026","rel":"","context":"En \u00abINTERNACIONALES\u00bb","block_context":{"text":"INTERNACIONALES","link":"https:\/\/lasprimeras.com.do\/index.php\/category\/sin-categoria\/internacionales\/"},"img":{"alt_text":"","src":"https:\/\/i0.wp.com\/lasprimeras.com.do\/wp-content\/uploads\/2025\/04\/ora.jpg?resize=350%2C200&ssl=1","width":350,"height":200,"srcset":"https:\/\/i0.wp.com\/lasprimeras.com.do\/wp-content\/uploads\/2025\/04\/ora.jpg?resize=350%2C200&ssl=1 1x, https:\/\/i0.wp.com\/lasprimeras.com.do\/wp-content\/uploads\/2025\/04\/ora.jpg?resize=525%2C300&ssl=1 1.5x, https:\/\/i0.wp.com\/lasprimeras.com.do\/wp-content\/uploads\/2025\/04\/ora.jpg?resize=700%2C400&ssl=1 2x"},"classes":[]},{"id":71244,"url":"https:\/\/lasprimeras.com.do\/index.php\/2023\/12\/18\/papa-francisco-aprueba-bendicion-parejas-del-mismo-sexo\/","url_meta":{"origin":97588,"position":4},"title":"Papa Francisco aprueba bendici\u00f3n parejas del mismo sexo","author":"BIMARY DE JES\u00daS Matos","date":"18 de diciembre de 2023","format":false,"excerpt":"CIUDAD DEL VATICANO.- El Papa Francisco aprob\u00f3 formalmente permitir que los sacerdotes cat\u00f3licos bendigan a parejas del mismo sexo en un nuevo documento que demuestra un cambio radical en la pol\u00edtica del Vaticano, al insistir en que las personas que buscan el amor y la misericordia de Dios no deber\u00edan\u2026","rel":"","context":"En \u00abSin categor\u00eda\u00bb","block_context":{"text":"Sin categor\u00eda","link":"https:\/\/lasprimeras.com.do\/index.php\/category\/sin-categoria\/"},"img":{"alt_text":"","src":"https:\/\/i0.wp.com\/lasprimeras.com.do\/wp-content\/uploads\/2023\/12\/s-3-4.jpg?resize=350%2C200&ssl=1","width":350,"height":200,"srcset":"https:\/\/i0.wp.com\/lasprimeras.com.do\/wp-content\/uploads\/2023\/12\/s-3-4.jpg?resize=350%2C200&ssl=1 1x, https:\/\/i0.wp.com\/lasprimeras.com.do\/wp-content\/uploads\/2023\/12\/s-3-4.jpg?resize=525%2C300&ssl=1 1.5x"},"classes":[]},{"id":110920,"url":"https:\/\/lasprimeras.com.do\/index.php\/2025\/10\/02\/el-papa-interviene-en-el-debate-sobre-el-aborto-en-ee-uu-planteando-que-significa-realmente-ser-pro-vida\/","url_meta":{"origin":97588,"position":5},"title":"El Papa interviene en el debate sobre el aborto en EE.UU. planteando qu\u00e9 significa realmente ser &#8220;pro vida&#8221;","author":"Nelson Feliz","date":"2 de octubre de 2025","format":false,"excerpt":"Por Nicole Winfield ROMA (AP) \u2014 El papa Le\u00f3n XIV intervino por primera vez en una disputa sobre el aborto que agita a la Iglesia cat\u00f3lica estadounidense al plantear la aparente contradicci\u00f3n sobre lo que realmente significa ser \"pro vida\". A Leo, oriundo de Chicago, se le pregunt\u00f3 el martes\u2026","rel":"","context":"En \u00abINTERNACIONALES\u00bb","block_context":{"text":"INTERNACIONALES","link":"https:\/\/lasprimeras.com.do\/index.php\/category\/sin-categoria\/internacionales\/"},"img":{"alt_text":"","src":"https:\/\/i0.wp.com\/lasprimeras.com.do\/wp-content\/uploads\/2025\/10\/El-papa-Leon-XIV-hace-un-gesto-al-llegar-a-su-audiencia-general-semanal-en-la-Plaza-de-San-Pedro-del-Vaticano.jpg?resize=350%2C200&ssl=1","width":350,"height":200,"srcset":"https:\/\/i0.wp.com\/lasprimeras.com.do\/wp-content\/uploads\/2025\/10\/El-papa-Leon-XIV-hace-un-gesto-al-llegar-a-su-audiencia-general-semanal-en-la-Plaza-de-San-Pedro-del-Vaticano.jpg?resize=350%2C200&ssl=1 1x, https:\/\/i0.wp.com\/lasprimeras.com.do\/wp-content\/uploads\/2025\/10\/El-papa-Leon-XIV-hace-un-gesto-al-llegar-a-su-audiencia-general-semanal-en-la-Plaza-de-San-Pedro-del-Vaticano.jpg?resize=525%2C300&ssl=1 1.5x, https:\/\/i0.wp.com\/lasprimeras.com.do\/wp-content\/uploads\/2025\/10\/El-papa-Leon-XIV-hace-un-gesto-al-llegar-a-su-audiencia-general-semanal-en-la-Plaza-de-San-Pedro-del-Vaticano.jpg?resize=700%2C400&ssl=1 2x"},"classes":[]}],"jetpack_sharing_enabled":true,"_links":{"self":[{"href":"https:\/\/lasprimeras.com.do\/index.php\/wp-json\/wp\/v2\/posts\/97588","targetHints":{"allow":["GET"]}}],"collection":[{"href":"https:\/\/lasprimeras.com.do\/index.php\/wp-json\/wp\/v2\/posts"}],"about":[{"href":"https:\/\/lasprimeras.com.do\/index.php\/wp-json\/wp\/v2\/types\/post"}],"author":[{"embeddable":true,"href":"https:\/\/lasprimeras.com.do\/index.php\/wp-json\/wp\/v2\/users\/10"}],"replies":[{"embeddable":true,"href":"https:\/\/lasprimeras.com.do\/index.php\/wp-json\/wp\/v2\/comments?post=97588"}],"version-history":[{"count":1,"href":"https:\/\/lasprimeras.com.do\/index.php\/wp-json\/wp\/v2\/posts\/97588\/revisions"}],"predecessor-version":[{"id":97590,"href":"https:\/\/lasprimeras.com.do\/index.php\/wp-json\/wp\/v2\/posts\/97588\/revisions\/97590"}],"wp:featuredmedia":[{"embeddable":true,"href":"https:\/\/lasprimeras.com.do\/index.php\/wp-json\/wp\/v2\/media\/97589"}],"wp:attachment":[{"href":"https:\/\/lasprimeras.com.do\/index.php\/wp-json\/wp\/v2\/media?parent=97588"}],"wp:term":[{"taxonomy":"category","embeddable":true,"href":"https:\/\/lasprimeras.com.do\/index.php\/wp-json\/wp\/v2\/categories?post=97588"},{"taxonomy":"post_tag","embeddable":true,"href":"https:\/\/lasprimeras.com.do\/index.php\/wp-json\/wp\/v2\/tags?post=97588"}],"curies":[{"name":"wp","href":"https:\/\/api.w.org\/{rel}","templated":true}]}}