{"id":97591,"date":"2025-04-24T07:43:07","date_gmt":"2025-04-24T11:43:07","guid":{"rendered":"https:\/\/lasprimeras.com.do\/?p=97591"},"modified":"2025-04-24T07:43:09","modified_gmt":"2025-04-24T11:43:09","slug":"el-medico-del-papa-cuenta-los-ultimos-momentos-de-francisco-en-entrevista-con-un-periodico","status":"publish","type":"post","link":"https:\/\/lasprimeras.com.do\/index.php\/2025\/04\/24\/el-medico-del-papa-cuenta-los-ultimos-momentos-de-francisco-en-entrevista-con-un-periodico\/","title":{"rendered":"El m\u00e9dico del papa cuenta los \u00faltimos momentos de Francisco en entrevista con un peri\u00f3dico"},"content":{"rendered":"\n<p>POR COLLEEN BARRY<\/p>\n\n\n\n<p>ROMA (AP) \u2014 El m\u00e9dico de Francisco se encontr\u00f3 al pont\u00edfice con los ojos abiertos y respirando con normalidad, pero sin reaccionar, cuando fue llamado al Vaticano en la madrugada del lunes, seg\u00fan report\u00f3 el jueves el peri\u00f3dico italiano Corriere della Sera.<\/p>\n\n\n\n<p>El doctor Sergio Alfieri coordin\u00f3 el tratamiento hospitalario que recibi\u00f3 el papa durante cinco semanas a causa de una neumon\u00eda bilateral y continu\u00f3 supervisando sus cuidados cuando regres\u00f3 al Vaticano el 23 de marzo para cumplir con un descanso de dos meses que le permitiera recuperarse por completo.<\/p>\n\n\n\n<p>A las 5:30 de la ma\u00f1ana del lunes, el enfermero del papa, Massimiliano Strappetti, avis\u00f3 a Alfieri de que Francisco hab\u00eda sufrido un derrame cerebral y deb\u00eda ser trasladado al hospital. El m\u00e9dico cont\u00f3 al Corriere que lleg\u00f3 20 minutos despu\u00e9s.<\/p>\n\n\n\n<p>\u201cEntr\u00e9 en su habitaci\u00f3n y ten\u00eda los ojos abiertos. Not\u00e9 que no ten\u00eda problemas respiratorios, as\u00ed que intent\u00e9 llamarlo, pero no respondi\u00f3\u201d, dijo Alfieri seg\u00fan fue citado por el diario.<\/p>\n\n\n\n<p>\u201cTampoco respondi\u00f3 a los est\u00edmulos, ni siquiera a los dolorosos. En ese momento comprend\u00ed que no hab\u00eda nada m\u00e1s que hacer. Estaba en coma\u201d.<\/p>\n\n\n\n<p>Seg\u00fan el doctor, era demasiado arriesgado trasladar a Francisco de nuevo al hospital Gemelli, donde fue tratado por una infecci\u00f3n respiratoria compleja que casi le cuesta la vida en dos ocasiones.<\/p>\n\n\n\n<p>\u201cEl papa quer\u00eda morir en casa, siempre lo dijo mientras estuvo en el Gemelli\u201d, afirm\u00f3 Alfieri.<\/p>\n\n\n\n<p>El papa falleci\u00f3 dos horas despu\u00e9s de sufrir un derrame cerebral. El cardenal Pietro Parolin lleg\u00f3 y rez\u00f3 el rosario sobre el cuerpo, acompa\u00f1ado por el personal de la casa pontificia, de acuerdo con las declaraciones de Alfieri al diario milan\u00e9s.<\/p>\n\n\n\n<p>\u201cLe di una caricia, como despedida\u201d, dijo el m\u00e9dico.<\/p>\n\n\n\n<p>Vatican News report\u00f3 que Francisco logr\u00f3 hacer un gesto de despedida hacia Strappetti y que las personas que estaban con \u00e9l en ese momento dijeron que no parec\u00eda sufrir.<\/p>\n\n\n\n<p>Francisco ser\u00e1 enterrado el s\u00e1bado en un funeral de Estado al que se espera que asistan l\u00edderes mundiales como el presidente de Estados Unidos, Donald Trump, y el de Ucrania, Volodymyr Zelenskyy, adem\u00e1s de decenas de delegaciones oficiales.<\/p>\n","protected":false},"excerpt":{"rendered":"<p>POR COLLEEN BARRY ROMA (AP) \u2014 El m\u00e9dico de Francisco se encontr\u00f3 al pont\u00edfice con los ojos abiertos y respirando con normalidad, pero sin reaccionar, cuando fue llamado al Vaticano&hellip;<\/p>\n","protected":false},"author":10,"featured_media":97592,"comment_status":"open","ping_status":"open","sticky":false,"template":"","format":"standard","meta":{"content-type":"","jetpack_post_was_ever_published":false,"_jetpack_newsletter_access":"","_jetpack_dont_email_post_to_subs":false,"_jetpack_newsletter_tier_id":0,"_jetpack_memberships_contains_paywalled_content":false,"_jetpack_memberships_contains_paid_content":false,"footnotes":""},"categories":[16289],"tags":[4087,17639,19001,5410],"class_list":["post-97591","post","type-post","status-publish","format-standard","has-post-thumbnail","hentry","category-internacionales","tag-entrevista","tag-francisco","tag-medico-del-papa","tag-periodico"],"jetpack_featured_media_url":"https:\/\/lasprimeras.com.do\/wp-content\/uploads\/2025\/04\/Sergio-Alfieri.jpg","jetpack-related-posts":[{"id":95113,"url":"https:\/\/lasprimeras.com.do\/index.php\/2025\/03\/10\/el-papa-sigue-desde-lejos-el-retiro-espiritual-del-vaticano-mientras-se-recupera-en-el-hospital\/","url_meta":{"origin":97591,"position":0},"title":"El papa sigue desde lejos el retiro espiritual del Vaticano mientras se recupera en el hospital","author":"Nelson Feliz","date":"10 de marzo de 2025","format":false,"excerpt":"POR NICOLE WINFIELD ROMA (AP) \u2014 El papa Francisco sigui\u00f3 por videoconferencia el retiro espiritual de una semana del Vaticano el lunes, mientras continuaba su recuperaci\u00f3n de una neumon\u00eda bilateral y miraba hacia el 12mo aniversario de su elecci\u00f3n en medio de preguntas sobre c\u00f3mo podr\u00eda ser el futuro de\u2026","rel":"","context":"En \u00abINTERNACIONALES\u00bb","block_context":{"text":"INTERNACIONALES","link":"https:\/\/lasprimeras.com.do\/index.php\/category\/sin-categoria\/internacionales\/"},"img":{"alt_text":"","src":"https:\/\/i0.wp.com\/lasprimeras.com.do\/wp-content\/uploads\/2025\/03\/papa-2.png?resize=350%2C200&ssl=1","width":350,"height":200,"srcset":"https:\/\/i0.wp.com\/lasprimeras.com.do\/wp-content\/uploads\/2025\/03\/papa-2.png?resize=350%2C200&ssl=1 1x, https:\/\/i0.wp.com\/lasprimeras.com.do\/wp-content\/uploads\/2025\/03\/papa-2.png?resize=525%2C300&ssl=1 1.5x, https:\/\/i0.wp.com\/lasprimeras.com.do\/wp-content\/uploads\/2025\/03\/papa-2.png?resize=700%2C400&ssl=1 2x"},"classes":[]},{"id":95727,"url":"https:\/\/lasprimeras.com.do\/index.php\/2025\/03\/18\/papa-francisco-registra-una-ligera-mejoria-en-su-lucha-contra-la-neumonia\/","url_meta":{"origin":97591,"position":1},"title":"Papa Francisco registra una ligera mejor\u00eda en su lucha contra la neumon\u00eda","author":"Nelson Feliz","date":"18 de marzo de 2025","format":false,"excerpt":"POR NICOLE WINFIELD ROMA (AP) \u2014 El papa Francisco presenta una ligera mejor\u00eda luego de un mes de tratamiento para combatir un cuadro de neumon\u00eda doble, inform\u00f3 el Vaticano el lunes, al tiempo que proporcion\u00f3 algunos detalles sobre la primera foto del papa desde su hospitalizaci\u00f3n. El pont\u00edfice de 88\u2026","rel":"","context":"En \u00abSALUD\u00bb","block_context":{"text":"SALUD","link":"https:\/\/lasprimeras.com.do\/index.php\/category\/salud\/"},"img":{"alt_text":"","src":"https:\/\/i0.wp.com\/lasprimeras.com.do\/wp-content\/uploads\/2025\/03\/Papa-Francisco.jpg?resize=350%2C200&ssl=1","width":350,"height":200,"srcset":"https:\/\/i0.wp.com\/lasprimeras.com.do\/wp-content\/uploads\/2025\/03\/Papa-Francisco.jpg?resize=350%2C200&ssl=1 1x, https:\/\/i0.wp.com\/lasprimeras.com.do\/wp-content\/uploads\/2025\/03\/Papa-Francisco.jpg?resize=525%2C300&ssl=1 1.5x, https:\/\/i0.wp.com\/lasprimeras.com.do\/wp-content\/uploads\/2025\/03\/Papa-Francisco.jpg?resize=700%2C400&ssl=1 2x"},"classes":[]},{"id":94764,"url":"https:\/\/lasprimeras.com.do\/index.php\/2025\/03\/05\/el-papa-descansa-tras-dormir-toda-la-noche-con-una-mascara-de-ventilacion-mientras-lucha-contra-la-neumonia\/","url_meta":{"origin":97591,"position":2},"title":"El Papa descansa tras dormir toda la noche con una m\u00e1scara de ventilaci\u00f3n mientras lucha contra la neumon\u00eda","author":"Nelson Feliz","date":"5 de marzo de 2025","format":false,"excerpt":"Por NICOLE WINFIELD CIUDAD DEL VATICANO (AP) \u2014 El papa Francisco descansaba el mi\u00e9rcoles, al inicio del solemne per\u00edodo de Cuaresma que conduce a las celebraciones de Semana Santa, despu\u00e9s de dormir toda la noche con una m\u00e1scara de ventilaci\u00f3n mientras recibe tratamiento hospitalario por neumon\u00eda doble . En su\u2026","rel":"","context":"En \u00abINTERNACIONALES\u00bb","block_context":{"text":"INTERNACIONALES","link":"https:\/\/lasprimeras.com.do\/index.php\/category\/sin-categoria\/internacionales\/"},"img":{"alt_text":"El papa Francisco","src":"https:\/\/i0.wp.com\/lasprimeras.com.do\/wp-content\/uploads\/2025\/03\/El-papa-Francisco.png?resize=350%2C200&ssl=1","width":350,"height":200,"srcset":"https:\/\/i0.wp.com\/lasprimeras.com.do\/wp-content\/uploads\/2025\/03\/El-papa-Francisco.png?resize=350%2C200&ssl=1 1x, https:\/\/i0.wp.com\/lasprimeras.com.do\/wp-content\/uploads\/2025\/03\/El-papa-Francisco.png?resize=525%2C300&ssl=1 1.5x, https:\/\/i0.wp.com\/lasprimeras.com.do\/wp-content\/uploads\/2025\/03\/El-papa-Francisco.png?resize=700%2C400&ssl=1 2x"},"classes":[]},{"id":93564,"url":"https:\/\/lasprimeras.com.do\/index.php\/2025\/02\/14\/papa-es-hospitalizado-para-pruebas-medicas-y-tratar-bronquitis-vaticano-cancela-su-agenda\/","url_meta":{"origin":97591,"position":3},"title":"Papa es hospitalizado para pruebas m\u00e9dicas y tratar bronquitis; Vaticano cancela su agenda","author":"Nelson Feliz","date":"14 de febrero de 2025","format":false,"excerpt":"POR NICOLE WINFIELD ROMA (AP) \u2014 Francisco fue hospitalizado el viernes para tratar una bronquitis que arrastra desde hace una semana y someterse a algunas pruebas diagn\u00f3sticas necesarias, inform\u00f3 el Vaticano, confirmando los \u00faltimos problemas de salud del pont\u00edfice argentino de 88 a\u00f1os que lo obligaron a cancelar su agenda\u2026","rel":"","context":"En \u00abINTERNACIONALES\u00bb","block_context":{"text":"INTERNACIONALES","link":"https:\/\/lasprimeras.com.do\/index.php\/category\/sin-categoria\/internacionales\/"},"img":{"alt_text":"","src":"https:\/\/i0.wp.com\/lasprimeras.com.do\/wp-content\/uploads\/2025\/02\/Francisco.jpg?resize=350%2C200&ssl=1","width":350,"height":200,"srcset":"https:\/\/i0.wp.com\/lasprimeras.com.do\/wp-content\/uploads\/2025\/02\/Francisco.jpg?resize=350%2C200&ssl=1 1x, https:\/\/i0.wp.com\/lasprimeras.com.do\/wp-content\/uploads\/2025\/02\/Francisco.jpg?resize=525%2C300&ssl=1 1.5x, https:\/\/i0.wp.com\/lasprimeras.com.do\/wp-content\/uploads\/2025\/02\/Francisco.jpg?resize=700%2C400&ssl=1 2x"},"classes":[]},{"id":94588,"url":"https:\/\/lasprimeras.com.do\/index.php\/2025\/03\/03\/el-papa-parece-estar-superando-un-contratiempo-en-su-recuperacion-de-la-neumonia\/","url_meta":{"origin":97591,"position":4},"title":"El papa parece estar superando un contratiempo en su recuperaci\u00f3n de la neumon\u00eda","author":"Nelson Feliz","date":"3 de marzo de 2025","format":false,"excerpt":"POR NICOLE WINFIELD ROMA (AP) \u2014 El papa Francisco se levant\u00f3 y estaba recibiendo terapia el lunes despu\u00e9s de aparentemente superar un contratiempo en su recuperaci\u00f3n de la neumon\u00eda. El Vaticano dijo que se encuentra estable, no requiere ventilaci\u00f3n mec\u00e1nica y no muestra signos de nueva infecci\u00f3n tras una crisis\u2026","rel":"","context":"En \u00abINTERNACIONALES\u00bb","block_context":{"text":"INTERNACIONALES","link":"https:\/\/lasprimeras.com.do\/index.php\/category\/sin-categoria\/internacionales\/"},"img":{"alt_text":"","src":"https:\/\/i0.wp.com\/lasprimeras.com.do\/wp-content\/uploads\/2025\/03\/papa.png?resize=350%2C200&ssl=1","width":350,"height":200,"srcset":"https:\/\/i0.wp.com\/lasprimeras.com.do\/wp-content\/uploads\/2025\/03\/papa.png?resize=350%2C200&ssl=1 1x, https:\/\/i0.wp.com\/lasprimeras.com.do\/wp-content\/uploads\/2025\/03\/papa.png?resize=525%2C300&ssl=1 1.5x, https:\/\/i0.wp.com\/lasprimeras.com.do\/wp-content\/uploads\/2025\/03\/papa.png?resize=700%2C400&ssl=1 2x"},"classes":[]},{"id":52239,"url":"https:\/\/lasprimeras.com.do\/index.php\/2023\/06\/08\/el-vaticano-papa-francisco-en-buenas-condiciones-tras-estar-hospitalizado-por-cirugia\/","url_meta":{"origin":97591,"position":5},"title":"El Vaticano: Papa Francisco en &#8216;buenas condiciones&#8217; tras estar hospitalizado por cirug\u00eda","author":"prenxa100","date":"8 de junio de 2023","format":false,"excerpt":"El Papa Francisco pas\u00f3 su primera noche en el hospital Genelli de Roma tras ser operado por una hernia abdominal durante la tarde del mi\u00e9rcoles. D. RODR\u00cdGUEZ El Vaticano, REUTERS | El Papa Francisco se encontraba en buenas condiciones generales el jueves por la ma\u00f1ana despu\u00e9s de su primera noche\u2026","rel":"","context":"En \u00abSin categor\u00eda\u00bb","block_context":{"text":"Sin categor\u00eda","link":"https:\/\/lasprimeras.com.do\/index.php\/category\/sin-categoria\/"},"img":{"alt_text":"","src":"","width":0,"height":0},"classes":[]}],"jetpack_sharing_enabled":true,"_links":{"self":[{"href":"https:\/\/lasprimeras.com.do\/index.php\/wp-json\/wp\/v2\/posts\/97591","targetHints":{"allow":["GET"]}}],"collection":[{"href":"https:\/\/lasprimeras.com.do\/index.php\/wp-json\/wp\/v2\/posts"}],"about":[{"href":"https:\/\/lasprimeras.com.do\/index.php\/wp-json\/wp\/v2\/types\/post"}],"author":[{"embeddable":true,"href":"https:\/\/lasprimeras.com.do\/index.php\/wp-json\/wp\/v2\/users\/10"}],"replies":[{"embeddable":true,"href":"https:\/\/lasprimeras.com.do\/index.php\/wp-json\/wp\/v2\/comments?post=97591"}],"version-history":[{"count":1,"href":"https:\/\/lasprimeras.com.do\/index.php\/wp-json\/wp\/v2\/posts\/97591\/revisions"}],"predecessor-version":[{"id":97593,"href":"https:\/\/lasprimeras.com.do\/index.php\/wp-json\/wp\/v2\/posts\/97591\/revisions\/97593"}],"wp:featuredmedia":[{"embeddable":true,"href":"https:\/\/lasprimeras.com.do\/index.php\/wp-json\/wp\/v2\/media\/97592"}],"wp:attachment":[{"href":"https:\/\/lasprimeras.com.do\/index.php\/wp-json\/wp\/v2\/media?parent=97591"}],"wp:term":[{"taxonomy":"category","embeddable":true,"href":"https:\/\/lasprimeras.com.do\/index.php\/wp-json\/wp\/v2\/categories?post=97591"},{"taxonomy":"post_tag","embeddable":true,"href":"https:\/\/lasprimeras.com.do\/index.php\/wp-json\/wp\/v2\/tags?post=97591"}],"curies":[{"name":"wp","href":"https:\/\/api.w.org\/{rel}","templated":true}]}}