{"id":97594,"date":"2025-04-24T07:55:57","date_gmt":"2025-04-24T11:55:57","guid":{"rendered":"https:\/\/lasprimeras.com.do\/?p=97594"},"modified":"2025-04-24T07:55:59","modified_gmt":"2025-04-24T11:55:59","slug":"zelensky-acorta-su-viaje-a-sudafrica-tras-un-ataque-masivo-ruso-sobre-kiev-que-deja-9-muertos","status":"publish","type":"post","link":"https:\/\/lasprimeras.com.do\/index.php\/2025\/04\/24\/zelensky-acorta-su-viaje-a-sudafrica-tras-un-ataque-masivo-ruso-sobre-kiev-que-deja-9-muertos\/","title":{"rendered":"Zelensky acorta su viaje a Sud\u00e1frica tras un ataque masivo ruso sobre Kiev que deja 9 muertos"},"content":{"rendered":"\n<p>POR VASILISA STEPANENKO and SAMYA KULLAB<\/p>\n\n\n\n<p>KIEV, Ucrania (AP) \u2014 El presidente de Ucrania, Volodymyr Zelenskyy, dijo el jueves que acortar\u00e1 su viaje oficial a Sud\u00e1frica y regresar\u00e1 al pa\u00eds despu\u00e9s de un ataque ruso sobre Kiev que mat\u00f3 al menos a nueve personas e hiri\u00f3 a m\u00e1s de 70.<\/p>\n\n\n\n<p>Zelenskyy se\u00f1al\u00f3 en una publicaci\u00f3n en Telegram que volar\u00e1 de regreso a la capital ucraniana tras reunirse con su hom\u00f3logo sudafricano, Cyril Ramaphosa.<\/p>\n\n\n\n<p>El mandatario ucraniano esperaba reclutar m\u00e1s apoyo de Sud\u00e1frica para sus esfuerzos de poner fin a la guerra con Rusia, que comenz\u00f3 en febrero de 2022.<\/p>\n\n\n\n<p>El ataque en Kiev se produjo horas despu\u00e9s del aparente estancamiento de las negociaciones de paz, con el presidente de Estados Unidos, Donald Trump, criticando a su hom\u00f3logo ucraniano, Volodymyr Zelenskyy, afirmando que estaba prolongando el \u201ccampo de matanza\u201d al resistirse a ceder Crimea a Rusia como parte de un posible plan de paz. M\u00e1s tarde en el d\u00eda, Trump indic\u00f3 que \u201cha sido m\u00e1s dif\u00edcil\u201d tratar con Zelenskyy que con Mosc\u00fa.<\/p>\n\n\n\n<p>Zelenskyy ha dicho en m\u00faltiples ocasiones que reconocer el territorio ocupado como ruso es una l\u00ednea roja para su pa\u00eds.<\/p>\n\n\n\n<p>La administraci\u00f3n militar de la ciudad de Kiev comunic\u00f3 a trav\u00e9s de su canal de Telegram que Rusia atac\u00f3 la capital ucraniana con aviones no tripulados y misiles bal\u00edsticos. Se detectaron al menos 45 drones, a\u00f1adi\u00f3 apuntando que la Fuerza A\u00e9rea ucraniana ofrecer\u00eda cifras actualizadas m\u00e1s tarde.<\/p>\n\n\n\n<p>Al menos 42 personas fueron hospitalizadas, inform\u00f3 el Servicio Estatal de Emergencias ucraniano. Las operaciones de rescate continuaban a primera hora del jueves para encontrar cuerpos bajo los escombros.<\/p>\n\n\n\n<p>En un edificio residencial de Kiev que qued\u00f3 destruido casi por completo, los efectivos de emergencias retiraron los escombros con sus manos y rescataron a una mujer atrapada que sali\u00f3 de entre los restos cubierta de polvo blanco y gimiendo de dolor.<\/p>\n\n\n\n<p>Una anciana se sent\u00f3 contra una pared de ladrillos, con el rostro manchado de sangre, los ojos fijos en el suelo y aturdida mientras los doctores atend\u00edan sus heridas.<\/p>\n\n\n\n<p>Se reportaron incendios en varios edificios residenciales, se\u00f1al\u00f3 Tymur Tkachenko, jefe de la administraci\u00f3n militar de la ciudad.<\/p>\n\n\n\n<p>El ataque, que comenz\u00f3 alrededor de la 1:00 de la madrugada, afect\u00f3 al menos a cinco barrios de Kiev. En el distrito de Sviatoshynkskyi, se desat\u00f3 un incendio en un edificio residencial que result\u00f3 da\u00f1ado en el ataque.<\/p>\n\n\n\n<p>The Associated Press vio como los equipos de rescate sacaban a personas atrapadas bajo los escombros del edificio y como se retiraban cuerpos sin vida.<\/p>\n\n\n\n<p>Oksana Bilozir, una estudiante, sufri\u00f3 una herida en la cabeza en el ataque. Con la sangre brotando de su cabeza vendada, cont\u00f3 que escuch\u00f3 una fuerte explosi\u00f3n despu\u00e9s de que sonara la alarma antia\u00e9rea y comenz\u00f3 a recoger sus cosas para huir a un refugio cuando otra explosi\u00f3n hizo que las paredes de su casa se derrumbaran y las luces se apagaran.<\/p>\n\n\n\n<p>\u201cHonestamente, ni siquiera s\u00e9 c\u00f3mo terminar\u00e1 todo esto, es muy aterrador\u201d, afirm\u00f3 Bilozir refiri\u00e9ndose a la guerra contra la invasi\u00f3n rusa. \u201cSolo creo que se acabar\u00e1 si podemos detenerlos en el campo de batalla. Aqu\u00ed no funciona la diplomacia\u201d.<\/p>\n\n\n\n<p>Se reportaron m\u00e1s incendios en los distritos de Shevchenkivsky y Holosiivskyi.<\/p>\n\n\n\n<p>Anastasiia Zhuravlova, una madre de dos hijos de 33 a\u00f1os, se refugi\u00f3 en un s\u00f3tano despu\u00e9s de que m\u00faltiples explosiones causaran da\u00f1os en su hogar. Su familia dorm\u00eda cuando la primera explosi\u00f3n rompi\u00f3 las ventanas y lanz\u00f3 los electrodom\u00e9sticos de la cocina por el aire. Fragmentos de vidrio cayeron sobre ellos mientras se apresuraban a refugiarse en el pasillo.<\/p>\n\n\n\n<p>\u201cDespu\u00e9s de eso vinimos al refugio porque era aterrador y peligroso en casa\u201d, declar\u00f3.<\/p>\n","protected":false},"excerpt":{"rendered":"<p>POR VASILISA STEPANENKO and SAMYA KULLAB KIEV, Ucrania (AP) \u2014 El presidente de Ucrania, Volodymyr Zelenskyy, dijo el jueves que acortar\u00e1 su viaje oficial a Sud\u00e1frica y regresar\u00e1 al pa\u00eds&hellip;<\/p>\n","protected":false},"author":10,"featured_media":97595,"comment_status":"open","ping_status":"open","sticky":false,"template":"","format":"standard","meta":{"content-type":"","jetpack_post_was_ever_published":false,"_jetpack_newsletter_access":"","_jetpack_dont_email_post_to_subs":false,"_jetpack_newsletter_tier_id":0,"_jetpack_memberships_contains_paywalled_content":false,"_jetpack_memberships_contains_paid_content":false,"footnotes":""},"categories":[16289],"tags":[16716,1483,686,13603,11941],"class_list":["post-97594","post","type-post","status-publish","format-standard","has-post-thumbnail","hentry","category-internacionales","tag-ataque-ruso","tag-kiev","tag-muertos","tag-sudafrica","tag-volodymyr-zelenskyy"],"jetpack_featured_media_url":"https:\/\/lasprimeras.com.do\/wp-content\/uploads\/2025\/04\/kiev.jpg","jetpack-related-posts":[{"id":97585,"url":"https:\/\/lasprimeras.com.do\/index.php\/2025\/04\/24\/zelenskyy-de-ucrania-llega-a-sudafrica-para-visita-oficial-tras-nuevas-criticas-de-trump\/","url_meta":{"origin":97594,"position":0},"title":"Zelenskyy de Ucrania llega a Sud\u00e1frica para visita oficial tras nuevas cr\u00edticas de Trump","author":"Nelson Feliz","date":"24 de abril de 2025","format":false,"excerpt":"PRETORIA, Sud\u00e1frica (AP) \u2014 El presidente de Ucrania, Volodymyr Zelenskyy, lleg\u00f3 a Sud\u00e1frica el jueves para una visita de Estado tras las nuevas acusaciones de Donald Trump de que est\u00e1 prolongando la guerra contra Rusia al oponerse a cualquier plan que implique ceder territorio en un acuerdo de paz. Zelenskyy,\u2026","rel":"","context":"En \u00abINTERNACIONALES\u00bb","block_context":{"text":"INTERNACIONALES","link":"https:\/\/lasprimeras.com.do\/index.php\/category\/sin-categoria\/internacionales\/"},"img":{"alt_text":"Volodymyr Zelenskyy","src":"https:\/\/i0.wp.com\/lasprimeras.com.do\/wp-content\/uploads\/2025\/04\/Volodymyr-Zelenskyy.jpg?resize=350%2C200&ssl=1","width":350,"height":200,"srcset":"https:\/\/i0.wp.com\/lasprimeras.com.do\/wp-content\/uploads\/2025\/04\/Volodymyr-Zelenskyy.jpg?resize=350%2C200&ssl=1 1x, https:\/\/i0.wp.com\/lasprimeras.com.do\/wp-content\/uploads\/2025\/04\/Volodymyr-Zelenskyy.jpg?resize=525%2C300&ssl=1 1.5x, https:\/\/i0.wp.com\/lasprimeras.com.do\/wp-content\/uploads\/2025\/04\/Volodymyr-Zelenskyy.jpg?resize=700%2C400&ssl=1 2x"},"classes":[]},{"id":77723,"url":"https:\/\/lasprimeras.com.do\/index.php\/2024\/02\/24\/zelenskyy-recibe-a-lideres-occidentales-en-kiev\/","url_meta":{"origin":97594,"position":1},"title":"Zelenskyy recibe a l\u00edderes occidentales en Kiev","author":"Nelson Feliz","date":"24 de febrero de 2024","format":false,"excerpt":"Ucrania conmemora dos a\u00f1os desde la invasi\u00f3n a gran escala de Rusia POR SUSIE BLANN KIEV, Ucrania (AP) \u2014 El presidente Volodymyr Zelenskyy recibi\u00f3 el s\u00e1bado a los l\u00edderes occidentales en Kiev para conmemorar el segundo aniversario de la invasi\u00f3n a gran escala de Rusia, mientras las fuerzas ucranianas se\u2026","rel":"","context":"En \u00abSin categor\u00eda\u00bb","block_context":{"text":"Sin categor\u00eda","link":"https:\/\/lasprimeras.com.do\/index.php\/category\/sin-categoria\/"},"img":{"alt_text":"Volodymyr Zelenskyy","src":"https:\/\/i0.wp.com\/lasprimeras.com.do\/wp-content\/uploads\/2024\/02\/Volodymyr-Zelenskyy.jpg?resize=350%2C200&ssl=1","width":350,"height":200,"srcset":"https:\/\/i0.wp.com\/lasprimeras.com.do\/wp-content\/uploads\/2024\/02\/Volodymyr-Zelenskyy.jpg?resize=350%2C200&ssl=1 1x, https:\/\/i0.wp.com\/lasprimeras.com.do\/wp-content\/uploads\/2024\/02\/Volodymyr-Zelenskyy.jpg?resize=525%2C300&ssl=1 1.5x, https:\/\/i0.wp.com\/lasprimeras.com.do\/wp-content\/uploads\/2024\/02\/Volodymyr-Zelenskyy.jpg?resize=700%2C400&ssl=1 2x"},"classes":[]},{"id":97649,"url":"https:\/\/lasprimeras.com.do\/index.php\/2025\/04\/25\/ucrania-reporta-3-muertos-en-otro-ataque-ruso-con-drones-tras-las-criticas-de-trump-a-putin\/","url_meta":{"origin":97594,"position":2},"title":"Ucrania reporta 3 muertos en otro ataque ruso con drones tras las cr\u00edticas de Trump a Putin","author":"Nelson Feliz","date":"25 de abril de 2025","format":false,"excerpt":"POR ILLIA NOVIKOV KIEV, Ucrania (AP) \u2014 Un dron ruso alcanz\u00f3 un edificio de apartamentos en una ciudad del sureste de Ucrania y caus\u00f3 tres muertos y 10 heridos, dijeron funcionarios el viernes, un d\u00eda despu\u00e9s de que el presidente de Estados Unidos, Donald Trump, reprendi\u00f3 a su hom\u00f3logo en\u2026","rel":"","context":"En \u00abINTERNACIONALES\u00bb","block_context":{"text":"INTERNACIONALES","link":"https:\/\/lasprimeras.com.do\/index.php\/category\/sin-categoria\/internacionales\/"},"img":{"alt_text":"","src":"https:\/\/i0.wp.com\/lasprimeras.com.do\/wp-content\/uploads\/2025\/04\/muertos-1.jpg?resize=350%2C200&ssl=1","width":350,"height":200,"srcset":"https:\/\/i0.wp.com\/lasprimeras.com.do\/wp-content\/uploads\/2025\/04\/muertos-1.jpg?resize=350%2C200&ssl=1 1x, https:\/\/i0.wp.com\/lasprimeras.com.do\/wp-content\/uploads\/2025\/04\/muertos-1.jpg?resize=525%2C300&ssl=1 1.5x, https:\/\/i0.wp.com\/lasprimeras.com.do\/wp-content\/uploads\/2025\/04\/muertos-1.jpg?resize=700%2C400&ssl=1 2x"},"classes":[]},{"id":95773,"url":"https:\/\/lasprimeras.com.do\/index.php\/2025\/03\/19\/zelenskyy-la-promesa-de-putin-de-no-atacar-la-red-energetica-de-ucrania-dista-de-la-realidad\/","url_meta":{"origin":97594,"position":3},"title":"Zelenskyy: la promesa de Putin de no atacar la red energ\u00e9tica de Ucrania \u201cdista de la realidad\u201d","author":"Nelson Feliz","date":"19 de marzo de 2025","format":false,"excerpt":"POR HANNA ARHIROVA KIEV, Ucrania (AP) \u2014 El presidente de Ucrania, Volodymyr Zelenskyy, dijo el mi\u00e9rcoles que la promesa de su hom\u00f3logo ruso, Vlad\u00edmir Putin, de no atacar la infraestructura energ\u00e9tica \u201cdista mucho de la realidad\u201d tras una serie de ataques nocturnos con drones en todo el pa\u00eds. Zelenskyy dijo\u2026","rel":"","context":"En \u00abINTERNACIONALES\u00bb","block_context":{"text":"INTERNACIONALES","link":"https:\/\/lasprimeras.com.do\/index.php\/category\/sin-categoria\/internacionales\/"},"img":{"alt_text":"","src":"https:\/\/i0.wp.com\/lasprimeras.com.do\/wp-content\/uploads\/2025\/03\/Volodymyr-Zelenskyy.jpg?resize=350%2C200&ssl=1","width":350,"height":200,"srcset":"https:\/\/i0.wp.com\/lasprimeras.com.do\/wp-content\/uploads\/2025\/03\/Volodymyr-Zelenskyy.jpg?resize=350%2C200&ssl=1 1x, https:\/\/i0.wp.com\/lasprimeras.com.do\/wp-content\/uploads\/2025\/03\/Volodymyr-Zelenskyy.jpg?resize=525%2C300&ssl=1 1.5x, https:\/\/i0.wp.com\/lasprimeras.com.do\/wp-content\/uploads\/2025\/03\/Volodymyr-Zelenskyy.jpg?resize=700%2C400&ssl=1 2x"},"classes":[]},{"id":96640,"url":"https:\/\/lasprimeras.com.do\/index.php\/2025\/04\/05\/zelenskyy-se-reune-con-lideres-militares-europeos\/","url_meta":{"origin":97594,"position":4},"title":"Zelenskyy se re\u00fane con l\u00edderes militares europeos","author":"Nelson Feliz","date":"5 de abril de 2025","format":false,"excerpt":"Planifica fuerza de mantenimiento de la paz KIEV, Ucrania (AP) \u2014 El presidente ucraniano Volodymyr Zelenskyy se reuni\u00f3 el s\u00e1bado en Kiev con los l\u00edderes de las fuerzas armadas brit\u00e1nicas y francesas para discutir el posible despliegue de una fuerza multinacional de mantenimiento de la paz en Ucrania, a pesar\u2026","rel":"","context":"En \u00abINTERNACIONALES\u00bb","block_context":{"text":"INTERNACIONALES","link":"https:\/\/lasprimeras.com.do\/index.php\/category\/sin-categoria\/internacionales\/"},"img":{"alt_text":"","src":"https:\/\/i0.wp.com\/lasprimeras.com.do\/wp-content\/uploads\/2025\/04\/ataque-2.jpg?resize=350%2C200&ssl=1","width":350,"height":200,"srcset":"https:\/\/i0.wp.com\/lasprimeras.com.do\/wp-content\/uploads\/2025\/04\/ataque-2.jpg?resize=350%2C200&ssl=1 1x, https:\/\/i0.wp.com\/lasprimeras.com.do\/wp-content\/uploads\/2025\/04\/ataque-2.jpg?resize=525%2C300&ssl=1 1.5x, https:\/\/i0.wp.com\/lasprimeras.com.do\/wp-content\/uploads\/2025\/04\/ataque-2.jpg?resize=700%2C400&ssl=1 2x"},"classes":[]},{"id":83334,"url":"https:\/\/lasprimeras.com.do\/index.php\/2024\/05\/14\/blinken-en-kiev-intenta-recuperar-el-decaido-espiritu-ucraniano\/","url_meta":{"origin":97594,"position":5},"title":"Blinken en Kiev intenta recuperar el deca\u00eddo esp\u00edritu ucraniano","author":"Nelson Feliz","date":"14 de mayo de 2024","format":false,"excerpt":"Rusia logra nuevos avances militares. POR MATTHEW LEE KIEV, Ucrania (AP) \u2014 El secretario de Estado de Estados Unidos, Antony Blinken, intent\u00f3 el martes animar a los sombr\u00edos ucranianos que enfrentan una nueva y feroz ofensiva rusa , asegur\u00e1ndoles durante una visita a Kiev que no est\u00e1n solos y que\u2026","rel":"","context":"En \u00abSin categor\u00eda\u00bb","block_context":{"text":"Sin categor\u00eda","link":"https:\/\/lasprimeras.com.do\/index.php\/category\/sin-categoria\/"},"img":{"alt_text":"","src":"https:\/\/i0.wp.com\/lasprimeras.com.do\/wp-content\/uploads\/2024\/05\/ucra.jpg?resize=350%2C200&ssl=1","width":350,"height":200,"srcset":"https:\/\/i0.wp.com\/lasprimeras.com.do\/wp-content\/uploads\/2024\/05\/ucra.jpg?resize=350%2C200&ssl=1 1x, https:\/\/i0.wp.com\/lasprimeras.com.do\/wp-content\/uploads\/2024\/05\/ucra.jpg?resize=525%2C300&ssl=1 1.5x, https:\/\/i0.wp.com\/lasprimeras.com.do\/wp-content\/uploads\/2024\/05\/ucra.jpg?resize=700%2C400&ssl=1 2x"},"classes":[]}],"jetpack_sharing_enabled":true,"_links":{"self":[{"href":"https:\/\/lasprimeras.com.do\/index.php\/wp-json\/wp\/v2\/posts\/97594","targetHints":{"allow":["GET"]}}],"collection":[{"href":"https:\/\/lasprimeras.com.do\/index.php\/wp-json\/wp\/v2\/posts"}],"about":[{"href":"https:\/\/lasprimeras.com.do\/index.php\/wp-json\/wp\/v2\/types\/post"}],"author":[{"embeddable":true,"href":"https:\/\/lasprimeras.com.do\/index.php\/wp-json\/wp\/v2\/users\/10"}],"replies":[{"embeddable":true,"href":"https:\/\/lasprimeras.com.do\/index.php\/wp-json\/wp\/v2\/comments?post=97594"}],"version-history":[{"count":1,"href":"https:\/\/lasprimeras.com.do\/index.php\/wp-json\/wp\/v2\/posts\/97594\/revisions"}],"predecessor-version":[{"id":97596,"href":"https:\/\/lasprimeras.com.do\/index.php\/wp-json\/wp\/v2\/posts\/97594\/revisions\/97596"}],"wp:featuredmedia":[{"embeddable":true,"href":"https:\/\/lasprimeras.com.do\/index.php\/wp-json\/wp\/v2\/media\/97595"}],"wp:attachment":[{"href":"https:\/\/lasprimeras.com.do\/index.php\/wp-json\/wp\/v2\/media?parent=97594"}],"wp:term":[{"taxonomy":"category","embeddable":true,"href":"https:\/\/lasprimeras.com.do\/index.php\/wp-json\/wp\/v2\/categories?post=97594"},{"taxonomy":"post_tag","embeddable":true,"href":"https:\/\/lasprimeras.com.do\/index.php\/wp-json\/wp\/v2\/tags?post=97594"}],"curies":[{"name":"wp","href":"https:\/\/api.w.org\/{rel}","templated":true}]}}