{"id":97611,"date":"2025-04-24T09:40:02","date_gmt":"2025-04-24T13:40:02","guid":{"rendered":"https:\/\/lasprimeras.com.do\/?p=97611"},"modified":"2025-04-24T09:40:04","modified_gmt":"2025-04-24T13:40:04","slug":"congresistas-en-nyc-denuncian-secuestro-joven-hispano-en-el-bronx-por-inmigracion","status":"publish","type":"post","link":"https:\/\/lasprimeras.com.do\/index.php\/2025\/04\/24\/congresistas-en-nyc-denuncian-secuestro-joven-hispano-en-el-bronx-por-inmigracion\/","title":{"rendered":"Congresistas en NYC denuncian secuestro joven hispano en El Bronx por Inmigraci\u00f3n"},"content":{"rendered":"\n<p>Por Ram\u00f3n Mercedes<\/p>\n\n\n\n<p>NUEVA YORK.- Los congresistas por esta ciudad Adriano Espaillat (D-13) y Alexandria Ocasio-Cortez (NY-14) denunciaron el secuestro por parte de Inmigraci\u00f3n en El Bronx del joven hispano Merwil Guti\u00e9rrez, de 19 a\u00f1os.<\/p>\n\n\n\n<p>Los legisladores sostienen que el ICE detuvo a Guti\u00e9rrez en la puerta de su apartamento en dicho condado.<\/p>\n\n\n\n<p>Espaillat y Ocasio-Cortez precisan que el hispano no ten\u00eda r\u00e9cord criminal ni tatuajes que lo ligasen al grupo criminal Tren de Aragua. Le fue negado su debido proceso.<\/p>\n\n\n\n<p>Estamos horrorizados por el secuestro que ICE hizo contra el joven, quien fue llevado violentamente de la puerta de su casa y deportado a El Salvador, como muchos otros enviados a CECOT, una mega prisi\u00f3n conocida por sus abusos a los derechos humanos, indican en documento de prensa.<\/p>\n\n\n\n<p>Detallan que Guti\u00e9rrez fue arrebatado de su padre y de nuestra comunidad, sin debido proceso, sin acusaciones criminales, y sin orden de deportaci\u00f3n emitida por un juez. Su familia est\u00e1 afligida y piensa que fue deportado por error.<\/p>\n\n\n\n<p>Los ataques de ICE contra el debido proceso ponen en riesgo los derechos fundamentales de todos.<\/p>\n\n\n\n<p>Nuestras oficinas han estado en contacto con la familia para apoyarlos y no descansaremos hasta que Merwil este de regreso donde pertenece, en su hogar en El Bronx.<\/p>\n","protected":false},"excerpt":{"rendered":"<p>Por Ram\u00f3n Mercedes NUEVA YORK.- Los congresistas por esta ciudad Adriano Espaillat (D-13) y Alexandria Ocasio-Cortez (NY-14) denunciaron el secuestro por parte de Inmigraci\u00f3n en El Bronx del joven hispano&hellip;<\/p>\n","protected":false},"author":10,"featured_media":97612,"comment_status":"open","ping_status":"open","sticky":false,"template":"","format":"standard","meta":{"content-type":"","jetpack_post_was_ever_published":false,"_jetpack_newsletter_access":"","_jetpack_dont_email_post_to_subs":false,"_jetpack_newsletter_tier_id":0,"_jetpack_memberships_contains_paywalled_content":false,"_jetpack_memberships_contains_paid_content":false,"footnotes":""},"categories":[16289],"tags":[2181,4303,4249,19003,316,1480],"class_list":["post-97611","post","type-post","status-publish","format-standard","has-post-thumbnail","hentry","category-internacionales","tag-congresistas","tag-el-bronx","tag-inmigracion","tag-joven-hispano","tag-nyc","tag-secuestro"],"jetpack_featured_media_url":"https:\/\/lasprimeras.com.do\/wp-content\/uploads\/2025\/04\/WhatsApp-Image-2025-04-24-at-6.07.05-AM.jpeg","jetpack-related-posts":[{"id":97449,"url":"https:\/\/lasprimeras.com.do\/index.php\/2025\/04\/21\/ice-detiene-en-ny-206-inmigrantes-incluidos-dominicanos-activistas-piden-auxilio-autoridades\/","url_meta":{"origin":97611,"position":0},"title":"ICE detiene en NY 206 inmigrantes, incluidos dominicanos; activistas piden auxilio autoridades","author":"Nelson Feliz","date":"21 de abril de 2025","format":false,"excerpt":"Por Ram\u00f3n Mercedes NUEVA YORK.- El Servicio de Inmigraci\u00f3n y sus socios policiales detuvieron a 206 inmigrantes ilegales durante una operaci\u00f3n intensificada de control migratorio enfocada en delincuentes extranjeros flagrantes en NYC y sus alrededores. Durante la operaci\u00f3n, entre el 6 al 12 del presente mes, se enfocaron en delincuentes\u2026","rel":"","context":"En \u00abINTERNACIONALES\u00bb","block_context":{"text":"INTERNACIONALES","link":"https:\/\/lasprimeras.com.do\/index.php\/category\/sin-categoria\/internacionales\/"},"img":{"alt_text":"ICE detiene en NY 206 inmigrantes, incluidos dominicanos; activistas piden auxilio autoridades","src":"https:\/\/i0.wp.com\/lasprimeras.com.do\/wp-content\/uploads\/2025\/04\/WhatsApp-Image-2025-04-21-at-5.16.10-AM-1.jpeg?resize=350%2C200&ssl=1","width":350,"height":200,"srcset":"https:\/\/i0.wp.com\/lasprimeras.com.do\/wp-content\/uploads\/2025\/04\/WhatsApp-Image-2025-04-21-at-5.16.10-AM-1.jpeg?resize=350%2C200&ssl=1 1x, https:\/\/i0.wp.com\/lasprimeras.com.do\/wp-content\/uploads\/2025\/04\/WhatsApp-Image-2025-04-21-at-5.16.10-AM-1.jpeg?resize=525%2C300&ssl=1 1.5x"},"classes":[]},{"id":103526,"url":"https:\/\/lasprimeras.com.do\/index.php\/2025\/07\/16\/tras-espaillat-respaldar-a-mamdani-new-york-times-lo-reconoce-como-el-lider-latino-mas-poderoso-de-nyc\/","url_meta":{"origin":97611,"position":1},"title":"Tras Espaillat respaldar a Mamdani, New York Times lo reconoce como el l\u00edder latino m\u00e1s poderoso de NYC","author":"Nelson Feliz","date":"16 de julio de 2025","format":false,"excerpt":"Por Ram\u00f3n Mercedes NUEVA YORK.- Luego de que el congresista Adriano Espaillat (D-13) expresara su respaldo al dem\u00f3crata Zohran Mamdani para la Alcald\u00eda en esta ciudad, el influyente peri\u00f3dico The New York Times lo calific\u00f3 como \u201cel l\u00edder latino m\u00e1s poderoso de NYC\u201d, en un art\u00edculo firmado por Emma G.\u2026","rel":"","context":"En \u00abINTERNACIONALES\u00bb","block_context":{"text":"INTERNACIONALES","link":"https:\/\/lasprimeras.com.do\/index.php\/category\/sin-categoria\/internacionales\/"},"img":{"alt_text":"","src":"https:\/\/i0.wp.com\/lasprimeras.com.do\/wp-content\/uploads\/2025\/07\/WhatsApp-Image-2025-07-15-at-6.06.14-AM.jpeg?resize=350%2C200&ssl=1","width":350,"height":200,"srcset":"https:\/\/i0.wp.com\/lasprimeras.com.do\/wp-content\/uploads\/2025\/07\/WhatsApp-Image-2025-07-15-at-6.06.14-AM.jpeg?resize=350%2C200&ssl=1 1x, https:\/\/i0.wp.com\/lasprimeras.com.do\/wp-content\/uploads\/2025\/07\/WhatsApp-Image-2025-07-15-at-6.06.14-AM.jpeg?resize=525%2C300&ssl=1 1.5x, https:\/\/i0.wp.com\/lasprimeras.com.do\/wp-content\/uploads\/2025\/07\/WhatsApp-Image-2025-07-15-at-6.06.14-AM.jpeg?resize=700%2C400&ssl=1 2x"},"classes":[]},{"id":117255,"url":"https:\/\/lasprimeras.com.do\/index.php\/2025\/12\/09\/congresista-espaillat-destaca-avance-comunidad-dominicana-en-nyc\/","url_meta":{"origin":97611,"position":2},"title":"Congresista Espaillat destaca avance comunidad dominicana en NYC","author":"Nelson Feliz","date":"9 de diciembre de 2025","format":false,"excerpt":"https:\/\/www.youtube.com\/watch?v=5COm9TWCZ5o Por Ram\u00f3n Mercedes NUEVA YORK.- El congresista de origen dominicano Adriano Espaillat, representante del Distrito Congresual 13 de Nueva York, durante la entrega de reconocimientos a destacados quisqueyanos en la Gala de Prensa & Comunidad Hispana (PreCoHis), presidida por el periodista Ram\u00f3n Mercedes, destac\u00f3 que \u00abcon el avance profesional\u2026","rel":"","context":"En \u00abINTERNACIONALES\u00bb","block_context":{"text":"INTERNACIONALES","link":"https:\/\/lasprimeras.com.do\/index.php\/category\/sin-categoria\/internacionales\/"},"img":{"alt_text":"Congresista Espaillat destaca avance comunidad dominicana en NYC","src":"https:\/\/i0.wp.com\/lasprimeras.com.do\/wp-content\/uploads\/2025\/12\/Congresista-Espaillat-destaca-avance-comunidad-dominicana-en-NYC.jpg?resize=350%2C200&ssl=1","width":350,"height":200,"srcset":"https:\/\/i0.wp.com\/lasprimeras.com.do\/wp-content\/uploads\/2025\/12\/Congresista-Espaillat-destaca-avance-comunidad-dominicana-en-NYC.jpg?resize=350%2C200&ssl=1 1x, https:\/\/i0.wp.com\/lasprimeras.com.do\/wp-content\/uploads\/2025\/12\/Congresista-Espaillat-destaca-avance-comunidad-dominicana-en-NYC.jpg?resize=525%2C300&ssl=1 1.5x, https:\/\/i0.wp.com\/lasprimeras.com.do\/wp-content\/uploads\/2025\/12\/Congresista-Espaillat-destaca-avance-comunidad-dominicana-en-NYC.jpg?resize=700%2C400&ssl=1 2x, https:\/\/i0.wp.com\/lasprimeras.com.do\/wp-content\/uploads\/2025\/12\/Congresista-Espaillat-destaca-avance-comunidad-dominicana-en-NYC.jpg?resize=1050%2C600&ssl=1 3x, https:\/\/i0.wp.com\/lasprimeras.com.do\/wp-content\/uploads\/2025\/12\/Congresista-Espaillat-destaca-avance-comunidad-dominicana-en-NYC.jpg?resize=1400%2C800&ssl=1 4x"},"classes":[]},{"id":94932,"url":"https:\/\/lasprimeras.com.do\/index.php\/2025\/03\/07\/hallan-cadaver-de-hispana-en-una-maleta-en-nueva-york-ex-novio-arrestado\/","url_meta":{"origin":97611,"position":3},"title":"Hallan cad\u00e1ver de hispana en una maleta en Nueva York; ex novio arrestado","author":"Nelson Feliz","date":"7 de marzo de 2025","format":false,"excerpt":"Una joven latina que hab\u00eda sido reportada desaparecida en NYC fue encontrada muerta en una maleta en Yonkers. Su ex novio fue detenido como sospechoso. Pamela Alc\u00e1ntara, joven de 26 a\u00f1os que hab\u00eda sido reportada desaparecida el domingo en El Bronx (NYC), fue encontrada muerta en una maleta en Yonkers\u2026","rel":"","context":"En \u00abINTERNACIONALES\u00bb","block_context":{"text":"INTERNACIONALES","link":"https:\/\/lasprimeras.com.do\/index.php\/category\/sin-categoria\/internacionales\/"},"img":{"alt_text":"","src":"https:\/\/i0.wp.com\/lasprimeras.com.do\/wp-content\/uploads\/2025\/03\/HISPA.png?resize=350%2C200&ssl=1","width":350,"height":200},"classes":[]},{"id":97194,"url":"https:\/\/lasprimeras.com.do\/index.php\/2025\/04\/17\/denuncian-general-juan-p-ferreras-tiene-secuestrado-y-tortura-a-un-joven-en-la-vega\/","url_meta":{"origin":97611,"position":4},"title":"Denuncian general Juan P. Ferreras tiene secuestrado y tortura a un joven en La Vega","author":"Nelson Feliz","date":"17 de abril de 2025","format":false,"excerpt":"El director ejecutivo nacional del Consejo Nacional de los Derechos Humanos (Conadehu), Nelson Guti\u00e9rrez, denunci\u00f3 que el general Juan P. Ferreras Veras de la polic\u00eda Nacional, tiene secuestrado y torturado al joven \u00c1ngel Salvador \u00c1lvarez Ventura, en la dotaci\u00f3n policial de La Vega, en Rep\u00fablica Dominicana. Indic\u00f3, que seg\u00fan el\u2026","rel":"","context":"En \u00abNACIONALES\u00bb","block_context":{"text":"NACIONALES","link":"https:\/\/lasprimeras.com.do\/index.php\/category\/nacionales\/"},"img":{"alt_text":"Juan P. Ferreras","src":"https:\/\/i0.wp.com\/lasprimeras.com.do\/wp-content\/uploads\/2025\/04\/Juan-P.-Ferreras.jpg?resize=350%2C200&ssl=1","width":350,"height":200,"srcset":"https:\/\/i0.wp.com\/lasprimeras.com.do\/wp-content\/uploads\/2025\/04\/Juan-P.-Ferreras.jpg?resize=350%2C200&ssl=1 1x, https:\/\/i0.wp.com\/lasprimeras.com.do\/wp-content\/uploads\/2025\/04\/Juan-P.-Ferreras.jpg?resize=525%2C300&ssl=1 1.5x, https:\/\/i0.wp.com\/lasprimeras.com.do\/wp-content\/uploads\/2025\/04\/Juan-P.-Ferreras.jpg?resize=700%2C400&ssl=1 2x"},"classes":[]},{"id":100626,"url":"https:\/\/lasprimeras.com.do\/index.php\/2025\/06\/09\/congresista-espaillat-acude-ver-inmigrantes-presos-en-nyc-ice-le-impide-lo-vea\/","url_meta":{"origin":97611,"position":5},"title":"Congresista Espaillat acude ver inmigrantes presos en NYC; ICE le impide lo vea","author":"Nelson Feliz","date":"9 de junio de 2025","format":false,"excerpt":"Video: https:\/\/www.youtube.com\/watch?v=1uU-uGj6pWI NUEVA YORK.- El congresista Adriano Espaillat (NY-13) encabez\u00f3 una visita de supervisi\u00f3n al \u00e1rea de detenci\u00f3n del Servicio de Control de Inmigraci\u00f3n (ICE), ubicado en el 26 de Federal Plaza, en Down Town-Manhattan, en respuesta a graves denuncias de hacinamiento, calor extremo y condiciones inhumanas, como personas obligadas\u2026","rel":"","context":"En \u00abINTERNACIONALES\u00bb","block_context":{"text":"INTERNACIONALES","link":"https:\/\/lasprimeras.com.do\/index.php\/category\/sin-categoria\/internacionales\/"},"img":{"alt_text":"","src":"https:\/\/i0.wp.com\/lasprimeras.com.do\/wp-content\/uploads\/2025\/06\/WhatsApp-Image-2025-06-09-at-6.15.33-AM-3.jpeg?resize=350%2C200&ssl=1","width":350,"height":200,"srcset":"https:\/\/i0.wp.com\/lasprimeras.com.do\/wp-content\/uploads\/2025\/06\/WhatsApp-Image-2025-06-09-at-6.15.33-AM-3.jpeg?resize=350%2C200&ssl=1 1x, https:\/\/i0.wp.com\/lasprimeras.com.do\/wp-content\/uploads\/2025\/06\/WhatsApp-Image-2025-06-09-at-6.15.33-AM-3.jpeg?resize=525%2C300&ssl=1 1.5x, https:\/\/i0.wp.com\/lasprimeras.com.do\/wp-content\/uploads\/2025\/06\/WhatsApp-Image-2025-06-09-at-6.15.33-AM-3.jpeg?resize=700%2C400&ssl=1 2x"},"classes":[]}],"jetpack_sharing_enabled":true,"_links":{"self":[{"href":"https:\/\/lasprimeras.com.do\/index.php\/wp-json\/wp\/v2\/posts\/97611","targetHints":{"allow":["GET"]}}],"collection":[{"href":"https:\/\/lasprimeras.com.do\/index.php\/wp-json\/wp\/v2\/posts"}],"about":[{"href":"https:\/\/lasprimeras.com.do\/index.php\/wp-json\/wp\/v2\/types\/post"}],"author":[{"embeddable":true,"href":"https:\/\/lasprimeras.com.do\/index.php\/wp-json\/wp\/v2\/users\/10"}],"replies":[{"embeddable":true,"href":"https:\/\/lasprimeras.com.do\/index.php\/wp-json\/wp\/v2\/comments?post=97611"}],"version-history":[{"count":1,"href":"https:\/\/lasprimeras.com.do\/index.php\/wp-json\/wp\/v2\/posts\/97611\/revisions"}],"predecessor-version":[{"id":97613,"href":"https:\/\/lasprimeras.com.do\/index.php\/wp-json\/wp\/v2\/posts\/97611\/revisions\/97613"}],"wp:featuredmedia":[{"embeddable":true,"href":"https:\/\/lasprimeras.com.do\/index.php\/wp-json\/wp\/v2\/media\/97612"}],"wp:attachment":[{"href":"https:\/\/lasprimeras.com.do\/index.php\/wp-json\/wp\/v2\/media?parent=97611"}],"wp:term":[{"taxonomy":"category","embeddable":true,"href":"https:\/\/lasprimeras.com.do\/index.php\/wp-json\/wp\/v2\/categories?post=97611"},{"taxonomy":"post_tag","embeddable":true,"href":"https:\/\/lasprimeras.com.do\/index.php\/wp-json\/wp\/v2\/tags?post=97611"}],"curies":[{"name":"wp","href":"https:\/\/api.w.org\/{rel}","templated":true}]}}