{"id":97614,"date":"2025-04-24T09:44:47","date_gmt":"2025-04-24T13:44:47","guid":{"rendered":"https:\/\/lasprimeras.com.do\/?p=97614"},"modified":"2025-04-24T09:44:48","modified_gmt":"2025-04-24T13:44:48","slug":"mujeres-en-bicicletas-golpean-peatones-sin-piedad-en-manhattan","status":"publish","type":"post","link":"https:\/\/lasprimeras.com.do\/index.php\/2025\/04\/24\/mujeres-en-bicicletas-golpean-peatones-sin-piedad-en-manhattan\/","title":{"rendered":"Mujeres en bicicletas golpean peatones sin piedad en Manhattan"},"content":{"rendered":"\n<p>Por Ram\u00f3n Mercedes<\/p>\n\n\n\n<p>NUEVA YORK.- Dos mujeres de aspectos afroamericanas que transitan en bicicletas est\u00e1n golpeando transe\u00fantes sin piedad, entre ellos envejecientes, en los alrededores de la calle 79 con la Quinta avenida, en Manhattan.<\/p>\n\n\n\n<p>Seg\u00fan el Departamento de Polic\u00eda, las dos mujeres se acercaron a un hombre de 75 a\u00f1os, a una mujer de 72 a\u00f1os y a otra de 46. Al masculino lo golpearon en el ojo izquierdo y a las f\u00e9minas empujadas al suelo, golpe\u00e1ndose en distintas partes del cuerpo.<\/p>\n\n\n\n<p>Luego huyeron. Los incidentes han ocurrido en los \u00faltimos d\u00edas, se inform\u00f3. Por el \u00e1rea residen varias familias dominicanas. Las victimas no fueron identificadas por las autoridades.<\/p>\n\n\n\n<p>La polic\u00eda todav\u00eda est\u00e1 investigando y a\u00fan no ha realizado ning\u00fan arresto, pero ha publicado fotograf\u00edas de vigilancia de las sospechosas.<\/p>\n\n\n\n<p>Una de las mujeres que fue vista por \u00faltima vez vistiendo una chaqueta negra y pantalones de color oscuro, la segunda vistiendo una chaqueta negra y pantalones negros.<\/p>\n\n\n\n<p>La uniformada solicita a cualquier persona que tenga informaci\u00f3n sobre estos incidentes llamar a Crime Stoppers al 1-800-577-8477 o al 1-888-577-4782.<\/p>\n\n\n\n<p>El p\u00fablico tambi\u00e9n puede enviar sus pistas ingresando al sitio web de Crime Stoppers o en X (anteriormente Twitter) @NYPDTips.<\/p>\n","protected":false},"excerpt":{"rendered":"<p>Por Ram\u00f3n Mercedes NUEVA YORK.- Dos mujeres de aspectos afroamericanas que transitan en bicicletas est\u00e1n golpeando transe\u00fantes sin piedad, entre ellos envejecientes, en los alrededores de la calle 79 con&hellip;<\/p>\n","protected":false},"author":10,"featured_media":97615,"comment_status":"open","ping_status":"open","sticky":false,"template":"","format":"standard","meta":{"content-type":"","jetpack_post_was_ever_published":false,"_jetpack_newsletter_access":"","_jetpack_dont_email_post_to_subs":false,"_jetpack_newsletter_tier_id":0,"_jetpack_memberships_contains_paywalled_content":false,"_jetpack_memberships_contains_paid_content":false,"footnotes":""},"categories":[16289],"tags":[2894,19004,4465,836,4185],"class_list":["post-97614","post","type-post","status-publish","format-standard","has-post-thumbnail","hentry","category-internacionales","tag-bicicletas","tag-golpean","tag-manhattan","tag-mujeres","tag-peatones"],"jetpack_featured_media_url":"https:\/\/lasprimeras.com.do\/wp-content\/uploads\/2025\/04\/WhatsApp-Image-2025-04-24-at-6.07.06-AM.jpeg","jetpack-related-posts":[{"id":95877,"url":"https:\/\/lasprimeras.com.do\/index.php\/2025\/03\/21\/prontuario-de-delitos-y-crimenes-en-metro-ny-preocupa-a-mujeres-dominicanas-alto-manhattan\/","url_meta":{"origin":97614,"position":0},"title":"Prontuario de delitos y cr\u00edmenes en Metro NY preocupa a mujeres dominicanas Alto Manhattan","author":"Nelson Feliz","date":"21 de marzo de 2025","format":false,"excerpt":"Por Ram\u00f3n Mercedes NUEVA YORK.- Mujeres dominicanas en el Alto Manhattan que a diario abordan a diferentes horas el Metro en esta ciudad para dirigirse a sus trabajos y hacer diligencias, se muestran preocupadas por el prontuario de delitos y cr\u00edmenes que vienen ocurriendo en las diferentes l\u00edneas de trenes.\u2026","rel":"","context":"En \u00abINTERNACIONALES\u00bb","block_context":{"text":"INTERNACIONALES","link":"https:\/\/lasprimeras.com.do\/index.php\/category\/sin-categoria\/internacionales\/"},"img":{"alt_text":"Prontuario de delitos y cr\u00edmenes en Metro NY preocupa a mujeres dominicanas Alto Manhattan","src":"https:\/\/i0.wp.com\/lasprimeras.com.do\/wp-content\/uploads\/2025\/03\/WhatsApp-Image-2025-03-20-at-5.21.09-AM.jpeg?resize=350%2C200&ssl=1","width":350,"height":200,"srcset":"https:\/\/i0.wp.com\/lasprimeras.com.do\/wp-content\/uploads\/2025\/03\/WhatsApp-Image-2025-03-20-at-5.21.09-AM.jpeg?resize=350%2C200&ssl=1 1x, https:\/\/i0.wp.com\/lasprimeras.com.do\/wp-content\/uploads\/2025\/03\/WhatsApp-Image-2025-03-20-at-5.21.09-AM.jpeg?resize=525%2C300&ssl=1 1.5x, https:\/\/i0.wp.com\/lasprimeras.com.do\/wp-content\/uploads\/2025\/03\/WhatsApp-Image-2025-03-20-at-5.21.09-AM.jpeg?resize=700%2C400&ssl=1 2x"},"classes":[]},{"id":55306,"url":"https:\/\/lasprimeras.com.do\/index.php\/2023\/07\/19\/hispano-limpiador-de-supermercado-murio-a-golpes-en-calle-de-nueva-york\/","url_meta":{"origin":97614,"position":1},"title":"Hispano limpiador de supermercado muri\u00f3 a golpes en calle de Nueva York","author":"Nelson Feliz","date":"19 de julio de 2023","format":false,"excerpt":"Un hispano sin hogar fue acusado de matar a golpes con una tabla de madera a Bernardo Gonz\u00e1lez P\u00e9rez, empleado de 63 a\u00f1os que barr\u00eda la acera frente a un supermercado en Harlem (NYC). La v\u00edctima sufri\u00f3 varios cortes y contusiones en la cabeza. Carlos Ram\u00edrez, un hombre sin hogar,\u2026","rel":"","context":"En \u00abSin categor\u00eda\u00bb","block_context":{"text":"Sin categor\u00eda","link":"https:\/\/lasprimeras.com.do\/index.php\/category\/sin-categoria\/"},"img":{"alt_text":"","src":"https:\/\/i0.wp.com\/lasprimeras.com.do\/wp-content\/uploads\/2023\/07\/West.jpg?resize=350%2C200&ssl=1","width":350,"height":200,"srcset":"https:\/\/i0.wp.com\/lasprimeras.com.do\/wp-content\/uploads\/2023\/07\/West.jpg?resize=350%2C200&ssl=1 1x, https:\/\/i0.wp.com\/lasprimeras.com.do\/wp-content\/uploads\/2023\/07\/West.jpg?resize=525%2C300&ssl=1 1.5x, https:\/\/i0.wp.com\/lasprimeras.com.do\/wp-content\/uploads\/2023\/07\/West.jpg?resize=700%2C400&ssl=1 2x"},"classes":[]},{"id":64281,"url":"https:\/\/lasprimeras.com.do\/index.php\/2023\/10\/19\/golpeaba-brutalmente-a-mujeres-a-las-que-obligaba-a-prostituirse-acusacion-en-nueva-york\/","url_meta":{"origin":97614,"position":2},"title":"Golpeaba brutalmente a mujeres a las que obligaba a prostituirse: acusaci\u00f3n en Nueva York","author":"Nelson Feliz","date":"19 de octubre de 2023","format":false,"excerpt":"Un proxeneta apodado \u201cParadise\u201d (Para\u00edso) en realidad era un infierno para sus v\u00edctimas de tr\u00e1fico sexual, alegan los fiscales federales en Brooklyn (NYC). Cuando no lo obedec\u00edan recurr\u00eda a la brutalidad, incluyendo batazos y rotura de dientes. Adem\u00e1s lo describ\u00eda en llamadas telef\u00f3nicas grabadas. Douglas Welsh, proxeneta detenido apodado \u201cParadise\u201d\u2026","rel":"","context":"En \u00abSin categor\u00eda\u00bb","block_context":{"text":"Sin categor\u00eda","link":"https:\/\/lasprimeras.com.do\/index.php\/category\/sin-categoria\/"},"img":{"alt_text":"Corte Federal de Brooklyn, NYC","src":"https:\/\/i0.wp.com\/lasprimeras.com.do\/wp-content\/uploads\/2023\/10\/Corte-Federal-de-Brooklyn-NYC.jpg?resize=350%2C200&ssl=1","width":350,"height":200,"srcset":"https:\/\/i0.wp.com\/lasprimeras.com.do\/wp-content\/uploads\/2023\/10\/Corte-Federal-de-Brooklyn-NYC.jpg?resize=350%2C200&ssl=1 1x, https:\/\/i0.wp.com\/lasprimeras.com.do\/wp-content\/uploads\/2023\/10\/Corte-Federal-de-Brooklyn-NYC.jpg?resize=525%2C300&ssl=1 1.5x, https:\/\/i0.wp.com\/lasprimeras.com.do\/wp-content\/uploads\/2023\/10\/Corte-Federal-de-Brooklyn-NYC.jpg?resize=700%2C400&ssl=1 2x"},"classes":[]},{"id":96065,"url":"https:\/\/lasprimeras.com.do\/index.php\/2025\/03\/25\/repartidor-en-bicicleta-electrica-atropella-de-manera-mortal-hispano-en-brooklyn\/","url_meta":{"origin":97614,"position":3},"title":"Repartidor en bicicleta el\u00e9ctrica atropella de manera mortal hispano en Brooklyn","author":"Nelson Feliz","date":"25 de marzo de 2025","format":false,"excerpt":"Por Ram\u00f3n Mercedes NUEVA YORK.- El hispano Luis Cruz, de 49 a\u00f1os, presuntamente dominicano, al desmontarse de su veh\u00edculo en la intersecci\u00f3n de las calles Franklin e India en Greenpoint, Brooklyn, fue arrollado de muerte por un repartidor de alimentos mientras conduc\u00eda una bicicleta el\u00e9ctrica a alta velocidad. El ciclista,\u2026","rel":"","context":"En \u00abINTERNACIONALES\u00bb","block_context":{"text":"INTERNACIONALES","link":"https:\/\/lasprimeras.com.do\/index.php\/category\/sin-categoria\/internacionales\/"},"img":{"alt_text":"Repartidor en bicicleta el\u00e9ctrica atropella de manera mortal hispano en Brooklyn","src":"https:\/\/i0.wp.com\/lasprimeras.com.do\/wp-content\/uploads\/2025\/03\/WhatsApp-Image-2025-03-25-at-7.22.00-AM-2.jpeg?resize=350%2C200&ssl=1","width":350,"height":200,"srcset":"https:\/\/i0.wp.com\/lasprimeras.com.do\/wp-content\/uploads\/2025\/03\/WhatsApp-Image-2025-03-25-at-7.22.00-AM-2.jpeg?resize=350%2C200&ssl=1 1x, https:\/\/i0.wp.com\/lasprimeras.com.do\/wp-content\/uploads\/2025\/03\/WhatsApp-Image-2025-03-25-at-7.22.00-AM-2.jpeg?resize=525%2C300&ssl=1 1.5x"},"classes":[]},{"id":100844,"url":"https:\/\/lasprimeras.com.do\/index.php\/2025\/06\/12\/desconocidos-golpean-y-desprenden-violentamente-prenda-a-envejecientes-en-el-alto-manhattan\/","url_meta":{"origin":97614,"position":4},"title":"Desconocidos golpean y desprenden violentamente prenda a envejecientes en el Alto Manhattan","author":"Nelson Feliz","date":"12 de junio de 2025","format":false,"excerpt":"Por Ram\u00f3n Mercedes NUEVA YORK.- Tres j\u00f3venes desconocidos arrancaron violentamente en el Alto Manhattan una cadena valorada en US$5,000 mil d\u00f3lares (equivalente a unos RD$300 mil pesos dominicanos), a un envejeciente de 62. La polic\u00eda no identific\u00f3 la nacionalidad ni dio a conocer el nombre de la v\u00edctima. Por el\u2026","rel":"","context":"En \u00abINTERNACIONALES\u00bb","block_context":{"text":"INTERNACIONALES","link":"https:\/\/lasprimeras.com.do\/index.php\/category\/sin-categoria\/internacionales\/"},"img":{"alt_text":"","src":"https:\/\/i0.wp.com\/lasprimeras.com.do\/wp-content\/uploads\/2025\/06\/WhatsApp-Image-2025-06-12-at-5.10.49-AM-3.jpeg?resize=350%2C200&ssl=1","width":350,"height":200,"srcset":"https:\/\/i0.wp.com\/lasprimeras.com.do\/wp-content\/uploads\/2025\/06\/WhatsApp-Image-2025-06-12-at-5.10.49-AM-3.jpeg?resize=350%2C200&ssl=1 1x, https:\/\/i0.wp.com\/lasprimeras.com.do\/wp-content\/uploads\/2025\/06\/WhatsApp-Image-2025-06-12-at-5.10.49-AM-3.jpeg?resize=525%2C300&ssl=1 1.5x, https:\/\/i0.wp.com\/lasprimeras.com.do\/wp-content\/uploads\/2025\/06\/WhatsApp-Image-2025-06-12-at-5.10.49-AM-3.jpeg?resize=700%2C400&ssl=1 2x"},"classes":[]},{"id":129249,"url":"https:\/\/lasprimeras.com.do\/index.php\/2026\/05\/01\/hieren-y-disparan-a-dominicano-durante-intento-de-asalto-en-alto-manhattan\/","url_meta":{"origin":97614,"position":5},"title":"Hieren y disparan a dominicano durante intento de asalto en Alto Manhattan","author":"Nelson Feliz","date":"1 de mayo de 2026","format":false,"excerpt":"Por Ram\u00f3n Mercedes NUEVA YORK.- En los \u00faltimos tiempos, en los vecindarios de Washington Heights e Inwood, en Alto Manhattan, delincuentes han agredido, herido y asesinado a dominicanos para despojarlos de las prendas que exhiben. El \u00faltimo incidente ocurri\u00f3 este mi\u00e9rcoles en Broadway con la calle 2027, cuando dos sospechosos\u2026","rel":"","context":"En \u00abINTERNACIONALES\u00bb","block_context":{"text":"INTERNACIONALES","link":"https:\/\/lasprimeras.com.do\/index.php\/category\/sin-categoria\/internacionales\/"},"img":{"alt_text":"","src":"","width":0,"height":0},"classes":[]}],"jetpack_sharing_enabled":true,"_links":{"self":[{"href":"https:\/\/lasprimeras.com.do\/index.php\/wp-json\/wp\/v2\/posts\/97614","targetHints":{"allow":["GET"]}}],"collection":[{"href":"https:\/\/lasprimeras.com.do\/index.php\/wp-json\/wp\/v2\/posts"}],"about":[{"href":"https:\/\/lasprimeras.com.do\/index.php\/wp-json\/wp\/v2\/types\/post"}],"author":[{"embeddable":true,"href":"https:\/\/lasprimeras.com.do\/index.php\/wp-json\/wp\/v2\/users\/10"}],"replies":[{"embeddable":true,"href":"https:\/\/lasprimeras.com.do\/index.php\/wp-json\/wp\/v2\/comments?post=97614"}],"version-history":[{"count":1,"href":"https:\/\/lasprimeras.com.do\/index.php\/wp-json\/wp\/v2\/posts\/97614\/revisions"}],"predecessor-version":[{"id":97616,"href":"https:\/\/lasprimeras.com.do\/index.php\/wp-json\/wp\/v2\/posts\/97614\/revisions\/97616"}],"wp:featuredmedia":[{"embeddable":true,"href":"https:\/\/lasprimeras.com.do\/index.php\/wp-json\/wp\/v2\/media\/97615"}],"wp:attachment":[{"href":"https:\/\/lasprimeras.com.do\/index.php\/wp-json\/wp\/v2\/media?parent=97614"}],"wp:term":[{"taxonomy":"category","embeddable":true,"href":"https:\/\/lasprimeras.com.do\/index.php\/wp-json\/wp\/v2\/categories?post=97614"},{"taxonomy":"post_tag","embeddable":true,"href":"https:\/\/lasprimeras.com.do\/index.php\/wp-json\/wp\/v2\/tags?post=97614"}],"curies":[{"name":"wp","href":"https:\/\/api.w.org\/{rel}","templated":true}]}}