{"id":97674,"date":"2025-04-24T09:46:16","date_gmt":"2025-04-24T13:46:16","guid":{"rendered":"https:\/\/lasprimeras.com.do\/?p=97674"},"modified":"2025-04-25T09:51:20","modified_gmt":"2025-04-25T13:51:20","slug":"parlacen-sesiona-en-republica-dominicana-con-emotivo-homenaje-en-la-zona-cero","status":"publish","type":"post","link":"https:\/\/lasprimeras.com.do\/index.php\/2025\/04\/24\/parlacen-sesiona-en-republica-dominicana-con-emotivo-homenaje-en-la-zona-cero\/","title":{"rendered":"PARLACEN sesiona en Rep\u00fablica Dominicana con emotivo homenaje en la Zona Cero"},"content":{"rendered":"\n<p>El Parlamento Centroamericano (PARLACEN) inici\u00f3 oficialmente su per\u00edodo de sesiones en la Rep\u00fablica Dominicana y se extender\u00e1 hasta el d\u00eda 30 del mismo mes.<\/p>\n\n\n\n<p>Esta importante jornada parlamentaria re\u00fane a la totalidad de los diputados regionales del \u00f3rgano legislativo del Sistema de la Integraci\u00f3n Centroamericana (SICA), y combina un profundo gesto de solidaridad con una agenda centrada en temas clave para la regi\u00f3n.<\/p>\n\n\n\n<p>Como primer acto oficial, los parlamentarios visitaron la denominada \u201cZona Cero\u201d, lugar donde el pasado 8 de abril se desplom\u00f3 el techo de la reconocida discoteca Jet Set, ubicada en el kil\u00f3metro 6 de la Carretera S\u00e1nchez, en el sector El Portal. Este tr\u00e1gico suceso cobr\u00f3 la vida de 232 personas, enlutando a la naci\u00f3n y provocando un sentimiento de conmoci\u00f3n y dolor compartido a nivel regional.<\/p>\n\n\n\n<p>La delegaci\u00f3n del PARLACEN, encabezada por su presidente, el honorable diputado salvadore\u00f1o Carlos Hern\u00e1ndez, rindi\u00f3 un sentido homenaje a las v\u00edctimas.<\/p>\n\n\n\n<p>Durante la ceremonia, realizada a las 8:30 de la ma\u00f1ana del jueves 24 de abril, se depositaron flores y velas en memoria de los fallecidos.<\/p>\n\n\n\n<p>En su discurso, Hern\u00e1ndez expres\u00f3 su profundo pesar y solidaridad con las familias afectadas, destacando el compromiso del Parlamento Centroamericano con la hermandad y la unidad regional ante las adversidades.<\/p>\n\n\n\n<p>\u201cEl dolor del pueblo dominicano es tambi\u00e9n nuestro dolor. Como representantes de los pueblos de Centroam\u00e9rica y Rep\u00fablica Dominicana, estamos aqu\u00ed no solo para sesionar, sino para abrazar a quienes hoy lloran una p\u00e9rdida irreparable\u201d, manifest\u00f3 el presidente del \u00f3rgano regional.<\/p>\n\n\n\n<p>Foros de alto impacto regional<\/p>\n\n\n\n<p>Durante su intervenci\u00f3n, Hern\u00e1ndez tambi\u00e9n anunci\u00f3 la realizaci\u00f3n de tres importantes foros regionales, como parte de la agenda de trabajo del PARLACEN en territorio dominicano. Estos foros se desarrollar\u00e1n los d\u00edas 28 y 29 de abril en el Congreso Nacional, y abordar\u00e1n temas clave para el desarrollo y la seguridad de la regi\u00f3n:<\/p>\n\n\n\n<ol class=\"wp-block-list\">\n<li>Potencial inmobiliario en la regi\u00f3n SICA: Analizar\u00e1 oportunidades de inversi\u00f3n, urbanismo sostenible y crecimiento ordenado en los pa\u00edses miembros.<\/li>\n\n\n\n<li>Migraci\u00f3n regional: Un espacio para discutir desaf\u00edos comunes, pol\u00edticas coordinadas y soluciones humanitarias frente a los flujos migratorios.<\/li>\n\n\n\n<li>Ciberseguridad: Di\u00e1logo sobre la protecci\u00f3n digital de los Estados, prevenci\u00f3n de delitos cibern\u00e9ticos y la creaci\u00f3n de marcos normativos compartidos.<\/li>\n<\/ol>\n\n\n\n<p>Estos foros contar\u00e1n con la participaci\u00f3n de expertos, legisladores, representantes de organismos internacionales y miembros de la sociedad civil.<\/p>\n\n\n\n<p>Sesi\u00f3n plenaria en el Senado<\/p>\n\n\n\n<p>El mi\u00e9rcoles 30 de abril, como acto culminante del per\u00edodo de sesiones, los diputados regionales celebrar\u00e1n una sesi\u00f3n solemne en el auditorio del Senado de la Rep\u00fablica Dominicana, a partir de las 10:00 de la ma\u00f1ana.<\/p>\n\n\n\n<p>Esta sesi\u00f3n contar\u00e1 con la presencia de los 125 parlamentarios que conforman el PARLACEN, provenientes de El Salvador, Panam\u00e1, Nicaragua, Honduras, Guatemala y Rep\u00fablica Dominicana.<\/p>\n\n\n\n<p>Con esta visita, el Parlamento Centroamericano reafirma su compromiso con la democracia, la integraci\u00f3n y el bienestar de los pueblos que representa.<\/p>\n\n\n\n<p>La presencia activa del PARLACEN en suelo dominicano no solo fortalece los lazos institucionales, sino que tambi\u00e9n env\u00eda un mensaje claro de unidad y solidaridad en los momentos m\u00e1s dif\u00edciles.<\/p>\n","protected":false},"excerpt":{"rendered":"<p>El Parlamento Centroamericano (PARLACEN) inici\u00f3 oficialmente su per\u00edodo de sesiones en la Rep\u00fablica Dominicana y se extender\u00e1 hasta el d\u00eda 30 del mismo mes. Esta importante jornada parlamentaria re\u00fane a&hellip;<\/p>\n","protected":false},"author":10,"featured_media":97675,"comment_status":"open","ping_status":"open","sticky":false,"template":"","format":"standard","meta":{"content-type":"","jetpack_post_was_ever_published":false,"_jetpack_newsletter_access":"","_jetpack_dont_email_post_to_subs":false,"_jetpack_newsletter_tier_id":0,"_jetpack_memberships_contains_paywalled_content":false,"_jetpack_memberships_contains_paid_content":false,"footnotes":""},"categories":[35],"tags":[5243,2138,1226,16317],"class_list":["post-97674","post","type-post","status-publish","format-standard","has-post-thumbnail","hentry","category-nacionales","tag-homenaje","tag-parlacen","tag-republica-dominicana","tag-zona-cero"],"jetpack_featured_media_url":"https:\/\/lasprimeras.com.do\/wp-content\/uploads\/2025\/04\/parlacem.jpg","jetpack-related-posts":[{"id":127273,"url":"https:\/\/lasprimeras.com.do\/index.php\/2026\/04\/09\/parlacen-rinde-homenaje-a-victimas-de-tragedia-del-8-de-abril\/","url_meta":{"origin":97674,"position":0},"title":"PARLACEN rinde homenaje a v\u00edctimas de tragedia del 8 de abril","author":"Nelson Feliz","date":"9 de abril de 2026","format":false,"excerpt":"En el marco de la reuni\u00f3n ordinaria de la Bancada Parlamentaria Dominicana ante el Parlamento Centroamericano (PARLACEN), los diputados guardaron un minuto de silencio en memoria de las personas fallecidas en la tragedia ocurrida el pasado 8 de abril de 2025. El solemne acto form\u00f3 parte de la agenda oficial\u2026","rel":"","context":"En \u00abPOLITICA\u00bb","block_context":{"text":"POLITICA","link":"https:\/\/lasprimeras.com.do\/index.php\/category\/politica\/"},"img":{"alt_text":"PARLACEN","src":"https:\/\/i0.wp.com\/lasprimeras.com.do\/wp-content\/uploads\/2026\/04\/PARLACEN.jpg?resize=350%2C200&ssl=1","width":350,"height":200,"srcset":"https:\/\/i0.wp.com\/lasprimeras.com.do\/wp-content\/uploads\/2026\/04\/PARLACEN.jpg?resize=350%2C200&ssl=1 1x, https:\/\/i0.wp.com\/lasprimeras.com.do\/wp-content\/uploads\/2026\/04\/PARLACEN.jpg?resize=525%2C300&ssl=1 1.5x, https:\/\/i0.wp.com\/lasprimeras.com.do\/wp-content\/uploads\/2026\/04\/PARLACEN.jpg?resize=700%2C400&ssl=1 2x"},"classes":[]},{"id":97511,"url":"https:\/\/lasprimeras.com.do\/index.php\/2025\/04\/22\/parlacen-desarrollara-agenda-inmobiliaria-en-rd\/","url_meta":{"origin":97674,"position":1},"title":"Parlacen desarrollar\u00e1 agenda inmobiliaria en RD","author":"Nelson Feliz","date":"22 de abril de 2025","format":false,"excerpt":"Una intensa y trascendental agenda desarrollar\u00e1 el Parlamento Centroamericano (Parlacen) del 23 al 30 de abril en Rep\u00fablica Dominicana, con la participaci\u00f3n de 120 diputados de seis pa\u00edses de la regi\u00f3n. Las actividades, en su mayor\u00eda a celebrarse en el Auditorio del Senado y la C\u00e1mara de Diputados, incluyen eventos\u2026","rel":"","context":"En \u00abPOLITICA\u00bb","block_context":{"text":"POLITICA","link":"https:\/\/lasprimeras.com.do\/index.php\/category\/politica\/"},"img":{"alt_text":"Parlacen","src":"https:\/\/i0.wp.com\/lasprimeras.com.do\/wp-content\/uploads\/2025\/04\/Parlacen.jpg?resize=350%2C200&ssl=1","width":350,"height":200,"srcset":"https:\/\/i0.wp.com\/lasprimeras.com.do\/wp-content\/uploads\/2025\/04\/Parlacen.jpg?resize=350%2C200&ssl=1 1x, https:\/\/i0.wp.com\/lasprimeras.com.do\/wp-content\/uploads\/2025\/04\/Parlacen.jpg?resize=525%2C300&ssl=1 1.5x"},"classes":[]},{"id":107694,"url":"https:\/\/lasprimeras.com.do\/index.php\/2025\/08\/29\/parlacen-aprueba-creacion-una-bolsa-de-valores-centroamericana-y-del-caribe\/","url_meta":{"origin":97674,"position":2},"title":"PARLACEN aprueba creaci\u00f3n una Bolsa de Valores Centroamericana y del Caribe","author":"Nelson Feliz","date":"29 de agosto de 2025","format":false,"excerpt":"La diputada por la Uni\u00f3n Dem\u00f3crata Cristiana \u2013UDC- exhorta al Gobierno dominicano a liderar la iniciativa de crear una bolsa de valores Centroamericana y del Caribe, y proponer al pa\u00eds como sede de la futura Bolsa Regional. San Salvador, El Salvador.- La Asamblea Plenaria del Parlamento Centroamericano (PARLACEN), reunida esta\u2026","rel":"","context":"En \u00abPOLITICA\u00bb","block_context":{"text":"POLITICA","link":"https:\/\/lasprimeras.com.do\/index.php\/category\/politica\/"},"img":{"alt_text":"","src":"https:\/\/i0.wp.com\/lasprimeras.com.do\/wp-content\/uploads\/2025\/08\/Krimilda-Acosta.jpg?resize=350%2C200&ssl=1","width":350,"height":200,"srcset":"https:\/\/i0.wp.com\/lasprimeras.com.do\/wp-content\/uploads\/2025\/08\/Krimilda-Acosta.jpg?resize=350%2C200&ssl=1 1x, https:\/\/i0.wp.com\/lasprimeras.com.do\/wp-content\/uploads\/2025\/08\/Krimilda-Acosta.jpg?resize=525%2C300&ssl=1 1.5x"},"classes":[]},{"id":110569,"url":"https:\/\/lasprimeras.com.do\/index.php\/2025\/09\/29\/parlacen-llama-a-dialogo-con-el-salvador-y-afirma-que-la-integracion-regional-no-se-puede-fragmentar-2\/","url_meta":{"origin":97674,"position":3},"title":"Parlacen llama a di\u00e1logo con El Salvador y afirma que la integraci\u00f3n regional no se puede fragmentar","author":"Nelson Feliz","date":"29 de septiembre de 2025","format":false,"excerpt":"El \u00f3rgano pol\u00edtico del SICA record\u00f3 el principio de indivisibilidad, establecido por la Corte Centroamericana de Justicia en 2010, como base de la integraci\u00f3n regional. Ciudad de Guatemala.- El Parlamento Centroamericano (Parlacen) hizo un llamado al di\u00e1logo institucional con El Salvador y subray\u00f3 que la integraci\u00f3n centroamericana debe preservarse bajo\u2026","rel":"","context":"En \u00abPOLITICA\u00bb","block_context":{"text":"POLITICA","link":"https:\/\/lasprimeras.com.do\/index.php\/category\/politica\/"},"img":{"alt_text":"","src":"https:\/\/i0.wp.com\/lasprimeras.com.do\/wp-content\/uploads\/2025\/09\/Esmeralda-Mancebo.jpg?resize=350%2C200&ssl=1","width":350,"height":200,"srcset":"https:\/\/i0.wp.com\/lasprimeras.com.do\/wp-content\/uploads\/2025\/09\/Esmeralda-Mancebo.jpg?resize=350%2C200&ssl=1 1x, https:\/\/i0.wp.com\/lasprimeras.com.do\/wp-content\/uploads\/2025\/09\/Esmeralda-Mancebo.jpg?resize=525%2C300&ssl=1 1.5x, https:\/\/i0.wp.com\/lasprimeras.com.do\/wp-content\/uploads\/2025\/09\/Esmeralda-Mancebo.jpg?resize=700%2C400&ssl=1 2x"},"classes":[]},{"id":108192,"url":"https:\/\/lasprimeras.com.do\/index.php\/2025\/09\/03\/parlacen-llama-a-dialogo-con-el-salvador-y-afirma-que-la-integracion-regional-no-se-puede-fragmentar\/","url_meta":{"origin":97674,"position":4},"title":"Parlacen llama a di\u00e1logo con El Salvador y afirma que la integraci\u00f3n regional no se puede fragmentar","author":"Nelson Feliz","date":"3 de septiembre de 2025","format":false,"excerpt":"El \u00f3rgano pol\u00edtico del SICA record\u00f3 el principio de indivisibilidad, establecido por la Corte Centroamericana de Justicia en 2010, como base de la integraci\u00f3n regional. Ciudad de Guatemala.- El Parlamento Centroamericano (Parlacen) hizo un llamado al di\u00e1logo institucional con El Salvador y subray\u00f3 que la integraci\u00f3n centroamericana debe preservarse bajo\u2026","rel":"","context":"En \u00abPOLITICA\u00bb","block_context":{"text":"POLITICA","link":"https:\/\/lasprimeras.com.do\/index.php\/category\/politica\/"},"img":{"alt_text":"","src":"https:\/\/i0.wp.com\/lasprimeras.com.do\/wp-content\/uploads\/2025\/09\/parlacen.jpg?resize=350%2C200&ssl=1","width":350,"height":200,"srcset":"https:\/\/i0.wp.com\/lasprimeras.com.do\/wp-content\/uploads\/2025\/09\/parlacen.jpg?resize=350%2C200&ssl=1 1x, https:\/\/i0.wp.com\/lasprimeras.com.do\/wp-content\/uploads\/2025\/09\/parlacen.jpg?resize=525%2C300&ssl=1 1.5x, https:\/\/i0.wp.com\/lasprimeras.com.do\/wp-content\/uploads\/2025\/09\/parlacen.jpg?resize=700%2C400&ssl=1 2x"},"classes":[]},{"id":88047,"url":"https:\/\/lasprimeras.com.do\/index.php\/2024\/08\/21\/juramentan-bancadas-parlamentarias-de-panama-y-republica-dominicana-en-el-senado-dominicano\/","url_meta":{"origin":97674,"position":5},"title":"Juramentan Bancadas Parlamentarias de Panam\u00e1 y Rep\u00fablica Dominicana en el Senado dominicano","author":"Nelson Feliz","date":"21 de agosto de 2024","format":false,"excerpt":"Con un acto protocolar se llev\u00f3 a cabo la juramentaci\u00f3n de las y los integrantes de las Bancadas Parlamentarias de la Rep\u00fablica de Panam\u00e1 y de la Rep\u00fablica Dominicana, en el auditorio del Senado Dominicano. El evento fue encabezado por el Presidente en funciones, Guillermo Daniel Ortega Reyes; en la\u2026","rel":"","context":"En \u00abPORTADA\u00bb","block_context":{"text":"PORTADA","link":"https:\/\/lasprimeras.com.do\/index.php\/category\/portada\/"},"img":{"alt_text":"diputados parlamentarios","src":"https:\/\/i0.wp.com\/lasprimeras.com.do\/wp-content\/uploads\/2024\/08\/diputados-parlamentarios.jpeg?resize=350%2C200&ssl=1","width":350,"height":200,"srcset":"https:\/\/i0.wp.com\/lasprimeras.com.do\/wp-content\/uploads\/2024\/08\/diputados-parlamentarios.jpeg?resize=350%2C200&ssl=1 1x, https:\/\/i0.wp.com\/lasprimeras.com.do\/wp-content\/uploads\/2024\/08\/diputados-parlamentarios.jpeg?resize=525%2C300&ssl=1 1.5x, https:\/\/i0.wp.com\/lasprimeras.com.do\/wp-content\/uploads\/2024\/08\/diputados-parlamentarios.jpeg?resize=700%2C400&ssl=1 2x, https:\/\/i0.wp.com\/lasprimeras.com.do\/wp-content\/uploads\/2024\/08\/diputados-parlamentarios.jpeg?resize=1050%2C600&ssl=1 3x, https:\/\/i0.wp.com\/lasprimeras.com.do\/wp-content\/uploads\/2024\/08\/diputados-parlamentarios.jpeg?resize=1400%2C800&ssl=1 4x"},"classes":[]}],"jetpack_sharing_enabled":true,"_links":{"self":[{"href":"https:\/\/lasprimeras.com.do\/index.php\/wp-json\/wp\/v2\/posts\/97674","targetHints":{"allow":["GET"]}}],"collection":[{"href":"https:\/\/lasprimeras.com.do\/index.php\/wp-json\/wp\/v2\/posts"}],"about":[{"href":"https:\/\/lasprimeras.com.do\/index.php\/wp-json\/wp\/v2\/types\/post"}],"author":[{"embeddable":true,"href":"https:\/\/lasprimeras.com.do\/index.php\/wp-json\/wp\/v2\/users\/10"}],"replies":[{"embeddable":true,"href":"https:\/\/lasprimeras.com.do\/index.php\/wp-json\/wp\/v2\/comments?post=97674"}],"version-history":[{"count":1,"href":"https:\/\/lasprimeras.com.do\/index.php\/wp-json\/wp\/v2\/posts\/97674\/revisions"}],"predecessor-version":[{"id":97676,"href":"https:\/\/lasprimeras.com.do\/index.php\/wp-json\/wp\/v2\/posts\/97674\/revisions\/97676"}],"wp:featuredmedia":[{"embeddable":true,"href":"https:\/\/lasprimeras.com.do\/index.php\/wp-json\/wp\/v2\/media\/97675"}],"wp:attachment":[{"href":"https:\/\/lasprimeras.com.do\/index.php\/wp-json\/wp\/v2\/media?parent=97674"}],"wp:term":[{"taxonomy":"category","embeddable":true,"href":"https:\/\/lasprimeras.com.do\/index.php\/wp-json\/wp\/v2\/categories?post=97674"},{"taxonomy":"post_tag","embeddable":true,"href":"https:\/\/lasprimeras.com.do\/index.php\/wp-json\/wp\/v2\/tags?post=97674"}],"curies":[{"name":"wp","href":"https:\/\/api.w.org\/{rel}","templated":true}]}}