{"id":97707,"date":"2025-04-25T22:53:08","date_gmt":"2025-04-26T02:53:08","guid":{"rendered":"https:\/\/lasprimeras.com.do\/?p=97707"},"modified":"2025-04-25T22:53:10","modified_gmt":"2025-04-26T02:53:10","slug":"eudis-el-invencible-regresa-con-su-nuevo-sencillo-dices-que-me-quieres","status":"publish","type":"post","link":"https:\/\/lasprimeras.com.do\/index.php\/2025\/04\/25\/eudis-el-invencible-regresa-con-su-nuevo-sencillo-dices-que-me-quieres\/","title":{"rendered":"Eudis El Invencible regresa con su nuevo sencillo &#8220;Dices que me quieres&#8221;"},"content":{"rendered":"\n<p class=\"wp-block-paragraph\"><strong>La bachata recibe con entusiasmo el regreso de una de sus figuras m\u00e1s carism\u00e1ticas.<\/strong><\/p>\n\n\n\n<p class=\"wp-block-paragraph\">El reconocido bachatero Eudis Alc\u00e1ntara, mejor conocido como Eudis El Invencible o el Shoy Man de la Bachata, est\u00e1 de vuelta en la escena musical con su m\u00e1s reciente sencillo \u201cDices que me quieres\u201d, una bachata cargada de amor, duda y verdad que ya est\u00e1 disponible en todas las plataformas digitales.<\/p>\n\n\n\n<p class=\"wp-block-paragraph\">Con su estilo inconfundible y su energ\u00eda \u00fanica en el escenario, Eudis reafirma por qu\u00e9 se ha ganado un lugar especial en el coraz\u00f3n de los amantes del g\u00e9nero.<\/p>\n\n\n\n<p class=\"wp-block-paragraph\">En esta nueva propuesta, combina una l\u00edrica emotiva con el ritmo cl\u00e1sico de la bachata moderna, marcando un nuevo cap\u00edtulo en su carrera art\u00edstica.<\/p>\n\n\n\n<p class=\"wp-block-paragraph\">\u201cDices que me quieres\u201d es m\u00e1s que una canci\u00f3n: es una declaraci\u00f3n sincera que conecta con quienes han amado, dudado y buscado respuestas en el amor. El sencillo promete posicionarse r\u00e1pidamente entre los favoritos del p\u00fablico, gracias al carisma y autenticidad que caracterizan al artista.<\/p>\n\n\n\n<p class=\"wp-block-paragraph\">Con una trayectoria s\u00f3lida y presentaciones inolvidables, Eudis El Invencible demuestra que est\u00e1 m\u00e1s vigente que nunca y listo para seguir conquistando escenarios dentro y fuera del pa\u00eds.<\/p>\n","protected":false},"excerpt":{"rendered":"<p>La bachata recibe con entusiasmo el regreso de una de sus figuras m\u00e1s carism\u00e1ticas. El reconocido bachatero Eudis Alc\u00e1ntara, mejor conocido como Eudis El Invencible o el Shoy Man de&hellip;<\/p>\n","protected":false},"author":2,"featured_media":97708,"comment_status":"open","ping_status":"open","sticky":false,"template":"","format":"standard","meta":{"content-type":"","_jetpack_newsletter_access":"","_jetpack_dont_email_post_to_subs":false,"_jetpack_newsletter_tier_id":0,"_jetpack_memberships_contains_paywalled_content":false,"_jetpack_feature_clip_id":0,"_jetpack_memberships_contains_paid_content":false,"footnotes":"","jetpack_post_was_ever_published":false},"categories":[84],"tags":[19028,19027,2647],"class_list":["post-97707","post","type-post","status-publish","format-standard","has-post-thumbnail","hentry","category-entretenimiento","tag-dices-que-me-quieres","tag-eudis-el-invencible","tag-sencillo"],"jetpack-related-posts":[{"id":111225,"url":"https:\/\/lasprimeras.com.do\/index.php\/2025\/10\/06\/leonardo-aguilera-resalta-la-hospitalidad-dominicana-que-atrae-a-los-visitantes-extranjeros\/","url_meta":{"origin":97707,"position":0},"title":"Leonardo Aguilera resalta la hospitalidad dominicana que atrae a los visitantes extranjeros","author":"Nelson Feliz","date":"6 de octubre de 2025","format":false,"excerpt":"El presidente ejecutivo del Banco de Reservas, doctor Leonardo Aguilera, destac\u00f3 la hospitalidad del pueblo dominicano hacia los visitantes extranjeros que hace que se sientan como hermanos. Dijo, adem\u00e1s, que la alegr\u00eda del dominicano, el merengue y la bachata han contagiado a gran parte del mundo, por lo que cada\u2026","rel":"","context":"En \u00abECONOM\u00cdA\u00bb","block_context":{"text":"ECONOM\u00cdA","link":"https:\/\/lasprimeras.com.do\/index.php\/category\/economia\/"},"img":{"alt_text":"Leonardo Aguilera","src":"https:\/\/i0.wp.com\/lasprimeras.com.do\/wp-content\/uploads\/2025\/10\/Leonardo-Aguilera.jpg?resize=350%2C200&ssl=1","width":350,"height":200,"srcset":"https:\/\/i0.wp.com\/lasprimeras.com.do\/wp-content\/uploads\/2025\/10\/Leonardo-Aguilera.jpg?resize=350%2C200&ssl=1 1x, https:\/\/i0.wp.com\/lasprimeras.com.do\/wp-content\/uploads\/2025\/10\/Leonardo-Aguilera.jpg?resize=525%2C300&ssl=1 1.5x, https:\/\/i0.wp.com\/lasprimeras.com.do\/wp-content\/uploads\/2025\/10\/Leonardo-Aguilera.jpg?resize=700%2C400&ssl=1 2x"},"classes":[]},{"id":80743,"url":"https:\/\/lasprimeras.com.do\/index.php\/2024\/04\/11\/de-periodista-a-bachatero-norby-montero-presenta-su-sencillo-donde-esta-el-amor\/","url_meta":{"origin":97707,"position":1},"title":"De periodista a bachatero; Norby Montero presenta su sencillo \u201cD\u00f3nde est\u00e1 el amor\u201d","author":"Nelson Feliz","date":"11 de abril de 2024","format":false,"excerpt":"Se trata de una canci\u00f3n in\u00e9dita de corte moderno. El periodista Norberto Montero Encarnaci\u00f3n, conocido art\u00edsticamente como \u201cNorby Montero, lanz\u00f3 este jueves su prometedor sencillo \"D\u00f3nde est\u00e1 el amor\", una bachata de su autor\u00eda, con la que busca abrirse paso en la industria de la m\u00fasica y conquistar el cari\u00f1o\u2026","rel":"","context":"En \u00abENTRETENIMIENTO\u00bb","block_context":{"text":"ENTRETENIMIENTO","link":"https:\/\/lasprimeras.com.do\/index.php\/category\/entretenimiento\/"},"img":{"alt_text":"Norby Montero","src":"https:\/\/i0.wp.com\/lasprimeras.com.do\/wp-content\/uploads\/2024\/04\/Norby-Montero.jpg?resize=350%2C200&ssl=1","width":350,"height":200,"srcset":"https:\/\/i0.wp.com\/lasprimeras.com.do\/wp-content\/uploads\/2024\/04\/Norby-Montero.jpg?resize=350%2C200&ssl=1 1x, https:\/\/i0.wp.com\/lasprimeras.com.do\/wp-content\/uploads\/2024\/04\/Norby-Montero.jpg?resize=525%2C300&ssl=1 1.5x, https:\/\/i0.wp.com\/lasprimeras.com.do\/wp-content\/uploads\/2024\/04\/Norby-Montero.jpg?resize=700%2C400&ssl=1 2x"},"classes":[]},{"id":92689,"url":"https:\/\/lasprimeras.com.do\/index.php\/2025\/01\/10\/rey-john-regresa-al-escenario-musical-con-su-nuevo-album-historia\/","url_meta":{"origin":97707,"position":2},"title":"Rey John regresa al escenario musical con su nuevo \u00e1lbum &#8220;Historia","author":"Nelson Feliz","date":"10 de enero de 2025","format":false,"excerpt":"Despu\u00e9s de una pausa de cinco a\u00f1os, el Rey de la Bachata Pop, Rey John, regresa con su tan esperado nuevo \u00e1lbum titulado \u201cHistoria. Edici\u00f3n I\u201d. Este regreso marca un hito importante en su carrera, consolidando su posici\u00f3n como uno de los artistas m\u00e1s destacados de la bachata contempor\u00e1nea. Trayectoria\u2026","rel":"","context":"En \u00abENTRETENIMIENTO\u00bb","block_context":{"text":"ENTRETENIMIENTO","link":"https:\/\/lasprimeras.com.do\/index.php\/category\/entretenimiento\/"},"img":{"alt_text":"","src":"https:\/\/i0.wp.com\/lasprimeras.com.do\/wp-content\/uploads\/2025\/01\/rey.jpg?resize=350%2C200&ssl=1","width":350,"height":200,"srcset":"https:\/\/i0.wp.com\/lasprimeras.com.do\/wp-content\/uploads\/2025\/01\/rey.jpg?resize=350%2C200&ssl=1 1x, https:\/\/i0.wp.com\/lasprimeras.com.do\/wp-content\/uploads\/2025\/01\/rey.jpg?resize=525%2C300&ssl=1 1.5x, https:\/\/i0.wp.com\/lasprimeras.com.do\/wp-content\/uploads\/2025\/01\/rey.jpg?resize=700%2C400&ssl=1 2x"},"classes":[]},{"id":135781,"url":"https:\/\/lasprimeras.com.do\/index.php\/2026\/07\/27\/darwin-g-supera-las-175-mil-reproducciones-del-tema-borracho-y-loco\/","url_meta":{"origin":97707,"position":3},"title":"Darwin G supera las 175 mil reproducciones del tema \u201cBorracho y Loco\u201d","author":"Nelson Feliz","date":"27 de julio de 2026","format":false,"excerpt":"El artista dominicano consolida su crecimiento en la bachata con el respaldo de Camali Music Group. Santo Domingo. \u2013 El cantante y compositor dominicano Darwin G contin\u00faa afianzando su carrera en la industria musical con el lanzamiento de su m\u00e1s reciente sencillo, \"Borracho y Loco\", una bachata que ha superado\u2026","rel":"","context":"En \u00abENTRETENIMIENTO\u00bb","block_context":{"text":"ENTRETENIMIENTO","link":"https:\/\/lasprimeras.com.do\/index.php\/category\/entretenimiento\/"},"img":{"alt_text":"Darwin G","src":"https:\/\/i0.wp.com\/lasprimeras.com.do\/wp-content\/uploads\/2026\/07\/Darwin-G.jpg?resize=350%2C200&ssl=1","width":350,"height":200,"srcset":"https:\/\/i0.wp.com\/lasprimeras.com.do\/wp-content\/uploads\/2026\/07\/Darwin-G.jpg?resize=350%2C200&ssl=1 1x, https:\/\/i0.wp.com\/lasprimeras.com.do\/wp-content\/uploads\/2026\/07\/Darwin-G.jpg?resize=525%2C300&ssl=1 1.5x, https:\/\/i0.wp.com\/lasprimeras.com.do\/wp-content\/uploads\/2026\/07\/Darwin-G.jpg?resize=700%2C400&ssl=1 2x, https:\/\/i0.wp.com\/lasprimeras.com.do\/wp-content\/uploads\/2026\/07\/Darwin-G.jpg?resize=1050%2C600&ssl=1 3x, https:\/\/i0.wp.com\/lasprimeras.com.do\/wp-content\/uploads\/2026\/07\/Darwin-G.jpg?resize=1400%2C800&ssl=1 4x"},"classes":[]},{"id":134428,"url":"https:\/\/lasprimeras.com.do\/index.php\/2026\/07\/10\/nuevo-relevo-el-santo-de-la-bachata-se-abre-paso-en-el-genero-con-notoriedad-en-redes-sociales\/","url_meta":{"origin":97707,"position":4},"title":"Nuevo relevo &#8220;El Santo de la Bachata&#8221; se abre paso en el g\u00e9nero con notoriedad en redes sociales","author":"Nelson Feliz","date":"10 de julio de 2026","format":false,"excerpt":"Santo Domingo, RD.- Con una melodiosa voz y afinaci\u00f3n casi perfecta, el joven V\u00edctor Manuel P\u00e9rez Valenzuela \"El Santo de la Bachata\" hace incidencia en las redes sociales, donde muestra su talento al interpretar varios temas del g\u00e9nero bachata, que lo colocan en el rengl\u00f3n de los nuevos relevo de\u2026","rel":"","context":"En \u00abENTRETENIMIENTO\u00bb","block_context":{"text":"ENTRETENIMIENTO","link":"https:\/\/lasprimeras.com.do\/index.php\/category\/entretenimiento\/"},"img":{"alt_text":"","src":"https:\/\/i0.wp.com\/lasprimeras.com.do\/wp-content\/uploads\/2026\/07\/IMG-20260705-WA0673.jpg?resize=350%2C200&ssl=1","width":350,"height":200,"srcset":"https:\/\/i0.wp.com\/lasprimeras.com.do\/wp-content\/uploads\/2026\/07\/IMG-20260705-WA0673.jpg?resize=350%2C200&ssl=1 1x, https:\/\/i0.wp.com\/lasprimeras.com.do\/wp-content\/uploads\/2026\/07\/IMG-20260705-WA0673.jpg?resize=525%2C300&ssl=1 1.5x, https:\/\/i0.wp.com\/lasprimeras.com.do\/wp-content\/uploads\/2026\/07\/IMG-20260705-WA0673.jpg?resize=700%2C400&ssl=1 2x, https:\/\/i0.wp.com\/lasprimeras.com.do\/wp-content\/uploads\/2026\/07\/IMG-20260705-WA0673.jpg?resize=1050%2C600&ssl=1 3x"},"classes":[]},{"id":74800,"url":"https:\/\/lasprimeras.com.do\/index.php\/2024\/01\/26\/marc-anthony-lanza-su-primera-bachata-punta-cana\/","url_meta":{"origin":97707,"position":5},"title":"Marc Anthony lanza su primera bachata \u201cPunta Cana\u201d","author":"BIMARY DE JES\u00daS Matos","date":"26 de enero de 2024","format":false,"excerpt":"Marc Anthony inicia el 2024 con un nuevo sencillo y video de su primera incursi\u00f3n en el contagioso g\u00e9nero de Bachata titulado \u201cPunta Cana\u201d. En esta nueva canci\u00f3n, Marc Anthony muestra una exploraci\u00f3n cautivadora de uno de los g\u00e9neros m\u00e1s famosos de la m\u00fasica tropical, donde combina h\u00e1bilmente elementos tradicionales\u2026","rel":"","context":"En \u00abENTRETENIMIENTO\u00bb","block_context":{"text":"ENTRETENIMIENTO","link":"https:\/\/lasprimeras.com.do\/index.php\/category\/entretenimiento\/"},"img":{"alt_text":"","src":"https:\/\/i0.wp.com\/lasprimeras.com.do\/wp-content\/uploads\/2024\/01\/WhatsApp-Image-2024-01-26-at-10.18.59-AM-1.webp?resize=350%2C200&ssl=1","width":350,"height":200,"srcset":"https:\/\/i0.wp.com\/lasprimeras.com.do\/wp-content\/uploads\/2024\/01\/WhatsApp-Image-2024-01-26-at-10.18.59-AM-1.webp?resize=350%2C200&ssl=1 1x, https:\/\/i0.wp.com\/lasprimeras.com.do\/wp-content\/uploads\/2024\/01\/WhatsApp-Image-2024-01-26-at-10.18.59-AM-1.webp?resize=525%2C300&ssl=1 1.5x, https:\/\/i0.wp.com\/lasprimeras.com.do\/wp-content\/uploads\/2024\/01\/WhatsApp-Image-2024-01-26-at-10.18.59-AM-1.webp?resize=700%2C400&ssl=1 2x, https:\/\/i0.wp.com\/lasprimeras.com.do\/wp-content\/uploads\/2024\/01\/WhatsApp-Image-2024-01-26-at-10.18.59-AM-1.webp?resize=1050%2C600&ssl=1 3x"},"classes":[]}],"jetpack_sharing_enabled":true,"jetpack_featured_media_url":"https:\/\/lasprimeras.com.do\/wp-content\/uploads\/2025\/04\/Eudis-El-Invencible.jpg","_links":{"self":[{"href":"https:\/\/lasprimeras.com.do\/index.php\/wp-json\/wp\/v2\/posts\/97707","targetHints":{"allow":["GET"]}}],"collection":[{"href":"https:\/\/lasprimeras.com.do\/index.php\/wp-json\/wp\/v2\/posts"}],"about":[{"href":"https:\/\/lasprimeras.com.do\/index.php\/wp-json\/wp\/v2\/types\/post"}],"author":[{"embeddable":true,"href":"https:\/\/lasprimeras.com.do\/index.php\/wp-json\/wp\/v2\/users\/2"}],"replies":[{"embeddable":true,"href":"https:\/\/lasprimeras.com.do\/index.php\/wp-json\/wp\/v2\/comments?post=97707"}],"version-history":[{"count":1,"href":"https:\/\/lasprimeras.com.do\/index.php\/wp-json\/wp\/v2\/posts\/97707\/revisions"}],"predecessor-version":[{"id":97709,"href":"https:\/\/lasprimeras.com.do\/index.php\/wp-json\/wp\/v2\/posts\/97707\/revisions\/97709"}],"wp:featuredmedia":[{"embeddable":true,"href":"https:\/\/lasprimeras.com.do\/index.php\/wp-json\/wp\/v2\/media\/97708"}],"wp:attachment":[{"href":"https:\/\/lasprimeras.com.do\/index.php\/wp-json\/wp\/v2\/media?parent=97707"}],"wp:term":[{"taxonomy":"category","embeddable":true,"href":"https:\/\/lasprimeras.com.do\/index.php\/wp-json\/wp\/v2\/categories?post=97707"},{"taxonomy":"post_tag","embeddable":true,"href":"https:\/\/lasprimeras.com.do\/index.php\/wp-json\/wp\/v2\/tags?post=97707"}],"curies":[{"name":"wp","href":"https:\/\/api.w.org\/{rel}","templated":true}]}}