{"id":97727,"date":"2025-04-27T11:00:09","date_gmt":"2025-04-27T15:00:09","guid":{"rendered":"https:\/\/lasprimeras.com.do\/?p=97727"},"modified":"2025-04-27T11:00:12","modified_gmt":"2025-04-27T15:00:12","slug":"ministerio-de-salud-de-gaza-reporta-51-muertos-por-ataques-israelies-con-un-total-de-mas-de-52-000","status":"publish","type":"post","link":"https:\/\/lasprimeras.com.do\/index.php\/2025\/04\/27\/ministerio-de-salud-de-gaza-reporta-51-muertos-por-ataques-israelies-con-un-total-de-mas-de-52-000\/","title":{"rendered":"Ministerio de Salud de Gaza reporta 51 muertos por ataques israel\u00edes, con un total de m\u00e1s de 52.000"},"content":{"rendered":"\n<p>POR WAFAA SHURAFA and SAMY MAGDY<\/p>\n\n\n\n<p>DEIR AL-BALAH, Franja de Gaza (AP) \u2014 Los hospitales en la Franja de Gaza recibieron en las \u00faltimas 24 horas los restos de 51 palestinos asesinados en ataques israel\u00edes, inform\u00f3 el domingo el Ministerio de Salud local, lo que elevaba a 52.243 el n\u00famero de muertos palestinos en la guerra de 18 meses entre Israel y Ham\u00e1s.<\/p>\n\n\n\n<p>El total general incluye casi 700 cuerpos para los cuales el proceso de documentaci\u00f3n se complet\u00f3 recientemente, dijo el ministerio en su \u00faltima actualizaci\u00f3n. El recuento diario incluye cuerpos recuperados de los escombros tras ataques anteriores.<\/p>\n\n\n\n<p>Israel puso fin a su alto el fuego con Ham\u00e1s al lanzar un bombardeo sorpresa el 18 de marzo y ha realizado oleadas diarias de ataques desde entonces. Las fuerzas terrestres han ampliado una zona de amortiguamiento y han rodeado la ciudad sure\u00f1a de Rafah, y ahora controlan alrededor del 50% del territorio.<\/p>\n\n\n\n<p>Israel tambi\u00e9n ha aislado a los 2 millones de palestinos del territorio de todas las importaciones, incluidos alimentos y medicinas, durante casi 60 d\u00edas. Los grupos de ayuda dicen que los suministros pronto se agotar\u00e1n y que miles de ni\u00f1os est\u00e1n desnutridos.<\/p>\n\n\n\n<p>Las autoridades israel\u00edes dicen que la ofensiva renovada y el bloqueo reforzado pretenden presionar a Ham\u00e1s para que libere a los rehenes secuestrados en su ataque del 7 de octubre de 2023, que desencaden\u00f3 la guerra.<\/p>\n\n\n\n<p>El primer ministro, Benjamin Netanyahu, ha prometido continuar la guerra hasta que Ham\u00e1s sea destruido o desarmado, y todos los rehenes sean devueltos.<\/p>\n\n\n\n<p>Ham\u00e1s ha dicho que solo liberar\u00e1 a los 59 rehenes restantes \u201424 de los cuales se cree que est\u00e1n vivos\u2014 a cambio de prisioneros palestinos, un alto el fuego duradero y una retirada completa de Israel de Gaza, como se ped\u00eda en el ahora extinto alto el fuego alcanzado en enero.<\/p>\n\n\n\n<p>Los militantes liderados por Ham\u00e1s mataron a unas 1.200 personas, en su mayor\u00eda civiles, en el ataque del 7 de octubre y tomaron a 251 personas como rehenes. La mayor\u00eda ha sido liberada desde entonces en acuerdos de alto el fuego u otros tratos.<\/p>\n\n\n\n<p>El Ministerio de Salud de Gaza dice que las mujeres y los ni\u00f1os constituyen la mayor\u00eda de las muertes palestinas, pero no dice cu\u00e1ntos eran milicianos o civiles. Afirma que otras 117.600 personas han resultado heridas en la guerra.<\/p>\n\n\n\n<p>El recuento total incluye 2.151 muertos y 5.598 heridos desde que Israel reanud\u00f3 la guerra el mes pasado.<\/p>\n\n\n\n<p>Israel dice que ha matado a alrededor de 20.000 milicianos, sin proporcionar evidencia. El Ej\u00e9rcito dice que intenta evitar da\u00f1ar a los civiles y culpa a Ham\u00e1s por sus muertes porque los militantes operan en \u00e1reas densamente pobladas.<\/p>\n\n\n\n<p>La ofensiva de Israel ha destruido vastas partes de Gaza y ha desplazado a alrededor del 90% de su poblaci\u00f3n, dejando a cientos de miles de personas refugiadas en campamentos de tiendas de campa\u00f1a en condiciones precarias o en edificios bombardeados.<\/p>\n","protected":false},"excerpt":{"rendered":"<p>POR WAFAA SHURAFA and SAMY MAGDY DEIR AL-BALAH, Franja de Gaza (AP) \u2014 Los hospitales en la Franja de Gaza recibieron en las \u00faltimas 24 horas los restos de 51&hellip;<\/p>\n","protected":false},"author":2,"featured_media":97728,"comment_status":"open","ping_status":"open","sticky":false,"template":"","format":"standard","meta":{"content-type":"","jetpack_post_was_ever_published":false,"_jetpack_newsletter_access":"","_jetpack_dont_email_post_to_subs":false,"_jetpack_newsletter_tier_id":0,"_jetpack_memberships_contains_paywalled_content":false,"_jetpack_memberships_contains_paid_content":false,"footnotes":""},"categories":[16289],"tags":[19038,19039,8295,1881],"class_list":["post-97727","post","type-post","status-publish","format-standard","has-post-thumbnail","hentry","category-internacionales","tag-51-muertos","tag-ataques-israelies","tag-gaza","tag-ministerio-de-salud"],"jetpack_featured_media_url":"https:\/\/lasprimeras.com.do\/wp-content\/uploads\/2025\/04\/ataques-2.jpg","jetpack-related-posts":[{"id":97805,"url":"https:\/\/lasprimeras.com.do\/index.php\/2025\/04\/28\/ataques-israelies-en-gaza-matan-al-menos-a-27-palestinos\/","url_meta":{"origin":97727,"position":0},"title":"Ataques israel\u00edes en Gaza matan al menos a 27 palestinos","author":"Nelson Feliz","date":"28 de abril de 2025","format":false,"excerpt":"POR WAFAA SHURAFA and SAMY MAGDY DEIR AL-BALAH, Franja de Gaza (AP) \u2014 Los ataques israel\u00edes en la Franja de Gaza durante la noche del domingo el lunes mataron al menos a 27 palestinos, seg\u00fan funcionarios de salud locales. No hubo comentarios inmediatos por parte del Ej\u00e9rcito israel\u00ed. Israel ha\u2026","rel":"","context":"En \u00abINTERNACIONALES\u00bb","block_context":{"text":"INTERNACIONALES","link":"https:\/\/lasprimeras.com.do\/index.php\/category\/sin-categoria\/internacionales\/"},"img":{"alt_text":"","src":"https:\/\/i0.wp.com\/lasprimeras.com.do\/wp-content\/uploads\/2025\/04\/palestinos.jpg?resize=350%2C200&ssl=1","width":350,"height":200,"srcset":"https:\/\/i0.wp.com\/lasprimeras.com.do\/wp-content\/uploads\/2025\/04\/palestinos.jpg?resize=350%2C200&ssl=1 1x, https:\/\/i0.wp.com\/lasprimeras.com.do\/wp-content\/uploads\/2025\/04\/palestinos.jpg?resize=525%2C300&ssl=1 1.5x, https:\/\/i0.wp.com\/lasprimeras.com.do\/wp-content\/uploads\/2025\/04\/palestinos.jpg?resize=700%2C400&ssl=1 2x"},"classes":[]},{"id":98892,"url":"https:\/\/lasprimeras.com.do\/index.php\/2025\/05\/14\/ataques-israelies-en-gaza-matan-a-60-personas-incluidos-22-ninos-segun-el-ministerio-de-salud\/","url_meta":{"origin":97727,"position":1},"title":"Ataques israel\u00edes en Gaza matan a 60 personas, incluidos 22 ni\u00f1os, seg\u00fan el Ministerio de Salud","author":"Nelson Feliz","date":"14 de mayo de 2025","format":false,"excerpt":"POR WAFAA SHURAFA and MELANIE LIDMAN DEIR AL-BALAH, Franja de Gaza (AP) \u2014 Al menos 22 ni\u00f1os murieron en Gaza la madrugada del mi\u00e9rcoles en una serie devastadora de ataques a\u00e9reos israel\u00edes sobre Gaza, seg\u00fan informaron hospitales locales y funcionarios de salud. El Ministerio de Salud de Gaza report\u00f3 que\u2026","rel":"","context":"En \u00abINTERNACIONALES\u00bb","block_context":{"text":"INTERNACIONALES","link":"https:\/\/lasprimeras.com.do\/index.php\/category\/sin-categoria\/internacionales\/"},"img":{"alt_text":"","src":"https:\/\/i0.wp.com\/lasprimeras.com.do\/wp-content\/uploads\/2025\/05\/palestinos.jpg?resize=350%2C200&ssl=1","width":350,"height":200,"srcset":"https:\/\/i0.wp.com\/lasprimeras.com.do\/wp-content\/uploads\/2025\/05\/palestinos.jpg?resize=350%2C200&ssl=1 1x, https:\/\/i0.wp.com\/lasprimeras.com.do\/wp-content\/uploads\/2025\/05\/palestinos.jpg?resize=525%2C300&ssl=1 1.5x, https:\/\/i0.wp.com\/lasprimeras.com.do\/wp-content\/uploads\/2025\/05\/palestinos.jpg?resize=700%2C400&ssl=1 2x"},"classes":[]},{"id":62782,"url":"https:\/\/lasprimeras.com.do\/index.php\/2023\/10\/07\/se-eleva-a-a-mas-de-300-el-numero-de-israelies-fallecidos-tras-el-ataque-de-hamas\/","url_meta":{"origin":97727,"position":2},"title":"Se eleva a a m\u00e1s de 300 el n\u00famero de israel\u00edes fallecidos tras el ataque de Ham\u00e1s","author":"Nelson Feliz","date":"7 de octubre de 2023","format":false,"excerpt":"La cifra de fallecidos podr\u00eda aumentar en las pr\u00f3ximas horas, dada la gravedad de algunos de los heridos. M\u00e1s de 300 ciudadanos israel\u00edes han muerto como consecuencia del ataque llevado a cabo el s\u00e1bado desde la Franja de Gaza por el grupo islamista Ham\u00e1s contra el territorio de Israel, informaron\u2026","rel":"","context":"En \u00abSin categor\u00eda\u00bb","block_context":{"text":"Sin categor\u00eda","link":"https:\/\/lasprimeras.com.do\/index.php\/category\/sin-categoria\/"},"img":{"alt_text":"La gente eval\u00faa la destrucci\u00f3n causada por los ataques a\u00e9reos israel\u00edes en la ciudad de Gaza el 7 de octubre de 2023. Militantes palestinos han comenzado una \"guerra\" contra Israel, en la que se infiltraron por aire, mar y tierra desde la bloqueada Franja de Gaza.AFP\/ MOHAMMED ABED","src":"https:\/\/i0.wp.com\/lasprimeras.com.do\/wp-content\/uploads\/2023\/10\/Ataques.jpeg?resize=350%2C200&ssl=1","width":350,"height":200,"srcset":"https:\/\/i0.wp.com\/lasprimeras.com.do\/wp-content\/uploads\/2023\/10\/Ataques.jpeg?resize=350%2C200&ssl=1 1x, https:\/\/i0.wp.com\/lasprimeras.com.do\/wp-content\/uploads\/2023\/10\/Ataques.jpeg?resize=525%2C300&ssl=1 1.5x, https:\/\/i0.wp.com\/lasprimeras.com.do\/wp-content\/uploads\/2023\/10\/Ataques.jpeg?resize=700%2C400&ssl=1 2x"},"classes":[]},{"id":64505,"url":"https:\/\/lasprimeras.com.do\/index.php\/2023\/10\/20\/bombardeo-israeli-contra-iglesia-en-gaza-deja-al-menos-16-muertos\/","url_meta":{"origin":97727,"position":3},"title":"Bombardeo israel\u00ed contra iglesia en Gaza deja al menos 16 muertos","author":"BIMARY DE JES\u00daS Matos","date":"20 de octubre de 2023","format":false,"excerpt":"JERUSALEN.- Al menos 16 palestinos cristianos murieron por un bombardeo del Ej\u00e9rcito de Israel sobre la iglesia ortodoxa de San Porfirio en la Franja de Gaza, donde se refugiaban cientos de personas, incluidas familias con ni\u00f1os, informaron este viernes fuentes oficiales palestinas. \u00abDiecis\u00e9is cristianos palestinos fueron martirizados en el ataque\u2026","rel":"","context":"En \u00abSin categor\u00eda\u00bb","block_context":{"text":"Sin categor\u00eda","link":"https:\/\/lasprimeras.com.do\/index.php\/category\/sin-categoria\/"},"img":{"alt_text":"","src":"","width":0,"height":0},"classes":[]},{"id":64974,"url":"https:\/\/lasprimeras.com.do\/index.php\/2023\/10\/25\/la-onu-advierte-que-el-bloqueo-de-gaza-podria-obligarla-a-recortar-las-ayudas-a-medida-que-aumentan-los-bombardeos\/","url_meta":{"origin":97727,"position":4},"title":"La ONU advierte que el bloqueo de Gaza podr\u00eda obligarla a recortar las ayudas a medida que aumentan los bombardeos","author":"Nelson Feliz","date":"25 de octubre de 2023","format":false,"excerpt":"POR NAJIB JOBAIN, SAMY MAGDY Y RAVI NESSMAN RAFAH, Franja de Gaza (AP) \u2014 La agencia de la ONU para los refugiados palestinos advirti\u00f3 el mi\u00e9rcoles que sin entregas inmediatas de combustible pronto tendr\u00e1 que reducir dr\u00e1sticamente las operaciones de ayuda en la Franja de Gaza, que ha sido bloqueada\u2026","rel":"","context":"En \u00abSin categor\u00eda\u00bb","block_context":{"text":"Sin categor\u00eda","link":"https:\/\/lasprimeras.com.do\/index.php\/category\/sin-categoria\/"},"img":{"alt_text":"gaza","src":"https:\/\/i0.wp.com\/lasprimeras.com.do\/wp-content\/uploads\/2023\/10\/gaza-2.jpg?resize=350%2C200&ssl=1","width":350,"height":200,"srcset":"https:\/\/i0.wp.com\/lasprimeras.com.do\/wp-content\/uploads\/2023\/10\/gaza-2.jpg?resize=350%2C200&ssl=1 1x, https:\/\/i0.wp.com\/lasprimeras.com.do\/wp-content\/uploads\/2023\/10\/gaza-2.jpg?resize=525%2C300&ssl=1 1.5x, https:\/\/i0.wp.com\/lasprimeras.com.do\/wp-content\/uploads\/2023\/10\/gaza-2.jpg?resize=700%2C400&ssl=1 2x"},"classes":[]},{"id":63267,"url":"https:\/\/lasprimeras.com.do\/index.php\/2023\/10\/11\/israel-se-encamina-a-la-ofensiva-total-sobre-gaza-con-300000-soldados-en-la-frontera\/","url_meta":{"origin":97727,"position":5},"title":"Israel se encamina a la ofensiva total sobre Gaza con 300,000 soldados en la frontera","author":"Nelson Feliz","date":"11 de octubre de 2023","format":false,"excerpt":"El ministro israel\u00ed de Defensa, Yoav Gallant, ha afirmado que la ofensiva sobre Gaza se intensificar\u00e1 con una operaci\u00f3n terrestre para la que el ej\u00e9rcito israel\u00ed ha concentrado 300,000 soldados, seg\u00fan ha explicado un portavoz militar. \"Ahora est\u00e1n cerca de la Franja de Gaza, prepar\u00e1ndose para ejecutar la misi\u00f3n\u2026 que\u2026","rel":"","context":"En \u00abSin categor\u00eda\u00bb","block_context":{"text":"Sin categor\u00eda","link":"https:\/\/lasprimeras.com.do\/index.php\/category\/sin-categoria\/"},"img":{"alt_text":"Edificios destruidos en Gaza City","src":"https:\/\/i0.wp.com\/lasprimeras.com.do\/wp-content\/uploads\/2023\/10\/Edificios-destruidos-en-Gaza-City.jpg?resize=350%2C200&ssl=1","width":350,"height":200,"srcset":"https:\/\/i0.wp.com\/lasprimeras.com.do\/wp-content\/uploads\/2023\/10\/Edificios-destruidos-en-Gaza-City.jpg?resize=350%2C200&ssl=1 1x, https:\/\/i0.wp.com\/lasprimeras.com.do\/wp-content\/uploads\/2023\/10\/Edificios-destruidos-en-Gaza-City.jpg?resize=525%2C300&ssl=1 1.5x, https:\/\/i0.wp.com\/lasprimeras.com.do\/wp-content\/uploads\/2023\/10\/Edificios-destruidos-en-Gaza-City.jpg?resize=700%2C400&ssl=1 2x"},"classes":[]}],"jetpack_sharing_enabled":true,"_links":{"self":[{"href":"https:\/\/lasprimeras.com.do\/index.php\/wp-json\/wp\/v2\/posts\/97727","targetHints":{"allow":["GET"]}}],"collection":[{"href":"https:\/\/lasprimeras.com.do\/index.php\/wp-json\/wp\/v2\/posts"}],"about":[{"href":"https:\/\/lasprimeras.com.do\/index.php\/wp-json\/wp\/v2\/types\/post"}],"author":[{"embeddable":true,"href":"https:\/\/lasprimeras.com.do\/index.php\/wp-json\/wp\/v2\/users\/2"}],"replies":[{"embeddable":true,"href":"https:\/\/lasprimeras.com.do\/index.php\/wp-json\/wp\/v2\/comments?post=97727"}],"version-history":[{"count":1,"href":"https:\/\/lasprimeras.com.do\/index.php\/wp-json\/wp\/v2\/posts\/97727\/revisions"}],"predecessor-version":[{"id":97729,"href":"https:\/\/lasprimeras.com.do\/index.php\/wp-json\/wp\/v2\/posts\/97727\/revisions\/97729"}],"wp:featuredmedia":[{"embeddable":true,"href":"https:\/\/lasprimeras.com.do\/index.php\/wp-json\/wp\/v2\/media\/97728"}],"wp:attachment":[{"href":"https:\/\/lasprimeras.com.do\/index.php\/wp-json\/wp\/v2\/media?parent=97727"}],"wp:term":[{"taxonomy":"category","embeddable":true,"href":"https:\/\/lasprimeras.com.do\/index.php\/wp-json\/wp\/v2\/categories?post=97727"},{"taxonomy":"post_tag","embeddable":true,"href":"https:\/\/lasprimeras.com.do\/index.php\/wp-json\/wp\/v2\/tags?post=97727"}],"curies":[{"name":"wp","href":"https:\/\/api.w.org\/{rel}","templated":true}]}}