{"id":97733,"date":"2025-04-27T11:21:23","date_gmt":"2025-04-27T15:21:23","guid":{"rendered":"https:\/\/lasprimeras.com.do\/?p=97733"},"modified":"2025-04-27T11:21:25","modified_gmt":"2025-04-27T15:21:25","slug":"a-medida-que-musk-gana-poder-en-washington-su-popularidad-cae-segun-encuesta-de-ap-norc","status":"publish","type":"post","link":"https:\/\/lasprimeras.com.do\/index.php\/2025\/04\/27\/a-medida-que-musk-gana-poder-en-washington-su-popularidad-cae-segun-encuesta-de-ap-norc\/","title":{"rendered":"A medida que Musk gana poder en Washington, su popularidad cae, seg\u00fan encuesta de AP-NORC"},"content":{"rendered":"\n<p>POR CHRIS MEGERIAN and AMELIA THOMSON-DEVEAUX<\/p>\n\n\n\n<p>LONDRES (AP) \u2014 Elon Musk pas\u00f3 a\u00f1os construyendo su prestigio como un tit\u00e1n de los negocios y visionario tecnol\u00f3gico, desestimando a cr\u00edticos y esc\u00e9pticos para convertirse en la persona m\u00e1s rica del planeta.<\/p>\n\n\n\n<p>Sin embargo, a medida que Musk gan\u00f3 poder en Washington en los \u00faltimos meses, su popularidad ha disminuido, seg\u00fan una encuesta del Centro de Investigaci\u00f3n de Asuntos P\u00fablicos de The Associated Press-NORC.<\/p>\n\n\n\n<p>Solo el 33% de los adultos en Estados Unidos tiene una opini\u00f3n favorable de Musk, la cara p\u00fablica que empu\u00f1a una motosierra, publica a altas horas de la noche y lleva un sombrero de campa\u00f1a en los esfuerzos del presidente Donald Trump por reducir y reformar el gobierno federal. Ese porcentaje ha bajado del 41% en diciembre.<\/p>\n\n\n\n<p>Ernest Pereira, de 27 a\u00f1os, dem\u00f3crata que trabaja como t\u00e9cnico de laboratorio en Carolina del Norte, expres\u00f3: \u201cFue una pena que arruinara su reputaci\u00f3n. Se crey\u00f3 su propia popularidad\u201d.<\/p>\n\n\n\n<p>La encuesta encontr\u00f3 que alrededor de dos tercios de los adultos creen que Musk ha tenido demasiada influencia sobre el gobierno federal durante los \u00faltimos meses, aunque esa influencia podr\u00eda estar llegando a su fin. Se espera que el empresario multimillonario deje su trabajo en la administraci\u00f3n en las pr\u00f3ximas semanas.<\/p>\n\n\n\n<p>Musk es notablemente menos popular que el esfuerzo general por reducir la fuerza laboral del gobierno, que Trump ha descrito como inflada y corrupta.<\/p>\n\n\n\n<p>Aproximadamente la mitad de los adultos en Estados Unidos creen que el presidente republicano ha ido demasiado lejos en la reducci\u00f3n del tama\u00f1o de la fuerza laboral federal; 3 de cada 10 piensan que est\u00e1 en el objetivo y el 14% quiere que vaya a\u00fan m\u00e1s lejos.<\/p>\n\n\n\n<p>Susan Wolf, jubilada de 75 a\u00f1os de Pensilvania, cree que el gobierno federal es demasiado grande, pero Musk ha \u201checho un desastre de todo\u201d.<\/p>\n\n\n\n<p>\u201cNo conf\u00edo en \u00e9l\u201d, dijo. \u201cNo creo que sepa lo que est\u00e1 haciendo\u201d.<\/p>\n\n\n\n<p>Wolf, quien no est\u00e1 registrada con un partido pol\u00edtico, coment\u00f3 que el \u00e9xito de Musk en el sector privado no se traduce en Washington.<\/p>\n\n\n\n<p>\u201d\u00c9l piensa que se maneja un gobierno como se maneja un negocio. Y no se hace as\u00ed\u201d, coment\u00f3. \u201cUno es para el beneficio de la gente, y el otro es para el beneficio de la corporaci\u00f3n\u201d.<\/p>\n\n\n\n<p>Gran parte de la reducci\u00f3n se ha realizado a trav\u00e9s del llamado Departamento de Eficiencia Gubernamental (DOGE), que fue idea de Musk durante la campa\u00f1a del a\u00f1o pasado. Miles de empleados federales han sido despedidos o forzados a renunciar, se han cancelado contratos y agencias enteras han quedado paralizadas.<\/p>\n\n\n\n<p>Musk ha logrado proporcionar una dosis de terapia de choque al gobierno federal, pero no ha alcanzado otros objetivos.<\/p>\n\n\n\n<p>Despu\u00e9s de hablar sobre recortar el gasto en 1 bill\u00f3n de d\u00f3lares, ha establecido un objetivo mucho m\u00e1s bajo, de 150.000 millones de d\u00f3lares. Incluso alcanzar esa cantidad podr\u00eda resultar un desaf\u00edo, y con regularidad, DOGE ha exagerado su progreso.<\/p>\n\n\n\n<p>Se espera que Musk comience a dedicar m\u00e1s tiempo a Tesla, su fabricante de autom\u00f3viles el\u00e9ctricos que ha sufrido una ca\u00edda en los ingresos mientras \u00e9l trabajaba para Trump.<\/p>\n\n\n\n<p>Musk dijo a los inversores en una conferencia reciente que \u201cahora que el trabajo principal de establecer el Departamento de Eficiencia Gubernamental est\u00e1 hecho\u201d, espera dedicar solo \u201cun d\u00eda o dos por semana a asuntos gubernamentales\u201d.<\/p>\n\n\n\n<p>En su trabajo para la administraci\u00f3n, Musk ha continuado una evoluci\u00f3n pol\u00edtica hacia la derecha. Aunque el empresario nacido en Sud\u00e1frica nunca fue f\u00e1cil de categorizar ideol\u00f3gicamente, defendi\u00f3 la lucha contra el cambio clim\u00e1tico y a menudo apoy\u00f3 a candidatos dem\u00f3cratas.<\/p>\n\n\n\n<p>Ahora critica \u201cel virus de la mentalidad woke\u201d y advierte sobre el colapso de la civilizaci\u00f3n occidental por las amenazas de la migraci\u00f3n ilegal y el gasto excesivo del gobierno.<\/p>\n\n\n\n<p>La pol\u00edtica cada vez m\u00e1s conservadora de Musk se refleja en las encuestas. Solo 2 de cada 10 independientes y aproximadamente 1 de cada 10 dem\u00f3cratas ven a Musk favorablemente, en comparaci\u00f3n con alrededor de 7 de cada 10 republicanos.<\/p>\n\n\n\n<p>Adem\u00e1s, mientras que alrededor de 7 de cada 10 independientes y aproximadamente 9 de cada 10 dem\u00f3cratas creen que Musk tiene demasiada influencia, solo alrededor de 4 de cada 10 republicanos sienten lo mismo.<\/p>\n","protected":false},"excerpt":{"rendered":"<p>POR CHRIS MEGERIAN and AMELIA THOMSON-DEVEAUX LONDRES (AP) \u2014 Elon Musk pas\u00f3 a\u00f1os construyendo su prestigio como un tit\u00e1n de los negocios y visionario tecnol\u00f3gico, desestimando a cr\u00edticos y esc\u00e9pticos&hellip;<\/p>\n","protected":false},"author":2,"featured_media":97734,"comment_status":"open","ping_status":"open","sticky":false,"template":"","format":"standard","meta":{"content-type":"","jetpack_post_was_ever_published":false,"_jetpack_newsletter_access":"","_jetpack_dont_email_post_to_subs":false,"_jetpack_newsletter_tier_id":0,"_jetpack_memberships_contains_paywalled_content":false,"_jetpack_memberships_contains_paid_content":false,"footnotes":""},"categories":[16289],"tags":[10721,1721,2195,223,695,19042,3652],"class_list":["post-97733","post","type-post","status-publish","format-standard","has-post-thumbnail","hentry","category-internacionales","tag-ap-norc","tag-elon-musk","tag-encuesta","tag-gana","tag-poder","tag-popularidad-cae","tag-washington"],"jetpack_featured_media_url":"https:\/\/lasprimeras.com.do\/wp-content\/uploads\/2025\/04\/Elon-Musk.jpg","jetpack-related-posts":[{"id":90613,"url":"https:\/\/lasprimeras.com.do\/index.php\/2024\/10\/26\/elon-musk-trabajo-ilegalmente-en-ee-uu-al-inicio-de-su-carrera-segun-the-washington-post\/","url_meta":{"origin":97733,"position":0},"title":"Elon Musk trabaj\u00f3 ilegalmente en EE.UU. al inicio de su carrera, seg\u00fan The Washington Post","author":"Nelson Feliz","date":"26 de octubre de 2024","format":false,"excerpt":"Washington, (EFE).- Elon Musk, propietario de SpaceX, Tesla y X, trabaj\u00f3 de forma ilegal en Estados Unidos al inicio de su carrera empresarial tras abandonar un programa de estudios de posgrado en California, seg\u00fan antiguos socios, documentos judiciales y archivos empresariales obtenidos por The Washington Post. La revelaci\u00f3n es relevante\u2026","rel":"","context":"En \u00abSin categor\u00eda\u00bb","block_context":{"text":"Sin categor\u00eda","link":"https:\/\/lasprimeras.com.do\/index.php\/category\/sin-categoria\/"},"img":{"alt_text":"Elon Musk","src":"https:\/\/i0.wp.com\/lasprimeras.com.do\/wp-content\/uploads\/2024\/10\/Elon-Musk-1.jpg?resize=350%2C200&ssl=1","width":350,"height":200,"srcset":"https:\/\/i0.wp.com\/lasprimeras.com.do\/wp-content\/uploads\/2024\/10\/Elon-Musk-1.jpg?resize=350%2C200&ssl=1 1x, https:\/\/i0.wp.com\/lasprimeras.com.do\/wp-content\/uploads\/2024\/10\/Elon-Musk-1.jpg?resize=525%2C300&ssl=1 1.5x, https:\/\/i0.wp.com\/lasprimeras.com.do\/wp-content\/uploads\/2024\/10\/Elon-Musk-1.jpg?resize=700%2C400&ssl=1 2x"},"classes":[]},{"id":86777,"url":"https:\/\/lasprimeras.com.do\/index.php\/2024\/08\/01\/elon-musk-acepta-un-combate-con-nicolas-maduro-un-tipo-que-sabe-como-pelear\/","url_meta":{"origin":97733,"position":1},"title":"Elon Musk acepta un combate con Nicol\u00e1s Maduro, \u201cun tipo que sabe c\u00f3mo pelear\u00bb","author":"Nelson Feliz","date":"1 de agosto de 2024","format":false,"excerpt":"El magnate Elon Musk, que el martes protagoniz\u00f3 una trifulca en las redes con Nicol\u00e1s Maduro, acept\u00f3 este mi\u00e9rcoles el reto de este \u00faltimo y dijo estar dispuesto a pelear con el presidente de Venezuela, a quien defini\u00f3 como \u201cun tipo corpulento que seguro sabe c\u00f3mo luchar\u00bb. Fue Maduro quien\u2026","rel":"","context":"En \u00abSin categor\u00eda\u00bb","block_context":{"text":"Sin categor\u00eda","link":"https:\/\/lasprimeras.com.do\/index.php\/category\/sin-categoria\/"},"img":{"alt_text":"Elon Musk acepta un combate con Nicol\u00e1s Maduro","src":"https:\/\/i0.wp.com\/lasprimeras.com.do\/wp-content\/uploads\/2024\/08\/Elon-Musk-acepta-un-combate-con-Nicolas-Maduro.png?resize=350%2C200&ssl=1","width":350,"height":200,"srcset":"https:\/\/i0.wp.com\/lasprimeras.com.do\/wp-content\/uploads\/2024\/08\/Elon-Musk-acepta-un-combate-con-Nicolas-Maduro.png?resize=350%2C200&ssl=1 1x, https:\/\/i0.wp.com\/lasprimeras.com.do\/wp-content\/uploads\/2024\/08\/Elon-Musk-acepta-un-combate-con-Nicolas-Maduro.png?resize=525%2C300&ssl=1 1.5x"},"classes":[]},{"id":96528,"url":"https:\/\/lasprimeras.com.do\/index.php\/2025\/04\/02\/el-triunfo-democrata-en-la-corte-suprema-de-wisconsin-es-tambien-una-gran-derrota-para-elon-musk\/","url_meta":{"origin":97733,"position":2},"title":"El triunfo dem\u00f3crata en la Corte Suprema de Wisconsin es tambi\u00e9n una gran derrota para Elon Musk","author":"Nelson Feliz","date":"2 de abril de 2025","format":false,"excerpt":"POR NICHOLAS RICCARDI and THOMAS BEAUMONT MADISON, Wisconsin, EE.UU. (AP) \u2014 La jueza Susan Crawford mantuvo el martes la estrecha mayor\u00eda progresista en la Corte Suprema de Wisconsin al derrotar al conservador Brad Schimel, pero de alguna manera el verdadero perdedor de la elecci\u00f3n fue el multimillonario Elon Musk. Musk\u2026","rel":"","context":"En \u00abINTERNACIONALES\u00bb","block_context":{"text":"INTERNACIONALES","link":"https:\/\/lasprimeras.com.do\/index.php\/category\/sin-categoria\/internacionales\/"},"img":{"alt_text":"","src":"https:\/\/i0.wp.com\/lasprimeras.com.do\/wp-content\/uploads\/2025\/04\/Elon-Musk-1.jpg?resize=350%2C200&ssl=1","width":350,"height":200,"srcset":"https:\/\/i0.wp.com\/lasprimeras.com.do\/wp-content\/uploads\/2025\/04\/Elon-Musk-1.jpg?resize=350%2C200&ssl=1 1x, https:\/\/i0.wp.com\/lasprimeras.com.do\/wp-content\/uploads\/2025\/04\/Elon-Musk-1.jpg?resize=525%2C300&ssl=1 1.5x, https:\/\/i0.wp.com\/lasprimeras.com.do\/wp-content\/uploads\/2025\/04\/Elon-Musk-1.jpg?resize=700%2C400&ssl=1 2x"},"classes":[]},{"id":88333,"url":"https:\/\/lasprimeras.com.do\/index.php\/2024\/08\/26\/donald-trump-vuelve-a-proponer-que-elon-musk-forme-parte-de-su-gabinete\/","url_meta":{"origin":97733,"position":3},"title":"Donald Trump vuelve a proponer que Elon Musk forme parte de su gabinete","author":"Nelson Feliz","date":"26 de agosto de 2024","format":false,"excerpt":"Denisse Marina La carrera por la presidencia de los Estados Unidos est\u00e1 en pleno auge, con movimientos y decisiones que est\u00e1n captando la atenci\u00f3n mundial. Por un lado, Joe Biden ha decidido renunciar a su candidatura, mientras que el Partido Dem\u00f3crata ha seleccionado a Kamala Harris, actual vicepresidenta, como su\u2026","rel":"","context":"En \u00abSin categor\u00eda\u00bb","block_context":{"text":"Sin categor\u00eda","link":"https:\/\/lasprimeras.com.do\/index.php\/category\/sin-categoria\/"},"img":{"alt_text":"Donald Trump vs Elon Musk","src":"https:\/\/i0.wp.com\/lasprimeras.com.do\/wp-content\/uploads\/2024\/08\/Donald-Trump-vs-Elon-Musk.jpg?resize=350%2C200&ssl=1","width":350,"height":200,"srcset":"https:\/\/i0.wp.com\/lasprimeras.com.do\/wp-content\/uploads\/2024\/08\/Donald-Trump-vs-Elon-Musk.jpg?resize=350%2C200&ssl=1 1x, https:\/\/i0.wp.com\/lasprimeras.com.do\/wp-content\/uploads\/2024\/08\/Donald-Trump-vs-Elon-Musk.jpg?resize=525%2C300&ssl=1 1.5x"},"classes":[]},{"id":67843,"url":"https:\/\/lasprimeras.com.do\/index.php\/2023\/11\/19\/desantis-se-niega-a-condenar-publicacion-de-musk-sobre-antisemitismo\/","url_meta":{"origin":97733,"position":4},"title":"DeSantis se niega a condenar publicaci\u00f3n de Musk sobre antisemitismo","author":"Nelson Feliz","date":"19 de noviembre de 2023","format":false,"excerpt":"El candidato presidencial republicano Ron DeSantis se neg\u00f3 a condenar la publicaci\u00f3n de Elon Musk que respalda una teor\u00eda de conspiraci\u00f3n antisemita y sostuvo el domingo que no estaba familiarizado con la publicaci\u00f3n, que llev\u00f3 a grandes empresas a retirar publicidad de la red social X. \u201cNo vi el comentario\u201d,\u2026","rel":"","context":"En \u00abSin categor\u00eda\u00bb","block_context":{"text":"Sin categor\u00eda","link":"https:\/\/lasprimeras.com.do\/index.php\/category\/sin-categoria\/"},"img":{"alt_text":"Ron DeSantis habla durante el Foro Familiar de Acci\u00f3n de Gracias de L\u00edderes de la Familia, el 17 de noviembre de 2023, en Des Moines, Iowa. (AP\/CHARLIE NEIBERGALL)","src":"https:\/\/i0.wp.com\/lasprimeras.com.do\/wp-content\/uploads\/2023\/11\/Ron-DeSantis.jpg?resize=350%2C200&ssl=1","width":350,"height":200,"srcset":"https:\/\/i0.wp.com\/lasprimeras.com.do\/wp-content\/uploads\/2023\/11\/Ron-DeSantis.jpg?resize=350%2C200&ssl=1 1x, https:\/\/i0.wp.com\/lasprimeras.com.do\/wp-content\/uploads\/2023\/11\/Ron-DeSantis.jpg?resize=525%2C300&ssl=1 1.5x, https:\/\/i0.wp.com\/lasprimeras.com.do\/wp-content\/uploads\/2023\/11\/Ron-DeSantis.jpg?resize=700%2C400&ssl=1 2x"},"classes":[]},{"id":67761,"url":"https:\/\/lasprimeras.com.do\/index.php\/2023\/11\/18\/ee-uu-el-gobierno-acusa-elon-musk-fomentar-antisemitismo\/","url_meta":{"origin":97733,"position":5},"title":"EE.UU: El Gobierno acusa Elon Musk \u00abfomentar antisemitismo","author":"BIMARY DE JES\u00daS Matos","date":"18 de noviembre de 2023","format":false,"excerpt":"WASHINGTON.\u2013 Estados Unidos ha condenado este viernes los \u00faltimos comentarios del magnate Elon Musk, propietario de la red social X, por \u00abfomentar el antisemitismo\u00bb. Emiti\u00f3 su condena despu\u00e9s de que el tambi\u00e9n due\u00f1o de Tesla diese la raz\u00f3n a un usuario de la plataforma que acusaba a los jud\u00edos de\u2026","rel":"","context":"En \u00abSin categor\u00eda\u00bb","block_context":{"text":"Sin categor\u00eda","link":"https:\/\/lasprimeras.com.do\/index.php\/category\/sin-categoria\/"},"img":{"alt_text":"","src":"https:\/\/i0.wp.com\/lasprimeras.com.do\/wp-content\/uploads\/2023\/11\/valentin-38.jpg?resize=350%2C200&ssl=1","width":350,"height":200,"srcset":"https:\/\/i0.wp.com\/lasprimeras.com.do\/wp-content\/uploads\/2023\/11\/valentin-38.jpg?resize=350%2C200&ssl=1 1x, https:\/\/i0.wp.com\/lasprimeras.com.do\/wp-content\/uploads\/2023\/11\/valentin-38.jpg?resize=525%2C300&ssl=1 1.5x"},"classes":[]}],"jetpack_sharing_enabled":true,"_links":{"self":[{"href":"https:\/\/lasprimeras.com.do\/index.php\/wp-json\/wp\/v2\/posts\/97733","targetHints":{"allow":["GET"]}}],"collection":[{"href":"https:\/\/lasprimeras.com.do\/index.php\/wp-json\/wp\/v2\/posts"}],"about":[{"href":"https:\/\/lasprimeras.com.do\/index.php\/wp-json\/wp\/v2\/types\/post"}],"author":[{"embeddable":true,"href":"https:\/\/lasprimeras.com.do\/index.php\/wp-json\/wp\/v2\/users\/2"}],"replies":[{"embeddable":true,"href":"https:\/\/lasprimeras.com.do\/index.php\/wp-json\/wp\/v2\/comments?post=97733"}],"version-history":[{"count":1,"href":"https:\/\/lasprimeras.com.do\/index.php\/wp-json\/wp\/v2\/posts\/97733\/revisions"}],"predecessor-version":[{"id":97735,"href":"https:\/\/lasprimeras.com.do\/index.php\/wp-json\/wp\/v2\/posts\/97733\/revisions\/97735"}],"wp:featuredmedia":[{"embeddable":true,"href":"https:\/\/lasprimeras.com.do\/index.php\/wp-json\/wp\/v2\/media\/97734"}],"wp:attachment":[{"href":"https:\/\/lasprimeras.com.do\/index.php\/wp-json\/wp\/v2\/media?parent=97733"}],"wp:term":[{"taxonomy":"category","embeddable":true,"href":"https:\/\/lasprimeras.com.do\/index.php\/wp-json\/wp\/v2\/categories?post=97733"},{"taxonomy":"post_tag","embeddable":true,"href":"https:\/\/lasprimeras.com.do\/index.php\/wp-json\/wp\/v2\/tags?post=97733"}],"curies":[{"name":"wp","href":"https:\/\/api.w.org\/{rel}","templated":true}]}}