{"id":97766,"date":"2025-04-27T18:43:00","date_gmt":"2025-04-27T22:43:00","guid":{"rendered":"https:\/\/lasprimeras.com.do\/?p=97766"},"modified":"2025-04-27T20:47:22","modified_gmt":"2025-04-28T00:47:22","slug":"raquel-pena-dice-gobierno-no-permitiran-presencia-de-inmigrantes-ilegales-en-el-altar-de-la-patria","status":"publish","type":"post","link":"https:\/\/lasprimeras.com.do\/index.php\/2025\/04\/27\/raquel-pena-dice-gobierno-no-permitiran-presencia-de-inmigrantes-ilegales-en-el-altar-de-la-patria\/","title":{"rendered":"Raquel Pe\u00f1a dice Gobierno no permitir\u00e1n presencia de inmigrantes ilegales en el Altar de la Patria"},"content":{"rendered":"\n<p class=\"wp-block-paragraph\"><strong>La vicepresidenta indic\u00f3 que el Gobierno har\u00e1 que se respete ese lugar.<\/strong><\/p>\n\n\n\n<p class=\"wp-block-paragraph\">La vicepresidenta Raquel Pe\u00f1a expres\u00f3 este domingo que el Gobierno no permitir\u00e1 la presencia de inmigrantes haitianos ilegales en el pa\u00eds y menos en el Altar de la Patria, al considerar el lugar como sagrado.<\/p>\n\n\n\n<p class=\"wp-block-paragraph\">Pe\u00f1a habl\u00f3 al ser preguntada sobre una supuesta manifestaci\u00f3n que har\u00edan grupos prohaitianos en el lugar donde descansan los restos de los padres de la patria.<\/p>\n\n\n\n<p class=\"wp-block-paragraph\">&#8220;Y en ese lugar tan sagrado, donde est\u00e1n los restos de esos dominicanos que pelearon por la libertad de nuestro pa\u00eds, menos todav\u00eda&#8221;, expres\u00f3 la vicepresidenta a periodistas que la entrevistaron.<\/p>\n\n\n\n<p class=\"wp-block-paragraph\">En ese sentido, Pe\u00f1a manifest\u00f3 que es &#8220;inaceptable&#8221; y que el Gobierno va hacer lo necesario para que se respete.<\/p>\n\n\n\n<p class=\"wp-block-paragraph\">La vicemandataria habl\u00f3 al participar en una actividad del Banco de Reservas en Santo Domingo Norte.<\/p>\n\n\n\n<p class=\"wp-block-paragraph\">Manifestaciones en el Altar de la Patria<\/p>\n\n\n\n<p class=\"wp-block-paragraph\">Este domingo dos grupos realizaron manifestaciones pr\u00f3ximo al Altar de la Patria. Los grupos que se juntaron este domingo pr\u00f3ximo al parque Independencia fueron el Comit\u00e9 Unitario de la Conmemoraci\u00f3n de la Gesta de Abril de 1965, que reclamaba varios temas, como, rechazar la construcci\u00f3n de una presa de cola en Cotu\u00ed y protestar contra las repatriaciones, y los grupos ultranacionalistas, quienes se opon\u00edan al paso del primer grupo al Altar de la Patria.<\/p>\n\n\n\n<p class=\"wp-block-paragraph\">Fuente Diario Libre<\/p>\n","protected":false},"excerpt":{"rendered":"<p>La vicepresidenta indic\u00f3 que el Gobierno har\u00e1 que se respete ese lugar. La vicepresidenta Raquel Pe\u00f1a expres\u00f3 este domingo que el Gobierno no permitir\u00e1 la presencia de inmigrantes haitianos ilegales&hellip;<\/p>\n","protected":false},"author":2,"featured_media":0,"comment_status":"open","ping_status":"open","sticky":false,"template":"","format":"standard","meta":{"content-type":"","_jetpack_newsletter_access":"","_jetpack_dont_email_post_to_subs":false,"_jetpack_newsletter_tier_id":0,"_jetpack_memberships_contains_paywalled_content":false,"_jetpack_feature_clip_id":0,"_jetpack_memberships_contains_paid_content":false,"footnotes":"","jetpack_post_was_ever_published":false},"categories":[35,25],"tags":[17310,171,19054,19053,2873],"class_list":["post-97766","post","type-post","status-publish","format-standard","hentry","category-nacionales","category-portada","tag-altar-de-la-patria","tag-gobierno","tag-inmigrantes-ilegales","tag-no-permitiran","tag-raquel-pena"],"jetpack-related-posts":[{"id":57254,"url":"https:\/\/lasprimeras.com.do\/index.php\/2023\/08\/10\/vicepresidenta-raquel-pena-encabeza-acto-de-entrega-de-8-mil-becas-nacionales-a-jovenes-de-todo-el-pais\/","url_meta":{"origin":97766,"position":0},"title":"Vicepresidenta Raquel Pe\u00f1a encabeza acto de entrega de 8 mil becas nacionales a j\u00f3venes de todo el pa\u00eds","author":"Nelson Feliz","date":"10 de agosto de 2023","format":false,"excerpt":"Al destacar que en el gobierno del presidente Luis Abinader se han otorgado 100 mil becas, dice que nunca se hab\u00eda entregado esa cantidad en menos de tres a\u00f1os en el pa\u00eds. La vicepresidenta Raquel Pe\u00f1a encabez\u00f3 junto al ministro de Educaci\u00f3n Superior, Ciencia y Tecnolog\u00eda, doctor Franklin Garc\u00eda Ferm\u00edn,\u2026","rel":"","context":"En \u00abECONOM\u00cdA\u00bb","block_context":{"text":"ECONOM\u00cdA","link":"https:\/\/lasprimeras.com.do\/index.php\/category\/economia\/"},"img":{"alt_text":"Raquel Pe\u00f1a","src":"https:\/\/i0.wp.com\/lasprimeras.com.do\/wp-content\/uploads\/2023\/08\/becas-3.jpg?resize=350%2C200&ssl=1","width":350,"height":200,"srcset":"https:\/\/i0.wp.com\/lasprimeras.com.do\/wp-content\/uploads\/2023\/08\/becas-3.jpg?resize=350%2C200&ssl=1 1x, https:\/\/i0.wp.com\/lasprimeras.com.do\/wp-content\/uploads\/2023\/08\/becas-3.jpg?resize=525%2C300&ssl=1 1.5x, https:\/\/i0.wp.com\/lasprimeras.com.do\/wp-content\/uploads\/2023\/08\/becas-3.jpg?resize=700%2C400&ssl=1 2x"},"classes":[]},{"id":112910,"url":"https:\/\/lasprimeras.com.do\/index.php\/2025\/10\/28\/raquel-pena-anuncia-programa-especial-de-intervencion-de-canadas-para-evitar-inundaciones\/","url_meta":{"origin":97766,"position":1},"title":"Raquel Pe\u00f1a anuncia programa especial de intervenci\u00f3n de ca\u00f1adas para evitar inundaciones","author":"Nelson Feliz","date":"28 de octubre de 2025","format":false,"excerpt":"La vicepresidenta de la Rep\u00fablica, Raquel Pe\u00f1a, anunci\u00f3 el desarrollo de un programa especial de intervenci\u00f3n de ca\u00f1adas en todo el territorio nacional, con el prop\u00f3sito de reducir riesgos y prevenir inundaciones, ante los efectos de la tormenta tropical Melissa Durante su visita a las zonas afectadas en San Crist\u00f3bal\u2026","rel":"","context":"En \u00abNACIONALES\u00bb","block_context":{"text":"NACIONALES","link":"https:\/\/lasprimeras.com.do\/index.php\/category\/nacionales\/"},"img":{"alt_text":"Raquel Pe\u00f1a","src":"https:\/\/i0.wp.com\/lasprimeras.com.do\/wp-content\/uploads\/2025\/10\/Raquel-Pena-1.jpg?resize=350%2C200&ssl=1","width":350,"height":200,"srcset":"https:\/\/i0.wp.com\/lasprimeras.com.do\/wp-content\/uploads\/2025\/10\/Raquel-Pena-1.jpg?resize=350%2C200&ssl=1 1x, https:\/\/i0.wp.com\/lasprimeras.com.do\/wp-content\/uploads\/2025\/10\/Raquel-Pena-1.jpg?resize=525%2C300&ssl=1 1.5x, https:\/\/i0.wp.com\/lasprimeras.com.do\/wp-content\/uploads\/2025\/10\/Raquel-Pena-1.jpg?resize=700%2C400&ssl=1 2x"},"classes":[]},{"id":87880,"url":"https:\/\/lasprimeras.com.do\/index.php\/2024\/08\/18\/abinader-y-raquel-pena-encabezan-tedeum-por-161-aniversario-restauracion-en-santiago\/","url_meta":{"origin":97766,"position":2},"title":"Abinader y Raquel Pe\u00f1a encabezan tedeum por 161 aniversario Restauraci\u00f3n en Santiago","author":"Nelson Feliz","date":"18 de agosto de 2024","format":false,"excerpt":"Mandatarios tambi\u00e9n encabezaron el develamiento tarja hist\u00f3rica conmemorativa al primer cementerio de Santiago. El presidente Luis Abinader y la vicepresidenta Raquel Pe\u00f1a encabezaron este domingo en esta provincia un tedeum de acci\u00f3n de gracias por el 161 aniversario de la gesta restauradora y por el inicio de los cuatro a\u00f1os\u2026","rel":"","context":"En \u00abNACIONALES\u00bb","block_context":{"text":"NACIONALES","link":"https:\/\/lasprimeras.com.do\/index.php\/category\/nacionales\/"},"img":{"alt_text":"El presidente Luis Abinader y la vicepresidenta Raquel Pe\u00f1a","src":"https:\/\/i0.wp.com\/lasprimeras.com.do\/wp-content\/uploads\/2024\/08\/Abinader-3.jpg?resize=350%2C200&ssl=1","width":350,"height":200,"srcset":"https:\/\/i0.wp.com\/lasprimeras.com.do\/wp-content\/uploads\/2024\/08\/Abinader-3.jpg?resize=350%2C200&ssl=1 1x, https:\/\/i0.wp.com\/lasprimeras.com.do\/wp-content\/uploads\/2024\/08\/Abinader-3.jpg?resize=525%2C300&ssl=1 1.5x, https:\/\/i0.wp.com\/lasprimeras.com.do\/wp-content\/uploads\/2024\/08\/Abinader-3.jpg?resize=700%2C400&ssl=1 2x"},"classes":[]},{"id":111465,"url":"https:\/\/lasprimeras.com.do\/index.php\/2025\/10\/09\/raquel-pena-abre-nuevos-centros-del-programa-oportunidad-14-24-en-santo-domingo-este\/","url_meta":{"origin":97766,"position":3},"title":"Raquel Pe\u00f1a abre nuevos centros del programa Oportunidad 14-24 en Santo Domingo Este","author":"Nelson Feliz","date":"9 de octubre de 2025","format":false,"excerpt":"La vicepresidenta afirm\u00f3 que \u201cel cambio solo es real cuando genera oportunidades\u201d y reiter\u00f3 el compromiso del Gobierno con la juventud dominicana. La vicepresidenta de la Rep\u00fablica, Raquel Pe\u00f1a, encabez\u00f3 este mi\u00e9rcoles la apertura de cuatro nuevos centros del programa Oportunidad 14-24 en el municipio Santo Domingo Este, una iniciativa\u2026","rel":"","context":"En \u00abNACIONALES\u00bb","block_context":{"text":"NACIONALES","link":"https:\/\/lasprimeras.com.do\/index.php\/category\/nacionales\/"},"img":{"alt_text":"","src":"https:\/\/i0.wp.com\/lasprimeras.com.do\/wp-content\/uploads\/2025\/10\/Raquel-Pena.jpg?resize=350%2C200&ssl=1","width":350,"height":200,"srcset":"https:\/\/i0.wp.com\/lasprimeras.com.do\/wp-content\/uploads\/2025\/10\/Raquel-Pena.jpg?resize=350%2C200&ssl=1 1x, https:\/\/i0.wp.com\/lasprimeras.com.do\/wp-content\/uploads\/2025\/10\/Raquel-Pena.jpg?resize=525%2C300&ssl=1 1.5x, https:\/\/i0.wp.com\/lasprimeras.com.do\/wp-content\/uploads\/2025\/10\/Raquel-Pena.jpg?resize=700%2C400&ssl=1 2x"},"classes":[]},{"id":120890,"url":"https:\/\/lasprimeras.com.do\/index.php\/2026\/01\/29\/vicepresidenta-raquel-pena-y-embajadora-leah-campos-coinciden-en-la-vision-de-santiago-como-motor-del-desarrollo-nacional\/","url_meta":{"origin":97766,"position":4},"title":"Vicepresidenta Raquel Pe\u00f1a y embajadora Leah Campos coinciden en la visi\u00f3n de Santiago como motor del desarrollo nacional","author":"Nelson Feliz","date":"29 de enero de 2026","format":false,"excerpt":"_La diplom\u00e1tica estadounidense destac\u00f3 el potencial productivo del Cibao durante una conferencia a la que asisti\u00f3 la vicepresidenta como invitada especial._ La vicepresidenta de la Rep\u00fablica, Raquel Pe\u00f1a, asisti\u00f3 como invitada especial a la conferencia \u201cSantiago como coraz\u00f3n productivo\u201d, ofrecida por la embajadora de los Estados Unidos en la Rep\u00fablica\u2026","rel":"","context":"En \u00abSin categor\u00eda\u00bb","block_context":{"text":"Sin categor\u00eda","link":"https:\/\/lasprimeras.com.do\/index.php\/category\/sin-categoria\/"},"img":{"alt_text":"","src":"https:\/\/i0.wp.com\/lasprimeras.com.do\/wp-content\/uploads\/2026\/01\/IMG-20260128-WA1010-scaled.jpg?resize=350%2C200&ssl=1","width":350,"height":200,"srcset":"https:\/\/i0.wp.com\/lasprimeras.com.do\/wp-content\/uploads\/2026\/01\/IMG-20260128-WA1010-scaled.jpg?resize=350%2C200&ssl=1 1x, https:\/\/i0.wp.com\/lasprimeras.com.do\/wp-content\/uploads\/2026\/01\/IMG-20260128-WA1010-scaled.jpg?resize=525%2C300&ssl=1 1.5x, https:\/\/i0.wp.com\/lasprimeras.com.do\/wp-content\/uploads\/2026\/01\/IMG-20260128-WA1010-scaled.jpg?resize=700%2C400&ssl=1 2x, https:\/\/i0.wp.com\/lasprimeras.com.do\/wp-content\/uploads\/2026\/01\/IMG-20260128-WA1010-scaled.jpg?resize=1050%2C600&ssl=1 3x, https:\/\/i0.wp.com\/lasprimeras.com.do\/wp-content\/uploads\/2026\/01\/IMG-20260128-WA1010-scaled.jpg?resize=1400%2C800&ssl=1 4x"},"classes":[]},{"id":119174,"url":"https:\/\/lasprimeras.com.do\/index.php\/2026\/01\/07\/raquel-pena-juramenta-a-pedro-urrutia-como-nuevo-director-de-la-dgii\/","url_meta":{"origin":97766,"position":5},"title":"Raquel Pe\u00f1a juramenta a Pedro Urrutia como nuevo director de la DGII","author":"Nelson Feliz","date":"7 de enero de 2026","format":false,"excerpt":"Raquel Pe\u00f1a juramenta a Pedro Urrutia","rel":"","context":"En \u00abECONOM\u00cdA\u00bb","block_context":{"text":"ECONOM\u00cdA","link":"https:\/\/lasprimeras.com.do\/index.php\/category\/economia\/"},"img":{"alt_text":"Raquel Pe\u00f1a juramenta a Pedro Urrutia","src":"https:\/\/i0.wp.com\/lasprimeras.com.do\/wp-content\/uploads\/2026\/01\/Raquel-Pena-juramenta-a-Pedro-Urrutia.jpg?resize=350%2C200&ssl=1","width":350,"height":200,"srcset":"https:\/\/i0.wp.com\/lasprimeras.com.do\/wp-content\/uploads\/2026\/01\/Raquel-Pena-juramenta-a-Pedro-Urrutia.jpg?resize=350%2C200&ssl=1 1x, https:\/\/i0.wp.com\/lasprimeras.com.do\/wp-content\/uploads\/2026\/01\/Raquel-Pena-juramenta-a-Pedro-Urrutia.jpg?resize=525%2C300&ssl=1 1.5x, https:\/\/i0.wp.com\/lasprimeras.com.do\/wp-content\/uploads\/2026\/01\/Raquel-Pena-juramenta-a-Pedro-Urrutia.jpg?resize=700%2C400&ssl=1 2x"},"classes":[]}],"jetpack_sharing_enabled":true,"jetpack_featured_media_url":"","_links":{"self":[{"href":"https:\/\/lasprimeras.com.do\/index.php\/wp-json\/wp\/v2\/posts\/97766","targetHints":{"allow":["GET"]}}],"collection":[{"href":"https:\/\/lasprimeras.com.do\/index.php\/wp-json\/wp\/v2\/posts"}],"about":[{"href":"https:\/\/lasprimeras.com.do\/index.php\/wp-json\/wp\/v2\/types\/post"}],"author":[{"embeddable":true,"href":"https:\/\/lasprimeras.com.do\/index.php\/wp-json\/wp\/v2\/users\/2"}],"replies":[{"embeddable":true,"href":"https:\/\/lasprimeras.com.do\/index.php\/wp-json\/wp\/v2\/comments?post=97766"}],"version-history":[{"count":1,"href":"https:\/\/lasprimeras.com.do\/index.php\/wp-json\/wp\/v2\/posts\/97766\/revisions"}],"predecessor-version":[{"id":97767,"href":"https:\/\/lasprimeras.com.do\/index.php\/wp-json\/wp\/v2\/posts\/97766\/revisions\/97767"}],"wp:attachment":[{"href":"https:\/\/lasprimeras.com.do\/index.php\/wp-json\/wp\/v2\/media?parent=97766"}],"wp:term":[{"taxonomy":"category","embeddable":true,"href":"https:\/\/lasprimeras.com.do\/index.php\/wp-json\/wp\/v2\/categories?post=97766"},{"taxonomy":"post_tag","embeddable":true,"href":"https:\/\/lasprimeras.com.do\/index.php\/wp-json\/wp\/v2\/tags?post=97766"}],"curies":[{"name":"wp","href":"https:\/\/api.w.org\/{rel}","templated":true}]}}