{"id":97830,"date":"2025-04-28T10:21:22","date_gmt":"2025-04-28T14:21:22","guid":{"rendered":"https:\/\/lasprimeras.com.do\/?p=97830"},"modified":"2025-04-28T10:21:23","modified_gmt":"2025-04-28T14:21:23","slug":"enterate-ny-6","status":"publish","type":"post","link":"https:\/\/lasprimeras.com.do\/index.php\/2025\/04\/28\/enterate-ny-6\/","title":{"rendered":"Ent\u00e9rate NY"},"content":{"rendered":"\n<p>PERIODISMO INFORMATIVO Y CR\u00cdTICO AL SERVICIO DE LA COMUNIDAD<\/p>\n\n\n\n<p>Por Ram\u00f3n Mercedes<\/p>\n\n\n\n<p>\u25baColectas y rifas NYC para terminar Hospital en RD: Dominicanos procedentes del municipio de Villa Riva, provincia Duarte, y residentes en esta ciudad, se proponen hacer colectas y rifas entre sus compueblanos para terminar la reparaci\u00f3n del \u00abHospital Municipal Alicia de Legendre\u00bb, paralizado desde hace m\u00e1s de mil 800 d\u00edas (5 a\u00f1os).<\/p>\n\n\n\n<p>El centro hospitalario se encuentra en \u00abcuidados intensivos\u00bb, porque carece del m\u00e1s m\u00ednimo medicamento y de instrumentos cl\u00ednicos para socorrer cualquier persona que sea llevada en estado de emergencia. Mayores detalles. Ver =<\/p>\n\n\n\n<figure class=\"wp-block-embed is-type-wp-embed is-provider-actualidad-neoyorkina wp-block-embed-actualidad-neoyorkina\"><div class=\"wp-block-embed__wrapper\">\n<blockquote class=\"wp-embedded-content\" data-secret=\"nV3wmnWe7H\"><a href=\"https:\/\/actualidadneoyorkina.com\/?p=6605\">Se proponen hacer colectas y rifas en NYC para Hospital Villa Riva; se encuentra en cuidados intensivos<\/a><\/blockquote><iframe class=\"wp-embedded-content\" sandbox=\"allow-scripts\" security=\"restricted\" style=\"position: absolute; visibility: hidden;\" title=\"\u00abSe proponen hacer colectas y rifas en NYC para Hospital Villa Riva; se encuentra en cuidados intensivos\u00bb \u2014 Actualidad Neoyorkina\" src=\"https:\/\/actualidadneoyorkina.com\/?p=6605&#038;embed=true#?secret=EKWre1I0zU#?secret=nV3wmnWe7H\" data-secret=\"nV3wmnWe7H\" width=\"500\" height=\"282\" frameborder=\"0\" marginwidth=\"0\" marginheight=\"0\" scrolling=\"no\"><\/iframe>\n<\/div><\/figure>\n\n\n\n<p>\u25baGracias, gracias, gracias: El autor de esta columna da las gracias reiteradas a las 19 instituciones, entre ellas, pol\u00edticas, comunitarias, sociales, period\u00edsticas, profesionales, deportivas, religiosas, del transporte y comerciantes, que de manera conjunta nos reconocieron recientemente, \u00abpor ser un defensor de los mejores intereses de la comunidad dominicana en NY\u201d, y la vez nos declararon como \u201cperiodista del a\u00f1o 2024\u00bb.<\/p>\n\n\n\n<p>Es la primera vez que sucede un reconocimiento de esa naturaleza con un periodista dominicano en la urbe, diiicen. Se efectu\u00f3 recientemente en Alianza Dominicana (Alto Manhattan). Se suspendi\u00f3 una actividad bailable y brindis de bebidas por respeto a las v\u00edctimas de la tragedia ocurrida en la RD.<\/p>\n\n\n\n<p>Ver video:<\/p>\n\n\n\n<figure class=\"wp-block-embed is-type-video is-provider-youtube wp-block-embed-youtube wp-embed-aspect-16-9 wp-has-aspect-ratio\"><div class=\"wp-block-embed__wrapper\">\n<iframe title=\"Instituciones en conjunto reconocen en NY  periodista del a\u00f1o 2024 a Ramon Mercedes\" width=\"500\" height=\"281\" src=\"https:\/\/www.youtube.com\/embed\/npTojpJb-Yw?feature=oembed\" frameborder=\"0\" allow=\"accelerometer; autoplay; clipboard-write; encrypted-media; gyroscope; picture-in-picture; web-share\" referrerpolicy=\"strict-origin-when-cross-origin\" allowfullscreen><\/iframe>\n<\/div><\/figure>\n\n\n\n<p>Ver detalles:<\/p>\n\n\n\n<figure class=\"wp-block-embed is-type-wp-embed is-provider-actualidad-neoyorkina wp-block-embed-actualidad-neoyorkina\"><div class=\"wp-block-embed__wrapper\">\n<blockquote class=\"wp-embedded-content\" data-secret=\"XWQNidgOgz\"><a href=\"https:\/\/actualidadneoyorkina.com\/?p=6601\">19 instituciones de NY reconocen en conjunto a Ram\u00f3n Mercedes como periodista del a\u00f1o 2024<\/a><\/blockquote><iframe class=\"wp-embedded-content\" sandbox=\"allow-scripts\" security=\"restricted\" style=\"position: absolute; visibility: hidden;\" title=\"\u00ab19 instituciones de NY reconocen en conjunto a Ram\u00f3n Mercedes como periodista del a\u00f1o 2024\u00bb \u2014 Actualidad Neoyorkina\" src=\"https:\/\/actualidadneoyorkina.com\/?p=6601&#038;embed=true#?secret=w9dWqvES1S#?secret=XWQNidgOgz\" data-secret=\"XWQNidgOgz\" width=\"500\" height=\"282\" frameborder=\"0\" marginwidth=\"0\" marginheight=\"0\" scrolling=\"no\"><\/iframe>\n<\/div><\/figure>\n\n\n\n<p>\u25baNo llores como mujer lo que no defendiste como hombre: Dirigentes del PLD-NY, pidiendo reservas de sus identidades y parafraseando a Balaguer sobre el llanto de Boabdil tras entregar sus llaves a los Reyes Cat\u00f3licos, en enero de 1492, cuando su madre Aixa le enrostr\u00f3 \u00abno llores como mujer lo que no defendiste como hombre\u00bb.<\/p>\n\n\n\n<p>Eso mismo pasa en el PLD, que los aspirantes presidenciales no trabajan y rechazaron lo aprobado entre el 3 de marzo y el 3 de abril de este a\u00f1o, donde todo aquel que aspirara a ser candidato presidencial depositara una carta que expresara eso.<\/p>\n\n\n\n<p>Alegaron y alegaron que no se pod\u00eda hacer, siendo el mismo procedimiento que se hizo en el pasado reciente. Abel Mart\u00ednez, quien en el proceso pasado se benefici\u00f3 de la llamada \u00abconsulta\u00bb, ahora rechaza el mecanismo por considerarlo poco transparente y ajeno a las reglas del juego.<\/p>\n\n\n\n<p>\u00a1Huumm! Como la democracia lo permite, se establecieron otras fechas para el proceso, esperando que todos trabajen, se inscriban y dinamicen el partido, porque no hay razones para otras excusas, al menos que una mano diestra oriente, disponga y ordene. \u00a1Ay!<\/p>\n\n\n\n<p>\u25baPLD en guerra fr\u00eda, estrat\u00e9gica y silenciosa: Observadores pol\u00edticos dominicanos en Brooklyn sostienen que el PLD est\u00e1 en guerra. Una guerra fr\u00eda, estrat\u00e9gica y silenciosa.<\/p>\n\n\n\n<p>Pero, la seccional del PLD-NY apoya 100&#215;100 la decisi\u00f3n del Comit\u00e9 Pol\u00edtico (CP) de que el pr\u00f3ximo 8 de junio oficializar\u00e1 cu\u00e1les ser\u00e1n los aspirantes a ocupar la casilla presidencial, hacen constar en documento de prensa. Ah\u00ed se escoger\u00e1n quienes ser\u00e1n los precandidatos(as) para la posterior elecci\u00f3n de la persona que representar\u00eda al PLD en octubre del 2027, cuando se entre al proceso en que los partidos pol\u00edticos presenten sus candidatos(as) a la Presidencia de la Republica\u201d.<\/p>\n\n\n\n<p>Los \u00abpeledeces neoyorkinos\u00bb, de 34 miembros del Comit\u00e9 Central (CC), en la plaza electoral de dominicanos m\u00e1s grande del mundo en el exterior, 32 de ellos reiteran que su candidato presidencial lo es Javier Garc\u00eda.<\/p>\n\n\n\n<p>Ent\u00e9rate NY posee la lista, pero la fuente pidi\u00f3 reserva de su identidad. Diiicen que lo apoyan por ser un &#8220;consuetudinario&#8221; trabajador a favor de la base, mantenerse \u00abimpert\u00e9rrito\u00bb a los principios y lineamientos de la entidad pol\u00edtica.<\/p>\n\n\n\n<p>Los otros aspirantes son Charles Mariotti, Francisco Dom\u00ednguez Brito, Margarita Cede\u00f1o, Juan Ariel Jim\u00e9nez, Francisco Javier Garc\u00eda, Abel Mart\u00ednez; Manfred Mata, y Mario Bruno Gonz\u00e1lez.<\/p>\n\n\n\n<p>Ver video:<\/p>\n\n\n\n<figure class=\"wp-block-embed is-type-video is-provider-youtube wp-block-embed-youtube wp-embed-aspect-16-9 wp-has-aspect-ratio\"><div class=\"wp-block-embed__wrapper\">\n<iframe title=\"Realidad actual en el PLD\" width=\"500\" height=\"281\" src=\"https:\/\/www.youtube.com\/embed\/OMrocP8ucIQ?feature=oembed\" frameborder=\"0\" allow=\"accelerometer; autoplay; clipboard-write; encrypted-media; gyroscope; picture-in-picture; web-share\" referrerpolicy=\"strict-origin-when-cross-origin\" allowfullscreen><\/iframe>\n<\/div><\/figure>\n\n\n\n<p>\u25baDiputado exterior debe aclarar: Rueda por doquier en NYC el video de un programa de TV donde se acusa al diputado del PRM por el exterior, Norberto Rodr\u00edguez, de apropiarse supuestamente de unas tierras en Los Guayacanes sin poseer t\u00edtulos, proclama del productor del programa.<\/p>\n\n\n\n<p>Pero, una fuente de entero cr\u00e9dito inform\u00f3 a Ent\u00e9rate NY lo siguiente: El diputado posee t\u00edtulo de propiedad. Le compr\u00f3 esos terrenos, ubicados en posici\u00f3n privilegiada tur\u00edsticamente en Los Guayacanes, a la ex diputada del PRSC, Lila Alburquerque, que se lo vendi\u00f3 con su t\u00edtulo por cerca de 40 millones de pesos dominicanos, diiicen.<\/p>\n\n\n\n<p>Opin\u00f3logos en el Alto Manhattan para transparentar la situaci\u00f3n solicitan al legislador aclarar el caso. \u00abQuien no tiene hechas, no tiene sospechas\u00bb, vocifer\u00f3 un ciudadano en Paterson-Nueva Jersey. \u00bfPodr\u00eda parar esto en la justicia? Video =<br>https:\/\/www.facebook.com\/reel\/611271331944937<\/p>\n\n\n\n<p>\u25baL\u00edo al PRM en actividad p\u00fablica Alto Manhattan: Lectores nuestros nos enviaron un video firmado en la avenida Saint Nicholas, mientras el c\u00f3nsul quisqueyano en NY, Jes\u00fas -Ch\u00fa- V\u00e1squez, se dirig\u00eda al p\u00fablico.<\/p>\n\n\n\n<p>Serias acusaciones de una dominicana se\u00f1alando y acusando (a todo pulm\u00f3n) al propio c\u00f3nsul, al PRM y al presidente Abinader en plena avenida del Alto Manhattan, el pasado s\u00e1bado, a plena luz del d\u00eda. Un allegado a Ch\u00fa fue a tratar de parar a la f\u00e9mina e inmediatamente la iracunda dama vocifer\u00f3 \u00aba m\u00ed no me vengas aconsejar, no me toques\u00bb con voz autoritaria.<\/p>\n\n\n\n<p>Luego trat\u00f3 el comisionado de Transporte DOT-NY, sin lograrlo tampoco. Estamos descontentos con el PRM en NY, comentaron varios de los presentes que observaron y escucharon las descargas.<\/p>\n\n\n\n<p>Video =<\/p>\n\n\n\n<p><a href=\"https:\/\/www.facebook.com\/story.php?story_fbid=702141152267436&amp;id=100074146719196&amp;mibextid=wwXIfr&amp;rdid=0rMGjQb0RbmPpEwE#\">https:\/\/www.facebook.com\/story.php?story_fbid=702141152267436&amp;id=100074146719196&amp;mibextid=wwXIfr&amp;rdid=0rMGjQb0RbmPpEwE#<\/a><\/p>\n\n\n\n<p>\u25baArnaud en cibae\u00f1o = AiNo: Opin\u00f3logos en El Bronx, al analizar el \u00abequipo pol\u00edtico\u00bb en NY del director ejecutivo del Instituto Nacional de Aguas Potables y Alcantarillados (INAPA) en RD y miembro de la Comisi\u00f3n Ejecutiva Nacional del PRM, Winston Arnaud, concluyeron: Sus integrantes son perdedores de candidaturas, otros rechazados por la base del PRM y por la mayor\u00eda de la comunidad dominicana en la Gran Manzana por estar \u00abquemados\u00bb.<\/p>\n\n\n\n<p>Recuerdan lo dicho por Guido G\u00f3mez, \u00abla fuerza del clientelismo no construye liderazgo, y nadie se hace l\u00edder manejando n\u00f3mina p\u00fablica\u00bb.<\/p>\n\n\n\n<p>\u00a1Ay! Tambi\u00e9n recuerdan el refr\u00e1n popular \u00abel que tenga la l\u00e1grima honda, que empiece a llorar temprano\u00bb, y el refr\u00e1n es ense\u00f1anzas, sentencias o consejos, como elemento com\u00fan que ata\u00f1e a todos los seres humanos.<\/p>\n\n\n\n<p>\u00bfHay debilidad en la estructura pol\u00edtica? \u00a1Huumm! Un cibae\u00f1o en el Alto Manhattan por decir Arnaud dijo \u00abAiNo\u00bb. \u00abSuerte a Winston Arnaud en sus aspiraciones presidenciales\u00bb contest\u00f3 otro.<\/p>\n\n\n\n<p>\u25baDel dicho al hecho hay mucho trecho: Lectores nuestros nos escriben desde Queens. Ni quito ni pongo. Veamos: El alcalde Eric Adams envi\u00f3 este fin de semana un mensaje a los inmigrantes en NYC: \u00abVivan su vida\u00bb, sin temor a ser detenidos por Inmigraci\u00f3n.<\/p>\n\n\n\n<p>ICE no ir\u00e1 a las escuelas, a los centros de oraci\u00f3n, no est\u00e1 en los hospitales\u00bb. Sin embargo, diiicen, \u00abdel dicho al hecho hay mucho trecho\u00bb. Adams firm\u00f3 en enero pasado con el director de Inmigraci\u00f3n, Thomas Homan, una orden ejecutiva que permite a Inmigraci\u00f3n operar en NYC con libertad.<\/p>\n\n\n\n<p>A los pocos d\u00edas el ICE apres\u00f3 a 20 inmigrantes, entre ellos algunos dominicanos, en el Alto Manhattan y El Bronx. Ver = https:\/\/elnuevodiario.com.do\/ice-apresa-20-inmigrantes-este-martes-entre-el-alto-manhattan-y-el-bronx\/<\/p>\n\n\n\n<p>El ICE en su p\u00e1gina (abril 16) = https:\/\/www.ice.gov\/news\/releases\/ice-law-enforcement-partners-arrest-more-200-alien-offenders-during-enhanced inform\u00f3 que en este mes ha apresado en la Gran Manzana 206 inmigrantes, incluidos algunos quisqueyanos.<\/p>\n\n\n\n<p>Los lectores recuerdan que el juez de la Supresa Corte, Dale Ho, al desestimar hace pocas semanas los delitos que se le imputaban a Adams, dijo: \u00abel alcalde podr\u00eda estar m\u00e1s en deuda con las exigencias del gobierno federal que con los deseos de sus electores\u00bb para llevar a cabo las pol\u00edticas antinmigraci\u00f3n de Trump en NYC, donde las autoridades migratorias no \u00abpod\u00edan\u00bb operar.<\/p>\n\n\n\n<p>\u201cTodo aqu\u00ed parece un trato; desestimar la acusaci\u00f3n a cambio de concesiones en la pol\u00edtica migratoria\u201d, escribi\u00f3 el juez.<\/p>\n\n\n\n<p>\u00a1Ay! Ante esta situaci\u00f3n, miles de inmigrantes, entre ellos dominicanos, no est\u00e1n saliendo a visitar familiares, amigos, relacionados, a los restaurantes, ni al parque, por temor a que ICE los aprese, diiicen.<\/p>\n\n\n\n<p>\u25baRoberto Fulcar en NY: El influyente y poderoso ex ministro de Educaci\u00f3n en la RD y Presidente de la Comisi\u00f3n Nacional de Estrategia del PRM, Roberto Fulcar, puso a circular este s\u00e1bado (5:00 PM) su obra \u00abMi Compromiso con la Educaci\u00f3n\u00bb en la Direcci\u00f3n de Cultura-NY en el Alto Manhattan.<\/p>\n\n\n\n<p>El libro que recoge su visi\u00f3n y recorrido hist\u00f3rico en el sector educativo, as\u00ed como sus propuestas para transformar el sistema a partir de una mirada cr\u00edtica y profundamente humana.<\/p>\n\n\n\n<p>\u00abCada momento de este encuentro es testimonio del poder transformador de la educaci\u00f3n y la dedicaci\u00f3n de quienes la impulsan. Sin duda, esta jornada quedar\u00e1 marcada en la memoria de todos los presentes y de quienes nos siguen a trav\u00e9s de las redes sociales.<\/p>\n\n\n\n<p>Hoy reafirmamos que la educaci\u00f3n no solo es un derecho, sino el pilar sobre el que se construye un futuro m\u00e1s justo, inclusivo y pr\u00f3spero para nuestros pueblos\u201d, dijo Fulcar.<\/p>\n\n\n\n<p>Al evento asistieron unas 200 personas, pareci\u00f3 una convenci\u00f3n del PRM, susurr\u00f3 un dirigente, pidiendo reservas de su identidad, porque a parte de NY, vinieron desde Nueva Jersey, Connecticut y Pensilvania, pertenecientes a las diferentes instituciones del Estado en dichos lugares (Consulados, Index, Senasa, Intrant, La Mano Amiga, ProDominicana, InPosDom, Aduanas y Sup\u00e9rate, entre otras). \u00a1Huumm!<\/p>\n\n\n\n<p>\u25baDe la embajada USA en RD: La Embajada de los EE. UU. recibe llamadas frecuentes de ciudadanos estadounidenses que necesitan ayuda tras enfermar o accidentarse mientras viajan. Muchos se sorprenden por los costos de la atenci\u00f3n m\u00e9dica, especialmente en cl\u00ednicas y hospitales privados.<\/p>\n\n\n\n<p>El enfermarse o accidentarse puede ocurrir en cualquier momento y lugar. Es importante recordar que los seguros de salud de EE. UU, incluidos Medicare y Medicaid, no cubren gastos m\u00e9dicos en el extranjero.<\/p>\n\n\n\n<p>El seguro de viaje, que a menudo incluye cobertura para evacuaci\u00f3n m\u00e9dica, est\u00e1 disponible a precios razonables. Se recomienda adquirirlo antes de viajar y contar con fondos suficientes para gastos m\u00e9dicos b\u00e1sicos.<\/p>\n\n\n\n<p>Planifique con anticipaci\u00f3n su viaje y contacte a la embajada en caso de emergencia en el 1-829-947-6370 o por correo electr\u00f3nico a: DominicanRepublic.ACS@gdit-gss.com<\/p>\n\n\n\n<p>\u25baUn valor dominicano en NY: Eunice Carolina Cuevas Duval, de 28 a\u00f1os, oriunda de Neyba, es m\u00e9dico general, se prepara para iniciar un nuevo cap\u00edtulo en su vida profesional.<\/p>\n\n\n\n<p>Especialidad en Medicina Familiar en el The Brooklyn Hospital Center de NY. Logr\u00f3 graduarse con la m\u00e1s alta calificaci\u00f3n de su promoci\u00f3n.<\/p>\n\n\n\n<p>Cuevas Duval, para poner m\u00e1s en alto la bandera tricolor, comenzar\u00e1 su residencia m\u00e9dica en medicina familiar el pr\u00f3ximo 1 de junio en dicho centro hospitalario, donde estar\u00e1 form\u00e1ndose durante tres a\u00f1os; y sue\u00f1a con regresar a RD una vez finalizada su especialidad para ejercer en su pueblo y aportar sus conocimientos al desarrollo de la salud comunitaria, especialmente en las zonas m\u00e1s necesitadas.<\/p>\n\n\n\n<p>Si usted lo ve caminar por ah\u00ed como lo hace de costumbre, d\u00edgale: \u201cEunice, usted es un valor dominicano en NY\u201d.<\/p>\n\n\n\n<p>\u25baCultura General: El fenecido papa Jorge Mario Bergoglio (Francisco) tuvo una novia (Amalia Damonte) en Argentina durante su infancia (12 a\u00f1os) y le escribi\u00f3 una carta: \u2018Si no me caso contigo, ser\u00e9 papa\u2019.<\/p>\n\n\n\n<p>Sin embargo, los padres de Amalia desaprobaron cualquier tipo de v\u00ednculo amoroso. Ella narr\u00f3 que no respondi\u00f3 la carta, porque deseaba cortar cualquier relaci\u00f3n. Adem\u00e1s, su padre la golpe\u00f3 por haber escrito previamente a un ni\u00f1o.<\/p>\n\n\n\n<p>El papa tambi\u00e9n tuvo una novia antes de ingresar al seminario. A los 21 a\u00f1os, estuvo comprometido con una mujer que trabajaba en el mundo del cine. Ella se cas\u00f3 luego y tuvo hijos.<\/p>\n\n\n\n<p>Ya en su camino hacia el sacerdocio, Francisco confes\u00f3 haber sentido una fuerte atracci\u00f3n por una joven durante una boda familiar. Afirm\u00f3 que ella lo dej\u00f3 desconcentrado durante varios d\u00edas, al punto de dificultar su oraci\u00f3n.<\/p>\n\n\n\n<p>Sin embargo, super\u00f3 esa distracci\u00f3n y continu\u00f3 con su vocaci\u00f3n religiosa.<\/p>\n\n\n\n<p>\u25baSalud: La sand\u00eda, s\u00edmbolo refrescante del verano y emblema de la buena salud. Seg\u00fan los an\u00e1lisis y recomendaciones de la Inteligencia Artificial (IA), este jugoso fruto no solo encanta por su dulzura, tambi\u00e9n ofrece m\u00faltiples virtudes para el bienestar.<\/p>\n\n\n\n<p>7 beneficios: Hidrataci\u00f3n Suprema. Fuente de Nutrientes Esenciales. Beneficios para la Salud Cardiovascular. Propiedades Antiinflamatorias. Apoyo a la Digesti\u00f3n. Energ\u00eda Natural para el Cuerpo. Cuidado Integral de la Piel.<\/p>\n\n\n\n<p>\u25baServicio comunitario: C\u00f3mo saber si alguien est\u00e1 usando su identidad (Identity Theft), que hacen los estafadores para robar informaci\u00f3n personal, c\u00f3mo protegerse y d\u00f3nde poner la denuncia. Visite = https:\/\/www.robodeidentidad.gov\/<\/p>\n\n\n\n<p>\u25baSobre el espa\u00f1ol: Petulancia = Vana y exagerada presunci\u00f3n.<\/p>\n\n\n\n<p>\u25baFrase: No es la vida la que separa a la gente, es la maldad, hipocres\u00eda, traici\u00f3n, ego\u00edsmo y falta de respeto.<\/p>\n\n\n\n<p>\u25baD\u00f3lar y Euro hasta este domingo 27: Compra del d\u00f3lar 58.26 y venta 60.18; Compra euro 65.51 y venta 69.76<\/p>\n\n\n\n<p>\u25baCombustibles: Del 26 de abril al 2 de mayo: Gasolina Premium a $290.10 Regular a $272.50\u2026Gasoil Optimo $239.10 y el Regular a $221.60. Gas licuado a $132.60 y el Gas Natural $43.97.<\/p>\n\n\n\n<p>\u25baPara comunicarse con nosotros: Escribir a santodomingoaldia@yahoo.com<\/p>\n","protected":false},"excerpt":{"rendered":"<p>PERIODISMO INFORMATIVO Y CR\u00cdTICO AL SERVICIO DE LA COMUNIDAD Por Ram\u00f3n Mercedes \u25baColectas y rifas NYC para terminar Hospital en RD: Dominicanos procedentes del municipio de Villa Riva, provincia Duarte,&hellip;<\/p>\n","protected":false},"author":10,"featured_media":94648,"comment_status":"open","ping_status":"open","sticky":false,"template":"","format":"standard","meta":{"content-type":"","jetpack_post_was_ever_published":false,"_jetpack_newsletter_access":"","_jetpack_dont_email_post_to_subs":false,"_jetpack_newsletter_tier_id":0,"_jetpack_memberships_contains_paywalled_content":false,"_jetpack_memberships_contains_paid_content":false,"footnotes":""},"categories":[95],"tags":[17809],"class_list":["post-97830","post","type-post","status-publish","format-standard","has-post-thumbnail","hentry","category-opinion","tag-enterate-ny"],"jetpack_featured_media_url":"https:\/\/lasprimeras.com.do\/wp-content\/uploads\/2025\/03\/Ramon-Mercedes.jpeg","jetpack-related-posts":[{"id":97827,"url":"https:\/\/lasprimeras.com.do\/index.php\/2025\/04\/28\/se-proponen-hacer-colectas-y-rifas-en-nyc-para-hospital-villa-riva-se-encuentra-en-cuidados-intensivos\/","url_meta":{"origin":97830,"position":0},"title":"Se proponen hacer colectas y rifas en NYC para Hospital Villa Riva; se encuentra en cuidados intensivos","author":"Nelson Feliz","date":"28 de abril de 2025","format":false,"excerpt":"https:\/\/www.youtube.com\/watch?v=yqfEUwMzWwA Por Ram\u00f3n Mercedes NUEVA YORK.- Dominicanos procedentes del municipio de Villa Riva, provincia Duarte, y residentes en esta ciudad, se proponen hacer colectas y rifas entre sus compueblanos para terminar la reparaci\u00f3n del \u00abHospital Municipal Alicia de Legendre\u00bb, paralizado desde hace m\u00e1s de mil 800 d\u00edas (5 a\u00f1os). En\u2026","rel":"","context":"En \u00abINTERNACIONALES\u00bb","block_context":{"text":"INTERNACIONALES","link":"https:\/\/lasprimeras.com.do\/index.php\/category\/sin-categoria\/internacionales\/"},"img":{"alt_text":"Hospital Villa Riva","src":"https:\/\/i0.wp.com\/lasprimeras.com.do\/wp-content\/uploads\/2025\/04\/WhatsApp-Image-2025-04-28-at-5.58.00-AM.jpeg?resize=350%2C200&ssl=1","width":350,"height":200},"classes":[]},{"id":97990,"url":"https:\/\/lasprimeras.com.do\/index.php\/2025\/04\/30\/apoyan-en-ny-marcha-efectuada-este-martes-en-villa-riva-en-reclamo-terminacion-hospital\/","url_meta":{"origin":97830,"position":1},"title":"Apoyan en NY marcha efectuada este martes en Villa Riva en reclamo terminaci\u00f3n Hospital","author":"Nelson Feliz","date":"30 de abril de 2025","format":false,"excerpt":"Video: https:\/\/www.youtube.com\/watch?v=coCzXsExQrg Por Ram\u00f3n Mercedes NUEVA YORK.- Villarivenses residentes en Estados Unidos reaccionaron con optimismo ante la marcha realizada este martes en el municipio de Villa Riva, provincia Duarte, en la que m\u00e1s de mil personas reclamaron la terminaci\u00f3n del Hospital, paralizado desde hace cinco a\u00f1os, tiempo que el gobierno\u2026","rel":"","context":"En \u00abINTERNACIONALES\u00bb","block_context":{"text":"INTERNACIONALES","link":"https:\/\/lasprimeras.com.do\/index.php\/category\/sin-categoria\/internacionales\/"},"img":{"alt_text":"M\u00e1s de mil personas marcharon este martes en Villa Riva reclamando terminaci\u00f3n Hospital","src":"https:\/\/i0.wp.com\/lasprimeras.com.do\/wp-content\/uploads\/2025\/04\/WhatsApp-Image-2025-04-30-at-6.50.17-AM-3.jpeg?resize=350%2C200&ssl=1","width":350,"height":200,"srcset":"https:\/\/i0.wp.com\/lasprimeras.com.do\/wp-content\/uploads\/2025\/04\/WhatsApp-Image-2025-04-30-at-6.50.17-AM-3.jpeg?resize=350%2C200&ssl=1 1x, https:\/\/i0.wp.com\/lasprimeras.com.do\/wp-content\/uploads\/2025\/04\/WhatsApp-Image-2025-04-30-at-6.50.17-AM-3.jpeg?resize=525%2C300&ssl=1 1.5x, https:\/\/i0.wp.com\/lasprimeras.com.do\/wp-content\/uploads\/2025\/04\/WhatsApp-Image-2025-04-30-at-6.50.17-AM-3.jpeg?resize=700%2C400&ssl=1 2x"},"classes":[]},{"id":98784,"url":"https:\/\/lasprimeras.com.do\/index.php\/2025\/05\/12\/enterate-ny-8\/","url_meta":{"origin":97830,"position":2},"title":"Ent\u00e9rate NY","author":"Nelson Feliz","date":"12 de mayo de 2025","format":false,"excerpt":"PERIODISMO INFORMATIVO Y CR\u00cdTICO AL SERVICIO DE LA COMUNIDAD Por Ram\u00f3n Mercedes \u25ba\u00bfDesalojar\u00e1n FP en NY?: Durante una visita la semana pasada a NJ unos \u00ableoncitos\u00bb informaron a Ent\u00e9rate NY, pidiendo reservas de sus identidades, que hay probabilidad de que el amplio local de la FP, estrat\u00e9gicamente ubicado en 555\u2026","rel":"","context":"En \u00abOPINI\u00d3N\u00bb","block_context":{"text":"OPINI\u00d3N","link":"https:\/\/lasprimeras.com.do\/index.php\/category\/opinion\/"},"img":{"alt_text":"","src":"https:\/\/i0.wp.com\/lasprimeras.com.do\/wp-content\/uploads\/2025\/03\/Ramon-Mercedes.jpeg?resize=350%2C200&ssl=1","width":350,"height":200},"classes":[]},{"id":94647,"url":"https:\/\/lasprimeras.com.do\/index.php\/2025\/03\/03\/enterate-ny\/","url_meta":{"origin":97830,"position":3},"title":"Ent\u00e9rate NY","author":"Nelson Feliz","date":"3 de marzo de 2025","format":false,"excerpt":"PERIODISMO INFORMATIVO Y CR\u00cdTICO AL SERVICIO DE LA COMUNIDAD Por Ram\u00f3n Mercedes \u25baOtro logro del Congresista Espaillat: Durante el pasado fin de semana se ha hablado en el Alto Manhattan, por un tubo y 7 llaves, de otro logro del congresista dominicano en EE. UU, Adriano Espaillat, de poner en\u2026","rel":"","context":"En \u00abOPINI\u00d3N\u00bb","block_context":{"text":"OPINI\u00d3N","link":"https:\/\/lasprimeras.com.do\/index.php\/category\/opinion\/"},"img":{"alt_text":"","src":"https:\/\/i0.wp.com\/lasprimeras.com.do\/wp-content\/uploads\/2025\/03\/Ramon-Mercedes.jpeg?resize=350%2C200&ssl=1","width":350,"height":200},"classes":[]},{"id":51130,"url":"https:\/\/lasprimeras.com.do\/index.php\/2023\/05\/27\/dia-de-las-madres-enterate-porque-los-dominicanos-la-celebran\/","url_meta":{"origin":97830,"position":4},"title":"D\u00eda de las Madres; Ent\u00e9rate porque los dominicanos la celebran","author":"prenxa100","date":"27 de mayo de 2023","format":false,"excerpt":"Cada \u00faltimo domingo del mes de mayo, los dominicanos celebran el D\u00eda de las Madres. Un d\u00eda que se torna de fiestas y regalos para el ser \u201cque m\u00e1s conmueve nuestro coraz\u00f3n\u201d. Por lo que, la compa\u00f1\u00eda administradora Geconsa te explica por qu\u00e9 se celebra este d\u00eda. El 30 de\u2026","rel":"","context":"En \u00abNACIONALES\u00bb","block_context":{"text":"NACIONALES","link":"https:\/\/lasprimeras.com.do\/index.php\/category\/nacionales\/"},"img":{"alt_text":"","src":"","width":0,"height":0},"classes":[]},{"id":95632,"url":"https:\/\/lasprimeras.com.do\/index.php\/2025\/03\/17\/enterate-ny-2\/","url_meta":{"origin":97830,"position":5},"title":"Ent\u00e9rate NY","author":"Nelson Feliz","date":"17 de marzo de 2025","format":false,"excerpt":"PERIODISMO INFORMATIVO Y CR\u00cdTICO AL SERVICIO DE LA COMUNIDAD Por Ram\u00f3n Mercedes \u25baLo nuevo del Mirex para los 51 consulados RD: La canciller\u00eda de RD tiene en carpeta, para implementarlo de un momento a otro en los 51 consulados dominicanos en el exterior: 1- Una escala salarial estandarizada para el\u2026","rel":"","context":"En \u00abOPINI\u00d3N\u00bb","block_context":{"text":"OPINI\u00d3N","link":"https:\/\/lasprimeras.com.do\/index.php\/category\/opinion\/"},"img":{"alt_text":"","src":"https:\/\/i0.wp.com\/lasprimeras.com.do\/wp-content\/uploads\/2025\/03\/Ramon-Mercedes.jpeg?resize=350%2C200&ssl=1","width":350,"height":200},"classes":[]}],"jetpack_sharing_enabled":true,"_links":{"self":[{"href":"https:\/\/lasprimeras.com.do\/index.php\/wp-json\/wp\/v2\/posts\/97830","targetHints":{"allow":["GET"]}}],"collection":[{"href":"https:\/\/lasprimeras.com.do\/index.php\/wp-json\/wp\/v2\/posts"}],"about":[{"href":"https:\/\/lasprimeras.com.do\/index.php\/wp-json\/wp\/v2\/types\/post"}],"author":[{"embeddable":true,"href":"https:\/\/lasprimeras.com.do\/index.php\/wp-json\/wp\/v2\/users\/10"}],"replies":[{"embeddable":true,"href":"https:\/\/lasprimeras.com.do\/index.php\/wp-json\/wp\/v2\/comments?post=97830"}],"version-history":[{"count":1,"href":"https:\/\/lasprimeras.com.do\/index.php\/wp-json\/wp\/v2\/posts\/97830\/revisions"}],"predecessor-version":[{"id":97831,"href":"https:\/\/lasprimeras.com.do\/index.php\/wp-json\/wp\/v2\/posts\/97830\/revisions\/97831"}],"wp:featuredmedia":[{"embeddable":true,"href":"https:\/\/lasprimeras.com.do\/index.php\/wp-json\/wp\/v2\/media\/94648"}],"wp:attachment":[{"href":"https:\/\/lasprimeras.com.do\/index.php\/wp-json\/wp\/v2\/media?parent=97830"}],"wp:term":[{"taxonomy":"category","embeddable":true,"href":"https:\/\/lasprimeras.com.do\/index.php\/wp-json\/wp\/v2\/categories?post=97830"},{"taxonomy":"post_tag","embeddable":true,"href":"https:\/\/lasprimeras.com.do\/index.php\/wp-json\/wp\/v2\/tags?post=97830"}],"curies":[{"name":"wp","href":"https:\/\/api.w.org\/{rel}","templated":true}]}}