{"id":97916,"date":"2025-04-24T10:27:16","date_gmt":"2025-04-24T14:27:16","guid":{"rendered":"https:\/\/lasprimeras.com.do\/?p=97916"},"modified":"2025-04-29T10:30:02","modified_gmt":"2025-04-29T14:30:02","slug":"garcia-fermin-valora-aportes-de-la-revolucion-de-abril-de-1965-a-la-democracia-dominicana","status":"publish","type":"post","link":"https:\/\/lasprimeras.com.do\/index.php\/2025\/04\/24\/garcia-fermin-valora-aportes-de-la-revolucion-de-abril-de-1965-a-la-democracia-dominicana\/","title":{"rendered":"Garc\u00eda Ferm\u00edn valora aportes de la Revoluci\u00f3n de Abril de 1965 a la democracia dominicana"},"content":{"rendered":"\n<p>El ministro de Educaci\u00f3n Superior doctor Franklin Garc\u00eda Ferm\u00edn, valor\u00f3 la Revoluci\u00f3n de Abril de 1965, al conmemorarse este jueves, 60 a\u00f1os de la gesta patri\u00f3tica que abri\u00f3 las puertas de la democracia a la sociedad dominicana.<\/p>\n\n\n\n<p>Dijo que los aportes de militares, encabezados por el coronel Francisco Alberto Caama\u00f1o De\u00f1\u00f3, y un grupo de civiles, sirvi\u00f3 para pedir el retorno a la constitucionalidad y reponer en el poder al profesor Juan Bosch, que hab\u00eda sido derrocado el 25 de septiembre de 1963.<\/p>\n\n\n\n<p>Garc\u00eda Ferm\u00edn se\u00f1al\u00f3 que, aunque no se lograron los objetivos pol\u00edticos de la revuelta, el pa\u00eds pudo transitar una etapa constitucional, pese a que el r\u00e9gimen de Joaqu\u00edn Balaguer conculc\u00f3 los derechos de los dominicanos.<\/p>\n\n\n\n<p>Indic\u00f3 que el pa\u00eds logr\u00f3 enderezar el sendero democr\u00e1tico con la llegada al poder de don Silvestre Antonio Guzm\u00e1n Fern\u00e1ndez en 1978, a quien se le ofreci\u00f3 la Presidencia en 1965.<\/p>\n\n\n\n<p>\u201cLa Revoluci\u00f3n de Abril de 1965 es una gesta patri\u00f3tica que quedar\u00e1 de manera permanente en la memoria de la sociedad\u201d, expres\u00f3 Garc\u00eda Ferm\u00edn.<\/p>\n\n\n\n<p>El funcionario pidi\u00f3 por un futuro en el que las instituciones sean s\u00f3lidas, y en el que la educaci\u00f3n y la salud se consoliden como pilares fundamentales, para desterrar la desigualdad y la pobreza.<\/p>\n\n\n\n<p>Afirm\u00f3 que la lucha iniciada en abril de 1965 no concluy\u00f3 en septiembre de ese a\u00f1o, sino que contin\u00faa vigente y representa un compromiso inquebrantable con la construcci\u00f3n de una sociedad m\u00e1s justa y equitativa.<\/p>\n\n\n\n<p>A la vez, invit\u00f3 a recordar el sacrificio de quienes participaron en aquella gesta y a renovar el compromiso de avanzar con coraje y determinaci\u00f3n hacia una mejor Rep\u00fablica Dominicana.<\/p>\n\n\n\n<p>\u201cEl pa\u00eds merece un futuro mejor, y juntos podemos hacerlo realidad\u201d, subray\u00f3.<\/p>\n","protected":false},"excerpt":{"rendered":"<p>El ministro de Educaci\u00f3n Superior doctor Franklin Garc\u00eda Ferm\u00edn, valor\u00f3 la Revoluci\u00f3n de Abril de 1965, al conmemorarse este jueves, 60 a\u00f1os de la gesta patri\u00f3tica que abri\u00f3 las puertas&hellip;<\/p>\n","protected":false},"author":10,"featured_media":97917,"comment_status":"open","ping_status":"open","sticky":false,"template":"","format":"standard","meta":{"content-type":"","jetpack_post_was_ever_published":false,"_jetpack_newsletter_access":"","_jetpack_dont_email_post_to_subs":false,"_jetpack_newsletter_tier_id":0,"_jetpack_memberships_contains_paywalled_content":false,"_jetpack_memberships_contains_paid_content":false,"footnotes":""},"categories":[482],"tags":[607,549,1373,12701],"class_list":["post-97916","post","type-post","status-publish","format-standard","has-post-thumbnail","hentry","category-historia","tag-democracia","tag-dominicana","tag-franklin-garcia-fermin","tag-revolucion-de-abril-de-1965"],"jetpack_featured_media_url":"https:\/\/lasprimeras.com.do\/wp-content\/uploads\/2025\/04\/Franklin-Garcia-Fermin-1.jpg","jetpack-related-posts":[{"id":110207,"url":"https:\/\/lasprimeras.com.do\/index.php\/2025\/09\/26\/dni-y-dncd-reconocen-al-ministro-franklin-garcia-fermin-por-sus-aportes-a-la-formacion-academica\/","url_meta":{"origin":97916,"position":0},"title":"DNI y DNCD reconocen al ministro Franklin Garc\u00eda Ferm\u00edn por sus aportes a la formaci\u00f3n acad\u00e9mica","author":"Nelson Feliz","date":"26 de septiembre de 2025","format":false,"excerpt":"El Departamento Nacional de Investigaciones (DNI) y la Direcci\u00f3n Nacional de Control de Drogas (DNCD) otorgaron reconocimientos al ministro de Educaci\u00f3n Superior, Ciencia y Tecnolog\u00eda, doctor Franklin Garc\u00eda Ferm\u00edn, durante un acto acad\u00e9mico. El director general del DNI, Luis Soto, destac\u00f3 la contribuci\u00f3n del funcionario en la formaci\u00f3n acad\u00e9mica y\u2026","rel":"","context":"En \u00abNACIONALES\u00bb","block_context":{"text":"NACIONALES","link":"https:\/\/lasprimeras.com.do\/index.php\/category\/nacionales\/"},"img":{"alt_text":"","src":"https:\/\/i0.wp.com\/lasprimeras.com.do\/wp-content\/uploads\/2025\/09\/Franklin-Garcia-Fermin-3.jpg?resize=350%2C200&ssl=1","width":350,"height":200,"srcset":"https:\/\/i0.wp.com\/lasprimeras.com.do\/wp-content\/uploads\/2025\/09\/Franklin-Garcia-Fermin-3.jpg?resize=350%2C200&ssl=1 1x, https:\/\/i0.wp.com\/lasprimeras.com.do\/wp-content\/uploads\/2025\/09\/Franklin-Garcia-Fermin-3.jpg?resize=525%2C300&ssl=1 1.5x, https:\/\/i0.wp.com\/lasprimeras.com.do\/wp-content\/uploads\/2025\/09\/Franklin-Garcia-Fermin-3.jpg?resize=700%2C400&ssl=1 2x"},"classes":[]},{"id":115689,"url":"https:\/\/lasprimeras.com.do\/index.php\/2025\/11\/24\/universidad-adventista-entrega-titulo-honoris-causa-al-ministro-franklin-garcia-fermin\/","url_meta":{"origin":97916,"position":1},"title":"Universidad Adventista entrega t\u00edtulo honoris causa al ministro Franklin Garc\u00eda Ferm\u00edn","author":"Nelson Feliz","date":"24 de noviembre de 2025","format":false,"excerpt":"La Universidad Adventista Dominicana entreg\u00f3 al pa\u00eds 273 nuevos profesionales de grado y postgrado, incluidos 27 doctores en Educaci\u00f3n, como parte de la quinquag\u00e9sima investidura ordinaria que celebr\u00f3 la academia con la presencia se sus m\u00e1s altas autoridades. El acto fue encabezado por el presidente de la Uni\u00f3n Dominicana de\u2026","rel":"","context":"En \u00abNACIONALES\u00bb","block_context":{"text":"NACIONALES","link":"https:\/\/lasprimeras.com.do\/index.php\/category\/nacionales\/"},"img":{"alt_text":"","src":"https:\/\/i0.wp.com\/lasprimeras.com.do\/wp-content\/uploads\/2025\/11\/Franklin-Garcia-Fermin.jpg?resize=350%2C200&ssl=1","width":350,"height":200,"srcset":"https:\/\/i0.wp.com\/lasprimeras.com.do\/wp-content\/uploads\/2025\/11\/Franklin-Garcia-Fermin.jpg?resize=350%2C200&ssl=1 1x, https:\/\/i0.wp.com\/lasprimeras.com.do\/wp-content\/uploads\/2025\/11\/Franklin-Garcia-Fermin.jpg?resize=525%2C300&ssl=1 1.5x, https:\/\/i0.wp.com\/lasprimeras.com.do\/wp-content\/uploads\/2025\/11\/Franklin-Garcia-Fermin.jpg?resize=700%2C400&ssl=1 2x"},"classes":[]},{"id":119887,"url":"https:\/\/lasprimeras.com.do\/index.php\/2026\/01\/18\/reconoce-gerencia-de-garcia-fermin-por-el-fortalecimiento-de-la-educacion-superior\/","url_meta":{"origin":97916,"position":2},"title":"Reconoce gerencia de Garc\u00eda Ferm\u00edn por el fortalecimiento de la educaci\u00f3n superior","author":"Nelson Feliz","date":"18 de enero de 2026","format":false,"excerpt":"El reconocimiento destaca los avances en becas, investigaci\u00f3n, calidad acad\u00e9mica y cooperaci\u00f3n interinstitucional. La Universidad Nacional para la Defensa \u201cGeneral Juan Pablo Duarte y D\u00edez\u201d (UNADE) otorg\u00f3 una placa de reconocimiento al ministro de Educaci\u00f3n Superior, Ciencia y Tecnolog\u00eda (MESCyT), doctor Franklin Garc\u00eda Ferm\u00edn, en m\u00e9rito a su gesti\u00f3n estrat\u00e9gica\u2026","rel":"","context":"En \u00abNACIONALES\u00bb","block_context":{"text":"NACIONALES","link":"https:\/\/lasprimeras.com.do\/index.php\/category\/nacionales\/"},"img":{"alt_text":"UNADE","src":"https:\/\/i0.wp.com\/lasprimeras.com.do\/wp-content\/uploads\/2026\/01\/UNADE-1.jpg?resize=350%2C200&ssl=1","width":350,"height":200,"srcset":"https:\/\/i0.wp.com\/lasprimeras.com.do\/wp-content\/uploads\/2026\/01\/UNADE-1.jpg?resize=350%2C200&ssl=1 1x, https:\/\/i0.wp.com\/lasprimeras.com.do\/wp-content\/uploads\/2026\/01\/UNADE-1.jpg?resize=525%2C300&ssl=1 1.5x, https:\/\/i0.wp.com\/lasprimeras.com.do\/wp-content\/uploads\/2026\/01\/UNADE-1.jpg?resize=700%2C400&ssl=1 2x"},"classes":[]},{"id":104310,"url":"https:\/\/lasprimeras.com.do\/index.php\/2025\/07\/23\/garcia-fermin-rd-y-huawei-exploran-iniciativas-conjuntas-para-transformar-educacion-superior\/","url_meta":{"origin":97916,"position":3},"title":"Garc\u00eda Ferm\u00edn: \u201cRD y Huawei exploran iniciativas conjuntas para transformar educaci\u00f3n superior\u201d","author":"Nelson Feliz","date":"23 de julio de 2025","format":false,"excerpt":"Shangh\u00e1i, China.- El ministro de Educaci\u00f3n Superior, Ciencia y Tecnolog\u00eda, Franklin Garc\u00eda Ferm\u00edn, realiz\u00f3 una visita oficial al campus Huawei Qingpu, en Shangh\u00e1i, como parte de su agenda institucional en la Rep\u00fablica Popular China. Durante el recorrido, la delegaci\u00f3n conoci\u00f3 de cerca las m\u00e1s recientes innovaciones tecnol\u00f3gicas de Huawei en\u2026","rel":"","context":"En \u00abINTERNACIONALES\u00bb","block_context":{"text":"INTERNACIONALES","link":"https:\/\/lasprimeras.com.do\/index.php\/category\/sin-categoria\/internacionales\/"},"img":{"alt_text":"Franklin Garc\u00eda Ferm\u00edn","src":"https:\/\/i0.wp.com\/lasprimeras.com.do\/wp-content\/uploads\/2025\/07\/Franklin-Garcia-Fermin.jpg?resize=350%2C200&ssl=1","width":350,"height":200,"srcset":"https:\/\/i0.wp.com\/lasprimeras.com.do\/wp-content\/uploads\/2025\/07\/Franklin-Garcia-Fermin.jpg?resize=350%2C200&ssl=1 1x, https:\/\/i0.wp.com\/lasprimeras.com.do\/wp-content\/uploads\/2025\/07\/Franklin-Garcia-Fermin.jpg?resize=525%2C300&ssl=1 1.5x, https:\/\/i0.wp.com\/lasprimeras.com.do\/wp-content\/uploads\/2025\/07\/Franklin-Garcia-Fermin.jpg?resize=700%2C400&ssl=1 2x"},"classes":[]},{"id":82070,"url":"https:\/\/lasprimeras.com.do\/index.php\/2024\/04\/28\/conmemoran-en-nueva-york-59-aniversario-de-la-revolucion-de-abril-de-1965\/","url_meta":{"origin":97916,"position":4},"title":"Conmemoran en Nueva York 59 aniversario de la Revoluci\u00f3n de Abril de 1965","author":"Nelson Feliz","date":"28 de abril de 2024","format":false,"excerpt":"Por Aquiles RojasPuro Fajardo NUEVA YORK.- El Frente de Robles y Caobas Modernos del Partido Revolucionario Moderno en esta ciudad, mediante un emotivo acto, conmemor\u00f3 el 59 aniversario de la Revoluci\u00f3n de Abril de 1965. El acto inici\u00f3 con las palabras de V\u00edctor Sol\u00eds, presidente de los Robles y Caobas\u2026","rel":"","context":"En \u00abSin categor\u00eda\u00bb","block_context":{"text":"Sin categor\u00eda","link":"https:\/\/lasprimeras.com.do\/index.php\/category\/sin-categoria\/"},"img":{"alt_text":"Revoluci\u00f3n de Abril de 1965","src":"https:\/\/i0.wp.com\/lasprimeras.com.do\/wp-content\/uploads\/2024\/04\/Revolucion-de-Abril-de-1965-1.jpg?resize=350%2C200&ssl=1","width":350,"height":200,"srcset":"https:\/\/i0.wp.com\/lasprimeras.com.do\/wp-content\/uploads\/2024\/04\/Revolucion-de-Abril-de-1965-1.jpg?resize=350%2C200&ssl=1 1x, https:\/\/i0.wp.com\/lasprimeras.com.do\/wp-content\/uploads\/2024\/04\/Revolucion-de-Abril-de-1965-1.jpg?resize=525%2C300&ssl=1 1.5x"},"classes":[]},{"id":102479,"url":"https:\/\/lasprimeras.com.do\/index.php\/2025\/07\/05\/reconocen-a-garcia-fermin-por-su-liderazgo-y-transparencia-en-el-programa-de-becas-nacionales-e-internacionales-del-mescyt\/","url_meta":{"origin":97916,"position":5},"title":"Reconocen a Garc\u00eda Ferm\u00edn por su liderazgo y transparencia en el programa de becas nacionales e internacionales del MESCyT","author":"Nelson Feliz","date":"5 de julio de 2025","format":false,"excerpt":"La condecoraci\u00f3n otorgada por el Equipo Apolo 27 del Instituto Tecnol\u00f3gico de Santo Domingo (INTEC); resaltan excelente manejo por sus valiosos aportes al sistema educativo superior El titular del Ministerio de Educaci\u00f3n Superior, Ciencia y Tecnolog\u00eda, doctor Franklin Garc\u00eda Ferm\u00edn, recibi\u00f3 un reconocimiento por el Equipo de Apolo 27 del\u2026","rel":"","context":"En \u00abNACIONALES\u00bb","block_context":{"text":"NACIONALES","link":"https:\/\/lasprimeras.com.do\/index.php\/category\/nacionales\/"},"img":{"alt_text":"","src":"https:\/\/i0.wp.com\/lasprimeras.com.do\/wp-content\/uploads\/2025\/07\/fermin-1.jpg?resize=350%2C200&ssl=1","width":350,"height":200,"srcset":"https:\/\/i0.wp.com\/lasprimeras.com.do\/wp-content\/uploads\/2025\/07\/fermin-1.jpg?resize=350%2C200&ssl=1 1x, https:\/\/i0.wp.com\/lasprimeras.com.do\/wp-content\/uploads\/2025\/07\/fermin-1.jpg?resize=525%2C300&ssl=1 1.5x, https:\/\/i0.wp.com\/lasprimeras.com.do\/wp-content\/uploads\/2025\/07\/fermin-1.jpg?resize=700%2C400&ssl=1 2x"},"classes":[]}],"jetpack_sharing_enabled":true,"_links":{"self":[{"href":"https:\/\/lasprimeras.com.do\/index.php\/wp-json\/wp\/v2\/posts\/97916","targetHints":{"allow":["GET"]}}],"collection":[{"href":"https:\/\/lasprimeras.com.do\/index.php\/wp-json\/wp\/v2\/posts"}],"about":[{"href":"https:\/\/lasprimeras.com.do\/index.php\/wp-json\/wp\/v2\/types\/post"}],"author":[{"embeddable":true,"href":"https:\/\/lasprimeras.com.do\/index.php\/wp-json\/wp\/v2\/users\/10"}],"replies":[{"embeddable":true,"href":"https:\/\/lasprimeras.com.do\/index.php\/wp-json\/wp\/v2\/comments?post=97916"}],"version-history":[{"count":1,"href":"https:\/\/lasprimeras.com.do\/index.php\/wp-json\/wp\/v2\/posts\/97916\/revisions"}],"predecessor-version":[{"id":97918,"href":"https:\/\/lasprimeras.com.do\/index.php\/wp-json\/wp\/v2\/posts\/97916\/revisions\/97918"}],"wp:featuredmedia":[{"embeddable":true,"href":"https:\/\/lasprimeras.com.do\/index.php\/wp-json\/wp\/v2\/media\/97917"}],"wp:attachment":[{"href":"https:\/\/lasprimeras.com.do\/index.php\/wp-json\/wp\/v2\/media?parent=97916"}],"wp:term":[{"taxonomy":"category","embeddable":true,"href":"https:\/\/lasprimeras.com.do\/index.php\/wp-json\/wp\/v2\/categories?post=97916"},{"taxonomy":"post_tag","embeddable":true,"href":"https:\/\/lasprimeras.com.do\/index.php\/wp-json\/wp\/v2\/tags?post=97916"}],"curies":[{"name":"wp","href":"https:\/\/api.w.org\/{rel}","templated":true}]}}