{"id":98216,"date":"2025-05-03T22:33:44","date_gmt":"2025-05-04T02:33:44","guid":{"rendered":"https:\/\/lasprimeras.com.do\/?p=98216"},"modified":"2025-05-03T22:33:45","modified_gmt":"2025-05-04T02:33:45","slug":"la-untc-condena-irrespeto-a-la-libertad-de-expresion","status":"publish","type":"post","link":"https:\/\/lasprimeras.com.do\/index.php\/2025\/05\/03\/la-untc-condena-irrespeto-a-la-libertad-de-expresion\/","title":{"rendered":"La UNTC condena irrespeto a la Libertad de Expresi\u00f3n"},"content":{"rendered":"\n<p>Por Juan Francisco Morel Molina<\/p>\n\n\n\n<p>Este 3 de mayo, la prensa mundial conmemora el D\u00eda de la Libertad de Expresi\u00f3n, una fecha propicia para reflexionar sobre la realidad que viven los periodistas y los medios de comunicaci\u00f3n, tanto en la Rep\u00fablica Dominicana como en el resto del mundo.<\/p>\n\n\n\n<p>M\u00e1s que una celebraci\u00f3n, esta fecha nos invita a detenernos a pensar en nuestro ejercicio period\u00edstico y a denunciar las distintas formas de irrespeto al derecho a la libre expresi\u00f3n.<\/p>\n\n\n\n<p>En mi calidad de presidente nacional de la Uni\u00f3n Nacional de los Trabajadores de la Comunicaci\u00f3n Social (UNTC), expreso nuestro en\u00e9rgico rechazo al maltrato que han sufrido periodistas dominicanos en los \u00faltimos d\u00edas.<\/p>\n\n\n\n<p>Resulta vergonzoso y condenable el reciente atropello cometido contra periodistas y camar\u00f3grafos en Santo Domingo, mientras cubr\u00edan la graduaci\u00f3n de 3,048 nuevos agentes de la Polic\u00eda Nacional, realizada en el Coliseo de Boxeo Carlos (Teo) Cruz.<\/p>\n\n\n\n<p>Este hecho constituye una grave violaci\u00f3n a la libertad de expresi\u00f3n consagrada en la Constituci\u00f3n dominicana, las leyes nacionales y la Declaraci\u00f3n Universal de los Derechos Humanos.<\/p>\n\n\n\n<p>Desde la UNTC condenamos en\u00e9rgicamente esta y cualquier otra pr\u00e1ctica que vulnere los derechos fundamentales de los trabajadores de la prensa. Exigimos a las autoridades correspondientes que sancionen toda acci\u00f3n que contravenga la Constituci\u00f3n y las leyes.<\/p>\n\n\n\n<p>Es oportuno recordar al presidente de la Rep\u00fablica, Luis Abinader, a la ministra de Interior y Polic\u00eda, Faride Raful, y a todos los funcionarios del gobierno, que la libertad de expresi\u00f3n est\u00e1 garantizada constitucionalmente.<\/p>\n\n\n\n<p>El art\u00edculo 49 de la Constituci\u00f3n dominicana establece que \u201ctoda persona tiene derecho a expresar libremente sus pensamientos, ideas y opiniones, por cualquier medio, sin que pueda establecerse censura previa\u201d.<\/p>\n\n\n\n<p>Asimismo, la Ley 61-32 sobre Expresi\u00f3n y Difusi\u00f3n del Pensamiento consagra la libertad de expresi\u00f3n, salvo cuando se atente contra la honra de las personas, el orden social o la paz p\u00fablica.<\/p>\n\n\n\n<p>Por todo lo anterior, reitero, en nombre de la UNTC, nuestra m\u00e1s firme condena a este atropello contra periodistas y camar\u00f3grafos, y advertimos sobre la necesidad de frenar toda forma de agresi\u00f3n al libre ejercicio del periodismo en la Rep\u00fablica Dominicana.<\/p>\n\n\n\n<p>Confiamos en que el presidente Luis Abinader tomar\u00e1 cartas en este grave asunto y garantizar\u00e1, con hechos, el respeto al derecho sagrado de informar y opinar libremente.<\/p>\n","protected":false},"excerpt":{"rendered":"<p>Por Juan Francisco Morel Molina Este 3 de mayo, la prensa mundial conmemora el D\u00eda de la Libertad de Expresi\u00f3n, una fecha propicia para reflexionar sobre la realidad que viven&hellip;<\/p>\n","protected":false},"author":2,"featured_media":98217,"comment_status":"open","ping_status":"open","sticky":false,"template":"","format":"standard","meta":{"content-type":"","jetpack_post_was_ever_published":false,"_jetpack_newsletter_access":"","_jetpack_dont_email_post_to_subs":false,"_jetpack_newsletter_tier_id":0,"_jetpack_memberships_contains_paywalled_content":false,"_jetpack_memberships_contains_paid_content":false,"footnotes":""},"categories":[95],"tags":[19225],"class_list":["post-98216","post","type-post","status-publish","format-standard","has-post-thumbnail","hentry","category-opinion","tag-untc-condena-irrespeto-a-la-libertad-de-expresion"],"jetpack_featured_media_url":"https:\/\/lasprimeras.com.do\/wp-content\/uploads\/2025\/05\/WhatsApp-Image-2025-05-03-at-5.43.51-PM.jpeg","jetpack-related-posts":[{"id":54661,"url":"https:\/\/lasprimeras.com.do\/index.php\/2023\/07\/12\/la-untc-elige-nuevo-comite-ejecutivo-para-el-periodo-2023-27\/","url_meta":{"origin":98216,"position":0},"title":"La UNTC elige nuevo Comit\u00e9 Ejecutivo para el per\u00edodo 2023-27","author":"Nelson Feliz","date":"12 de julio de 2023","format":false,"excerpt":"Por Orlando Arias La Uni\u00f3n Nacional de Trabajadores de la Comunicaci\u00f3n (UNTC) llev\u00f3 a cabo su 7mo Congreso \"Raphy Solano\" en las instalaciones del Instituto Nacional de Formaci\u00f3n Agraria y Sindical (INFAS), con la participaci\u00f3n de numerosos delegados de todo el pa\u00eds. Durante el congreso, se conform\u00f3 el nuevo Comit\u00e9\u2026","rel":"","context":"En \u00abNACIONALES\u00bb","block_context":{"text":"NACIONALES","link":"https:\/\/lasprimeras.com.do\/index.php\/category\/nacionales\/"},"img":{"alt_text":"Congreso Raphy Solano","src":"https:\/\/i0.wp.com\/lasprimeras.com.do\/wp-content\/uploads\/2023\/07\/Congreso-Raphy-Solano.jpg?resize=350%2C200&ssl=1","width":350,"height":200,"srcset":"https:\/\/i0.wp.com\/lasprimeras.com.do\/wp-content\/uploads\/2023\/07\/Congreso-Raphy-Solano.jpg?resize=350%2C200&ssl=1 1x, https:\/\/i0.wp.com\/lasprimeras.com.do\/wp-content\/uploads\/2023\/07\/Congreso-Raphy-Solano.jpg?resize=525%2C300&ssl=1 1.5x, https:\/\/i0.wp.com\/lasprimeras.com.do\/wp-content\/uploads\/2023\/07\/Congreso-Raphy-Solano.jpg?resize=700%2C400&ssl=1 2x"},"classes":[]},{"id":98213,"url":"https:\/\/lasprimeras.com.do\/index.php\/2025\/05\/03\/sntp-clama-respeto-a-libertad-de-expresion-y-seguridad-en-el-ejercicio-periodistico\/","url_meta":{"origin":98216,"position":1},"title":"SNTP clama respeto a Libertad de Expresi\u00f3n y seguridad en el ejercicio period\u00edstico","author":"Nelson Feliz","date":"3 de mayo de 2025","format":false,"excerpt":"Hoy se conmemora el D\u00eda Mundial de la Libertad de Prensa. El Sindicato Nacional de Trabajadores de la Prensa (SNTP), al conmemorarse este s\u00e1bado 3 de mayo el D\u00eda Mundial de la Libertad de Prensa, hace notar una serie de violaciones y atropellos al ejercicio del periodismo en la Rep\u00fablica\u2026","rel":"","context":"En \u00abNACIONALES\u00bb","block_context":{"text":"NACIONALES","link":"https:\/\/lasprimeras.com.do\/index.php\/category\/nacionales\/"},"img":{"alt_text":"Jos\u00e9 Beato","src":"https:\/\/i0.wp.com\/lasprimeras.com.do\/wp-content\/uploads\/2025\/05\/Jose-Beato.jpg?resize=350%2C200&ssl=1","width":350,"height":200,"srcset":"https:\/\/i0.wp.com\/lasprimeras.com.do\/wp-content\/uploads\/2025\/05\/Jose-Beato.jpg?resize=350%2C200&ssl=1 1x, https:\/\/i0.wp.com\/lasprimeras.com.do\/wp-content\/uploads\/2025\/05\/Jose-Beato.jpg?resize=525%2C300&ssl=1 1.5x"},"classes":[]},{"id":56442,"url":"https:\/\/lasprimeras.com.do\/index.php\/2023\/08\/01\/fjt-condena-censura-contra-medios-de-comunicacion-y-comunicadores\/","url_meta":{"origin":98216,"position":2},"title":"FJT condena censura contra medios de comunicaci\u00f3n y comunicadores","author":"Nelson Feliz","date":"1 de agosto de 2023","format":false,"excerpt":"El presidente de la Fundaci\u00f3n Justicia y Transparencia (FJT), Trajano Vidal Potentini, expres\u00f3 su preocupaci\u00f3n por las reiteradas presiones, censura previa, amenazas y amedrentamiento a los medios de comunicaci\u00f3n y comunicadores independientes, por parte de la clase gobernante y sectores vinculados al poder pol\u00edtico. Vidal Potentini, conden\u00f3 la censura y\u2026","rel":"","context":"En \u00abSin categor\u00eda\u00bb","block_context":{"text":"Sin categor\u00eda","link":"https:\/\/lasprimeras.com.do\/index.php\/category\/sin-categoria\/"},"img":{"alt_text":"Trajano Vidal Potentini","src":"https:\/\/i0.wp.com\/lasprimeras.com.do\/wp-content\/uploads\/2023\/08\/Trajano-Vidal-Potentini.jpg?resize=350%2C200&ssl=1","width":350,"height":200,"srcset":"https:\/\/i0.wp.com\/lasprimeras.com.do\/wp-content\/uploads\/2023\/08\/Trajano-Vidal-Potentini.jpg?resize=350%2C200&ssl=1 1x, https:\/\/i0.wp.com\/lasprimeras.com.do\/wp-content\/uploads\/2023\/08\/Trajano-Vidal-Potentini.jpg?resize=525%2C300&ssl=1 1.5x, https:\/\/i0.wp.com\/lasprimeras.com.do\/wp-content\/uploads\/2023\/08\/Trajano-Vidal-Potentini.jpg?resize=700%2C400&ssl=1 2x"},"classes":[]},{"id":58096,"url":"https:\/\/lasprimeras.com.do\/index.php\/2023\/08\/19\/casc-y-el-hospital-profesor-juan-bosch-firman-acuerdo-de-colaboracion-en-favor-de-comunicadores\/","url_meta":{"origin":98216,"position":3},"title":"CASC y el Hospital\u00a0Profesor Juan Bosch firman acuerdo de colaboraci\u00f3n en favor de comunicadores","author":"Nelson Feliz","date":"19 de agosto de 2023","format":false,"excerpt":"Por Perfecto Rosario La Central Aut\u00f3noma Sindical Clasista (CASC) junto a sus organizaciones afiliadas UNTC y UCROPOL firm\u00f3 un acuerdo con el Hospital Traumat\u00f3logo\u00a0 y Quir\u00fargico Profesor Juan Bosch, ubicado en el Pino, La Vega. El doctor Eligi\u00f3 Joel Ortega, dijo que el\u00a0 acuerdo consiste en que este centro de\u2026","rel":"","context":"En \u00abNACIONALES\u00bb","block_context":{"text":"NACIONALES","link":"https:\/\/lasprimeras.com.do\/index.php\/category\/nacionales\/"},"img":{"alt_text":"La firma del convenio fue hecha por la CASC su presidente Gabriel del R\u00edo y por el hospital ,el director doctor Eligi\u00f3 Ortega","src":"https:\/\/i0.wp.com\/lasprimeras.com.do\/wp-content\/uploads\/2023\/08\/Acuerdo.jpg?resize=350%2C200&ssl=1","width":350,"height":200,"srcset":"https:\/\/i0.wp.com\/lasprimeras.com.do\/wp-content\/uploads\/2023\/08\/Acuerdo.jpg?resize=350%2C200&ssl=1 1x, https:\/\/i0.wp.com\/lasprimeras.com.do\/wp-content\/uploads\/2023\/08\/Acuerdo.jpg?resize=525%2C300&ssl=1 1.5x, https:\/\/i0.wp.com\/lasprimeras.com.do\/wp-content\/uploads\/2023\/08\/Acuerdo.jpg?resize=700%2C400&ssl=1 2x"},"classes":[]},{"id":107202,"url":"https:\/\/lasprimeras.com.do\/index.php\/2025\/08\/24\/fiscalia-de-ciudad-juan-bosch-cita-al-periodista-logan-jimenez-ramos-tras-denuncia-de-dirigente-comunitaria\/","url_meta":{"origin":98216,"position":4},"title":"Fiscal\u00eda de Ciudad Juan Bosch cita al periodista Logan Jim\u00e9nez Ramos tras denuncia de dirigente comunitaria","author":"Nelson Feliz","date":"24 de agosto de 2025","format":false,"excerpt":"Comunicador atribuye la acci\u00f3n en su contra a represalias por sus denuncias sobre camiones del Ayuntamiento SDE que invaden aceras en el residencial El Sembrador I. El periodista y director del multimedio \"La Voz Sin Censura\", Logan Jim\u00e9nez Ramos, denunci\u00f3 que ha sido citado por la Fiscal\u00eda de Ciudad Juan\u2026","rel":"","context":"En \u00abJUSTICIA\u00bb","block_context":{"text":"JUSTICIA","link":"https:\/\/lasprimeras.com.do\/index.php\/category\/justicia\/"},"img":{"alt_text":"Logan Jim\u00e9nez","src":"https:\/\/i0.wp.com\/lasprimeras.com.do\/wp-content\/uploads\/2023\/12\/Logan-Jimenez.jpg?resize=350%2C200&ssl=1","width":350,"height":200,"srcset":"https:\/\/i0.wp.com\/lasprimeras.com.do\/wp-content\/uploads\/2023\/12\/Logan-Jimenez.jpg?resize=350%2C200&ssl=1 1x, https:\/\/i0.wp.com\/lasprimeras.com.do\/wp-content\/uploads\/2023\/12\/Logan-Jimenez.jpg?resize=525%2C300&ssl=1 1.5x, https:\/\/i0.wp.com\/lasprimeras.com.do\/wp-content\/uploads\/2023\/12\/Logan-Jimenez.jpg?resize=700%2C400&ssl=1 2x"},"classes":[]},{"id":86829,"url":"https:\/\/lasprimeras.com.do\/index.php\/2024\/08\/02\/nelson-gutierrez-condena-agresion-contra-tres-miembros-de-la-prensa-en-santiago\/","url_meta":{"origin":98216,"position":5},"title":"Nelson Guti\u00e9rrez condena agresi\u00f3n contra tres miembros de la prensa en Santiago","author":"Nelson Feliz","date":"2 de agosto de 2024","format":false,"excerpt":"El Director Ejecutivo Nacional del Consejo Nacional de los Derechos Humanos (Conadehu), Nelson Guti\u00e9rrez, calific\u00f3 como un atentado a la libertad de prensa, la agresi\u00f3n f\u00edsica por parte de un agente de la Polic\u00eda Nacional contra un reportero gr\u00e1fico, y maltratos verbales a dos periodistas de distintos medios de comunicaci\u00f3n.\u2026","rel":"","context":"En \u00abNACIONALES\u00bb","block_context":{"text":"NACIONALES","link":"https:\/\/lasprimeras.com.do\/index.php\/category\/nacionales\/"},"img":{"alt_text":"Nelson Guti\u00e9rrez","src":"https:\/\/i0.wp.com\/lasprimeras.com.do\/wp-content\/uploads\/2024\/08\/nelson-gutierrez.jpg?resize=350%2C200&ssl=1","width":350,"height":200,"srcset":"https:\/\/i0.wp.com\/lasprimeras.com.do\/wp-content\/uploads\/2024\/08\/nelson-gutierrez.jpg?resize=350%2C200&ssl=1 1x, https:\/\/i0.wp.com\/lasprimeras.com.do\/wp-content\/uploads\/2024\/08\/nelson-gutierrez.jpg?resize=525%2C300&ssl=1 1.5x, https:\/\/i0.wp.com\/lasprimeras.com.do\/wp-content\/uploads\/2024\/08\/nelson-gutierrez.jpg?resize=700%2C400&ssl=1 2x"},"classes":[]}],"jetpack_sharing_enabled":true,"_links":{"self":[{"href":"https:\/\/lasprimeras.com.do\/index.php\/wp-json\/wp\/v2\/posts\/98216","targetHints":{"allow":["GET"]}}],"collection":[{"href":"https:\/\/lasprimeras.com.do\/index.php\/wp-json\/wp\/v2\/posts"}],"about":[{"href":"https:\/\/lasprimeras.com.do\/index.php\/wp-json\/wp\/v2\/types\/post"}],"author":[{"embeddable":true,"href":"https:\/\/lasprimeras.com.do\/index.php\/wp-json\/wp\/v2\/users\/2"}],"replies":[{"embeddable":true,"href":"https:\/\/lasprimeras.com.do\/index.php\/wp-json\/wp\/v2\/comments?post=98216"}],"version-history":[{"count":1,"href":"https:\/\/lasprimeras.com.do\/index.php\/wp-json\/wp\/v2\/posts\/98216\/revisions"}],"predecessor-version":[{"id":98218,"href":"https:\/\/lasprimeras.com.do\/index.php\/wp-json\/wp\/v2\/posts\/98216\/revisions\/98218"}],"wp:featuredmedia":[{"embeddable":true,"href":"https:\/\/lasprimeras.com.do\/index.php\/wp-json\/wp\/v2\/media\/98217"}],"wp:attachment":[{"href":"https:\/\/lasprimeras.com.do\/index.php\/wp-json\/wp\/v2\/media?parent=98216"}],"wp:term":[{"taxonomy":"category","embeddable":true,"href":"https:\/\/lasprimeras.com.do\/index.php\/wp-json\/wp\/v2\/categories?post=98216"},{"taxonomy":"post_tag","embeddable":true,"href":"https:\/\/lasprimeras.com.do\/index.php\/wp-json\/wp\/v2\/tags?post=98216"}],"curies":[{"name":"wp","href":"https:\/\/api.w.org\/{rel}","templated":true}]}}