{"id":98305,"date":"2025-05-06T12:12:19","date_gmt":"2025-05-06T16:12:19","guid":{"rendered":"https:\/\/lasprimeras.com.do\/?p=98305"},"modified":"2025-05-06T12:12:20","modified_gmt":"2025-05-06T16:12:20","slug":"en-respaldo-a-una-politica-migratoria-firme-y-humana","status":"publish","type":"post","link":"https:\/\/lasprimeras.com.do\/index.php\/2025\/05\/06\/en-respaldo-a-una-politica-migratoria-firme-y-humana\/","title":{"rendered":"En respaldo a una pol\u00edtica migratoria firme y humana"},"content":{"rendered":"\n<p>EDITORIAL<\/p>\n\n\n\n<p>Al segundo d\u00eda de la invitaci\u00f3n de palabras a los partidos de oposici\u00f3n a participar en un di\u00e1logo con miras a un pacto nacional para ejecutar pol\u00edticas de Estado frente a la migraci\u00f3n, el Partido de la Liberaci\u00f3n Dominicana (PLD), con la coherencia que le ha caracterizado, abord\u00f3 el tema en el organismo estatutariamente autorizado a conocer de estos asuntos, el Comit\u00e9 Pol\u00edtico.<\/p>\n\n\n\n<p>En la reuni\u00f3n ordinaria correspondiente a abril el Comit\u00e9 Pol\u00edtico discuti\u00f3 ampliamente el punto. Tras concluir el encuentro inform\u00f3 al pa\u00eds que presentar\u00eda su posici\u00f3n oficial a la propuesta hecha por el presidente de la Rep\u00fablica a los partidos de oposici\u00f3n.<\/p>\n\n\n\n<p>Con tales prop\u00f3sitos conform\u00f3 una comisi\u00f3n integrada por el presidente del PLD, Danilo Medina; el secretario general, Johnny Pujols; los vicepresidentes del Partido Zoraima Cuello, Yv\u00e1n Lorenzo, Tem\u00edstocles Mont\u00e1s, as\u00ed como Gustavo S\u00e1nchez y Roberto Rodr\u00edguez Marchena.<\/p>\n\n\n\n<p>D\u00edas despu\u00e9s dio a conocer en un documento detallado por su secretario general, acompa\u00f1ado de los comisionados, su an\u00e1lisis, cr\u00edticas y propuestas.<\/p>\n\n\n\n<p>El fundamento de lo expresado se sustenta en el boschismo, que es la teor\u00eda oficial del PLD, basada en el pensamiento, obra y comportamiento de su l\u00edder hist\u00f3rico, el Profesor Juan Bosch, quien promovi\u00f3 siempre, como principio innegociable, el derecho soberano de la Rep\u00fablica Dominicana a controlar sus fronteras y regular sus flujos migratorios, sosteniendo que la soberan\u00eda nacional se vuelve m\u00e1s s\u00f3lida cuando se ejerce con criterios de transparencia, orden y pleno respeto a los derechos fundamentales.<\/p>\n\n\n\n<p>Al manifestar su disposici\u00f3n a participar en un di\u00e1logo y llegar a acuerdos sobre el tema migratorio, el PLD expres\u00f3 su profunda preocupaci\u00f3n por la ineficaz pol\u00edtica migratoria actual.<\/p>\n\n\n\n<p>El PLD le aclar\u00f3 al Gobierno que no se defiende la soberan\u00eda humillando al pr\u00f3jimo, sino protegiendo a su propio pueblo con pol\u00edticas que procuran su bienestar y seguridad, y que se defiende la soberan\u00eda con orden, legalidad, controles robustos y humanidad.<\/p>\n\n\n\n<p>Con la experiencia de un ejercicio de gobierno responsable el Partido de la Liberaci\u00f3n Dominicana le propuso al Gobierno y al presidente Luis Abinader una pol\u00edtica migratoria sustentada en un sistema de control fronterizo moderno y efectivo, con verdaderas sanciones y consecuencias para quienes permitan el acceso irregular a nuestro territorio, la implementaci\u00f3n de un Plan Nacional de Regularizaci\u00f3n ordenado y transparente, el fortalecimiento de las relaciones diplom\u00e1ticas para compartir la responsabilidad de la crisis haitiana con la comunidad internacional y que toda acci\u00f3n migratoria se realice en estricto apego al marco de la Constituci\u00f3n dominicana, las leyes nacionales y los procedimientos establecidos, garantizando transparencia y rendici\u00f3n de cuentas.<\/p>\n\n\n\n<p>El respaldo del PLD estar\u00e1 siempre presente a la aplicaci\u00f3n de una pol\u00edtica migratoria firme, humana y orientada a soluciones estructurales, en la que no se afecte la soberan\u00eda nacional y se garantice la dignidad, la convivencia pac\u00edfica y el desarrollo nacional, elementos necesarios de un Estado soberano y justo.<\/p>\n","protected":false},"excerpt":{"rendered":"<p>EDITORIAL Al segundo d\u00eda de la invitaci\u00f3n de palabras a los partidos de oposici\u00f3n a participar en un di\u00e1logo con miras a un pacto nacional para ejecutar pol\u00edticas de Estado&hellip;<\/p>\n","protected":false},"author":10,"featured_media":98297,"comment_status":"open","ping_status":"open","sticky":false,"template":"","format":"standard","meta":{"content-type":"","jetpack_post_was_ever_published":false,"_jetpack_newsletter_access":"","_jetpack_dont_email_post_to_subs":false,"_jetpack_newsletter_tier_id":0,"_jetpack_memberships_contains_paywalled_content":false,"_jetpack_memberships_contains_paid_content":false,"footnotes":""},"categories":[95],"tags":[19258],"class_list":["post-98305","post","type-post","status-publish","format-standard","has-post-thumbnail","hentry","category-opinion","tag-en-respaldo-a-una-politica-migratoria-firme-y-humana"],"jetpack_featured_media_url":"https:\/\/lasprimeras.com.do\/wp-content\/uploads\/2025\/05\/INDU.jpg","jetpack-related-posts":[{"id":98014,"url":"https:\/\/lasprimeras.com.do\/index.php\/2025\/04\/30\/pld-dispuesto-a-participar-en-dialogo-sobre-el-tema-migratorio\/","url_meta":{"origin":98305,"position":0},"title":"PLD dispuesto a participar en di\u00e1logo sobre el tema migratorio","author":"Nelson Feliz","date":"30 de abril de 2025","format":false,"excerpt":"Miembros y dirigentes del PLD saludan la postura asumida por su partido sobre el tema migratorio y su disposici\u00f3n a participar en un di\u00e1logo para llegar a acuerdos Miembros y dirigentes del Partido de la Liberaci\u00f3n Dominicana (PLD) reaccionaron saludando la postura asumida por la direcci\u00f3n de la organizaci\u00f3n manifestando\u2026","rel":"","context":"En \u00abPOLITICA\u00bb","block_context":{"text":"POLITICA","link":"https:\/\/lasprimeras.com.do\/index.php\/category\/politica\/"},"img":{"alt_text":"Johnny Pujols,","src":"https:\/\/i0.wp.com\/lasprimeras.com.do\/wp-content\/uploads\/2025\/04\/Johnny-Pujols-1.jpg?resize=350%2C200&ssl=1","width":350,"height":200,"srcset":"https:\/\/i0.wp.com\/lasprimeras.com.do\/wp-content\/uploads\/2025\/04\/Johnny-Pujols-1.jpg?resize=350%2C200&ssl=1 1x, https:\/\/i0.wp.com\/lasprimeras.com.do\/wp-content\/uploads\/2025\/04\/Johnny-Pujols-1.jpg?resize=525%2C300&ssl=1 1.5x, https:\/\/i0.wp.com\/lasprimeras.com.do\/wp-content\/uploads\/2025\/04\/Johnny-Pujols-1.jpg?resize=700%2C400&ssl=1 2x"},"classes":[]},{"id":65440,"url":"https:\/\/lasprimeras.com.do\/index.php\/2023\/10\/28\/partidos-oposicion-dominicanos-explican-ausencia-en-firma-pacto\/","url_meta":{"origin":98305,"position":1},"title":"Partidos oposici\u00f3n dominicanos explican ausencia en firma pacto","author":"BIMARY DE JES\u00daS Matos","date":"28 de octubre de 2023","format":false,"excerpt":"Santo Domingo.-Los principales partidos pol\u00edticos de oposici\u00f3n dominicanos coincidieron hoy en que las medidas adoptadas por el Gobierno sobre Hait\u00ed \u00abson su exclusividad\u00bb, y por esa raz\u00f3n desistieron de la firma del Pacto de Naci\u00f3n. interrogados sobre los motivos que los llevaron a separarse del referido Pacto suscrito la v\u00edspera\u2026","rel":"","context":"En \u00abSin categor\u00eda\u00bb","block_context":{"text":"Sin categor\u00eda","link":"https:\/\/lasprimeras.com.do\/index.php\/category\/sin-categoria\/"},"img":{"alt_text":"","src":"https:\/\/i0.wp.com\/lasprimeras.com.do\/wp-content\/uploads\/2023\/10\/8_Nacionales_15_1p01-4.jpg?resize=350%2C200&ssl=1","width":350,"height":200,"srcset":"https:\/\/i0.wp.com\/lasprimeras.com.do\/wp-content\/uploads\/2023\/10\/8_Nacionales_15_1p01-4.jpg?resize=350%2C200&ssl=1 1x, https:\/\/i0.wp.com\/lasprimeras.com.do\/wp-content\/uploads\/2023\/10\/8_Nacionales_15_1p01-4.jpg?resize=525%2C300&ssl=1 1.5x"},"classes":[]},{"id":98100,"url":"https:\/\/lasprimeras.com.do\/index.php\/2025\/05\/01\/zoraima-cuello-politica-migratoria-no-debe-ser-solo-deportaciones\/","url_meta":{"origin":98305,"position":2},"title":"Zoraima Cuello: Pol\u00edtica migratoria no debe ser solo deportaciones","author":"Nelson Feliz","date":"1 de mayo de 2025","format":false,"excerpt":"El tema migratorio siempre ha estado en la agenda del Partido de la Liberaci\u00f3n Dominicana, explica Zoraima Cuello. La vicepresidenta del Partido de la Liberaci\u00f3n Dominicana, Zoraima Cuello, considera que el tema migratorio es sumamente importante para el pa\u00eds y la soberan\u00eda nacional, y que en esa organizaci\u00f3n pol\u00edtica siempre\u2026","rel":"","context":"En \u00abPOLITICA\u00bb","block_context":{"text":"POLITICA","link":"https:\/\/lasprimeras.com.do\/index.php\/category\/politica\/"},"img":{"alt_text":"","src":"https:\/\/i0.wp.com\/lasprimeras.com.do\/wp-content\/uploads\/2025\/05\/Zoraima-Cuello.jpg?resize=350%2C200&ssl=1","width":350,"height":200,"srcset":"https:\/\/i0.wp.com\/lasprimeras.com.do\/wp-content\/uploads\/2025\/05\/Zoraima-Cuello.jpg?resize=350%2C200&ssl=1 1x, https:\/\/i0.wp.com\/lasprimeras.com.do\/wp-content\/uploads\/2025\/05\/Zoraima-Cuello.jpg?resize=525%2C300&ssl=1 1.5x"},"classes":[]},{"id":86389,"url":"https:\/\/lasprimeras.com.do\/index.php\/2024\/07\/24\/radhames-camacho-da-contundente-el-respaldo-al-presidente-del-pld\/","url_meta":{"origin":98305,"position":3},"title":"Radham\u00e9s Camacho da contundente el respaldo al Presidente del PLD","author":"Nelson Feliz","date":"24 de julio de 2024","format":false,"excerpt":"Camacho define al ex Presidente Danilo Medina como el mejor activo pol\u00edtico que tiene el pa\u00eds. El miembro del Comit\u00e9 Pol\u00edtico del Partido de la Liberaci\u00f3n Dominicana (PLD), Radham\u00e9s Camacho, calific\u00f3 de contundente el respaldo brindado por los miembros del Comit\u00e9 Central y el Comit\u00e9 Pol\u00edtico al ex Presidente de\u2026","rel":"","context":"En \u00abPORTADA\u00bb","block_context":{"text":"PORTADA","link":"https:\/\/lasprimeras.com.do\/index.php\/category\/portada\/"},"img":{"alt_text":"Radham\u00e9s Camacho","src":"https:\/\/i0.wp.com\/lasprimeras.com.do\/wp-content\/uploads\/2024\/07\/Radhames-Camacho.jpg?resize=350%2C200&ssl=1","width":350,"height":200,"srcset":"https:\/\/i0.wp.com\/lasprimeras.com.do\/wp-content\/uploads\/2024\/07\/Radhames-Camacho.jpg?resize=350%2C200&ssl=1 1x, https:\/\/i0.wp.com\/lasprimeras.com.do\/wp-content\/uploads\/2024\/07\/Radhames-Camacho.jpg?resize=525%2C300&ssl=1 1.5x, https:\/\/i0.wp.com\/lasprimeras.com.do\/wp-content\/uploads\/2024\/07\/Radhames-Camacho.jpg?resize=700%2C400&ssl=1 2x"},"classes":[]},{"id":96901,"url":"https:\/\/lasprimeras.com.do\/index.php\/2025\/04\/10\/francisco-javier-pide-al-gobierno-asumir-tema-migratorio-al-margen-de-la-politica-y-la-demagogia\/","url_meta":{"origin":98305,"position":4},"title":"Francisco Javier pide al Gobierno asumir tema migratorio al margen de la pol\u00edtica y la demagogia","author":"Nelson Feliz","date":"10 de abril de 2025","format":false,"excerpt":"El miembro del Comit\u00e9 Pol\u00edtico del Partido de la Liberaci\u00f3n Dominicana (PLD), Francisco Javier Garc\u00eda, demand\u00f3 del gobierno asumir en tema migratorio con sinceridad, al margen de la pol\u00edtica y la demagogia, porque est\u00e1n en juego la soberan\u00eda y el inter\u00e9s nacional. A trav\u00e9s de un mensaje en sus redes\u2026","rel":"","context":"En \u00abPOLITICA\u00bb","block_context":{"text":"POLITICA","link":"https:\/\/lasprimeras.com.do\/index.php\/category\/politica\/"},"img":{"alt_text":"","src":"https:\/\/i0.wp.com\/lasprimeras.com.do\/wp-content\/uploads\/2025\/04\/Francisco-Javier-Garcia.jpg?resize=350%2C200&ssl=1","width":350,"height":200,"srcset":"https:\/\/i0.wp.com\/lasprimeras.com.do\/wp-content\/uploads\/2025\/04\/Francisco-Javier-Garcia.jpg?resize=350%2C200&ssl=1 1x, https:\/\/i0.wp.com\/lasprimeras.com.do\/wp-content\/uploads\/2025\/04\/Francisco-Javier-Garcia.jpg?resize=525%2C300&ssl=1 1.5x, https:\/\/i0.wp.com\/lasprimeras.com.do\/wp-content\/uploads\/2025\/04\/Francisco-Javier-Garcia.jpg?resize=700%2C400&ssl=1 2x"},"classes":[]},{"id":128366,"url":"https:\/\/lasprimeras.com.do\/index.php\/2026\/04\/22\/danilo-diaz-el-pld-encabeza-la-oposicion\/","url_meta":{"origin":98305,"position":5},"title":"Danilo D\u00edaz: \u201cEl PLD encabeza la oposici\u00f3n\u201d","author":"Nelson Feliz","date":"22 de abril de 2026","format":false,"excerpt":"\u201cEste mal gobierno, que ya tiene la desaprobaci\u00f3n de casi el 60% de la poblaci\u00f3n\u201d. El miembro del Comit\u00e9 Pol\u00edtico del Partido de la Liberaci\u00f3n Dominicana (PLD), Danilo D\u00edaz, asegur\u00f3 que esa organizaci\u00f3n no tiene necesidad de establecer alianzas con otros partidos si lidera la oposici\u00f3n pol\u00edtica en el pa\u00eds,\u2026","rel":"","context":"En \u00abPOLITICA\u00bb","block_context":{"text":"POLITICA","link":"https:\/\/lasprimeras.com.do\/index.php\/category\/politica\/"},"img":{"alt_text":"","src":"https:\/\/i0.wp.com\/lasprimeras.com.do\/wp-content\/uploads\/2026\/04\/Danilo-Diaz.jpg?resize=350%2C200&ssl=1","width":350,"height":200,"srcset":"https:\/\/i0.wp.com\/lasprimeras.com.do\/wp-content\/uploads\/2026\/04\/Danilo-Diaz.jpg?resize=350%2C200&ssl=1 1x, https:\/\/i0.wp.com\/lasprimeras.com.do\/wp-content\/uploads\/2026\/04\/Danilo-Diaz.jpg?resize=525%2C300&ssl=1 1.5x, https:\/\/i0.wp.com\/lasprimeras.com.do\/wp-content\/uploads\/2026\/04\/Danilo-Diaz.jpg?resize=700%2C400&ssl=1 2x"},"classes":[]}],"jetpack_sharing_enabled":true,"_links":{"self":[{"href":"https:\/\/lasprimeras.com.do\/index.php\/wp-json\/wp\/v2\/posts\/98305","targetHints":{"allow":["GET"]}}],"collection":[{"href":"https:\/\/lasprimeras.com.do\/index.php\/wp-json\/wp\/v2\/posts"}],"about":[{"href":"https:\/\/lasprimeras.com.do\/index.php\/wp-json\/wp\/v2\/types\/post"}],"author":[{"embeddable":true,"href":"https:\/\/lasprimeras.com.do\/index.php\/wp-json\/wp\/v2\/users\/10"}],"replies":[{"embeddable":true,"href":"https:\/\/lasprimeras.com.do\/index.php\/wp-json\/wp\/v2\/comments?post=98305"}],"version-history":[{"count":1,"href":"https:\/\/lasprimeras.com.do\/index.php\/wp-json\/wp\/v2\/posts\/98305\/revisions"}],"predecessor-version":[{"id":98306,"href":"https:\/\/lasprimeras.com.do\/index.php\/wp-json\/wp\/v2\/posts\/98305\/revisions\/98306"}],"wp:featuredmedia":[{"embeddable":true,"href":"https:\/\/lasprimeras.com.do\/index.php\/wp-json\/wp\/v2\/media\/98297"}],"wp:attachment":[{"href":"https:\/\/lasprimeras.com.do\/index.php\/wp-json\/wp\/v2\/media?parent=98305"}],"wp:term":[{"taxonomy":"category","embeddable":true,"href":"https:\/\/lasprimeras.com.do\/index.php\/wp-json\/wp\/v2\/categories?post=98305"},{"taxonomy":"post_tag","embeddable":true,"href":"https:\/\/lasprimeras.com.do\/index.php\/wp-json\/wp\/v2\/tags?post=98305"}],"curies":[{"name":"wp","href":"https:\/\/api.w.org\/{rel}","templated":true}]}}