{"id":98388,"date":"2025-05-07T09:32:27","date_gmt":"2025-05-07T13:32:27","guid":{"rendered":"https:\/\/lasprimeras.com.do\/?p=98388"},"modified":"2025-05-07T09:32:29","modified_gmt":"2025-05-07T13:32:29","slug":"ricardo-de-los-santos-reto-a-cualquiera-que-muestre-una-factura-de-mi-empresa-en-barrick-gold","status":"publish","type":"post","link":"https:\/\/lasprimeras.com.do\/index.php\/2025\/05\/07\/ricardo-de-los-santos-reto-a-cualquiera-que-muestre-una-factura-de-mi-empresa-en-barrick-gold\/","title":{"rendered":"Ricardo de los Santos: \u201cReto a cualquiera que muestre una factura de mi empresa en Barrick Gold\u201d"},"content":{"rendered":"\n<p>El presidente del Senado y de la Federaci\u00f3n Nacional de Transporte Dominicano (Fenatrado), Ricardo de los Santos, neg\u00f3 cualquier v\u00ednculo contractual entre su empresa de transporte y la minera Barrick Gold, asegurando que los camiones de su compa\u00f1\u00eda D&amp;M (Transdemo) no ofrecen servicios a dicha entidad.<\/p>\n\n\n\n<p>Durante una entrevista en el programa Matutino Su Mundo, de los Santos explic\u00f3 que, si bien es presidente de Fenatrado, su rol es defender los intereses de sus miembros, y que son los sindicatos de Cotu\u00ed, Maim\u00f3n y Bonao quienes suplen ocasionalmente servicios de transporte a la minera, retando a cualquiera que muestre una factura de su empresa en Barrick, asegurando que, si la hay, se retirar\u00eda de la pol\u00edtica.<\/p>\n\n\n\n<p>\u201cEn Barrick, reto a cualquiera que demuestre p\u00fablicamente. Yo reto a cualquiera que busque un contrato que diga Transporte D&amp;M (Transdemo) en Barrick, que yo le haya producido un peso. Si me demuestran que mi empresa ha tenido un contrato de un peso en Barrick Gold, me retiro de la pol\u00edtica, me retiro del sindicalismo y le pido perd\u00f3n de rodillas a la sociedad\u201d, expres\u00f3 tajantemente el legislador y dirigente sindical.<\/p>\n\n\n\n<p>El tambi\u00e9n senador por S\u00e1nchez Ram\u00edrez respald\u00f3 el modelo de miner\u00eda responsable que, seg\u00fan dijo, promueve el gobierno. Destac\u00f3 que en su provincia se ha registrado un crecimiento del 125 % gracias a la actividad minera y defendi\u00f3 su importancia como motor de desarrollo.<\/p>\n\n\n\n<p>\u201cLa miner\u00eda es necesaria para el ser humano, y jam\u00e1s me opondr\u00eda a ella\u201d, puntualiz\u00f3.<\/p>\n\n\n\n<p>Tras ser abordado a ra\u00edz de las declaraciones del ambientalista Enrique de Le\u00f3n, sobre la forma de pago de la empresa minera Barrick Gold al pa\u00eds, para que sea en oro en vez de pesos, de los Santos manifest\u00f3 que es un contrato que est\u00e1 establecido y que ambas partes tendr\u00edan que estar de acuerdo.<\/p>\n\n\n\n<p>\u201cCuando hay un contrato de por medio, para que ese contrato se cambie, tendr\u00edan que estar de acuerdo las partes. No lo puedo cambiar yo solo. Ser\u00eda una buena idea; el oro est\u00e1 subiendo a niveles nunca vistos. Ya muchos pa\u00edses est\u00e1n haciendo sus reservas en oro, y ha aumentado el precio. Ojal\u00e1 y nosotros poder recibirlo, pero hay un contrato de por medio, y la garant\u00eda y seguridad jur\u00eddica del pa\u00eds, eso es lo que verdaderamente nos garantiza la inversi\u00f3n extranjera y nacional tambi\u00e9n\u201d, explic\u00f3.<\/p>\n\n\n\n<p>En cuanto al tema del Ministerio de Justicia, asegur\u00f3 que est\u00e1 avanzada la comisi\u00f3n y est\u00e1n trabajando en ello, afirmando que saldr\u00e1 en esta legislatura. Argument\u00f3 que es una necesidad, que la sociedad se ha preocupado.<\/p>\n\n\n\n<p>Valor\u00f3 la forma como el gobierno se ha manejado para darle independencia a la justicia, y que los temas de corrupci\u00f3n no se politicen, y sea la justicia quien determine.<\/p>\n\n\n\n<p>\u201cSi ma\u00f1ana este servidor comete un error, que enfrente a la justicia pero que no tenga un padrinazgo pol\u00edtico, sino que enfrente a la justicia por sus hechos, eso yo creo que debemos agradecerlo\u201d dijo.<\/p>\n\n\n\n<p>Finalmente, el legislador revel\u00f3 que no tiene un candidato presidencial espec\u00edfico para los comicios del 2028, afirmando que el mandatario Luis Abinader, Alfredo Pacheco y su persona apoyan a todos los aspirantes.<\/p>\n\n\n\n<p>\u201cEstamos modificando la ley migratoria para tener m\u00e1s control y penas m\u00e1s duras\u201d<\/p>\n\n\n\n<p>Manifest\u00f3 tambi\u00e9n que la migraci\u00f3n desde Hait\u00ed representa un problema nacional que debe ser abordado con consenso entre todos los sectores. Asegur\u00f3 que quienes menos pueden permitirse promover una mano de obra irregular es el propio gobierno, aunque reconoci\u00f3 que esta es necesaria e importante para algunos sectores.<\/p>\n\n\n\n<p>Durante una entrevista en el programa Matutino Su Mundo, De los Santos afirm\u00f3 que el objetivo es avanzar hacia un proceso de regularizaci\u00f3n migratoria que permita un mayor control de los inmigrantes.<\/p>\n\n\n\n<p>Indic\u00f3 que el primer paso es continuar con las repatriaciones y trabajar para que se restablezca la paz en Hait\u00ed, lo que permitir\u00eda entablar un di\u00e1logo diplom\u00e1tico con autoridades leg\u00edtimas de ese pa\u00eds.<\/p>\n\n\n\n<p>\u201cPrecisamente se est\u00e1 estudiando la modificaci\u00f3n de la ley migratoria, pero en este caso, dada la situaci\u00f3n que tenemos, m\u00e1s adelante tendr\u00edamos que ver de qu\u00e9 manera lograr un marco jur\u00eddico que permita poder tener m\u00e1s control en cuanto a la migraci\u00f3n. En este caso, lo que se busca es endurecer m\u00e1s la pena con el tr\u00e1fico de personas\u201d, explic\u00f3.<\/p>\n\n\n\n<p>Asimismo, se\u00f1al\u00f3 que en el Congreso se discute un proyecto para endurecer las penas por trata de personas, subrayando la necesidad de poner freno a esta pr\u00e1ctica, ya que Migraci\u00f3n realiza deportaciones, pero muchos retornan a los pocos d\u00edas.<\/p>\n\n\n\n<p>Adem\u00e1s, afirm\u00f3 que los proyectos pendientes, como las candidaturas independientes, el C\u00f3digo de la Seguridad Social, el C\u00f3digo Penal y el C\u00f3digo Laboral, est\u00e1n siendo revisados y modificados por las comisiones correspondientes, incluyendo una comisi\u00f3n bicameral.<\/p>\n\n\n\n<p>De los Santos subray\u00f3 que su experiencia como presidente del Senado ha sido muy bonita y con mucho trabajo, a pesar de las dificultades que present\u00f3 ese a\u00f1o electoral. Tras seis candidatos quedar fuera de la boleta, se continu\u00f3 con el trabajo.<\/p>\n\n\n\n<p>Adem\u00e1s, resalt\u00f3 que la oposici\u00f3n se manej\u00f3 a la altura de la circunstancia, interponiendo el inter\u00e9s general y no particular; no hab\u00eda diferencia pol\u00edtica.<\/p>\n\n\n\n<p>\u201cAunque tenemos la gran mayor\u00eda de legisladores, hemos tratado de saber administrarla, por el hecho de que cuando se tiene un poder absoluto como es en el Senado, es cuando m\u00e1s cuidado debe haber, haya contrapeso y no se vea una imposici\u00f3n. Tenemos buena comunicaci\u00f3n con los partidos de oposici\u00f3n para que cada proyecto sea discutido, e inclusive proyectos en los que el PLD no tiene representantes, pero tiene buenos amigos que discuten algunos temas, los analizamos y llegamos a un consenso\u201d, dijo.<\/p>\n\n\n\n<p>Al ser cuestionado sobre el descontento de los militantes que a\u00fan no han sido tomados en cuenta por el mandatario Luis Abinader, el legislador expres\u00f3 que el gobierno de hoy no es el pa\u00eds de diez a\u00f1os atr\u00e1s, pero asegur\u00f3 que la obra del gobierno del presidente crea fortaleza para los perreme\u00edstas, recalcando las palabras enunciadas por Abinader: \u201cTengo amigos, no tengo c\u00f3mplices. En mi gobierno no habr\u00e1 vacas sagradas\u201d.<\/p>\n\n\n\n<p>\u201cCuando un partido pol\u00edtico llegaba al poder, pasaba la \u2018aplanadora\u2019; ahora no. Ahora con la ley de carreras, afirmando que, aunque sea del partido contrario, no se puede sustituir, tiene que seguir ah\u00ed\u201d, reafirmando que hay disgusto dentro del partido\u201d, afirm\u00f3.<\/p>\n\n\n\n<p>Finalmente, manifest\u00f3 que, para repetir como presidente del Senado, esa es una decisi\u00f3n que toma la direcci\u00f3n ejecutiva del partido conforme a los estatutos. Espera esa decisi\u00f3n, calificando que ha hecho un trabajo a la altura de la circunstancia.<\/p>\n\n\n\n<p>Asimismo, asegur\u00f3 que el Congreso trata de ser lo m\u00e1s cuidadoso posible, destacando que siempre que env\u00edan un proyecto a una comisi\u00f3n especial, buscan que la oposici\u00f3n tenga plena participaci\u00f3n.<\/p>\n\n\n\n<p>\u201cLos valores democr\u00e1ticos no est\u00e1n en peligro en la nueva ley de libertad de expresi\u00f3n\u201d<\/p>\n\n\n\n<p>Adem\u00e1s, afirm\u00f3 que el nuevo proyecto de ley que regular\u00e1 la libertad de expresi\u00f3n y los contenidos en los medios audiovisuales busca preservar el nivel democr\u00e1tico del pa\u00eds y fortalecer sus valores institucionales.<\/p>\n\n\n\n<p>De los Santos asegur\u00f3 que \u201clos valores democr\u00e1ticos en ninguna circunstancia deben ponerse en juego\u201d, ya que la meta es seguir avanzando hacia una democracia m\u00e1s robusta y moderna, sin retrocesos.<\/p>\n\n\n\n<p>Adem\u00e1s, reiter\u00f3 que es un proyecto que tendr\u00e1 contradicciones, pero lo importante es mantener el nivel democr\u00e1tico que se ha logrado.<\/p>\n\n\n\n<p>\u201cNosotros tenemos una democracia robusta que es ejemplo en toda la regi\u00f3n, y no debe ponerse en juego en ninguna circunstancia, los valores democr\u00e1ticos, y los principios democr\u00e1ticos de nuestro pa\u00eds, eso no entra en cuesti\u00f3n, es algo que bajo ninguna manera debemos arriesgarnos a dar un paso hacia atr\u00e1s, seguir avanzando hacia adelante y que nuestra democracia sea lo m\u00e1s robusta posible todos los d\u00edas\u201d, argument\u00f3.<\/p>\n\n\n\n<p>Sostuvo que la democracia representativa y el rol de los partidos pol\u00edticos han sido pilares fundamentales para el fortalecimiento institucional, y record\u00f3 como ejemplo el proceso electoral del a\u00f1o 2020, cuando pese a algunas dificultades con el voto electr\u00f3nico se logr\u00f3 una soluci\u00f3n concertada entre los principales l\u00edderes pol\u00edticos y la Junta Central Electoral.<\/p>\n\n\n\n<p>\u201cYa al mediod\u00eda, el 50 % de los votantes hab\u00eda ejercido el voto. Y aunque se presentaron algunas situaciones, porque se hizo un h\u00edbrido en ese entonces, pr\u00e1cticamente un experimento de la JCE, donde se planteaba en una parte el voto electr\u00f3nico y otra parte manual, hubo lugares donde el voto electr\u00f3nico no pudo iniciar y la ley no permit\u00eda suspender las elecciones a nivel general, pero se logr\u00f3 llegar a un consenso con los l\u00edderes pol\u00edticos y la JCE\u201d, explic\u00f3.<\/p>\n\n\n\n<p>Concluy\u00f3, aclarando que como presidente del Senado se rige en base a los procedimientos, y que dicho proyecto es enviado a una comisi\u00f3n la cual se encarga de estudiarlo y luego presentar el informe al pleno, asegurando que en su calidad de senador puede manifestar si entiende que deber\u00eda tener alg\u00fan tipo de modificaci\u00f3n.<\/p>\n","protected":false},"excerpt":{"rendered":"<p>El presidente del Senado y de la Federaci\u00f3n Nacional de Transporte Dominicano (Fenatrado), Ricardo de los Santos, neg\u00f3 cualquier v\u00ednculo contractual entre su empresa de transporte y la minera Barrick&hellip;<\/p>\n","protected":false},"author":10,"featured_media":98389,"comment_status":"open","ping_status":"open","sticky":false,"template":"","format":"standard","meta":{"content-type":"","jetpack_post_was_ever_published":false,"_jetpack_newsletter_access":"","_jetpack_dont_email_post_to_subs":false,"_jetpack_newsletter_tier_id":0,"_jetpack_memberships_contains_paywalled_content":false,"_jetpack_memberships_contains_paid_content":false,"footnotes":""},"categories":[39,25],"tags":[19284,1067,10915,2107],"class_list":["post-98388","post","type-post","status-publish","format-standard","has-post-thumbnail","hentry","category-economia","category-portada","tag-barrick-gold","tag-empresa","tag-reto-2","tag-ricardo-de-los-santos"],"jetpack_featured_media_url":"https:\/\/lasprimeras.com.do\/wp-content\/uploads\/2025\/05\/RICARDO-DE-LOS-SANTOS.jpg","jetpack-related-posts":[{"id":93227,"url":"https:\/\/lasprimeras.com.do\/index.php\/2025\/01\/27\/abinader-garantiza-seguridad-en-la-construccion-de-la-presa-de-colas-de-barrick-pueblo-viejo\/","url_meta":{"origin":98388,"position":0},"title":"Abinader garantiza seguridad en la construcci\u00f3n de la presa de colas de Barrick Pueblo Viejo","author":"Nelson Feliz","date":"27 de enero de 2025","format":false,"excerpt":"El presidente Luis Abinader afirm\u00f3 este lunes que se han tomado todas las medidas necesarias para garantizar que la construcci\u00f3n de la presa de colas, en la provincia S\u00e1nchez Ram\u00edrez, por parte de la empresa minera Barrick Pueblo Viejo se realice de manera segura, sin poner en riesgo la vida\u2026","rel":"","context":"En \u00abNACIONALES\u00bb","block_context":{"text":"NACIONALES","link":"https:\/\/lasprimeras.com.do\/index.php\/category\/nacionales\/"},"img":{"alt_text":"","src":"https:\/\/i0.wp.com\/lasprimeras.com.do\/wp-content\/uploads\/2024\/11\/Luis-Abinader-C-1.jpg?resize=350%2C200&ssl=1","width":350,"height":200,"srcset":"https:\/\/i0.wp.com\/lasprimeras.com.do\/wp-content\/uploads\/2024\/11\/Luis-Abinader-C-1.jpg?resize=350%2C200&ssl=1 1x, https:\/\/i0.wp.com\/lasprimeras.com.do\/wp-content\/uploads\/2024\/11\/Luis-Abinader-C-1.jpg?resize=525%2C300&ssl=1 1.5x, https:\/\/i0.wp.com\/lasprimeras.com.do\/wp-content\/uploads\/2024\/11\/Luis-Abinader-C-1.jpg?resize=700%2C400&ssl=1 2x"},"classes":[]},{"id":93060,"url":"https:\/\/lasprimeras.com.do\/index.php\/2025\/01\/22\/familia-rosario-exige-pago-y-reubicacion-a-la-barrick-recuerdan-litis-y-oposicion-a-terrenos\/","url_meta":{"origin":98388,"position":1},"title":"Familia Rosario exige pago y reubicaci\u00f3n a la Barrick; recuerdan litis y oposici\u00f3n a terrenos","author":"Nelson Feliz","date":"22 de enero de 2025","format":false,"excerpt":"Representantes de la familia Rosario aseguran que la empresa minera Barrick Pueblo Viejo no cumple con las indemnizaciones a familias propietarias de m\u00e1s de 700 parcelas. Recuerda que los sucesores de la familia Rosario son los leg\u00edtimos propietarios de una tercera parte de los terrenos usufructuados por la multinacional canadiense\u2026","rel":"","context":"En \u00abNACIONALES\u00bb","block_context":{"text":"NACIONALES","link":"https:\/\/lasprimeras.com.do\/index.php\/category\/nacionales\/"},"img":{"alt_text":"Familia Rosario","src":"https:\/\/i0.wp.com\/lasprimeras.com.do\/wp-content\/uploads\/2025\/01\/WhatsApp-Image-2025-01-22-at-1.56.09-PM.jpeg?resize=350%2C200&ssl=1","width":350,"height":200,"srcset":"https:\/\/i0.wp.com\/lasprimeras.com.do\/wp-content\/uploads\/2025\/01\/WhatsApp-Image-2025-01-22-at-1.56.09-PM.jpeg?resize=350%2C200&ssl=1 1x, https:\/\/i0.wp.com\/lasprimeras.com.do\/wp-content\/uploads\/2025\/01\/WhatsApp-Image-2025-01-22-at-1.56.09-PM.jpeg?resize=525%2C300&ssl=1 1.5x, https:\/\/i0.wp.com\/lasprimeras.com.do\/wp-content\/uploads\/2025\/01\/WhatsApp-Image-2025-01-22-at-1.56.09-PM.jpeg?resize=700%2C400&ssl=1 2x, https:\/\/i0.wp.com\/lasprimeras.com.do\/wp-content\/uploads\/2025\/01\/WhatsApp-Image-2025-01-22-at-1.56.09-PM.jpeg?resize=1050%2C600&ssl=1 3x"},"classes":[]},{"id":92686,"url":"https:\/\/lasprimeras.com.do\/index.php\/2025\/01\/10\/senador-llama-a-la-prudencia-al-conflicto-entre-barrick-y-comunidades-de-sanchez-ramirez\/","url_meta":{"origin":98388,"position":2},"title":"Senador llama a la prudencia al conflicto entre Barrick y comunidades de S\u00e1nchez Ram\u00edrez","author":"Nelson Feliz","date":"10 de enero de 2025","format":false,"excerpt":"Aspira a que las negociaciones entre las partes involucradas avancen de manera satisfactoria. El senador por la provincia de S\u00e1nchez Ram\u00edrez, Ricardo de los Santos, hizo un llamado a continuar las negociaciones entre las partes involucradas, siempre en el marco del respeto mutuo y el compromiso con la paz social,\u2026","rel":"","context":"En \u00abNACIONALES\u00bb","block_context":{"text":"NACIONALES","link":"https:\/\/lasprimeras.com.do\/index.php\/category\/nacionales\/"},"img":{"alt_text":"","src":"https:\/\/i0.wp.com\/lasprimeras.com.do\/wp-content\/uploads\/2025\/01\/ricardo.jpg?resize=350%2C200&ssl=1","width":350,"height":200,"srcset":"https:\/\/i0.wp.com\/lasprimeras.com.do\/wp-content\/uploads\/2025\/01\/ricardo.jpg?resize=350%2C200&ssl=1 1x, https:\/\/i0.wp.com\/lasprimeras.com.do\/wp-content\/uploads\/2025\/01\/ricardo.jpg?resize=525%2C300&ssl=1 1.5x, https:\/\/i0.wp.com\/lasprimeras.com.do\/wp-content\/uploads\/2025\/01\/ricardo.jpg?resize=700%2C400&ssl=1 2x"},"classes":[]},{"id":92785,"url":"https:\/\/lasprimeras.com.do\/index.php\/2025\/01\/14\/gobierno-busca-solucionar-litis-agricultores-de-sanchez-ramirez-y-barrick-pueblo-viejo\/","url_meta":{"origin":98388,"position":3},"title":"Gobierno busca solucionar litis agricultores de S\u00e1nchez Ram\u00edrez y Barrick Pueblo Viejo","author":"Nelson Feliz","date":"14 de enero de 2025","format":false,"excerpt":"El senador de la provincia S\u00e1nchez Ram\u00edrez, Ricardo de los Santos, se reuni\u00f3 este lunes con representantes del gobierno, la iglesia cat\u00f3lica, y el Defensor del Pueblo para mediar en el conflicto surgido entre la empresa Barrick Pueblo Viejo y agricultores de esa provincia, por la reubicaci\u00f3n de cientos de\u2026","rel":"","context":"En \u00abNACIONALES\u00bb","block_context":{"text":"NACIONALES","link":"https:\/\/lasprimeras.com.do\/index.php\/category\/nacionales\/"},"img":{"alt_text":"","src":"https:\/\/i0.wp.com\/lasprimeras.com.do\/wp-content\/uploads\/2025\/01\/Ricardo-de-los-Santos.jpg?resize=350%2C200&ssl=1","width":350,"height":200,"srcset":"https:\/\/i0.wp.com\/lasprimeras.com.do\/wp-content\/uploads\/2025\/01\/Ricardo-de-los-Santos.jpg?resize=350%2C200&ssl=1 1x, https:\/\/i0.wp.com\/lasprimeras.com.do\/wp-content\/uploads\/2025\/01\/Ricardo-de-los-Santos.jpg?resize=525%2C300&ssl=1 1.5x, https:\/\/i0.wp.com\/lasprimeras.com.do\/wp-content\/uploads\/2025\/01\/Ricardo-de-los-Santos.jpg?resize=700%2C400&ssl=1 2x"},"classes":[]},{"id":92632,"url":"https:\/\/lasprimeras.com.do\/index.php\/2025\/01\/09\/gobierno-busca-consenso-entre-comunitarios-y-barrick-pueblo-viejo-sobre-presa-de-colas\/","url_meta":{"origin":98388,"position":4},"title":"Gobierno busca consenso entre comunitarios y Barrick Pueblo Viejo sobre presa de colas","author":"Nelson Feliz","date":"9 de enero de 2025","format":false,"excerpt":"Joel Santos garantiz\u00f3 el equilibrio entre los derechos de las comunidades y la empresa para evitar p\u00e9rdidas en este proyecto estrat\u00e9gico. El ministro de Energ\u00eda y Minas, Joel Santos, anunci\u00f3 la convocatoria a un di\u00e1logo entre los comunitarios y la empresa Barrick Pueblo Viejo para avanzar en los estudios geol\u00f3gicos\u2026","rel":"","context":"En \u00abNACIONALES\u00bb","block_context":{"text":"NACIONALES","link":"https:\/\/lasprimeras.com.do\/index.php\/category\/nacionales\/"},"img":{"alt_text":"","src":"https:\/\/i0.wp.com\/lasprimeras.com.do\/wp-content\/uploads\/2025\/01\/gobierno-busca-consenso-entre-comunitarios-y-barrick-pueblo-viejo-sobre-presa-de-colas.jpg?resize=350%2C200&ssl=1","width":350,"height":200},"classes":[]},{"id":126191,"url":"https:\/\/lasprimeras.com.do\/index.php\/2026\/03\/30\/barrick-pueblo-viejo-y-la-direccion-de-mineria-impulsan-jornada-de-reforestacion-en-arroyo-vuelta\/","url_meta":{"origin":98388,"position":5},"title":"Barrick Pueblo Viejo y la Direcci\u00f3n de Miner\u00eda impulsan jornada de reforestaci\u00f3n en Arroyo Vuelta","author":"Nelson Feliz","date":"30 de marzo de 2026","format":false,"excerpt":"La empresa minera Barrick Pueblo Viejo llev\u00f3 a cabo una jornada de reforestaci\u00f3n en la comunidad de Arroyo Vuelta, en coordinaci\u00f3n con la Direcci\u00f3n General de Miner\u00eda. La actividad cont\u00f3 con la participaci\u00f3n de cerca de 40 personas, entre colaboradores de ambas instituciones y miembros de la comunidad, quienes unieron\u2026","rel":"","context":"En \u00abNACIONALES\u00bb","block_context":{"text":"NACIONALES","link":"https:\/\/lasprimeras.com.do\/index.php\/category\/nacionales\/"},"img":{"alt_text":"","src":"https:\/\/i0.wp.com\/lasprimeras.com.do\/wp-content\/uploads\/2026\/03\/Foto-2-1.jpg?resize=350%2C200&ssl=1","width":350,"height":200,"srcset":"https:\/\/i0.wp.com\/lasprimeras.com.do\/wp-content\/uploads\/2026\/03\/Foto-2-1.jpg?resize=350%2C200&ssl=1 1x, https:\/\/i0.wp.com\/lasprimeras.com.do\/wp-content\/uploads\/2026\/03\/Foto-2-1.jpg?resize=525%2C300&ssl=1 1.5x, https:\/\/i0.wp.com\/lasprimeras.com.do\/wp-content\/uploads\/2026\/03\/Foto-2-1.jpg?resize=700%2C400&ssl=1 2x"},"classes":[]}],"jetpack_sharing_enabled":true,"_links":{"self":[{"href":"https:\/\/lasprimeras.com.do\/index.php\/wp-json\/wp\/v2\/posts\/98388","targetHints":{"allow":["GET"]}}],"collection":[{"href":"https:\/\/lasprimeras.com.do\/index.php\/wp-json\/wp\/v2\/posts"}],"about":[{"href":"https:\/\/lasprimeras.com.do\/index.php\/wp-json\/wp\/v2\/types\/post"}],"author":[{"embeddable":true,"href":"https:\/\/lasprimeras.com.do\/index.php\/wp-json\/wp\/v2\/users\/10"}],"replies":[{"embeddable":true,"href":"https:\/\/lasprimeras.com.do\/index.php\/wp-json\/wp\/v2\/comments?post=98388"}],"version-history":[{"count":1,"href":"https:\/\/lasprimeras.com.do\/index.php\/wp-json\/wp\/v2\/posts\/98388\/revisions"}],"predecessor-version":[{"id":98390,"href":"https:\/\/lasprimeras.com.do\/index.php\/wp-json\/wp\/v2\/posts\/98388\/revisions\/98390"}],"wp:featuredmedia":[{"embeddable":true,"href":"https:\/\/lasprimeras.com.do\/index.php\/wp-json\/wp\/v2\/media\/98389"}],"wp:attachment":[{"href":"https:\/\/lasprimeras.com.do\/index.php\/wp-json\/wp\/v2\/media?parent=98388"}],"wp:term":[{"taxonomy":"category","embeddable":true,"href":"https:\/\/lasprimeras.com.do\/index.php\/wp-json\/wp\/v2\/categories?post=98388"},{"taxonomy":"post_tag","embeddable":true,"href":"https:\/\/lasprimeras.com.do\/index.php\/wp-json\/wp\/v2\/tags?post=98388"}],"curies":[{"name":"wp","href":"https:\/\/api.w.org\/{rel}","templated":true}]}}