{"id":98451,"date":"2025-05-07T23:09:06","date_gmt":"2025-05-08T03:09:06","guid":{"rendered":"https:\/\/lasprimeras.com.do\/?p=98451"},"modified":"2025-05-07T23:09:07","modified_gmt":"2025-05-08T03:09:07","slug":"sale-humo-negro-de-chimenea-del-vaticano-senal-que-conclave-no-eligio-papa-en-primera-votacion","status":"publish","type":"post","link":"https:\/\/lasprimeras.com.do\/index.php\/2025\/05\/07\/sale-humo-negro-de-chimenea-del-vaticano-senal-que-conclave-no-eligio-papa-en-primera-votacion\/","title":{"rendered":"Sale humo negro de chimenea del Vaticano, se\u00f1al que c\u00f3nclave no eligi\u00f3 papa en primera votaci\u00f3n"},"content":{"rendered":"\n<p>POR NICOLE WINFIELD<\/p>\n\n\n\n<p>CIUDAD DEL VATICANO (AP) \u2014 Sali\u00f3 humo negro de la chimenea de la Capilla Sixtina el mi\u00e9rcoles, indicando que no se eligi\u00f3 a un papa en la primera votaci\u00f3n del c\u00f3nclave para elegir a un nuevo l\u00edder de la Iglesia Cat\u00f3lica.<\/p>\n\n\n\n<p>El humo sali\u00f3 a las 9 de la tarde del mi\u00e9rcoles, unas cuatro horas despu\u00e9s de que 133 cardenales entraran solemnemente en la Capilla Sixtina, tomaran sus juramentos de secreto y abrieran formalmente el ritual centenario para elegir a un sucesor del papa Francisco para liderar la iglesia de 1.400 millones de miembros.<\/p>\n\n\n\n<p>Al no asegurar nadie la mayor\u00eda de dos tercios necesaria, o 89 votos, los cardenales se retirar\u00e1n por la noche a las residencias del Vaticano donde est\u00e1n siendo recluidos.<\/p>\n\n\n\n<p>Regresar\u00e1n a la Capilla Sixtina el jueves por la ma\u00f1ana.<\/p>\n\n\n\n<p>Horas antes, con el grito de \u201cextra omnes\u201d \u2014\u201ctodos fuera\u201d en lat\u00edn\u2014 las enormes puertas de la Capilla Sixtina se cerraron y los cardenales comenzaron el ritual secreto y centenario para elegir a un nuevo l\u00edder de la Iglesia Cat\u00f3lica, dando inicio al c\u00f3nclave m\u00e1s geogr\u00e1ficamente diverso en los 2.000 a\u00f1os de historia de la fe.<\/p>\n\n\n\n<p>Los cardenales, vestidos de rojo, ingresaron de dos en dos a la Capilla Sixtina entonando la meditativa \u201cLetan\u00eda de los Santos\u201d mientras una fila de guardias suizos se manten\u00eda en posici\u00f3n de atenci\u00f3n.<\/p>\n\n\n\n<p>El himno, y el que le sigui\u00f3, imploran a los santos y al Esp\u00edritu Santo que ayuden a los cardenales a encontrar un sucesor del papa Francisco para liderar la Iglesia Cat\u00f3lica, que cuenta con 1.400 millones de fieles.<\/p>\n\n\n\n<p>El cardenal Pietro Parolin, secretario de Estado durante el reinado de Francisco y un fuerte candidato a sucederlo como papa, encabez\u00f3 el proceso como el cardenal de mayor edad, pero menor de 80 a\u00f1os, elegible para participar en el c\u00f3nclave.<\/p>\n\n\n\n<p>Hablando en lat\u00edn, Parolin se situ\u00f3 ante la obra maestra de Miguel \u00c1ngel \u201cEl Juicio Final\u201d y dirigi\u00f3 a los cardenales en un extenso juramento. Cada uno lo sigui\u00f3, colocando su mano sobre el Evangelio y prometiendo en lat\u00edn mantener el m\u00e1ximo secreto.<\/p>\n\n\n\n<p>El dram\u00e1tico ritual fue m\u00e1s colorido de lo que incluso Hollywood podr\u00eda crear, un despliegue de colores, c\u00e1nticos, incienso y solemnidad que subray\u00f3 la seriedad del momento. Afuera, en la Plaza de San Pedro, cientos de personas observaban el proceso en pantallas gigantes hasta que la transmisi\u00f3n del Vaticano se cort\u00f3.<\/p>\n\n\n\n<p>Procedentes de 70 pa\u00edses, los cardenales se aislaron del mundo exterior, entregaron sus celulares y se bloque\u00f3 la cobertura alrededor del Vaticano para evitar que puedan comunicarse hasta que encuentren un nuevo l\u00edder para la instituci\u00f3n, que cuenta con 1.400 millones de fieles.<\/p>\n\n\n\n<p>Francisco nombr\u00f3 a 108 de los 133 \u201cpr\u00edncipes de la Iglesia\u201d, eligiendo a muchos religiosos a su imagen y semejanza de pa\u00edses tan lejanos como Mongolia, Suecia y Tonga, que nunca antes hab\u00edan tenido representaci\u00f3n cardenalicia.<\/p>\n\n\n\n<p>Su decisi\u00f3n de superar el l\u00edmite habitual de 120 cardenales electores e incluir a m\u00e1s j\u00f3venes del llamado \u201csur global\u201d \u2014aquellos pa\u00edses a menudo marginados y con menos poder econ\u00f3mico\u2014 ha inyectado un grado inusual de incertidumbre en un proceso que siempre est\u00e1 rodeado de misterio y suspenso, con se\u00f1ales de humo que indicar\u00e1n al mundo si se ha elegido un papa o no.<\/p>\n\n\n\n<p>Muchos no se conoc\u00edan hasta la semana pasada y lamentaron no haber tenido m\u00e1s tiempo para hacerlo, lo que plantea dudas acerca de cu\u00e1nto tiempo podr\u00eda tardar un religioso en asegurar la mayor\u00eda de dos tercios, u 89 votos, necesarios para convertirse en el 267mo pont\u00edfice.<\/p>\n\n\n\n<p>\u201cEsperar y ver, un poco de paciencia, esperar y ver\u201d, expres\u00f3 el cardenal Mario Zenari, embajador del Vaticano en Siria.<\/p>\n\n\n\n<p>Una misa final y despu\u00e9s \u201cTodos fuera\u201d<\/p>\n\n\n\n<p>En las primeras horas del d\u00eda, el decano del Colegio Cardenalicio, el cardenal Giovanni Battista Re, presidi\u00f3 una misa matutina en la bas\u00edlica de San Pedro, donde inst\u00f3 a los votantes a dejar de lado los intereses personales y encontrar un papa que valore la unidad. El mundo de hoy necesita un l\u00edder que pueda despertar conciencias, expres\u00f3.<\/p>\n\n\n\n<p>\u201cOremos para que Dios conceda a la Iglesia un papa que sepa c\u00f3mo despertar mejor las conciencias de todos y las energ\u00edas morales y espirituales en la sociedad actual\u201d, dijo Re.<\/p>\n\n\n\n<p>Les record\u00f3 que la majestuosidad de los frescos de la capilla, y en particular los de Miguel \u00c1ngel, busca recordar a los cardenales la gran responsabilidad que tienen por delante.<\/p>\n\n\n\n<p>En su normativa para el c\u00f3nclave, san Juan Pablo II escribi\u00f3 que, en la Capilla Sixtina, \u201ctodo es propicio para una conciencia de la presencia de Dios\u201d.<\/p>\n\n\n\n<p>Despu\u00e9s de que los cardenales presten sus juramentos, el maestro de ceremonias lit\u00fargicas papales, el arzobispo Diego Ravelli, pronunci\u00f3 la frase en lat\u00edn \u201cextra omnes\u201d, y quienes no tienen derecho a voto se retiraron antes de que las puertas de la capilla se cerraran.<\/p>\n\n\n\n<p>Un cardenal anciano se qued\u00f3 para ofrecer una meditaci\u00f3n, pero despu\u00e9s de que termin\u00f3, \u00e9l tambi\u00e9n tuvo que salir.<\/p>\n\n\n\n<p>Aunque los cardenales expresaron esta semana que esperaban un c\u00f3nclave corto, es probable que haya varias rondas de votaci\u00f3n. Durante el \u00faltimo siglo, se han necesitado entre tres y 14 votaciones para encontrar papa.<\/p>\n\n\n\n<p>Juan Pablo I \u2014quien gobern\u00f3 la Iglesia durante 33 d\u00edas en 1978\u2014 fue elegido a la cuarta. Para dar con sucesor, san Juan Pablo II, se necesitaron ocho rondas. Francisco sali\u00f3 en la quinta en 2013.<\/p>\n\n\n\n<p>Cabildeo previo al c\u00f3nclave<br>Aunque se supone que los cardenales deben resistir cualquier influencia \u201csecular\u201d en su elecci\u00f3n, el cabildeo ha abundado en Roma en los \u00faltimos d\u00edas, y varios grupos les han recordado lo que los cat\u00f3licos de a pie quieren en un l\u00edder.<\/p>\n\n\n\n<p>Los j\u00f3venes cat\u00f3licos escribieron una carta abierta recordando a los prelados que no hay Iglesia sin j\u00f3venes, mujeres y laicos.<\/p>\n\n\n\n<p>La prensa cat\u00f3lica conservadora les hizo llegar copias de un libro en papel satinado con sus valoraciones de los aspirantes.<\/p>\n\n\n\n<p>Los sobrevivientes de abusos sexuales por parte del clero advirtieron a los cardenales que se les har\u00e1 rendir cuentas si no encuentran un l\u00edder que tome medidas en\u00e9rgicas contra d\u00e9cadas de agresiones y encubrimiento.<\/p>\n\n\n\n<p>Los defensores de la ordenaci\u00f3n de mujeres enviaron se\u00f1ales de humo rosa sobre el Vaticano para exigir que se permita que sean sacerdotes, para que tambi\u00e9n puedan votar en un c\u00f3nclave.<\/p>\n\n\n\n<p>Hasta la Casa Blanca se ha involucrado, publicando una foto del presidente estadounidense Donald Trump vestido de papa.<\/p>\n\n\n\n<p>El mandatario afirm\u00f3 que se trataba de una broma, pero el gesto fue criticado por el ex primer ministro italiano Romano Prodi como una interferencia pol\u00edtica \u201cindecente\u201d en asuntos de fe que recordaba a tiempos en que los gobernantes laicos sol\u00edan usar la religi\u00f3n para mantenerse en el poder.<\/p>\n\n\n\n<p>Lisette Herrera, una turista de 54 a\u00f1os de Rep\u00fablica Dominicana, se mostr\u00f3 profundamente conmovida al encontrarse, por casualidad, en Roma al inicio del c\u00f3nclave. El mi\u00e9rcoles por la ma\u00f1ana decidi\u00f3 saltarse la visita a la Plaza de Espa\u00f1a y la Fontana di Trevi para ir a rezar a la Plaza de San Pedro.<\/p>\n\n\n\n<p>\u201cRezo al Esp\u00edritu Santo por un papa joven que se quede con nosotros por mucho tiempo\u201d, afirm\u00f3. \u201cNo creo en la pol\u00edtica del c\u00f3nclave, solo siento que el Esp\u00edritu Santo est\u00e1 aqu\u00ed y eso es todo lo que necesitamos saber\u201d.<\/p>\n\n\n\n<p>Armando Statti, un peregrino de Crotone, Italia, dijo que esperaba que los cardenales eligieran a un pont\u00edfice en la l\u00ednea de Francisco o Juan Pablo II.<\/p>\n\n\n\n<p>\u201cEsperamos que sea anunciado lo antes posible, por el bien de todo el mundo y por la paz, y que abrace a todos\u201d, manifest\u00f3.<\/p>\n\n\n\n<p>Desaf\u00edos para un nuevo papa<\/p>\n\n\n\n<p>El nuevo pont\u00edfice enfrentar\u00e1 una serie de retos que pesan sobre los cardenales, sobre todo si se debe continuar y consolidar el legado progresista de Francisco en la promoci\u00f3n del papel de las mujeres en la instituci\u00f3n, la aceptaci\u00f3n de la comunidad LGBTQ+, el medio ambiente y los migrantes, o retroceder para intentar unificar una Iglesia que se ha polarizado durante su pontificado.<\/p>\n\n\n\n<p>El esc\u00e1ndalo de los abusos sexuales cometidos por el clero se cerni\u00f3 sobre las conversaciones previas al c\u00f3nclave.<\/p>\n\n\n\n<p>Dado que Francisco eligi\u00f3 al 80% de los votantes, es probable que haya continuidad, pero la forma que podr\u00eda tomar es incierta.<\/p>\n\n\n\n<p>Como resultado, identificar a los favoritos ha sido todo un desaf\u00edo. Pero algunos nombres siguen apareciendo en las listas de \u201cpapables\u201d, es decir, cardenales que re\u00fanen las cualidades para el cargo.<\/p>\n\n\n\n<p>\u2014 El cardenal Pietro Parolin, de 70 a\u00f1os, es un italiano que destaca por la naturaleza de su cargo: fue secretario de Estado de Francisco, el n\u00famero dos del Vaticano, y es uno de los principales contendientes.<\/p>\n\n\n\n<p>\u2014 El cardenal filipino Luis Tagle, de 67 a\u00f1os, es uno de los principales candidatos a convertirse en el primer papa asi\u00e1tico de la historia. Desempe\u00f1\u00f3 un cargo tambi\u00e9n destacado al frente de la oficina de evangelizaci\u00f3n de la Santa Sede, responsable de la Iglesia cat\u00f3lica en gran parte del mundo en desarrollo.<\/p>\n\n\n\n<p>\u2014 El cardenal h\u00fangaro Peter Erdo, de 72 a\u00f1os, es arzobispo de Budapest y el candidato m\u00e1s destacado del ala m\u00e1s conservadora de la instituci\u00f3n.<\/p>\n\n\n\n<hr class=\"wp-block-separator has-alpha-channel-opacity\"\/>\n\n\n\n<p>Las periodistas de The Associated Press Giada Zampano y Vanessa Gera contribuyeron a este despacho.<\/p>\n","protected":false},"excerpt":{"rendered":"<p>POR NICOLE WINFIELD CIUDAD DEL VATICANO (AP) \u2014 Sali\u00f3 humo negro de la chimenea de la Capilla Sixtina el mi\u00e9rcoles, indicando que no se eligi\u00f3 a un papa en la&hellip;<\/p>\n","protected":false},"author":10,"featured_media":98452,"comment_status":"open","ping_status":"open","sticky":false,"template":"","format":"standard","meta":{"content-type":"","jetpack_post_was_ever_published":false,"_jetpack_newsletter_access":"","_jetpack_dont_email_post_to_subs":false,"_jetpack_newsletter_tier_id":0,"_jetpack_memberships_contains_paywalled_content":false,"_jetpack_memberships_contains_paid_content":false,"footnotes":""},"categories":[16289],"tags":[19310,19309,2194],"class_list":["post-98451","post","type-post","status-publish","format-standard","has-post-thumbnail","hentry","category-internacionales","tag-chimenea","tag-sale-humo-negro","tag-vaticano"],"jetpack_featured_media_url":"https:\/\/lasprimeras.com.do\/wp-content\/uploads\/2025\/05\/humo-negro.jpg","jetpack-related-posts":[{"id":98551,"url":"https:\/\/lasprimeras.com.do\/index.php\/2025\/05\/08\/sale-humo-blanco-de-la-chimenea-de-la-capilla-sixtina-senalando-eleccion-de-un-nuevo-papa\/","url_meta":{"origin":98451,"position":0},"title":"Sale humo blanco de la chimenea de la Capilla Sixtina, se\u00f1alando elecci\u00f3n de un nuevo papa","author":"Nelson Feliz","date":"8 de mayo de 2025","format":false,"excerpt":"POR NICOLE WINFIELD CIUDAD DEL VATICANO (AP) \u2014 Est\u00e1 saliendo humo blanco de la chimenea de la Capilla Sixtina, se\u00f1alando que se ha elegido a un papa para liderar la Iglesia Cat\u00f3lica. Esto significa que el ganador asegur\u00f3 al menos 89 votos de los 133 cardenales que participan en el\u2026","rel":"","context":"En \u00abINTERNACIONALES\u00bb","block_context":{"text":"INTERNACIONALES","link":"https:\/\/lasprimeras.com.do\/index.php\/category\/sin-categoria\/internacionales\/"},"img":{"alt_text":"","src":"https:\/\/i0.wp.com\/lasprimeras.com.do\/wp-content\/uploads\/2025\/05\/Sale-humo-blanco.jpg?resize=350%2C200&ssl=1","width":350,"height":200,"srcset":"https:\/\/i0.wp.com\/lasprimeras.com.do\/wp-content\/uploads\/2025\/05\/Sale-humo-blanco.jpg?resize=350%2C200&ssl=1 1x, https:\/\/i0.wp.com\/lasprimeras.com.do\/wp-content\/uploads\/2025\/05\/Sale-humo-blanco.jpg?resize=525%2C300&ssl=1 1.5x, https:\/\/i0.wp.com\/lasprimeras.com.do\/wp-content\/uploads\/2025\/05\/Sale-humo-blanco.jpg?resize=700%2C400&ssl=1 2x"},"classes":[]},{"id":98474,"url":"https:\/\/lasprimeras.com.do\/index.php\/2025\/05\/08\/nueva-fumata-negra-indica-que-el-conclave-no-ha-elegido-aun-sustituto-para-francisco\/","url_meta":{"origin":98451,"position":1},"title":"Nueva fumata negra indica que el c\u00f3nclave no ha elegido a\u00fan sustituto para Francisco","author":"Nelson Feliz","date":"8 de mayo de 2025","format":false,"excerpt":"POR NICOLE WINFIELD CIUDAD DEL VATICANO (AP) \u2014 Los cardenales segu\u00edan sin encontrar sucesor para el papa Francisco el jueves por la ma\u00f1ana, lo que provoc\u00f3 una fumata negra en la chimenea de la Capilla Sixtina despu\u00e9s de que dos nuevas rondas de votaci\u00f3n en el c\u00f3nclave se saldaron sin\u2026","rel":"","context":"En \u00abINTERNACIONALES\u00bb","block_context":{"text":"INTERNACIONALES","link":"https:\/\/lasprimeras.com.do\/index.php\/category\/sin-categoria\/internacionales\/"},"img":{"alt_text":"Nueva fumata negra","src":"https:\/\/i0.wp.com\/lasprimeras.com.do\/wp-content\/uploads\/2025\/05\/Nueva-fumata-negra.jpg?resize=350%2C200&ssl=1","width":350,"height":200,"srcset":"https:\/\/i0.wp.com\/lasprimeras.com.do\/wp-content\/uploads\/2025\/05\/Nueva-fumata-negra.jpg?resize=350%2C200&ssl=1 1x, https:\/\/i0.wp.com\/lasprimeras.com.do\/wp-content\/uploads\/2025\/05\/Nueva-fumata-negra.jpg?resize=525%2C300&ssl=1 1.5x, https:\/\/i0.wp.com\/lasprimeras.com.do\/wp-content\/uploads\/2025\/05\/Nueva-fumata-negra.jpg?resize=700%2C400&ssl=1 2x"},"classes":[]},{"id":98364,"url":"https:\/\/lasprimeras.com.do\/index.php\/2025\/05\/07\/piden-a-cardenales-en-el-conclave-que-elijan-a-un-papa-que-busque-unidad-y-evite-el-interes-personal\/","url_meta":{"origin":98451,"position":2},"title":"Piden a cardenales en el c\u00f3nclave que elijan a un papa que busque unidad y evite el inter\u00e9s personal","author":"Nelson Feliz","date":"7 de mayo de 2025","format":false,"excerpt":"POR NICOLE WINFIELD CIUDAD DEL VATICANO (AP) \u2014 Con todo el boato, el drama y la solemnidad que la Iglesia cat\u00f3lica puede desplegar, 133 cardenales iniciaron el mi\u00e9rcoles los rituales centenarios para elegir a un sucesor del papa Francisco, asistiendo a una misa matinal antes del comienzo del c\u00f3nclave m\u00e1s\u2026","rel":"","context":"En \u00abINTERNACIONALES\u00bb","block_context":{"text":"INTERNACIONALES","link":"https:\/\/lasprimeras.com.do\/index.php\/category\/sin-categoria\/internacionales\/"},"img":{"alt_text":"","src":"https:\/\/i0.wp.com\/lasprimeras.com.do\/wp-content\/uploads\/2025\/05\/CARDENALES-1.jpg?resize=350%2C200&ssl=1","width":350,"height":200,"srcset":"https:\/\/i0.wp.com\/lasprimeras.com.do\/wp-content\/uploads\/2025\/05\/CARDENALES-1.jpg?resize=350%2C200&ssl=1 1x, https:\/\/i0.wp.com\/lasprimeras.com.do\/wp-content\/uploads\/2025\/05\/CARDENALES-1.jpg?resize=525%2C300&ssl=1 1.5x, https:\/\/i0.wp.com\/lasprimeras.com.do\/wp-content\/uploads\/2025\/05\/CARDENALES-1.jpg?resize=700%2C400&ssl=1 2x"},"classes":[]},{"id":97491,"url":"https:\/\/lasprimeras.com.do\/index.php\/2025\/04\/22\/de-conclave-a-fumata-blanca-un-glosario-de-terminos-usados-en-una-transicion-papal\/","url_meta":{"origin":98451,"position":3},"title":"De \u201cc\u00f3nclave\u201d a \u201cfumata blanca&#8221;: un glosario de t\u00e9rminos usados en una transici\u00f3n papal","author":"Nelson Feliz","date":"22 de abril de 2025","format":false,"excerpt":"CIUDAD DEL VATICANO (AP) \u2014 Un cambio de papas, ya sea por muerte o renuncia, es un proceso complicado, con rituales centenarios que implican la transici\u00f3n en el liderazgo tanto del jefe espiritual de la Iglesia cat\u00f3lica global como del jefe de estado del Vaticano. Estos son los t\u00e9rminos que\u2026","rel":"","context":"En \u00abINTERNACIONALES\u00bb","block_context":{"text":"INTERNACIONALES","link":"https:\/\/lasprimeras.com.do\/index.php\/category\/sin-categoria\/internacionales\/"},"img":{"alt_text":"","src":"https:\/\/i0.wp.com\/lasprimeras.com.do\/wp-content\/uploads\/2025\/04\/papa-2.jpg?resize=350%2C200&ssl=1","width":350,"height":200,"srcset":"https:\/\/i0.wp.com\/lasprimeras.com.do\/wp-content\/uploads\/2025\/04\/papa-2.jpg?resize=350%2C200&ssl=1 1x, https:\/\/i0.wp.com\/lasprimeras.com.do\/wp-content\/uploads\/2025\/04\/papa-2.jpg?resize=525%2C300&ssl=1 1.5x, https:\/\/i0.wp.com\/lasprimeras.com.do\/wp-content\/uploads\/2025\/04\/papa-2.jpg?resize=700%2C400&ssl=1 2x"},"classes":[]},{"id":97799,"url":"https:\/\/lasprimeras.com.do\/index.php\/2025\/04\/28\/el-vaticano-cierra-la-capilla-sixtina-al-publico-y-se-prepara-para-un-conclave-papal\/","url_meta":{"origin":98451,"position":4},"title":"El Vaticano cierra la capilla Sixtina al p\u00fablico y se prepara para un c\u00f3nclave papal","author":"Nelson Feliz","date":"28 de abril de 2025","format":false,"excerpt":"POR VANESSA GERA CIUDAD DEL VATICANO (AP) \u2014 Salen los turistas. Entran los cardenales. El Vaticano ha cerrado la capilla Sixtina, donde los cardenales se reunir\u00e1n para el c\u00f3nclave que elegir\u00e1 al pr\u00f3ximo papa tras la muerte del papa Francisco el 21 de abril a los 88 a\u00f1os. Francisco fue\u2026","rel":"","context":"En \u00abINTERNACIONALES\u00bb","block_context":{"text":"INTERNACIONALES","link":"https:\/\/lasprimeras.com.do\/index.php\/category\/sin-categoria\/internacionales\/"},"img":{"alt_text":"","src":"https:\/\/i0.wp.com\/lasprimeras.com.do\/wp-content\/uploads\/2025\/04\/conclave.jpg?resize=350%2C200&ssl=1","width":350,"height":200,"srcset":"https:\/\/i0.wp.com\/lasprimeras.com.do\/wp-content\/uploads\/2025\/04\/conclave.jpg?resize=350%2C200&ssl=1 1x, https:\/\/i0.wp.com\/lasprimeras.com.do\/wp-content\/uploads\/2025\/04\/conclave.jpg?resize=525%2C300&ssl=1 1.5x, https:\/\/i0.wp.com\/lasprimeras.com.do\/wp-content\/uploads\/2025\/04\/conclave.jpg?resize=700%2C400&ssl=1 2x"},"classes":[]},{"id":97487,"url":"https:\/\/lasprimeras.com.do\/index.php\/2025\/04\/22\/el-funeral-del-papa-francisco-se-celebrara-el-sabado-con-capilla-ardiente-desde-el-miercoles\/","url_meta":{"origin":98451,"position":5},"title":"El funeral del papa Francisco se celebrar\u00e1 el s\u00e1bado, con capilla ardiente desde el mi\u00e9rcoles","author":"Nelson Feliz","date":"22 de abril de 2025","format":false,"excerpt":"POR NICOLE WINFIELD and COLLEEN BARRY CIUDAD DEL VATICANO (AP) \u2014 Los cardenales cat\u00f3licos tomaron el martes sus primeras decisiones tras la muerte del papa Francisco, programaron su funeral para el s\u00e1bado e indicaron que los fieles corrientes podr\u00edan presentarle sus \u00faltimos respetos a partir del mi\u00e9rcoles, cuando su ata\u00fad\u2026","rel":"","context":"En \u00abINTERNACIONALES\u00bb","block_context":{"text":"INTERNACIONALES","link":"https:\/\/lasprimeras.com.do\/index.php\/category\/sin-categoria\/internacionales\/"},"img":{"alt_text":"","src":"https:\/\/i0.wp.com\/lasprimeras.com.do\/wp-content\/uploads\/2025\/04\/papa-1.jpg?resize=350%2C200&ssl=1","width":350,"height":200,"srcset":"https:\/\/i0.wp.com\/lasprimeras.com.do\/wp-content\/uploads\/2025\/04\/papa-1.jpg?resize=350%2C200&ssl=1 1x, https:\/\/i0.wp.com\/lasprimeras.com.do\/wp-content\/uploads\/2025\/04\/papa-1.jpg?resize=525%2C300&ssl=1 1.5x, https:\/\/i0.wp.com\/lasprimeras.com.do\/wp-content\/uploads\/2025\/04\/papa-1.jpg?resize=700%2C400&ssl=1 2x"},"classes":[]}],"jetpack_sharing_enabled":true,"_links":{"self":[{"href":"https:\/\/lasprimeras.com.do\/index.php\/wp-json\/wp\/v2\/posts\/98451","targetHints":{"allow":["GET"]}}],"collection":[{"href":"https:\/\/lasprimeras.com.do\/index.php\/wp-json\/wp\/v2\/posts"}],"about":[{"href":"https:\/\/lasprimeras.com.do\/index.php\/wp-json\/wp\/v2\/types\/post"}],"author":[{"embeddable":true,"href":"https:\/\/lasprimeras.com.do\/index.php\/wp-json\/wp\/v2\/users\/10"}],"replies":[{"embeddable":true,"href":"https:\/\/lasprimeras.com.do\/index.php\/wp-json\/wp\/v2\/comments?post=98451"}],"version-history":[{"count":1,"href":"https:\/\/lasprimeras.com.do\/index.php\/wp-json\/wp\/v2\/posts\/98451\/revisions"}],"predecessor-version":[{"id":98453,"href":"https:\/\/lasprimeras.com.do\/index.php\/wp-json\/wp\/v2\/posts\/98451\/revisions\/98453"}],"wp:featuredmedia":[{"embeddable":true,"href":"https:\/\/lasprimeras.com.do\/index.php\/wp-json\/wp\/v2\/media\/98452"}],"wp:attachment":[{"href":"https:\/\/lasprimeras.com.do\/index.php\/wp-json\/wp\/v2\/media?parent=98451"}],"wp:term":[{"taxonomy":"category","embeddable":true,"href":"https:\/\/lasprimeras.com.do\/index.php\/wp-json\/wp\/v2\/categories?post=98451"},{"taxonomy":"post_tag","embeddable":true,"href":"https:\/\/lasprimeras.com.do\/index.php\/wp-json\/wp\/v2\/tags?post=98451"}],"curies":[{"name":"wp","href":"https:\/\/api.w.org\/{rel}","templated":true}]}}