{"id":98454,"date":"2025-05-07T23:14:56","date_gmt":"2025-05-08T03:14:56","guid":{"rendered":"https:\/\/lasprimeras.com.do\/?p=98454"},"modified":"2025-05-07T23:14:58","modified_gmt":"2025-05-08T03:14:58","slug":"miles-marchan-por-temor-a-que-panama-ceda-ante-el-gobierno-de-ee-uu","status":"publish","type":"post","link":"https:\/\/lasprimeras.com.do\/index.php\/2025\/05\/07\/miles-marchan-por-temor-a-que-panama-ceda-ante-el-gobierno-de-ee-uu\/","title":{"rendered":"Miles marchan por temor a que Panam\u00e1 ceda ante el gobierno de EE.UU."},"content":{"rendered":"\n<p>Por Juan Zamorano<\/p>\n\n\n\n<p>CIUDAD DE PANAM\u00c1 (AP) \u2014 Miles de paname\u00f1os marcharon el martes en la capital en la mayor protesta hasta el momento contra un acuerdo firmado durante la visita del mes pasado por el secretario de Defensa de Estados Unidos, Pete Hegseth, que da a las tropas estadounidenses acceso a instalaciones a\u00e9reas y navales estrat\u00e9gicas en la naci\u00f3n centroamericana.<\/p>\n\n\n\n<p>El presidente de Estados Unidos, Donald Trump, puso a Panam\u00e1 en el centro de la atenci\u00f3n incluso antes de ganar las elecciones en noviembre pasado al sugerir que su pa\u00eds deber\u00eda considerar retomar el control del Canal de Panam\u00e1 y acusar a Panam\u00e1 de ceder influencia a China .<\/p>\n\n\n\n<p>Panam\u00e1 ha rechazado vehementemente esos comentarios, pero tambi\u00e9n ha tratado de apaciguar a la nueva administraci\u00f3n, que ha impuesto aranceles a muchos socios comerciales.<\/p>\n\n\n\n<p>Estudiantes universitarios encabezaron la protesta del martes acusando al presidente Jos\u00e9 Ra\u00fal Mulino de sacrificar la soberan\u00eda de Panam\u00e1 con el acuerdo.<\/p>\n\n\n\n<p>\u201cSentimos que nuestro presidente est\u00e1 actuando en contra de la voluntad de muchos paname\u00f1os y en asuntos muy delicados\u201d, dijo Tony Ruiz, estudiante de 30 a\u00f1os. \u201cFirma un acuerdo a nuestras espaldas que compromete nuestra soberan\u00eda y nuestra neutralidad con el mundo\u201d.<\/p>\n\n\n\n<p>La noche anterior, el canciller Javier Mart\u00ednez-Acha dijo sobre el acuerdo con Washington: \u201cEl memorando de entendimiento no implica una entrega de soberan\u00eda, ni viola la Constituci\u00f3n nacional, ni el tratado de neutralidad\u201d.<\/p>\n\n\n\n<p>Las bases a las que Estados Unidos tendr\u00e1 acceso para personal militar y contratistas siempre permanecer\u00e1n bajo el control de Panam\u00e1 y \u00e9ste podr\u00e1 rescindir el acuerdo con un preaviso de seis meses, dijo.<\/p>\n\n\n\n<p>Mart\u00ednez-Acha dijo que el gobierno de Estados Unidos actu\u00f3 de mala fe en el manejo del delicado tema en los medios, una aparente referencia a los comentarios incendiarios de Trump sobre el canal, pero que a\u00fan as\u00ed Panam\u00e1 estaba siendo &#8220;prudente&#8221; y tratando de evitar sanciones que han afectado a otros pa\u00edses.<\/p>\n\n\n\n<p>\u201cLa cooperaci\u00f3n internacional es necesaria para fortalecer nuestras capacidades\u201d, afirm\u00f3. \u201cColaborar con Estados Unidos en este caso nos ayuda a mejorar la seguridad sin afectar nuestra soberan\u00eda ni nuestras leyes\u201d.<\/p>\n\n\n\n<p>Los detalles del acuerdo s\u00f3lo se hicieron p\u00fablicos d\u00edas despu\u00e9s de la visita de Hegseth.<\/p>\n\n\n\n<p>En un acuerdo aparte, Panam\u00e1 tambi\u00e9n acord\u00f3 buscar la manera de que el gobierno estadounidense reciba el reembolso de las tarifas que sus buques de guerra pagan por transitar por el Canal.<\/p>\n\n\n\n<p>La administraci\u00f3n Trump ha argumentado que no deber\u00eda estar obligada a defender el canal ni a pagar por su uso.<\/p>\n\n\n\n<p>Estados Unidos construy\u00f3 el canal a principios del siglo XX buscando maneras de facilitar el tr\u00e1nsito de buques comerciales y militares entre sus costas. El control de la v\u00eda fluvial se transfiri\u00f3 a Panam\u00e1 en 1999 en virtud de un tratado firmado en 1977 por el presidente Jimmy Carter.<\/p>\n\n\n\n<p>La administraci\u00f3n Trump tambi\u00e9n ha presionado al operador de puertos con sede en Hong Kong en ambos extremos del canal para que venda esos intereses a un consorcio estadounidense que incluye a BlackRock Inc.<\/p>\n\n\n\n<p>Mientras Mart\u00ednez-Acha sugiri\u00f3 que los opositores con motivaciones pol\u00edticas est\u00e1n generando controversia, los manifestantes estudiantiles expresaron su preocupaci\u00f3n por el regreso de Estados Unidos a un pa\u00eds que invadi\u00f3 tan recientemente como en 1989.<\/p>\n\n\n\n<p>\u201cSomos un pa\u00eds neutral; no podemos ponernos del lado de ning\u00fan pa\u00eds\u201d, dijo Jam Allard, otro estudiante.<\/p>\n\n\n\n<p>\u201cQueremos que nuestro pa\u00eds sea soberano\u201d.<\/p>\n","protected":false},"excerpt":{"rendered":"<p>Por Juan Zamorano CIUDAD DE PANAM\u00c1 (AP) \u2014 Miles de paname\u00f1os marcharon el martes en la capital en la mayor protesta hasta el momento contra un acuerdo firmado durante la&hellip;<\/p>\n","protected":false},"author":10,"featured_media":98455,"comment_status":"open","ping_status":"open","sticky":false,"template":"","format":"standard","meta":{"content-type":"","jetpack_post_was_ever_published":false,"_jetpack_newsletter_access":"","_jetpack_dont_email_post_to_subs":false,"_jetpack_newsletter_tier_id":0,"_jetpack_memberships_contains_paywalled_content":false,"_jetpack_memberships_contains_paid_content":false,"footnotes":""},"categories":[16289],"tags":[206,171,19311,19312,17048],"class_list":["post-98454","post","type-post","status-publish","format-standard","has-post-thumbnail","hentry","category-internacionales","tag-ee-uu","tag-gobierno","tag-miles-marchan","tag-panama-ceda","tag-temor"],"jetpack_featured_media_url":"https:\/\/lasprimeras.com.do\/wp-content\/uploads\/2025\/05\/panama.jpg","jetpack-related-posts":[{"id":54744,"url":"https:\/\/lasprimeras.com.do\/index.php\/2023\/07\/13\/ee-uu-prohibe-entrada-al-expresidente-de-panama-juan-carlos-varela-por-corrupcion\/","url_meta":{"origin":98454,"position":0},"title":"EE.UU. proh\u00edbe entrada al expresidente de Panam\u00e1 Juan Carlos Varela por corrupci\u00f3n","author":"Nelson Feliz","date":"13 de julio de 2023","format":false,"excerpt":"El presidente entre 2014 y 2019, est\u00e1 acusado por la Justicia paname\u00f1a por lavado de activos en el caso Odebrecht. Estados Unidos ha prohibido la entrada al pa\u00eds al expresidente de Panam\u00e1 Juan Carlos Varela y a su familia por su vinculaci\u00f3n en \"importantes\" actos de corrupci\u00f3n, anunci\u00f3 este jueves\u2026","rel":"","context":"En \u00abSin categor\u00eda\u00bb","block_context":{"text":"Sin categor\u00eda","link":"https:\/\/lasprimeras.com.do\/index.php\/category\/sin-categoria\/"},"img":{"alt_text":"Expresidente de Panam\u00e1 Juan Carlos Varela","src":"https:\/\/i0.wp.com\/lasprimeras.com.do\/wp-content\/uploads\/2023\/07\/Juan-Carlos-Valera.jpeg?resize=350%2C200&ssl=1","width":350,"height":200,"srcset":"https:\/\/i0.wp.com\/lasprimeras.com.do\/wp-content\/uploads\/2023\/07\/Juan-Carlos-Valera.jpeg?resize=350%2C200&ssl=1 1x, https:\/\/i0.wp.com\/lasprimeras.com.do\/wp-content\/uploads\/2023\/07\/Juan-Carlos-Valera.jpeg?resize=525%2C300&ssl=1 1.5x, https:\/\/i0.wp.com\/lasprimeras.com.do\/wp-content\/uploads\/2023\/07\/Juan-Carlos-Valera.jpeg?resize=700%2C400&ssl=1 2x"},"classes":[]},{"id":89385,"url":"https:\/\/lasprimeras.com.do\/index.php\/2024\/09\/24\/panama-y-colombia-acuerdan-avanzar-una-estrategia-conjunta-contra-la-migracion-irregular\/","url_meta":{"origin":98454,"position":1},"title":"Panam\u00e1 y Colombia acuerdan avanzar una estrategia conjunta contra la migraci\u00f3n irregular","author":"Nelson Feliz","date":"24 de septiembre de 2024","format":false,"excerpt":"Naciones Unidas,(EFE).- Los presidentes de Panam\u00e1, Jos\u00e9 Ra\u00fal Mulino, y de Colombia, Gustavo Petro, acordaron este martes trabajar en una estrategia conjunta contra la migraci\u00f3n ilegal por la selva del Dari\u00e9n, frontera natural con el pa\u00eds suramericano, en una reuni\u00f3n bilateral sostenida al margen de la Asamblea General de la\u2026","rel":"","context":"En \u00abSin categor\u00eda\u00bb","block_context":{"text":"Sin categor\u00eda","link":"https:\/\/lasprimeras.com.do\/index.php\/category\/sin-categoria\/"},"img":{"alt_text":"Jos\u00e9 Ra\u00fal Mulino y Gustavo Petro","src":"https:\/\/i0.wp.com\/lasprimeras.com.do\/wp-content\/uploads\/2024\/09\/Jose-Raul-Mulino-y-Gustavo-Petro.jpg?resize=350%2C200&ssl=1","width":350,"height":200,"srcset":"https:\/\/i0.wp.com\/lasprimeras.com.do\/wp-content\/uploads\/2024\/09\/Jose-Raul-Mulino-y-Gustavo-Petro.jpg?resize=350%2C200&ssl=1 1x, https:\/\/i0.wp.com\/lasprimeras.com.do\/wp-content\/uploads\/2024\/09\/Jose-Raul-Mulino-y-Gustavo-Petro.jpg?resize=525%2C300&ssl=1 1.5x, https:\/\/i0.wp.com\/lasprimeras.com.do\/wp-content\/uploads\/2024\/09\/Jose-Raul-Mulino-y-Gustavo-Petro.jpg?resize=700%2C400&ssl=1 2x"},"classes":[]},{"id":88286,"url":"https:\/\/lasprimeras.com.do\/index.php\/2024\/08\/25\/cancilleres-de-colombia-y-panama-abordan-con-comunidades-fronterizas-creciente-migracion-irregular\/","url_meta":{"origin":98454,"position":2},"title":"Cancilleres de Colombia y Panam\u00e1 abordan con comunidades fronterizas creciente migraci\u00f3n irregular","author":"Nelson Feliz","date":"25 de agosto de 2024","format":false,"excerpt":"BOGOT\u00c1 (AP) \u2014 Los cancilleres de Colombia y Panam\u00e1 abordaron el domingo en una poblaci\u00f3n del Caribe colombiano, en la frontera com\u00fan, la situaci\u00f3n generada por el creciente flujo migratorio que tiene lugar por el Tap\u00f3n del Dari\u00e9n, en momentos en que el pa\u00eds centroamericano busca desalentar ese fen\u00f3meno con\u2026","rel":"","context":"En \u00abSin categor\u00eda\u00bb","block_context":{"text":"Sin categor\u00eda","link":"https:\/\/lasprimeras.com.do\/index.php\/category\/sin-categoria\/"},"img":{"alt_text":"creciente flujo migratorio","src":"https:\/\/i0.wp.com\/lasprimeras.com.do\/wp-content\/uploads\/2024\/08\/creciente-flujo-migratorio.jpg?resize=350%2C200&ssl=1","width":350,"height":200,"srcset":"https:\/\/i0.wp.com\/lasprimeras.com.do\/wp-content\/uploads\/2024\/08\/creciente-flujo-migratorio.jpg?resize=350%2C200&ssl=1 1x, https:\/\/i0.wp.com\/lasprimeras.com.do\/wp-content\/uploads\/2024\/08\/creciente-flujo-migratorio.jpg?resize=525%2C300&ssl=1 1.5x, https:\/\/i0.wp.com\/lasprimeras.com.do\/wp-content\/uploads\/2024\/08\/creciente-flujo-migratorio.jpg?resize=700%2C400&ssl=1 2x"},"classes":[]},{"id":82610,"url":"https:\/\/lasprimeras.com.do\/index.php\/2024\/05\/06\/jose-raul-mulino-gana-las-elecciones-presidenciales-de-panama\/","url_meta":{"origin":98454,"position":3},"title":"Jos\u00e9 Ra\u00fal Mulino gana las elecciones presidenciales de Panam\u00e1","author":"Esteffany Vargas","date":"6 de mayo de 2024","format":false,"excerpt":"POR JUAN ZAMORANO Y MEGAN JANETSKY CIUDAD DE PANAM\u00c1 (AP) \u2014 Jos\u00e9 Ra\u00fal Mulino, el sustituto del ex presidente Ricardo Martinelli en las elecciones presidenciales de Panam\u00e1, estaba listo para convertirse en el nuevo l\u00edder de la naci\u00f3n centroamericana cuando las autoridades convocaron extraoficialmente la carrera el domingo por la\u2026","rel":"","context":"En \u00abPORTADA\u00bb","block_context":{"text":"PORTADA","link":"https:\/\/lasprimeras.com.do\/index.php\/category\/portada\/"},"img":{"alt_text":"Jos\u00e9 Ra\u00fal Mulino","src":"https:\/\/i0.wp.com\/lasprimeras.com.do\/wp-content\/uploads\/2024\/05\/Jose-Raul-Mulino-1.jpg?resize=350%2C200&ssl=1","width":350,"height":200,"srcset":"https:\/\/i0.wp.com\/lasprimeras.com.do\/wp-content\/uploads\/2024\/05\/Jose-Raul-Mulino-1.jpg?resize=350%2C200&ssl=1 1x, https:\/\/i0.wp.com\/lasprimeras.com.do\/wp-content\/uploads\/2024\/05\/Jose-Raul-Mulino-1.jpg?resize=525%2C300&ssl=1 1.5x, https:\/\/i0.wp.com\/lasprimeras.com.do\/wp-content\/uploads\/2024\/05\/Jose-Raul-Mulino-1.jpg?resize=700%2C400&ssl=1 2x"},"classes":[]},{"id":122007,"url":"https:\/\/lasprimeras.com.do\/index.php\/2026\/02\/12\/trump-reunira-a-mandatarios-latinoamericanos-en-florida-en-marzo-antes-de-viajar-a-china\/","url_meta":{"origin":98454,"position":4},"title":"Trump reunir\u00e1 a mandatarios latinoamericanos en Florida en marzo, antes de viajar a China","author":"Nelson Feliz","date":"12 de febrero de 2026","format":false,"excerpt":"POR AAMER MADHANI WASHINGTON (AP) \u2014 El presidente estadounidense Donald Trump ha invitado a mandatarios latinoamericanos a participar en una cumbre en Florida el pr\u00f3ximo mes, reuniendo a los funcionarios en un momento en que el gobierno pone el foco en lo que considera una preocupante influencia china en la\u2026","rel":"","context":"En \u00abINTERNACIONALES\u00bb","block_context":{"text":"INTERNACIONALES","link":"https:\/\/lasprimeras.com.do\/index.php\/category\/sin-categoria\/internacionales\/"},"img":{"alt_text":"","src":"https:\/\/i0.wp.com\/lasprimeras.com.do\/wp-content\/uploads\/2026\/02\/Donald-Trump-1.jpg?resize=350%2C200&ssl=1","width":350,"height":200,"srcset":"https:\/\/i0.wp.com\/lasprimeras.com.do\/wp-content\/uploads\/2026\/02\/Donald-Trump-1.jpg?resize=350%2C200&ssl=1 1x, https:\/\/i0.wp.com\/lasprimeras.com.do\/wp-content\/uploads\/2026\/02\/Donald-Trump-1.jpg?resize=525%2C300&ssl=1 1.5x, https:\/\/i0.wp.com\/lasprimeras.com.do\/wp-content\/uploads\/2026\/02\/Donald-Trump-1.jpg?resize=700%2C400&ssl=1 2x"},"classes":[]},{"id":85509,"url":"https:\/\/lasprimeras.com.do\/index.php\/2024\/07\/01\/eeuu-pagara-vuelos-para-ayudar-a-panama-a-repatriar-a-migrantes-que-pudieran-dirigirse-al-norte\/","url_meta":{"origin":98454,"position":5},"title":"EEUU pagar\u00e1 vuelos para ayudar a Panam\u00e1 a repatriar a migrantes que pudieran dirigirse al norte","author":"Nelson Feliz","date":"1 de julio de 2024","format":false,"excerpt":"BY REBECCA SANTANA WASHINGTON (AP) \u2014 Estados Unidos cubrir\u00e1 el costo de los vuelos y brindar\u00e1 otro tipo de asistencia a Panam\u00e1 para repatriar a migrantes, seg\u00fan un acuerdo firmado el lunes, mientras que el nuevo presidente de la naci\u00f3n centroamericana ha prometido cerrar el peligroso Tap\u00f3n del Dari\u00e9n por\u2026","rel":"","context":"En \u00abSin categor\u00eda\u00bb","block_context":{"text":"Sin categor\u00eda","link":"https:\/\/lasprimeras.com.do\/index.php\/category\/sin-categoria\/"},"img":{"alt_text":"Alejandro Mayorkas","src":"https:\/\/i0.wp.com\/lasprimeras.com.do\/wp-content\/uploads\/2024\/07\/Alejandro-Mayorkas.jpg?resize=350%2C200&ssl=1","width":350,"height":200,"srcset":"https:\/\/i0.wp.com\/lasprimeras.com.do\/wp-content\/uploads\/2024\/07\/Alejandro-Mayorkas.jpg?resize=350%2C200&ssl=1 1x, https:\/\/i0.wp.com\/lasprimeras.com.do\/wp-content\/uploads\/2024\/07\/Alejandro-Mayorkas.jpg?resize=525%2C300&ssl=1 1.5x, https:\/\/i0.wp.com\/lasprimeras.com.do\/wp-content\/uploads\/2024\/07\/Alejandro-Mayorkas.jpg?resize=700%2C400&ssl=1 2x"},"classes":[]}],"jetpack_sharing_enabled":true,"_links":{"self":[{"href":"https:\/\/lasprimeras.com.do\/index.php\/wp-json\/wp\/v2\/posts\/98454","targetHints":{"allow":["GET"]}}],"collection":[{"href":"https:\/\/lasprimeras.com.do\/index.php\/wp-json\/wp\/v2\/posts"}],"about":[{"href":"https:\/\/lasprimeras.com.do\/index.php\/wp-json\/wp\/v2\/types\/post"}],"author":[{"embeddable":true,"href":"https:\/\/lasprimeras.com.do\/index.php\/wp-json\/wp\/v2\/users\/10"}],"replies":[{"embeddable":true,"href":"https:\/\/lasprimeras.com.do\/index.php\/wp-json\/wp\/v2\/comments?post=98454"}],"version-history":[{"count":1,"href":"https:\/\/lasprimeras.com.do\/index.php\/wp-json\/wp\/v2\/posts\/98454\/revisions"}],"predecessor-version":[{"id":98456,"href":"https:\/\/lasprimeras.com.do\/index.php\/wp-json\/wp\/v2\/posts\/98454\/revisions\/98456"}],"wp:featuredmedia":[{"embeddable":true,"href":"https:\/\/lasprimeras.com.do\/index.php\/wp-json\/wp\/v2\/media\/98455"}],"wp:attachment":[{"href":"https:\/\/lasprimeras.com.do\/index.php\/wp-json\/wp\/v2\/media?parent=98454"}],"wp:term":[{"taxonomy":"category","embeddable":true,"href":"https:\/\/lasprimeras.com.do\/index.php\/wp-json\/wp\/v2\/categories?post=98454"},{"taxonomy":"post_tag","embeddable":true,"href":"https:\/\/lasprimeras.com.do\/index.php\/wp-json\/wp\/v2\/tags?post=98454"}],"curies":[{"name":"wp","href":"https:\/\/api.w.org\/{rel}","templated":true}]}}