{"id":98457,"date":"2025-05-07T23:19:27","date_gmt":"2025-05-08T03:19:27","guid":{"rendered":"https:\/\/lasprimeras.com.do\/?p=98457"},"modified":"2025-05-07T23:19:28","modified_gmt":"2025-05-08T03:19:28","slug":"gobernador-de-puerto-rico-bajo-fuego-mientras-fondos-federales-para-proyectos-solares-se-estancan","status":"publish","type":"post","link":"https:\/\/lasprimeras.com.do\/index.php\/2025\/05\/07\/gobernador-de-puerto-rico-bajo-fuego-mientras-fondos-federales-para-proyectos-solares-se-estancan\/","title":{"rendered":"Gobernador de Puerto Rico bajo fuego mientras fondos federales para proyectos solares se estancan"},"content":{"rendered":"\n<p>Por D\u00c1NICA COTO<\/p>\n\n\n\n<p>SAN JUAN, Puerto Rico (AP) \u2014 La gobernadora de Puerto Rico fue criticada el martes luego de que su promesa de apoyar la inversi\u00f3n de millones de d\u00f3lares federales en proyectos solares en todo el territorio estadounidense pareci\u00f3 desvanecerse.<\/p>\n\n\n\n<p>Ha transcurrido m\u00e1s de una semana desde que el Departamento de Energ\u00eda de Estados Unidos no cumpli\u00f3 con el plazo para finalizar contratos por un valor de 365 millones de d\u00f3lares que permitir\u00edan instalar sistemas solares alimentados por bater\u00edas en cl\u00ednicas de salud y unidades de vivienda p\u00fablica en Puerto Rico .<\/p>\n\n\n\n<p>Desde el mes pasado, el departamento no ha estado en comunicaci\u00f3n con aquellos que recibieron las subvenciones, incluida la organizaci\u00f3n sin fines de lucro Federaci\u00f3n Hispana.<\/p>\n\n\n\n<p>\u201cHa habido un silencio sepulcral\u201d, dijo Javier R\u00faa Jovet, director de pol\u00edticas p\u00fablicas de la Asociaci\u00f3n de Almacenamiento Solar y de Energ\u00eda de Puerto Rico.<\/p>\n\n\n\n<p>La falta de comunicaci\u00f3n por parte del gobierno federal ocurre mientras Puerto Rico se prepara para la temporada de huracanes en el Atl\u00e1ntico, que comienza el 1 de junio y se pronostica que ser\u00e1 superior al promedio, con nueve huracanes anticipados, cuatro de ellos mayores.<\/p>\n\n\n\n<p>Puerto Rico ya lucha con cortes cr\u00f3nicos de energ\u00eda, incluidos dos apagones en toda la isla que ocurrieron el 31 de diciembre y el 17 de abril .<\/p>\n\n\n\n<p>\u201cHay personas que realmente necesitan esta ayuda de inmediato\u201d, dijo Frankie Miranda, presidente y director ejecutivo de la Federaci\u00f3n Hispana.<\/p>\n\n\n\n<p>Hasta hace poco, la gobernadora Jenniffer Gonz\u00e1lez, republicana y partidaria del presidente estadounidense Donald Trump, hab\u00eda respaldado m\u00e1s de mil millones de d\u00f3lares asignados por el Congreso para proyectos solares en Puerto Rico, incluidos los 365 millones destinados a viviendas p\u00fablicas y centros de salud, incluidos los que brindan di\u00e1lisis.<\/p>\n\n\n\n<p>Sin embargo, el secretario de asuntos p\u00fablicos de la gobernadora, Hiram Torres Montalvo, declar\u00f3 a Radio Isla el lunes que la gobernadora intent\u00f3 defender los fondos, pero finalmente retir\u00f3 su apoyo a la subvenci\u00f3n.<\/p>\n\n\n\n<p>A\u00f1adi\u00f3 que Gonz\u00e1lez ha propuesto utilizar los fondos para mejorar la generaci\u00f3n, transmisi\u00f3n y distribuci\u00f3n de energ\u00eda, y est\u00e1 enfocada en garantizar suficiente electricidad para los meses de verano.<\/p>\n\n\n\n<p>\u201cEstamos sumamente sorprendidos y conmocionados por este acontecimiento\u201d, declar\u00f3 Miranda en una entrevista telef\u00f3nica. \u201cQueremos que la gobernadora reconsidere su postura y siga cumpliendo su palabra\u201d.<\/p>\n\n\n\n<p>Miranda y otros han se\u00f1alado que ya se han destinado unos 18 mil millones de d\u00f3lares en fondos federales a la red.<\/p>\n\n\n\n<p>Ni Torres ni una portavoz del gobernador respondieron los mensajes solicitando comentarios.<\/p>\n\n\n\n<p>El martes, el Departamento de Energ\u00eda de Estados Unidos envi\u00f3 a The Associated Press un comunicado diciendo que la agencia estaba realizando una revisi\u00f3n en todo el departamento de los procesos de subvenci\u00f3n y que estaba trabajando con el gobernador de Puerto Rico y la Casa Blanca para fortalecer la red de la isla y garantizar que la isla tenga &#8220;energ\u00eda confiable, asequible y segura&#8221;.<\/p>\n\n\n\n<p>\u201cTras los recientes cortes de energ\u00eda que afectaron a familias, empresas e infraestructura cr\u00edtica, el Departamento de Energ\u00eda sigue enfocado en impulsar soluciones que brinden ayuda urgente, prevengan desastres futuros y restablezcan el acceso a la energ\u00eda confiable a largo plazo en toda la isla\u201d, afirm\u00f3 la agencia.<\/p>\n\n\n\n<p>El departamento no dijo si el gobierno de Puerto Rico ha solicitado formalmente que se reasignen los fondos.<\/p>\n\n\n\n<p>M\u00e1s del 60% de la energ\u00eda de la isla se genera mediante centrales el\u00e9ctricas que utilizan petr\u00f3leo, el 24% mediante gas natural, el 8% mediante carb\u00f3n y el 7% mediante energ\u00edas renovables, seg\u00fan la Administraci\u00f3n de Informaci\u00f3n Energ\u00e9tica de Estados Unidos.<\/p>\n\n\n\n<p>El impulso hacia una mayor energ\u00eda renovable surge a medida que los equipos contin\u00faan reconstruyendo la red el\u00e9ctrica de Puerto Rico despu\u00e9s de que el hurac\u00e1n Mar\u00eda azotara la isla en septiembre de 2017 como una poderosa tormenta de categor\u00eda 4. Pero la red ya estaba d\u00e9bil antes de la tormenta debido a la falta de mantenimiento e inversi\u00f3n durante d\u00e9cadas.<\/p>\n","protected":false},"excerpt":{"rendered":"<p>Por D\u00c1NICA COTO SAN JUAN, Puerto Rico (AP) \u2014 La gobernadora de Puerto Rico fue criticada el martes luego de que su promesa de apoyar la inversi\u00f3n de millones de&hellip;<\/p>\n","protected":false},"author":10,"featured_media":98458,"comment_status":"open","ping_status":"open","sticky":false,"template":"","format":"standard","meta":{"content-type":"","jetpack_post_was_ever_published":false,"_jetpack_newsletter_access":"","_jetpack_dont_email_post_to_subs":false,"_jetpack_newsletter_tier_id":0,"_jetpack_memberships_contains_paywalled_content":false,"_jetpack_memberships_contains_paid_content":false,"footnotes":""},"categories":[16289],"tags":[19313,18420,4640,19314,1078],"class_list":["post-98457","post","type-post","status-publish","format-standard","has-post-thumbnail","hentry","category-internacionales","tag-bajo-fuego","tag-fondos-federales","tag-gobernador","tag-proyectos-solares","tag-puerto-rico"],"jetpack_featured_media_url":"https:\/\/lasprimeras.com.do\/wp-content\/uploads\/2025\/05\/Jenniffer-Gonzalez.jpg","jetpack-related-posts":[{"id":54615,"url":"https:\/\/lasprimeras.com.do\/index.php\/2023\/07\/12\/condenados-a-penas-de-carcel-los-primos-del-gobernador-de-puerto-rico-por-fraude\/","url_meta":{"origin":98457,"position":0},"title":"Condenados a penas de c\u00e1rcel los primos del gobernador de Puerto Rico por fraude","author":"Nelson Feliz","date":"12 de julio de 2023","format":false,"excerpt":"Pedro Pierluisi dijo que sus primos tambi\u00e9n fueron sus colaboradores pol\u00edticos, le fallaron al pueblo y a su familia. Walter y Eduardo Pierluisi Isern, primos del gobernador de Puerto Rico, Pedro Pierluisi, fueron condenados este martes a 43 y 24 meses de c\u00e1rcel, respectivamente, por defraudar al Gobierno federal aproximadamente\u2026","rel":"","context":"En \u00abSin categor\u00eda\u00bb","block_context":{"text":"Sin categor\u00eda","link":"https:\/\/lasprimeras.com.do\/index.php\/category\/sin-categoria\/"},"img":{"alt_text":"El gobernador de Puerto Rico, Pedro Pierluisi","src":"https:\/\/i0.wp.com\/lasprimeras.com.do\/wp-content\/uploads\/2023\/07\/Pedro-Pierluisi.jpg?resize=350%2C200&ssl=1","width":350,"height":200,"srcset":"https:\/\/i0.wp.com\/lasprimeras.com.do\/wp-content\/uploads\/2023\/07\/Pedro-Pierluisi.jpg?resize=350%2C200&ssl=1 1x, https:\/\/i0.wp.com\/lasprimeras.com.do\/wp-content\/uploads\/2023\/07\/Pedro-Pierluisi.jpg?resize=525%2C300&ssl=1 1.5x, https:\/\/i0.wp.com\/lasprimeras.com.do\/wp-content\/uploads\/2023\/07\/Pedro-Pierluisi.jpg?resize=700%2C400&ssl=1 2x"},"classes":[]},{"id":88389,"url":"https:\/\/lasprimeras.com.do\/index.php\/2024\/08\/27\/miguel-cardona-llama-a-descentralizar-y-despolitizar-la-educacion-en-puerto-rico\/","url_meta":{"origin":98457,"position":1},"title":"Miguel Cardona llama a descentralizar y despolitizar la educaci\u00f3n en Puerto Rico","author":"Nelson Feliz","date":"27 de agosto de 2024","format":false,"excerpt":"San Juan (EFE).- El secretario de Educaci\u00f3n de Estados Unidos, Miguel Cardona, llam\u00f3 este martes a \"descentralizar y despolitizar\" el sistema educativo en Puerto Rico, durante una visita a la isla para tratar un proyecto que busca transformar su gobernanza escolar. Cardona particip\u00f3 en la Cumbre de la Iniciativa de\u2026","rel":"","context":"En \u00abSin categor\u00eda\u00bb","block_context":{"text":"Sin categor\u00eda","link":"https:\/\/lasprimeras.com.do\/index.php\/category\/sin-categoria\/"},"img":{"alt_text":"Miguel Cardona","src":"https:\/\/i0.wp.com\/lasprimeras.com.do\/wp-content\/uploads\/2024\/08\/Miguel-Cardona.jpg?resize=350%2C200&ssl=1","width":350,"height":200,"srcset":"https:\/\/i0.wp.com\/lasprimeras.com.do\/wp-content\/uploads\/2024\/08\/Miguel-Cardona.jpg?resize=350%2C200&ssl=1 1x, https:\/\/i0.wp.com\/lasprimeras.com.do\/wp-content\/uploads\/2024\/08\/Miguel-Cardona.jpg?resize=525%2C300&ssl=1 1.5x, https:\/\/i0.wp.com\/lasprimeras.com.do\/wp-content\/uploads\/2024\/08\/Miguel-Cardona.jpg?resize=700%2C400&ssl=1 2x"},"classes":[]},{"id":100015,"url":"https:\/\/lasprimeras.com.do\/index.php\/2025\/05\/30\/gobernadora-de-puerto-rico-se-compromete-a-mejorar-la-red-electrica-y-la-economia-de-la-isla\/","url_meta":{"origin":98457,"position":2},"title":"Gobernadora de Puerto Rico se compromete a mejorar la red el\u00e9ctrica y la econom\u00eda de la isla","author":"Nelson Feliz","date":"30 de mayo de 2025","format":false,"excerpt":"POR D\u00c1NICA COTO SAN JUAN (AP) \u2014 La gobernadora Jenniffer Gonz\u00e1lez Col\u00f3n se comprometi\u00f3 el jueves a mejorar la deteriorada red el\u00e9ctrica de Puerto Rico y a impulsar la econom\u00eda, en su primer discurso tras ser elegida el a\u00f1o pasado mientras crece la indignaci\u00f3n por los cortes de energ\u00eda cr\u00f3nicos\u2026","rel":"","context":"En \u00abECONOM\u00cdA\u00bb","block_context":{"text":"ECONOM\u00cdA","link":"https:\/\/lasprimeras.com.do\/index.php\/category\/economia\/"},"img":{"alt_text":"","src":"https:\/\/i0.wp.com\/lasprimeras.com.do\/wp-content\/uploads\/2025\/05\/Jenniffer-Gonzalez-1.jpg?resize=350%2C200&ssl=1","width":350,"height":200,"srcset":"https:\/\/i0.wp.com\/lasprimeras.com.do\/wp-content\/uploads\/2025\/05\/Jenniffer-Gonzalez-1.jpg?resize=350%2C200&ssl=1 1x, https:\/\/i0.wp.com\/lasprimeras.com.do\/wp-content\/uploads\/2025\/05\/Jenniffer-Gonzalez-1.jpg?resize=525%2C300&ssl=1 1.5x, https:\/\/i0.wp.com\/lasprimeras.com.do\/wp-content\/uploads\/2025\/05\/Jenniffer-Gonzalez-1.jpg?resize=700%2C400&ssl=1 2x"},"classes":[]},{"id":103778,"url":"https:\/\/lasprimeras.com.do\/index.php\/2025\/07\/18\/puerto-rico-prohibe-terapia-hormonal-y-la-cirugia-de-genero-para-jovenes-transgenero\/","url_meta":{"origin":98457,"position":3},"title":"Puerto Rico proh\u00edbe terapia hormonal y la cirug\u00eda de g\u00e9nero para j\u00f3venes transg\u00e9nero","author":"Nelson Feliz","date":"18 de julio de 2025","format":false,"excerpt":"SAN JUAN, Puerto Rico (AP) \u2014 El gobernador de Puerto Rico firm\u00f3 un proyecto de ley que proh\u00edbe la terapia hormonal o las cirug\u00edas de afirmaci\u00f3n de g\u00e9nero para j\u00f3venes transg\u00e9nero, una medida que ha provocado fuertes cr\u00edticas de activistas en el territorio estadounidense mayoritariamente conservador. La ley aprobada la\u2026","rel":"","context":"En \u00abINTERNACIONALES\u00bb","block_context":{"text":"INTERNACIONALES","link":"https:\/\/lasprimeras.com.do\/index.php\/category\/sin-categoria\/internacionales\/"},"img":{"alt_text":"","src":"https:\/\/i0.wp.com\/lasprimeras.com.do\/wp-content\/uploads\/2025\/07\/jovenes-transgenero.jpg?resize=350%2C200&ssl=1","width":350,"height":200,"srcset":"https:\/\/i0.wp.com\/lasprimeras.com.do\/wp-content\/uploads\/2025\/07\/jovenes-transgenero.jpg?resize=350%2C200&ssl=1 1x, https:\/\/i0.wp.com\/lasprimeras.com.do\/wp-content\/uploads\/2025\/07\/jovenes-transgenero.jpg?resize=525%2C300&ssl=1 1.5x, https:\/\/i0.wp.com\/lasprimeras.com.do\/wp-content\/uploads\/2025\/07\/jovenes-transgenero.jpg?resize=700%2C400&ssl=1 2x, https:\/\/i0.wp.com\/lasprimeras.com.do\/wp-content\/uploads\/2025\/07\/jovenes-transgenero.jpg?resize=1050%2C600&ssl=1 3x"},"classes":[]},{"id":85843,"url":"https:\/\/lasprimeras.com.do\/index.php\/2024\/07\/10\/jueza-ordena-mediacion-para-destrabar-el-caso-de-la-deuda-de-la-compania-electrica-de-puerto-rico\/","url_meta":{"origin":98457,"position":4},"title":"Jueza ordena mediaci\u00f3n para destrabar el caso de la deuda de la compa\u00f1\u00eda el\u00e9ctrica de Puerto Rico","author":"Nelson Feliz","date":"10 de julio de 2024","format":false,"excerpt":"BY D\u00c1NICA COTO SAN JUAN (AP) \u2014 Una jueza federal que supervisa el dilatado proceso de reestructuraci\u00f3n de la deuda de la compa\u00f1\u00eda el\u00e9ctrica de Puerto Rico orden\u00f3 el mi\u00e9rcoles que todas las partes se sometan a mediaci\u00f3n, el intento m\u00e1s reciente por destrabar un punto muerto que ha provocado\u2026","rel":"","context":"En \u00abSin categor\u00eda\u00bb","block_context":{"text":"Sin categor\u00eda","link":"https:\/\/lasprimeras.com.do\/index.php\/category\/sin-categoria\/"},"img":{"alt_text":"","src":"https:\/\/i0.wp.com\/lasprimeras.com.do\/wp-content\/uploads\/2024\/07\/energia.jpg?resize=350%2C200&ssl=1","width":350,"height":200,"srcset":"https:\/\/i0.wp.com\/lasprimeras.com.do\/wp-content\/uploads\/2024\/07\/energia.jpg?resize=350%2C200&ssl=1 1x, https:\/\/i0.wp.com\/lasprimeras.com.do\/wp-content\/uploads\/2024\/07\/energia.jpg?resize=525%2C300&ssl=1 1.5x, https:\/\/i0.wp.com\/lasprimeras.com.do\/wp-content\/uploads\/2024\/07\/energia.jpg?resize=700%2C400&ssl=1 2x"},"classes":[]},{"id":92166,"url":"https:\/\/lasprimeras.com.do\/index.php\/2024\/12\/31\/casi-todo-puerto-rico-se-queda-sin-electricidad-en-nochevieja\/","url_meta":{"origin":98457,"position":5},"title":"Casi todo Puerto Rico se queda sin electricidad en Nochevieja","author":"Nelson Feliz","date":"31 de diciembre de 2024","format":false,"excerpt":"By D\u00c1NICA COTO SAN JUAN (AP) \u2014 Un apag\u00f3n afect\u00f3 a casi todo Puerto Rico la madrugada del martes cuando el territorio estadounidense se preparaba para celebrar la Nochevieja, dejando a m\u00e1s de 1,3 millones de clientes a oscuras. Funcionarios advirtieron que podr\u00eda tomar hasta dos d\u00edas restaurar la energ\u00eda.\u2026","rel":"","context":"En \u00abINTERNACIONALES\u00bb","block_context":{"text":"INTERNACIONALES","link":"https:\/\/lasprimeras.com.do\/index.php\/category\/sin-categoria\/internacionales\/"},"img":{"alt_text":"","src":"https:\/\/i0.wp.com\/lasprimeras.com.do\/wp-content\/uploads\/2024\/12\/energia.jpg?resize=350%2C200&ssl=1","width":350,"height":200,"srcset":"https:\/\/i0.wp.com\/lasprimeras.com.do\/wp-content\/uploads\/2024\/12\/energia.jpg?resize=350%2C200&ssl=1 1x, https:\/\/i0.wp.com\/lasprimeras.com.do\/wp-content\/uploads\/2024\/12\/energia.jpg?resize=525%2C300&ssl=1 1.5x, https:\/\/i0.wp.com\/lasprimeras.com.do\/wp-content\/uploads\/2024\/12\/energia.jpg?resize=700%2C400&ssl=1 2x"},"classes":[]}],"jetpack_sharing_enabled":true,"_links":{"self":[{"href":"https:\/\/lasprimeras.com.do\/index.php\/wp-json\/wp\/v2\/posts\/98457","targetHints":{"allow":["GET"]}}],"collection":[{"href":"https:\/\/lasprimeras.com.do\/index.php\/wp-json\/wp\/v2\/posts"}],"about":[{"href":"https:\/\/lasprimeras.com.do\/index.php\/wp-json\/wp\/v2\/types\/post"}],"author":[{"embeddable":true,"href":"https:\/\/lasprimeras.com.do\/index.php\/wp-json\/wp\/v2\/users\/10"}],"replies":[{"embeddable":true,"href":"https:\/\/lasprimeras.com.do\/index.php\/wp-json\/wp\/v2\/comments?post=98457"}],"version-history":[{"count":1,"href":"https:\/\/lasprimeras.com.do\/index.php\/wp-json\/wp\/v2\/posts\/98457\/revisions"}],"predecessor-version":[{"id":98459,"href":"https:\/\/lasprimeras.com.do\/index.php\/wp-json\/wp\/v2\/posts\/98457\/revisions\/98459"}],"wp:featuredmedia":[{"embeddable":true,"href":"https:\/\/lasprimeras.com.do\/index.php\/wp-json\/wp\/v2\/media\/98458"}],"wp:attachment":[{"href":"https:\/\/lasprimeras.com.do\/index.php\/wp-json\/wp\/v2\/media?parent=98457"}],"wp:term":[{"taxonomy":"category","embeddable":true,"href":"https:\/\/lasprimeras.com.do\/index.php\/wp-json\/wp\/v2\/categories?post=98457"},{"taxonomy":"post_tag","embeddable":true,"href":"https:\/\/lasprimeras.com.do\/index.php\/wp-json\/wp\/v2\/tags?post=98457"}],"curies":[{"name":"wp","href":"https:\/\/api.w.org\/{rel}","templated":true}]}}