{"id":98922,"date":"2025-05-14T10:56:54","date_gmt":"2025-05-14T14:56:54","guid":{"rendered":"https:\/\/lasprimeras.com.do\/?p=98922"},"modified":"2025-05-14T10:56:55","modified_gmt":"2025-05-14T14:56:55","slug":"llaman-asistir-a-feria-de-salud-hara-soln-este-sabado-en-fantino-cotui","status":"publish","type":"post","link":"https:\/\/lasprimeras.com.do\/index.php\/2025\/05\/14\/llaman-asistir-a-feria-de-salud-hara-soln-este-sabado-en-fantino-cotui\/","title":{"rendered":"Llaman asistir a Feria de Salud har\u00e1 SOLN este s\u00e1bado en Fantino Cotu\u00ed"},"content":{"rendered":"\n<figure class=\"wp-block-embed is-type-video is-provider-youtube wp-block-embed-youtube wp-embed-aspect-4-3 wp-has-aspect-ratio\"><div class=\"wp-block-embed__wrapper\">\n<iframe title=\"Llaman asistir Feria Salud en Fantino Cotu\u00ed har\u00e1 SOLN\" width=\"500\" height=\"375\" src=\"https:\/\/www.youtube.com\/embed\/O9j6Qft2SBM?feature=oembed\" frameborder=\"0\" allow=\"accelerometer; autoplay; clipboard-write; encrypted-media; gyroscope; picture-in-picture; web-share\" referrerpolicy=\"strict-origin-when-cross-origin\" allowfullscreen><\/iframe>\n<\/div><\/figure>\n\n\n\n<p>NUEVA YORK.- Dominicanos en esta ciudad hacen un llamado a familiares, amigos y relacionados residentes en la provincia Juan S\u00e1nchez Ram\u00edrez para que acudan a la Feria de la Salud que se efectuar\u00e1 en Fantino, Cotu\u00ed, este s\u00e1bado (8:00 AM) en la escuela Emiliano Espaillat.<\/p>\n\n\n\n<p>\u00abEsa es una oportunidad que los cotuisanos de bajos recursos econ\u00f3micos no deben dejar pasar por alto, porque SOLN, que dirige Roberto Rojas, ofrecer\u00e1 todo de manera gratuita, junto a la Fundaci\u00f3n del doctor Jimini\u00e1n.<\/p>\n\n\n\n<p>Ex\u00e1menes m\u00e9dicos gratis\u201d, sostienen en documento Juan B\u00e1ez, Juli\u00e1n M\u00e9ndez, Juana de Ortiz, Mar\u00eda Sierra, Ernesto P\u00e9rez, William Rivera, Ingrid Rivas, Josefa Ortega, Livingston Herrera, Emilio Rojas, H\u00e9ctor Linares y Marcos Molina, entre otros.<\/p>\n\n\n\n<p>El equipo m\u00e9dico de la Fundaci\u00f3n Jimini\u00e1n ofrecer\u00e1 ex\u00e1menes en pediatr\u00eda, ginecolog\u00eda, odontolog\u00eda, cirug\u00eda de labio leporino y paladar hendido, ano imperforado, hidrocefalia, doble sexo, \u00e1rea de vacunas y de hemodi\u00e1lisis renal, entre otros.<\/p>\n\n\n\n<p>Asimismo, la entrega de insumos m\u00e9dicos, kits de higiene y evaluaciones oftalmol\u00f3gicas para ni\u00f1os y adultos; sillas de ruedas, muletas, pampers, andadores y bastones, entre otros equipos.<\/p>\n\n\n\n<p>SOLN, con m\u00e1s de 21 a\u00f1os, ha servido a decenas de miles de dominicanos, tanto en NY como en RD, a trav\u00e9s de sus oficinas.<\/p>\n\n\n\n<p>En NYC est\u00e1n ubicadas en el 560 W de la calle 175 en el Alto Manhattan, y en dominicana en el D.N., en la avenida Emilio Prud\u2019Homme, #2; en Fantino-Cotu\u00ed, calle Juan S\u00e1nchez Ram\u00edrez, #71; en Mao, El\u00edas Pi\u00f1a, La Romana, Esperanza, Santiago de los Caballeros y en San Francisco de Macor\u00eds, entre otros lugares.<\/p>\n\n\n\n<p>El a\u00f1o pasado la Fundaci\u00f3n envi\u00f3 a RD 2,146 sillas de ruedas, 72 camas de hospitales, 862 andadores, 1,145 bastones para envejecientes, decenas de miles de pampers, cientos de \u00fatiles escolares y deportivos (bates, guantes, pelotas), entre otras cosas.<\/p>\n","protected":false},"excerpt":{"rendered":"<p>NUEVA YORK.- Dominicanos en esta ciudad hacen un llamado a familiares, amigos y relacionados residentes en la provincia Juan S\u00e1nchez Ram\u00edrez para que acudan a la Feria de la Salud&hellip;<\/p>\n","protected":false},"author":2,"featured_media":98923,"comment_status":"open","ping_status":"open","sticky":false,"template":"","format":"standard","meta":{"content-type":"","jetpack_post_was_ever_published":false,"_jetpack_newsletter_access":"","_jetpack_dont_email_post_to_subs":false,"_jetpack_newsletter_tier_id":0,"_jetpack_memberships_contains_paywalled_content":false,"_jetpack_memberships_contains_paid_content":false,"footnotes":""},"categories":[16558],"tags":[19529,19528,19205],"class_list":["post-98922","post","type-post","status-publish","format-standard","has-post-thumbnail","hentry","category-salud","tag-fantino-cotui","tag-feria-de-salud","tag-soln"],"jetpack_featured_media_url":"https:\/\/lasprimeras.com.do\/wp-content\/uploads\/2025\/05\/WhatsApp-Image-2025-05-14-at-5.56.51-AM.jpeg","jetpack-related-posts":[{"id":99319,"url":"https:\/\/lasprimeras.com.do\/index.php\/2025\/05\/20\/suspenden-feria-de-salud-en-fantino-cotui-por-lluvias-caidas\/","url_meta":{"origin":98922,"position":0},"title":"Suspenden Feria de Salud en Fantino-Cotu\u00ed, por lluvias ca\u00eddas","author":"Nelson Feliz","date":"20 de mayo de 2025","format":false,"excerpt":"Por Ram\u00f3n Mercedes NUEVA YORK.- Los torrenciales aguaceros ca\u00eddos el pasado viernes en la Rep\u00fablica Dominicana obligaron a la Fundaci\u00f3n Soluci\u00f3n Nacional (SOLN) suspender la Feria de Salud a celebrarse el pasado s\u00e1bado en Fantino-Cotu\u00ed. As\u00ed lo inform\u00f3 el empresario y comunitario radicado en Nueva York, Roberto Rojas, presidente de\u2026","rel":"","context":"En \u00abINTERNACIONALES\u00bb","block_context":{"text":"INTERNACIONALES","link":"https:\/\/lasprimeras.com.do\/index.php\/category\/sin-categoria\/internacionales\/"},"img":{"alt_text":"Feria de Salud","src":"https:\/\/i0.wp.com\/lasprimeras.com.do\/wp-content\/uploads\/2025\/05\/WhatsApp-Image-2025-05-20-at-6.32.52-AM.jpeg?resize=350%2C200&ssl=1","width":350,"height":200},"classes":[]},{"id":98773,"url":"https:\/\/lasprimeras.com.do\/index.php\/2025\/05\/12\/fundacion-soln-realizara-este-sabado-gran-operativo-medico-en-fantino-cotui\/","url_meta":{"origin":98922,"position":1},"title":"Fundaci\u00f3n SOLN realizar\u00e1 este s\u00e1bado gran operativo m\u00e9dico en Fantino-Cotu\u00ed","author":"Nelson Feliz","date":"12 de mayo de 2025","format":false,"excerpt":"Por Ram\u00f3n Mercedes NUEVA YORK.- La Fundaci\u00f3n Soluci\u00f3n Nacional (SOLN), que preside en esta ciudad el comunitario, deportista y empresario Roberto Rojas, realizar\u00e1 este s\u00e1bado 17 un operativo m\u00e9dico en Fantino-Cotu\u00ed-RD, dirigido a los m\u00e1s necesitados. Se efectuar\u00e1 en la escuela Emiliano Espaillat, a partir de las 8:00 AM, y\u2026","rel":"","context":"En \u00abSALUD\u00bb","block_context":{"text":"SALUD","link":"https:\/\/lasprimeras.com.do\/index.php\/category\/salud\/"},"img":{"alt_text":"","src":"https:\/\/i0.wp.com\/lasprimeras.com.do\/wp-content\/uploads\/2025\/05\/WhatsApp-Image-2025-05-12-at-6.33.00-AM-1.jpeg?resize=350%2C200&ssl=1","width":350,"height":200},"classes":[]},{"id":118481,"url":"https:\/\/lasprimeras.com.do\/index.php\/2025\/12\/30\/fundacion-soln-reafirma-su-compromiso-en-2026-por-el-bien-comun-y-quienes-mas-lo-necesitan\/","url_meta":{"origin":98922,"position":2},"title":"Fundaci\u00f3n SOLN reafirma su compromiso en 2026 por el bien com\u00fan y quienes m\u00e1s lo necesitan","author":"Nelson Feliz","date":"30 de diciembre de 2025","format":false,"excerpt":"Por Ram\u00f3n Mercedes NUEVA YORK.- El presidente de la Fundaci\u00f3n Soluci\u00f3n Nacional (SOLN), organizaci\u00f3n sin fines de lucro en esta ciudad y la Rep\u00fablica Dominicana, que dirige el empresario Roberto Rojas, durante su acostumbrado mensaje de cierre de a\u00f1o proclam\u00f3: \u00abReafirmamos nuestro compromiso para el 2026 por el bien com\u00fan\u2026","rel":"","context":"En \u00abINTERNACIONALES\u00bb","block_context":{"text":"INTERNACIONALES","link":"https:\/\/lasprimeras.com.do\/index.php\/category\/sin-categoria\/internacionales\/"},"img":{"alt_text":"","src":"https:\/\/i0.wp.com\/lasprimeras.com.do\/wp-content\/uploads\/2025\/12\/IMG-20251229-WA0080.jpg?resize=350%2C200&ssl=1","width":350,"height":200,"srcset":"https:\/\/i0.wp.com\/lasprimeras.com.do\/wp-content\/uploads\/2025\/12\/IMG-20251229-WA0080.jpg?resize=350%2C200&ssl=1 1x, https:\/\/i0.wp.com\/lasprimeras.com.do\/wp-content\/uploads\/2025\/12\/IMG-20251229-WA0080.jpg?resize=525%2C300&ssl=1 1.5x"},"classes":[]},{"id":118485,"url":"https:\/\/lasprimeras.com.do\/index.php\/2025\/12\/30\/fundacion-soln-reafirma-su-compromiso-en-2026-por-el-bien-comun-y-quienes-mas-lo-necesitan-2\/","url_meta":{"origin":98922,"position":3},"title":"Fundaci\u00f3n SOLN reafirma su compromiso en 2026 por el bien com\u00fan y quienes m\u00e1s lo necesitan","author":"Nelson Feliz","date":"30 de diciembre de 2025","format":false,"excerpt":"Por Ram\u00f3n Mercedes NUEVA YORK.- El presidente de la Fundaci\u00f3n Soluci\u00f3n Nacional (SOLN), organizaci\u00f3n sin fines de lucro en esta ciudad y la Rep\u00fablica Dominicana, que dirige el empresario Roberto Rojas, durante su acostumbrado mensaje de cierre de a\u00f1o proclam\u00f3: \u00abReafirmamos nuestro compromiso para el 2026 por el bien com\u00fan\u2026","rel":"","context":"En \u00abINTERNACIONALES\u00bb","block_context":{"text":"INTERNACIONALES","link":"https:\/\/lasprimeras.com.do\/index.php\/category\/sin-categoria\/internacionales\/"},"img":{"alt_text":"","src":"https:\/\/i0.wp.com\/lasprimeras.com.do\/wp-content\/uploads\/2025\/12\/IMG-20251229-WA0080-1.jpg?resize=350%2C200&ssl=1","width":350,"height":200,"srcset":"https:\/\/i0.wp.com\/lasprimeras.com.do\/wp-content\/uploads\/2025\/12\/IMG-20251229-WA0080-1.jpg?resize=350%2C200&ssl=1 1x, https:\/\/i0.wp.com\/lasprimeras.com.do\/wp-content\/uploads\/2025\/12\/IMG-20251229-WA0080-1.jpg?resize=525%2C300&ssl=1 1.5x"},"classes":[]},{"id":110749,"url":"https:\/\/lasprimeras.com.do\/index.php\/2025\/10\/01\/fundacion-soln-pospuso-operativo-medico-en-cristo-rey-por-torrenciales-aguaceros\/","url_meta":{"origin":98922,"position":4},"title":"Fundaci\u00f3n SOLN pospuso operativo m\u00e9dico en Cristo Rey por torrenciales aguaceros","author":"Nelson Feliz","date":"1 de octubre de 2025","format":false,"excerpt":"Por Ram\u00f3n Mercedes NUEVA YORK.- \u00abLa Fundaci\u00f3n Soluci\u00f3n Nacional\u00bb (SOLN), que preside en esta ciudad el comunitario y empresario dominicano Roberto Rojas, pospuso el operativo m\u00e9dico que junto a la \u00abFundaci\u00f3n Jimini\u00e1n\u00bb efectuar\u00edan el pasado fin de semana en la escuela Benito Ju\u00e1rez, en el sector de Cristo Rey, en\u2026","rel":"","context":"En \u00abSALUD\u00bb","block_context":{"text":"SALUD","link":"https:\/\/lasprimeras.com.do\/index.php\/category\/salud\/"},"img":{"alt_text":"","src":"https:\/\/i0.wp.com\/lasprimeras.com.do\/wp-content\/uploads\/2025\/10\/Fundacion-SOLN.jpg?resize=350%2C200&ssl=1","width":350,"height":200,"srcset":"https:\/\/i0.wp.com\/lasprimeras.com.do\/wp-content\/uploads\/2025\/10\/Fundacion-SOLN.jpg?resize=350%2C200&ssl=1 1x, https:\/\/i0.wp.com\/lasprimeras.com.do\/wp-content\/uploads\/2025\/10\/Fundacion-SOLN.jpg?resize=525%2C300&ssl=1 1.5x"},"classes":[]},{"id":109823,"url":"https:\/\/lasprimeras.com.do\/index.php\/2025\/09\/20\/tragedia-en-cotui-hermanos-de-13-y-15-anos-fallecen-en-la-presa-de-hatillo\/","url_meta":{"origin":98922,"position":5},"title":"Tragedia en Cotu\u00ed: hermanos de 13 y 15 a\u00f1os fallecen en la Presa de Hatillo","author":"Nelson Feliz","date":"20 de septiembre de 2025","format":false,"excerpt":"Una tragedia sacudi\u00f3 este s\u00e1bado a la comunidad de Fantino, luego de que dos hermanos adolescentes murieran ahogados en las aguas de la Presa de Hatillo, mientras otro joven fue rescatado con vida por brigadistas de la Defensa Civil. Las v\u00edctimas fueron identificadas como Jance Acevedo, de 13 a\u00f1os, y\u2026","rel":"","context":"En \u00abNACIONALES\u00bb","block_context":{"text":"NACIONALES","link":"https:\/\/lasprimeras.com.do\/index.php\/category\/nacionales\/"},"img":{"alt_text":"","src":"https:\/\/i0.wp.com\/lasprimeras.com.do\/wp-content\/uploads\/2025\/09\/dc.jpg?resize=350%2C200&ssl=1","width":350,"height":200,"srcset":"https:\/\/i0.wp.com\/lasprimeras.com.do\/wp-content\/uploads\/2025\/09\/dc.jpg?resize=350%2C200&ssl=1 1x, https:\/\/i0.wp.com\/lasprimeras.com.do\/wp-content\/uploads\/2025\/09\/dc.jpg?resize=525%2C300&ssl=1 1.5x, https:\/\/i0.wp.com\/lasprimeras.com.do\/wp-content\/uploads\/2025\/09\/dc.jpg?resize=700%2C400&ssl=1 2x"},"classes":[]}],"jetpack_sharing_enabled":true,"_links":{"self":[{"href":"https:\/\/lasprimeras.com.do\/index.php\/wp-json\/wp\/v2\/posts\/98922","targetHints":{"allow":["GET"]}}],"collection":[{"href":"https:\/\/lasprimeras.com.do\/index.php\/wp-json\/wp\/v2\/posts"}],"about":[{"href":"https:\/\/lasprimeras.com.do\/index.php\/wp-json\/wp\/v2\/types\/post"}],"author":[{"embeddable":true,"href":"https:\/\/lasprimeras.com.do\/index.php\/wp-json\/wp\/v2\/users\/2"}],"replies":[{"embeddable":true,"href":"https:\/\/lasprimeras.com.do\/index.php\/wp-json\/wp\/v2\/comments?post=98922"}],"version-history":[{"count":1,"href":"https:\/\/lasprimeras.com.do\/index.php\/wp-json\/wp\/v2\/posts\/98922\/revisions"}],"predecessor-version":[{"id":98924,"href":"https:\/\/lasprimeras.com.do\/index.php\/wp-json\/wp\/v2\/posts\/98922\/revisions\/98924"}],"wp:featuredmedia":[{"embeddable":true,"href":"https:\/\/lasprimeras.com.do\/index.php\/wp-json\/wp\/v2\/media\/98923"}],"wp:attachment":[{"href":"https:\/\/lasprimeras.com.do\/index.php\/wp-json\/wp\/v2\/media?parent=98922"}],"wp:term":[{"taxonomy":"category","embeddable":true,"href":"https:\/\/lasprimeras.com.do\/index.php\/wp-json\/wp\/v2\/categories?post=98922"},{"taxonomy":"post_tag","embeddable":true,"href":"https:\/\/lasprimeras.com.do\/index.php\/wp-json\/wp\/v2\/tags?post=98922"}],"curies":[{"name":"wp","href":"https:\/\/api.w.org\/{rel}","templated":true}]}}