{"id":98928,"date":"2025-05-14T11:06:22","date_gmt":"2025-05-14T15:06:22","guid":{"rendered":"https:\/\/lasprimeras.com.do\/?p=98928"},"modified":"2025-05-14T11:06:23","modified_gmt":"2025-05-14T15:06:23","slug":"cuomo-se-perfila-como-seguro-ganador-primarias-democratas-nyc","status":"publish","type":"post","link":"https:\/\/lasprimeras.com.do\/index.php\/2025\/05\/14\/cuomo-se-perfila-como-seguro-ganador-primarias-democratas-nyc\/","title":{"rendered":"Cuomo se perfila como seguro ganador primarias dem\u00f3cratas NYC"},"content":{"rendered":"\n<p>Por Ram\u00f3n Mercedes<\/p>\n\n\n\n<p>NUEVA YORK.- El aspirante a la alcald\u00eda en esta ciudad, el ex gobernador Andrew Cuomo, se perfila como el seguro ganador de las primarias del Partido Dem\u00f3crata (PD) a celebrarse el pr\u00f3ximo 20 de junio, para convertirse en su candidato oficial para terciar en las elecciones de este 4 de noviembre para Alcalde de NYC.<\/p>\n\n\n\n<p>Ha liderado una serie de encuestas p\u00fablicas desde que lanz\u00f3 su campa\u00f1a el pasado 1 de marzo. Cada d\u00eda sectores representativos en la Gran Manzana y poderosos millonarios se han adheridos a sus aspiraciones.<\/p>\n\n\n\n<p>Entre ellos los presidentes del PD de Brooklyn y Queens; los grandes sindicatos, como el 32BJ, formado por 185.000 trabajadores en m\u00faltiples servicios; y el 1199, de atenci\u00f3n m\u00e9dica en NYC, representando una amplia gama de profesionales de la salud.<\/p>\n\n\n\n<p>Asimismo, la semana pasada, varios oficiales electos dominicanos, entre ellos el congresista Adriano Espaillat, los asamble\u00edstas Yudelka Tapia y George \u00c1lvarez, por El Bronx, lo endorsaron.<\/p>\n\n\n\n<p>Espaillat se convirti\u00f3 en el tercer miembro en ejercicio del Congreso por NY en respaldar la candidatura de Cuomo, sum\u00e1ndose a Ritchie Torres (Bronx) y Gregory Meeks (Queens).<\/p>\n\n\n\n<p>Cuomo cuenta con millones de d\u00f3lares adicionales recaudados por un super Comit\u00e9 de Acci\u00f3n Pol\u00edtica (PAC) que apoya su candidatura. La semana pasada, ejecutivos inmobiliarios donaron US$400,000 a dicho Comit\u00e9.<\/p>\n\n\n\n<p>Adem\u00e1s, el ex gobernador ha recaudado m\u00e1s de 1,5 millones de d\u00f3lares en fondos p\u00fablicos equivalentes de la Junta de Financiamiento de Campa\u00f1as de la ciudad, aunque perdi\u00f3 US$600,000 luego que una investigaci\u00f3n diera a conocer que su campa\u00f1a se coordin\u00f3 il\u00edcitamente con un s\u00faper PAC.<\/p>\n\n\n\n<p>Otros candidatos son Brad Lander, Jessica Ramos, Zellnor Myrie, Zohran Mamdani, Scott Stringer, Michael Blake, Jim Walden, Whitney Tilson, y Curtis Sliwa.<\/p>\n\n\n\n<p>Cuomo reitera su mensaje central de campa\u00f1a de que NYC \u00abse encuentra en crisis\u00bb y cree que \u00e9l puede solucionarla.<\/p>\n\n\n\n<p>\u00abEstamos en una mala situaci\u00f3n, soy neoyorquino de pies a cabeza\u201d. \u201cAmo esta ciudad\u00bb, \u00abMe preocupaba que estuvi\u00e9ramos en un punto de inflexi\u00f3n, y que, si no nos organizamos r\u00e1pidamente, esta ciudad se deteriorar\u00e1\u00bb. \u00abNo pod\u00eda quedarme de brazos cruzados y dejar que eso sucediera\u00bb ha proclamado.<\/p>\n\n\n\n<p>Por su experiencia pol\u00edtica y curarse en salud, Cuomo anunci\u00f3 la semana pasada la fundaci\u00f3n de su propio partido independiente, \u00abFight and Deliver\u00bb (Lucha y Cumple) pero se mantendr\u00e1 en la carrera a las primarias del Partido Dem\u00f3crata que se celebrar\u00e1n el 20 de junio.<\/p>\n\n\n\n<p>Sostiene que &#8220;existe una desilusi\u00f3n con el PD, una sensaci\u00f3n de que la organizaci\u00f3n ha sido secuestrada, de que no consigue resultados reales y ya no lucha por los trabajadores&#8221;, indica el ex gobernador.<\/p>\n","protected":false},"excerpt":{"rendered":"<p>Por Ram\u00f3n Mercedes NUEVA YORK.- El aspirante a la alcald\u00eda en esta ciudad, el ex gobernador Andrew Cuomo, se perfila como el seguro ganador de las primarias del Partido Dem\u00f3crata&hellip;<\/p>\n","protected":false},"author":2,"featured_media":98929,"comment_status":"open","ping_status":"open","sticky":false,"template":"","format":"standard","meta":{"content-type":"","jetpack_post_was_ever_published":false,"_jetpack_newsletter_access":"","_jetpack_dont_email_post_to_subs":false,"_jetpack_newsletter_tier_id":0,"_jetpack_memberships_contains_paywalled_content":false,"_jetpack_memberships_contains_paid_content":false,"footnotes":""},"categories":[16289],"tags":[19531,8172,2514,316,2622],"class_list":["post-98928","post","type-post","status-publish","format-standard","has-post-thumbnail","hentry","category-internacionales","tag-andrew-cuomo","tag-democratas","tag-ganador","tag-nyc","tag-primarias"],"jetpack_featured_media_url":"https:\/\/lasprimeras.com.do\/wp-content\/uploads\/2025\/05\/WhatsApp-Image-2025-05-14-at-5.56.52-AM.jpeg","jetpack-related-posts":[{"id":95487,"url":"https:\/\/lasprimeras.com.do\/index.php\/2025\/03\/14\/la-cuomomania-aumenta-cada-dia-entre-dominicanos-nyc\/","url_meta":{"origin":98928,"position":0},"title":"La Cuomoman\u00eda aumenta cada d\u00eda entre dominicanos NYC","author":"Nelson Feliz","date":"14 de marzo de 2025","format":false,"excerpt":"Por Ram\u00f3n Mercedes NUEVA YORK.- El exgobernador de este estado Andrew Cuomo, ha sido el \u00faltimo en lanzar sus aspiraciones a la alcald\u00eda de esta ciudad, el 1 de este mes y ya ha logrado una gran aceptaci\u00f3n entre los dominicanos en el Alto Manhattan y El Bronx, lugares donde\u2026","rel":"","context":"En \u00abINTERNACIONALES\u00bb","block_context":{"text":"INTERNACIONALES","link":"https:\/\/lasprimeras.com.do\/index.php\/category\/sin-categoria\/internacionales\/"},"img":{"alt_text":"La Cuomoman\u00eda aumenta cada d\u00eda entre dominicanos NYC","src":"https:\/\/i0.wp.com\/lasprimeras.com.do\/wp-content\/uploads\/2025\/03\/WhatsApp-Image-2025-03-14-at-6.26.26-AM.jpeg?resize=350%2C200&ssl=1","width":350,"height":200,"srcset":"https:\/\/i0.wp.com\/lasprimeras.com.do\/wp-content\/uploads\/2025\/03\/WhatsApp-Image-2025-03-14-at-6.26.26-AM.jpeg?resize=350%2C200&ssl=1 1x, https:\/\/i0.wp.com\/lasprimeras.com.do\/wp-content\/uploads\/2025\/03\/WhatsApp-Image-2025-03-14-at-6.26.26-AM.jpeg?resize=525%2C300&ssl=1 1.5x, https:\/\/i0.wp.com\/lasprimeras.com.do\/wp-content\/uploads\/2025\/03\/WhatsApp-Image-2025-03-14-at-6.26.26-AM.jpeg?resize=700%2C400&ssl=1 2x"},"classes":[]},{"id":100937,"url":"https:\/\/lasprimeras.com.do\/index.php\/2025\/06\/13\/este-sabado-es-ultimo-dia-para-registrarse-en-proceso-electoral-nyc-dominicanos-participan\/","url_meta":{"origin":98928,"position":1},"title":"Este s\u00e1bado es \u00faltimo d\u00eda para registrarse en proceso electoral NYC; dominicanos participan","author":"Nelson Feliz","date":"13 de junio de 2025","format":false,"excerpt":"Por Ram\u00f3n Mercedes NUEVA YORK.- Faltan 12 d\u00edas para celebrar las primarias dem\u00f3cratas en la Gran Manzana para elegir de manera oficial los candidatos de los diferentes partido a Alcalde, Defensor del Pueblo, Interventor, Presidentes de Condados, Concejales, Fiscal de Distrito, Jueces del Tribunal Supremo y del Tribunal Civil. No\u2026","rel":"","context":"En \u00abINTERNACIONALES\u00bb","block_context":{"text":"INTERNACIONALES","link":"https:\/\/lasprimeras.com.do\/index.php\/category\/sin-categoria\/internacionales\/"},"img":{"alt_text":"","src":"https:\/\/i0.wp.com\/lasprimeras.com.do\/wp-content\/uploads\/2025\/06\/WhatsApp-Image-2025-06-13-at-6.29.49-AM.jpeg?resize=350%2C200&ssl=1","width":350,"height":200,"srcset":"https:\/\/i0.wp.com\/lasprimeras.com.do\/wp-content\/uploads\/2025\/06\/WhatsApp-Image-2025-06-13-at-6.29.49-AM.jpeg?resize=350%2C200&ssl=1 1x, https:\/\/i0.wp.com\/lasprimeras.com.do\/wp-content\/uploads\/2025\/06\/WhatsApp-Image-2025-06-13-at-6.29.49-AM.jpeg?resize=525%2C300&ssl=1 1.5x"},"classes":[]},{"id":101631,"url":"https:\/\/lasprimeras.com.do\/index.php\/2025\/06\/23\/llama-votar-por-cuomo-en-primaras-democratas-de-este-marte-afirma-es-salvacion-para-nyc-como-alcalde\/","url_meta":{"origin":98928,"position":2},"title":"Llama votar por Cuomo en primaras dem\u00f3cratas de este marte; afirma es salvaci\u00f3n para NYC como alcalde","author":"Nelson Feliz","date":"23 de junio de 2025","format":false,"excerpt":"Por Ram\u00f3n Mercedes NUEVA YORK.- El activo y reconocido l\u00edder comunitario en el condado de El Bronx, Haile Rivera, exhort\u00f3 a los neoyorkinos, especialmente a los votantes hispanos en los cinco condados, votar en las primarias dem\u00f3cratas de este martes por Andrew Cuomo. Rivera afirma que Cuomo es la salvaci\u00f3n\u2026","rel":"","context":"En \u00abINTERNACIONALES\u00bb","block_context":{"text":"INTERNACIONALES","link":"https:\/\/lasprimeras.com.do\/index.php\/category\/sin-categoria\/internacionales\/"},"img":{"alt_text":"","src":"https:\/\/i0.wp.com\/lasprimeras.com.do\/wp-content\/uploads\/2025\/06\/WhatsApp-Image-2025-06-23-at-4.49.04-AM-2.jpeg?resize=350%2C200&ssl=1","width":350,"height":200,"srcset":"https:\/\/i0.wp.com\/lasprimeras.com.do\/wp-content\/uploads\/2025\/06\/WhatsApp-Image-2025-06-23-at-4.49.04-AM-2.jpeg?resize=350%2C200&ssl=1 1x, https:\/\/i0.wp.com\/lasprimeras.com.do\/wp-content\/uploads\/2025\/06\/WhatsApp-Image-2025-06-23-at-4.49.04-AM-2.jpeg?resize=525%2C300&ssl=1 1.5x"},"classes":[]},{"id":101733,"url":"https:\/\/lasprimeras.com.do\/index.php\/2025\/06\/25\/dominicanos-ganan-primarias-democratas-nyc-cuomo-reconoce-su-derrota\/","url_meta":{"origin":98928,"position":3},"title":"Dominicanos ganan primarias dem\u00f3cratas NYC; Cuomo reconoce su derrota","author":"Nelson Feliz","date":"25 de junio de 2025","format":false,"excerpt":"Por Ram\u00f3n Mercedes NUEVA YORK.- Los concejales dominicanos que buscaban ser reelectos durante las primarias dem\u00f3cratas de este martes ganaron y ahora pasan a ser los candidatos oficiales del partido para participar en las elecciones generales a celebrarse el pr\u00f3ximo 4 de noviembre. Para saber qui\u00e9n gana estas contiendas, los\u2026","rel":"","context":"En \u00abINTERNACIONALES\u00bb","block_context":{"text":"INTERNACIONALES","link":"https:\/\/lasprimeras.com.do\/index.php\/category\/sin-categoria\/internacionales\/"},"img":{"alt_text":"","src":"https:\/\/i0.wp.com\/lasprimeras.com.do\/wp-content\/uploads\/2025\/06\/WhatsApp-Image-2025-06-25-at-8.08.08-AM-1.jpeg?resize=350%2C200&ssl=1","width":350,"height":200,"srcset":"https:\/\/i0.wp.com\/lasprimeras.com.do\/wp-content\/uploads\/2025\/06\/WhatsApp-Image-2025-06-25-at-8.08.08-AM-1.jpeg?resize=350%2C200&ssl=1 1x, https:\/\/i0.wp.com\/lasprimeras.com.do\/wp-content\/uploads\/2025\/06\/WhatsApp-Image-2025-06-25-at-8.08.08-AM-1.jpeg?resize=525%2C300&ssl=1 1.5x, https:\/\/i0.wp.com\/lasprimeras.com.do\/wp-content\/uploads\/2025\/06\/WhatsApp-Image-2025-06-25-at-8.08.08-AM-1.jpeg?resize=700%2C400&ssl=1 2x"},"classes":[]},{"id":101349,"url":"https:\/\/lasprimeras.com.do\/index.php\/2025\/06\/19\/lider-comunitario-dominicano-en-alto-manhattan-exhorta-votar-por-cuomo\/","url_meta":{"origin":98928,"position":4},"title":"L\u00edder comunitario dominicano en Alto Manhattan exhorta votar por Cuomo","author":"Nelson Feliz","date":"19 de junio de 2025","format":false,"excerpt":"Por Ram\u00f3n Mercedes NUEVA YORK.- El l\u00edder comunitario dominicano en esta ciudad, Jaime Vargas, exhort\u00f3 a sus connacionales y de otras etnias votar por el candidato a la alcald\u00eda Andrew Cuomo en las primarias dem\u00f3cratas del pr\u00f3ximo martes 24. El soci\u00f3logo Vargas avala a Cuomo convencido de que su trayectoria\u2026","rel":"","context":"En \u00abINTERNACIONALES\u00bb","block_context":{"text":"INTERNACIONALES","link":"https:\/\/lasprimeras.com.do\/index.php\/category\/sin-categoria\/internacionales\/"},"img":{"alt_text":"","src":"https:\/\/i0.wp.com\/lasprimeras.com.do\/wp-content\/uploads\/2025\/06\/WhatsApp-Image-2025-06-19-at-6.49.13-AM.jpeg?resize=350%2C200&ssl=1","width":350,"height":200,"srcset":"https:\/\/i0.wp.com\/lasprimeras.com.do\/wp-content\/uploads\/2025\/06\/WhatsApp-Image-2025-06-19-at-6.49.13-AM.jpeg?resize=350%2C200&ssl=1 1x, https:\/\/i0.wp.com\/lasprimeras.com.do\/wp-content\/uploads\/2025\/06\/WhatsApp-Image-2025-06-19-at-6.49.13-AM.jpeg?resize=525%2C300&ssl=1 1.5x"},"classes":[]},{"id":101167,"url":"https:\/\/lasprimeras.com.do\/index.php\/2025\/06\/17\/congresista-espaillat-vota-anticipadamente-en-primarias-democratas-y-llama-votar-por-cuomo\/","url_meta":{"origin":98928,"position":5},"title":"Congresista Espaillat vota anticipadamente en primarias dem\u00f3cratas y llama votar por Cuomo","author":"Nelson Feliz","date":"17 de junio de 2025","format":false,"excerpt":"https:\/\/www.youtube.com\/watch?v=aUP0UCFjVMc Por Ram\u00f3n Mercedes NUEVA YORK.- El congresista Adriano Espaillat (NY-13) ejerci\u00f3 este lunes su derecho al voto anticipado en las primarias dem\u00f3cratas, en la escuela p\u00fablica Washington Heights Academy PS\/IS 366, ubicada en el 202 de la avenida Sherman, en el Alto Manhattan. Antes de emitir su voto, Espaillat\u2026","rel":"","context":"En \u00abINTERNACIONALES\u00bb","block_context":{"text":"INTERNACIONALES","link":"https:\/\/lasprimeras.com.do\/index.php\/category\/sin-categoria\/internacionales\/"},"img":{"alt_text":"Adriano Espaillat","src":"https:\/\/i0.wp.com\/lasprimeras.com.do\/wp-content\/uploads\/2025\/06\/WhatsApp-Image-2025-06-17-at-6.20.03-AM.jpeg?resize=350%2C200&ssl=1","width":350,"height":200,"srcset":"https:\/\/i0.wp.com\/lasprimeras.com.do\/wp-content\/uploads\/2025\/06\/WhatsApp-Image-2025-06-17-at-6.20.03-AM.jpeg?resize=350%2C200&ssl=1 1x, https:\/\/i0.wp.com\/lasprimeras.com.do\/wp-content\/uploads\/2025\/06\/WhatsApp-Image-2025-06-17-at-6.20.03-AM.jpeg?resize=525%2C300&ssl=1 1.5x"},"classes":[]}],"jetpack_sharing_enabled":true,"_links":{"self":[{"href":"https:\/\/lasprimeras.com.do\/index.php\/wp-json\/wp\/v2\/posts\/98928","targetHints":{"allow":["GET"]}}],"collection":[{"href":"https:\/\/lasprimeras.com.do\/index.php\/wp-json\/wp\/v2\/posts"}],"about":[{"href":"https:\/\/lasprimeras.com.do\/index.php\/wp-json\/wp\/v2\/types\/post"}],"author":[{"embeddable":true,"href":"https:\/\/lasprimeras.com.do\/index.php\/wp-json\/wp\/v2\/users\/2"}],"replies":[{"embeddable":true,"href":"https:\/\/lasprimeras.com.do\/index.php\/wp-json\/wp\/v2\/comments?post=98928"}],"version-history":[{"count":1,"href":"https:\/\/lasprimeras.com.do\/index.php\/wp-json\/wp\/v2\/posts\/98928\/revisions"}],"predecessor-version":[{"id":98930,"href":"https:\/\/lasprimeras.com.do\/index.php\/wp-json\/wp\/v2\/posts\/98928\/revisions\/98930"}],"wp:featuredmedia":[{"embeddable":true,"href":"https:\/\/lasprimeras.com.do\/index.php\/wp-json\/wp\/v2\/media\/98929"}],"wp:attachment":[{"href":"https:\/\/lasprimeras.com.do\/index.php\/wp-json\/wp\/v2\/media?parent=98928"}],"wp:term":[{"taxonomy":"category","embeddable":true,"href":"https:\/\/lasprimeras.com.do\/index.php\/wp-json\/wp\/v2\/categories?post=98928"},{"taxonomy":"post_tag","embeddable":true,"href":"https:\/\/lasprimeras.com.do\/index.php\/wp-json\/wp\/v2\/tags?post=98928"}],"curies":[{"name":"wp","href":"https:\/\/api.w.org\/{rel}","templated":true}]}}