{"id":98949,"date":"2025-05-14T12:30:29","date_gmt":"2025-05-14T16:30:29","guid":{"rendered":"https:\/\/lasprimeras.com.do\/?p=98949"},"modified":"2025-05-14T12:30:31","modified_gmt":"2025-05-14T16:30:31","slug":"primer-ministro-de-francia-es-cuestionado-por-investigacion-de-abuso-en-escuela-catolica","status":"publish","type":"post","link":"https:\/\/lasprimeras.com.do\/index.php\/2025\/05\/14\/primer-ministro-de-francia-es-cuestionado-por-investigacion-de-abuso-en-escuela-catolica\/","title":{"rendered":"Primer ministro de Francia es cuestionado por investigaci\u00f3n de abuso en escuela cat\u00f3lica"},"content":{"rendered":"\n<p>POR SYLVIE CORBET<\/p>\n\n\n\n<p>PAR\u00cdS (AP) \u2014 Se prev\u00e9 que el primer ministro franc\u00e9s, Fran\u00e7ois Bayrou, responda preguntas el mi\u00e9rcoles en una investigaci\u00f3n parlamentaria sobre el presunto abuso ocurrido en una escuela cat\u00f3lica, en medio de acusaciones de que ha ocultado lo que sabe sobre el esc\u00e1ndalo.<\/p>\n\n\n\n<p>Se espera que los legisladores de la Asamblea Nacional, que es la c\u00e1mara baja del Parlamento franc\u00e9s, pregunten a Bayrou qu\u00e9 sab\u00eda sobre las acusaciones de abuso f\u00edsico y sexual ocurrido durante cinco d\u00e9cadas en la escuela cat\u00f3lica privada Notre-Dame de B\u00e9tharram, cerca de la ciudad de Pau, en el suroeste de Francia.<\/p>\n\n\n\n<p>Bayrou es un funcionario electo de larga trayectoria y prominencia en esa regi\u00f3n, y varios de sus hijos asistieron a esa escuela. Ha sido alcalde de Pau desde 2014 y contin\u00faa ocupando ese cargo desde que se convirti\u00f3 en primer ministro hace cinco meses.<\/p>\n\n\n\n<p>Ha sido miembro del parlamento de esa \u00e1rea durante unos 20 a\u00f1os y fue ministro nacional de educaci\u00f3n de 1993 a 1997.<\/p>\n\n\n\n<p>Desde febrero de 2024 se han presentado formalmente m\u00e1s de 200 denuncias por supuesto abuso en la escuela, incluidas decenas de presuntas violaciones por parte de sacerdotes, dijo Alain Esquerre, portavoz de un grupo de v\u00edctimas.<\/p>\n\n\n\n<p>La polic\u00eda dispara gases lacrim\u00f3genos para disolver un bloqueo en la Carretera Panamericana, organizado por manifestantes antigubernamentales que se oponen a las reformas de la seguridad social y a un memorando entre Panam\u00e1 y Estados Unidos sobre el Canal de Panam\u00e1, en El Piro, Panam\u00e1, el mi\u00e9rcoles 14 de mayo de 2025.<\/p>\n\n\n\n<p>El esc\u00e1ndalo dio un giro pol\u00edtico cuando Bayrou dijo a la Asamblea Nacional en febrero que nunca hab\u00eda sido informado de abusos en la escuela hasta a\u00f1os recientes. Unos d\u00edas despu\u00e9s, dijo que en realidad s\u00ed estaba al tanto de \u201cuna bofetada\u201d por parte de un supervisor de la escuela en 1996 cuando era ministro de Educaci\u00f3n, lo que lo llev\u00f3 a encargar un informe.<\/p>\n\n\n\n<p>Sus opositores pol\u00edticos lo han acusado de haber mentido al Parlamento.<\/p>\n\n\n\n<p>Bayrou tiene v\u00ednculos personales con la escuela porque varios de sus seis hijos asistieron a ella y su esposa sol\u00eda ense\u00f1ar catecismo all\u00ed.<\/p>\n\n\n\n<p>En 1998, el padre Carricart, exdirector de la escuela de 1987 a 1993, fue acusado preliminarmente de violaci\u00f3n contra menores de 18 a\u00f1os y puesto bajo custodia.<\/p>\n\n\n\n<p>Un juez que manej\u00f3 ese caso dijo a la comisi\u00f3n de investigaci\u00f3n del Parlamento que tuvo una reuni\u00f3n con Bayrou en ese momento, durante la cual el pol\u00edtico expres\u00f3 preocupaci\u00f3n por su hijo, que estudiaba en la escuela.<\/p>\n\n\n\n<p>Carricart se suicid\u00f3 en 2000 antes de que pudiera celebrarse un juicio.<\/p>\n\n\n\n<p>La hija mayor de Bayrou, H\u00e9l\u00e8ne Perlant, revel\u00f3 el mes pasado que form\u00f3 parte de los menores que sufrieron abusos, y dijo que un sacerdote la golpe\u00f3 en un campamento de verano cuando ten\u00eda 14 a\u00f1os.<\/p>\n\n\n\n<p>Perlant, que ahora tiene 53 a\u00f1os, dijo que nunca habl\u00f3 de ello con su padre ni con nadie m\u00e1s hasta la reciente publicaci\u00f3n de un libro en el que cuenta su historia. \u201cGuard\u00e9 silencio durante 30 a\u00f1os\u201d, dijo.<\/p>\n\n\n\n<p>Esquerre, el portavoz de las v\u00edctimas, que tambi\u00e9n es exalumno de la escuela y fue v\u00edctima de abuso, dijo en marzo a la comisi\u00f3n de investigaci\u00f3n que \u201cfue una \u00e9poca de terror, y nadie pod\u00eda imaginar que est\u00e1bamos en manos de sacerdotes que tambi\u00e9n eran los agresores\u201d.<\/p>\n\n\n\n<p>Mostrando una impresi\u00f3n con una lista de nombres, Esquerre dijo: \u201cTengo aqu\u00ed una lista de todos los sacerdotes de los \u00faltimos 70 a\u00f1os, todos ellos agresores, todos estos sacerdotes. Y as\u00ed, todav\u00eda hay un n\u00famero de v\u00edctimas que poco a poco, por supuesto, se unir\u00e1n al ya considerable n\u00famero de demandantes\u201d.<\/p>\n","protected":false},"excerpt":{"rendered":"<p>POR SYLVIE CORBET PAR\u00cdS (AP) \u2014 Se prev\u00e9 que el primer ministro franc\u00e9s, Fran\u00e7ois Bayrou, responda preguntas el mi\u00e9rcoles en una investigaci\u00f3n parlamentaria sobre el presunto abuso ocurrido en una&hellip;<\/p>\n","protected":false},"author":2,"featured_media":98950,"comment_status":"open","ping_status":"open","sticky":false,"template":"","format":"standard","meta":{"content-type":"","jetpack_post_was_ever_published":false,"_jetpack_newsletter_access":"","_jetpack_dont_email_post_to_subs":false,"_jetpack_newsletter_tier_id":0,"_jetpack_memberships_contains_paywalled_content":false,"_jetpack_memberships_contains_paid_content":false,"footnotes":""},"categories":[16289],"tags":[1280,2452,19543,853,19544,2388,19542],"class_list":["post-98949","post","type-post","status-publish","format-standard","has-post-thumbnail","hentry","category-internacionales","tag-abuso","tag-catolica","tag-cuestionado","tag-escuela","tag-francois-bayrou","tag-investigacion","tag-primer-ministro-de-francia"],"jetpack_featured_media_url":"https:\/\/lasprimeras.com.do\/wp-content\/uploads\/2025\/05\/Francois-Bayrou.jpg","jetpack-related-posts":[{"id":100679,"url":"https:\/\/lasprimeras.com.do\/index.php\/2025\/06\/10\/estudiante-mata-empleada-escolar-durante-una-revision-de-mochilas-en-francia\/","url_meta":{"origin":98949,"position":0},"title":"Estudiante mata empleada escolar durante una revisi\u00f3n de mochilas en Francia","author":"Nelson Feliz","date":"10 de junio de 2025","format":false,"excerpt":"PAR\u00cdS (AP) \u2014 Una empleada de una escuela secundaria francesa fue apu\u00f1alada de muerte por un estudiante de 14 a\u00f1os durante una revisi\u00f3n de mochilas el martes en su escuela en el este de Francia, informaron las autoridades. El estudiante fue detenido. Un polic\u00eda que ayudaba con las revisiones de\u2026","rel":"","context":"En \u00abINTERNACIONALES\u00bb","block_context":{"text":"INTERNACIONALES","link":"https:\/\/lasprimeras.com.do\/index.php\/category\/sin-categoria\/internacionales\/"},"img":{"alt_text":"","src":"https:\/\/i0.wp.com\/lasprimeras.com.do\/wp-content\/uploads\/2025\/06\/Un-estudiante-de-14-anos-mata-a-una-empleada-escolar-en-Francia.jpg?resize=350%2C200&ssl=1","width":350,"height":200,"srcset":"https:\/\/i0.wp.com\/lasprimeras.com.do\/wp-content\/uploads\/2025\/06\/Un-estudiante-de-14-anos-mata-a-una-empleada-escolar-en-Francia.jpg?resize=350%2C200&ssl=1 1x, https:\/\/i0.wp.com\/lasprimeras.com.do\/wp-content\/uploads\/2025\/06\/Un-estudiante-de-14-anos-mata-a-una-empleada-escolar-en-Francia.jpg?resize=525%2C300&ssl=1 1.5x, https:\/\/i0.wp.com\/lasprimeras.com.do\/wp-content\/uploads\/2025\/06\/Un-estudiante-de-14-anos-mata-a-una-empleada-escolar-en-Francia.jpg?resize=700%2C400&ssl=1 2x, https:\/\/i0.wp.com\/lasprimeras.com.do\/wp-content\/uploads\/2025\/06\/Un-estudiante-de-14-anos-mata-a-una-empleada-escolar-en-Francia.jpg?resize=1050%2C600&ssl=1 3x, https:\/\/i0.wp.com\/lasprimeras.com.do\/wp-content\/uploads\/2025\/06\/Un-estudiante-de-14-anos-mata-a-una-empleada-escolar-en-Francia.jpg?resize=1400%2C800&ssl=1 4x"},"classes":[]},{"id":60049,"url":"https:\/\/lasprimeras.com.do\/index.php\/2023\/09\/10\/iglesia-suiza-investigara-presuntos-abusos-sexuales-a-menores\/","url_meta":{"origin":98949,"position":1},"title":"Iglesia Suiza investigar\u00e1 presuntos abusos sexuales a menores","author":"Nelson Feliz","date":"10 de septiembre de 2023","format":false,"excerpt":"La conferencia episcopal reconoci\u00f3 en la declaraci\u00f3n del domingo que una carta fechada en mayo conten\u00eda acusaciones relacionadas con \"la gesti\u00f3n de casos de abuso sexual\". El organismo coordinador de las di\u00f3cesis cat\u00f3licas en Suiza dijo el domingo que se inici\u00f3 una investigaci\u00f3n preliminar sobre acusaciones de encubrimiento de abusos\u2026","rel":"","context":"En \u00abSin categor\u00eda\u00bb","block_context":{"text":"Sin categor\u00eda","link":"https:\/\/lasprimeras.com.do\/index.php\/category\/sin-categoria\/"},"img":{"alt_text":"Iglesia Suiza","src":"https:\/\/i0.wp.com\/lasprimeras.com.do\/wp-content\/uploads\/2023\/09\/Iglesia-Suiza.jpeg?resize=350%2C200&ssl=1","width":350,"height":200,"srcset":"https:\/\/i0.wp.com\/lasprimeras.com.do\/wp-content\/uploads\/2023\/09\/Iglesia-Suiza.jpeg?resize=350%2C200&ssl=1 1x, https:\/\/i0.wp.com\/lasprimeras.com.do\/wp-content\/uploads\/2023\/09\/Iglesia-Suiza.jpeg?resize=525%2C300&ssl=1 1.5x, https:\/\/i0.wp.com\/lasprimeras.com.do\/wp-content\/uploads\/2023\/09\/Iglesia-Suiza.jpeg?resize=700%2C400&ssl=1 2x"},"classes":[]},{"id":50691,"url":"https:\/\/lasprimeras.com.do\/index.php\/2023\/05\/23\/el-papa-envia-a-un-funcionario-del-vaticano-a-bolivia-mientras-aumentan-las-acusaciones-de-abuso\/","url_meta":{"origin":98949,"position":2},"title":"El Papa env\u00eda a un funcionario del Vaticano a Bolivia mientras aumentan las acusaciones de abuso","author":"prenxa100","date":"23 de mayo de 2023","format":false,"excerpt":"Por CARLOS VALDEZ LA PAZ, Bolivia (AP) \u2014 El papa Francisco envi\u00f3 a uno de sus principales investigadores de delitos sexuales a Bolivia en un momento en que la naci\u00f3n andina se ve sacudida por un creciente esc\u00e1ndalo de pedofilia que involucra a sacerdotes. Monse\u00f1or Jordi Bertomeu, miembro destacado del\u2026","rel":"","context":"En \u00abSin categor\u00eda\u00bb","block_context":{"text":"Sin categor\u00eda","link":"https:\/\/lasprimeras.com.do\/index.php\/category\/sin-categoria\/"},"img":{"alt_text":"","src":"","width":0,"height":0},"classes":[]},{"id":122186,"url":"https:\/\/lasprimeras.com.do\/index.php\/2026\/02\/15\/arzobispo-reconoce-fallas-de-autocontrol-de-la-iglesia-catolica-en-casos-de-victimas-de-abuso-sexual\/","url_meta":{"origin":98949,"position":3},"title":"Arzobispo reconoce &#8220;fallas de autocontrol&#8221; de la Iglesia cat\u00f3lica en casos de v\u00edctimas de abuso sexual","author":"Nelson Feliz","date":"15 de febrero de 2026","format":false,"excerpt":"Las palabras del l\u00edder cat\u00f3lico se dan en un contexto donde la instituci\u00f3n acumula un largo historial de casos verificables de abuso sexual infantil. Reino Unido, RT.-. Richard Moth, reci\u00e9n nombrado arzobispo en Inglaterra y Gales, reconoci\u00f3 p\u00fablicamente los fracasos de la Iglesia cat\u00f3lica en la gesti\u00f3n de casos de\u2026","rel":"","context":"En \u00abINTERNACIONALES\u00bb","block_context":{"text":"INTERNACIONALES","link":"https:\/\/lasprimeras.com.do\/index.php\/category\/sin-categoria\/internacionales\/"},"img":{"alt_text":"Richard Moth","src":"https:\/\/i0.wp.com\/lasprimeras.com.do\/wp-content\/uploads\/2026\/02\/Richard-Moth.jpg?resize=350%2C200&ssl=1","width":350,"height":200,"srcset":"https:\/\/i0.wp.com\/lasprimeras.com.do\/wp-content\/uploads\/2026\/02\/Richard-Moth.jpg?resize=350%2C200&ssl=1 1x, https:\/\/i0.wp.com\/lasprimeras.com.do\/wp-content\/uploads\/2026\/02\/Richard-Moth.jpg?resize=525%2C300&ssl=1 1.5x, https:\/\/i0.wp.com\/lasprimeras.com.do\/wp-content\/uploads\/2026\/02\/Richard-Moth.jpg?resize=700%2C400&ssl=1 2x"},"classes":[]},{"id":96437,"url":"https:\/\/lasprimeras.com.do\/index.php\/2025\/03\/31\/francia-multa-a-apple-por-abuso-de-posicion-dominante-en-distribucion-de-apps\/","url_meta":{"origin":98949,"position":4},"title":"Francia multa a Apple por abuso de posici\u00f3n dominante en distribuci\u00f3n de apps","author":"Nelson Feliz","date":"31 de marzo de 2025","format":false,"excerpt":"PAR\u00cdS (AP) \u2014 La autoridad antimonopolio de Francia ha multado a Apple con 150 millones de euros (162 millones de d\u00f3lares) por abusar de su posici\u00f3n dominante en la distribuci\u00f3n de aplicaciones m\u00f3viles para dispositivos iOS y iPad entre abril de 2021 y julio de 2023. La Autoridad de la\u2026","rel":"","context":"En \u00abINTERNACIONALES\u00bb","block_context":{"text":"INTERNACIONALES","link":"https:\/\/lasprimeras.com.do\/index.php\/category\/sin-categoria\/internacionales\/"},"img":{"alt_text":"","src":"https:\/\/i0.wp.com\/lasprimeras.com.do\/wp-content\/uploads\/2025\/03\/Apple.jpg?resize=350%2C200&ssl=1","width":350,"height":200,"srcset":"https:\/\/i0.wp.com\/lasprimeras.com.do\/wp-content\/uploads\/2025\/03\/Apple.jpg?resize=350%2C200&ssl=1 1x, https:\/\/i0.wp.com\/lasprimeras.com.do\/wp-content\/uploads\/2025\/03\/Apple.jpg?resize=525%2C300&ssl=1 1.5x, https:\/\/i0.wp.com\/lasprimeras.com.do\/wp-content\/uploads\/2025\/03\/Apple.jpg?resize=700%2C400&ssl=1 2x"},"classes":[]},{"id":100309,"url":"https:\/\/lasprimeras.com.do\/index.php\/2025\/06\/05\/el-papa-leon-xiv-se-reune-con-la-comision-de-proteccion-infantil-del-vaticano\/","url_meta":{"origin":98949,"position":5},"title":"El papa Le\u00f3n XIV se re\u00fane con la comisi\u00f3n de protecci\u00f3n infantil del Vaticano","author":"Nelson Feliz","date":"5 de junio de 2025","format":false,"excerpt":"POR NICOLE WINFIELD CIUDAD DEL VATICANO (AP) \u2014 El papa Le\u00f3n XIV se reuni\u00f3 con miembros de la comisi\u00f3n asesora de protecci\u00f3n infantil del Vaticano el jueves por primera vez, en medio de preguntas sobre su manejo pasado de casos de abuso sexual por parte del clero y demandas de\u2026","rel":"","context":"En \u00abINTERNACIONALES\u00bb","block_context":{"text":"INTERNACIONALES","link":"https:\/\/lasprimeras.com.do\/index.php\/category\/sin-categoria\/internacionales\/"},"img":{"alt_text":"","src":"https:\/\/i0.wp.com\/lasprimeras.com.do\/wp-content\/uploads\/2025\/06\/El-papa-Leon-XIV.jpg?resize=350%2C200&ssl=1","width":350,"height":200,"srcset":"https:\/\/i0.wp.com\/lasprimeras.com.do\/wp-content\/uploads\/2025\/06\/El-papa-Leon-XIV.jpg?resize=350%2C200&ssl=1 1x, https:\/\/i0.wp.com\/lasprimeras.com.do\/wp-content\/uploads\/2025\/06\/El-papa-Leon-XIV.jpg?resize=525%2C300&ssl=1 1.5x, https:\/\/i0.wp.com\/lasprimeras.com.do\/wp-content\/uploads\/2025\/06\/El-papa-Leon-XIV.jpg?resize=700%2C400&ssl=1 2x"},"classes":[]}],"jetpack_sharing_enabled":true,"_links":{"self":[{"href":"https:\/\/lasprimeras.com.do\/index.php\/wp-json\/wp\/v2\/posts\/98949","targetHints":{"allow":["GET"]}}],"collection":[{"href":"https:\/\/lasprimeras.com.do\/index.php\/wp-json\/wp\/v2\/posts"}],"about":[{"href":"https:\/\/lasprimeras.com.do\/index.php\/wp-json\/wp\/v2\/types\/post"}],"author":[{"embeddable":true,"href":"https:\/\/lasprimeras.com.do\/index.php\/wp-json\/wp\/v2\/users\/2"}],"replies":[{"embeddable":true,"href":"https:\/\/lasprimeras.com.do\/index.php\/wp-json\/wp\/v2\/comments?post=98949"}],"version-history":[{"count":1,"href":"https:\/\/lasprimeras.com.do\/index.php\/wp-json\/wp\/v2\/posts\/98949\/revisions"}],"predecessor-version":[{"id":98951,"href":"https:\/\/lasprimeras.com.do\/index.php\/wp-json\/wp\/v2\/posts\/98949\/revisions\/98951"}],"wp:featuredmedia":[{"embeddable":true,"href":"https:\/\/lasprimeras.com.do\/index.php\/wp-json\/wp\/v2\/media\/98950"}],"wp:attachment":[{"href":"https:\/\/lasprimeras.com.do\/index.php\/wp-json\/wp\/v2\/media?parent=98949"}],"wp:term":[{"taxonomy":"category","embeddable":true,"href":"https:\/\/lasprimeras.com.do\/index.php\/wp-json\/wp\/v2\/categories?post=98949"},{"taxonomy":"post_tag","embeddable":true,"href":"https:\/\/lasprimeras.com.do\/index.php\/wp-json\/wp\/v2\/tags?post=98949"}],"curies":[{"name":"wp","href":"https:\/\/api.w.org\/{rel}","templated":true}]}}