{"id":98952,"date":"2025-05-14T12:36:23","date_gmt":"2025-05-14T16:36:23","guid":{"rendered":"https:\/\/lasprimeras.com.do\/?p=98952"},"modified":"2025-05-14T12:36:25","modified_gmt":"2025-05-14T16:36:25","slug":"morales-rechaza-renunciar-a-su-pelea-por-la-candidatura-presidencial-para-las-elecciones-en-bolivia","status":"publish","type":"post","link":"https:\/\/lasprimeras.com.do\/index.php\/2025\/05\/14\/morales-rechaza-renunciar-a-su-pelea-por-la-candidatura-presidencial-para-las-elecciones-en-bolivia\/","title":{"rendered":"Morales rechaza renunciar a su pelea por la candidatura presidencial para las elecciones en Bolivia"},"content":{"rendered":"\n<p>POR PAOLA FLORES<\/p>\n\n\n\n<p>El expresidente boliviano Evo Morales rechaz\u00f3 el mi\u00e9rcoles la posibilidad de renunciar a la pelea por la candidatura a la presidencia, en respuesta al desaf\u00edo que le lanz\u00f3 el mandatario Luis Arce de unificar al dividido partido gobernante tras haber anunciado que no buscar\u00e1 su relecci\u00f3n en los comicios de agosto.<\/p>\n\n\n\n<p>\u201cSolo el pueblo puede pedirme que decline\u201d, escribi\u00f3 el exmandatario boliviano (2006-2019) en sus redes sociales.<\/p>\n\n\n\n<p>El anuncio de Morales, de 65 a\u00f1os, estuvo acompa\u00f1ado de cr\u00edticas a Arce, su antiguo aliado, a cinco d\u00edas de la fecha l\u00edmite para la inscripci\u00f3n de los candidatos que competir\u00e1n en los comicios del 17 de agosto.<\/p>\n\n\n\n<p>Morales insiste en su candidatura a pesar de que est\u00e1 inhabilitado por un fallo del Tribunal Constitucional que se pronunci\u00f3 en contra de la reelecci\u00f3n presidencial y legislativa continua por m\u00e1s de una vez. Morales ha gobernado tres periodos continuos.<\/p>\n\n\n\n<p>Por otro lado, Morales tiene pendiente una orden de detenci\u00f3n para que se presente a declarar por el caso de presunto abuso a una menor cuando era presidente. El exgobernante se atrincher\u00f3 desde fines de octubre en su feudo pol\u00edtico, el Chapare, en el centro de Bolivia, y esta protegido por sus seguidores.<\/p>\n\n\n\n<p>Desde all\u00ed ha anunciado una marcha hacia La Paz para inscribir su candidatura, aunque no ha dado a conocer el partido por el que se postular\u00eda.<\/p>\n\n\n\n<p>Tras anunciar la v\u00edspera su decisi\u00f3n de desistir de la reelecci\u00f3n, Arce hizo un llamado para alcanzar la unidad del partido gobernante, que afronta fuertes divisiones que ponen en riesgo su hegemon\u00eda de 19 a\u00f1os.<\/p>\n\n\n\n<p>Tambi\u00e9n plante\u00f3 al presidente del Senado, Andr\u00f3nico Rodr\u00edguez, de las filas de Morales, que reunifique al oficialismo con una candidatura \u00fanica.<\/p>\n\n\n\n<p>Arce afirm\u00f3 que no ser\u00e1 \u201cun factor de divisi\u00f3n del voto popular y mucho menos facilitar\u00e9 en la hora presente que se haga realidad un proyecto de derecha\u201d.<\/p>\n\n\n\n<p>Las disputas han desgastado la imagen de Morales y Arce. Este \u00faltimo, golpeado p or la crisis econ\u00f3mic a, sufr\u00eda un bajo apoyo de cara a las elecciones.<\/p>\n\n\n\n<p>Por su lado, Rodr\u00edguez, de 36 a\u00f1os y se\u00f1alado por analistas como el pol\u00edtico que puede renovar a la izquierda, cuestion\u00f3 la situaci\u00f3n de crisis en Bolivia y llam\u00f3 a la unidad \u201cno mediante pactos oscuros o acuerdos a espaldas del pueblo\u201d.<\/p>\n\n\n\n<p>En tanto, desde la oposici\u00f3n, aspirantes a la presidencia que no lograron concretar un frente unido, nuevamente han hecho varios pedidos de unidad.<\/p>\n\n\n\n<p>El Tribunal Supremo Electoral (TSE) ha iniciado el proceso de inscripci\u00f3n de candidatos a la presidencia, vicepresidencia y legisladores que culminar\u00e1 el lunes.<\/p>\n\n\n\n<p>El TSE inform\u00f3 que quedaron 10 fuerzas pol\u00edticas habilitadas y cinco alianzas despu\u00e9s que en abril vencieran el registro de estas \u00faltimas.<\/p>\n","protected":false},"excerpt":{"rendered":"<p>POR PAOLA FLORES El expresidente boliviano Evo Morales rechaz\u00f3 el mi\u00e9rcoles la posibilidad de renunciar a la pelea por la candidatura a la presidencia, en respuesta al desaf\u00edo que le&hellip;<\/p>\n","protected":false},"author":2,"featured_media":98953,"comment_status":"open","ping_status":"open","sticky":false,"template":"","format":"standard","meta":{"content-type":"","jetpack_post_was_ever_published":false,"_jetpack_newsletter_access":"","_jetpack_dont_email_post_to_subs":false,"_jetpack_newsletter_tier_id":0,"_jetpack_memberships_contains_paywalled_content":false,"_jetpack_memberships_contains_paid_content":false,"footnotes":""},"categories":[16289],"tags":[1963,19545,182,6335,10260],"class_list":["post-98952","post","type-post","status-publish","format-standard","has-post-thumbnail","hentry","category-internacionales","tag-bolivia","tag-candidatura-presidencial","tag-elecciones","tag-evo-morales","tag-renunciar"],"jetpack_featured_media_url":"https:\/\/lasprimeras.com.do\/wp-content\/uploads\/2025\/05\/Evo-Morales-1.jpg","jetpack-related-posts":[{"id":99304,"url":"https:\/\/lasprimeras.com.do\/index.php\/2025\/05\/20\/evo-morales-queda-practicamente-fuera-de-los-comicios-presidenciales-de-bolivia\/","url_meta":{"origin":98952,"position":0},"title":"Evo Morales queda pr\u00e1cticamente fuera de los comicios presidenciales de Bolivia","author":"Nelson Feliz","date":"20 de mayo de 2025","format":false,"excerpt":"LA PAZ, Bolivia (AP) \u2014 Al filo de que venza el plazo para la inscripci\u00f3n de candidatos, el expresidente boliviano Evo Morales sufri\u00f3 el lunes un nuevo rev\u00e9s al quedar pr\u00e1cticamente fuera de las elecciones presidenciales de agosto, luego de fracasar en su intento de registrar su nombre por un\u2026","rel":"","context":"En \u00abINTERNACIONALES\u00bb","block_context":{"text":"INTERNACIONALES","link":"https:\/\/lasprimeras.com.do\/index.php\/category\/sin-categoria\/internacionales\/"},"img":{"alt_text":"","src":"https:\/\/i0.wp.com\/lasprimeras.com.do\/wp-content\/uploads\/2025\/05\/disturbios.jpg?resize=350%2C200&ssl=1","width":350,"height":200,"srcset":"https:\/\/i0.wp.com\/lasprimeras.com.do\/wp-content\/uploads\/2025\/05\/disturbios.jpg?resize=350%2C200&ssl=1 1x, https:\/\/i0.wp.com\/lasprimeras.com.do\/wp-content\/uploads\/2025\/05\/disturbios.jpg?resize=525%2C300&ssl=1 1.5x, https:\/\/i0.wp.com\/lasprimeras.com.do\/wp-content\/uploads\/2025\/05\/disturbios.jpg?resize=700%2C400&ssl=1 2x"},"classes":[]},{"id":90869,"url":"https:\/\/lasprimeras.com.do\/index.php\/2024\/11\/02\/el-gobierno-boliviano-denuncia-que-mas-de-200-soldados-simpatizantes-de-evo-morales-fueron-tomados-como-rehenes\/","url_meta":{"origin":98952,"position":1},"title":"El gobierno boliviano denuncia que m\u00e1s de 200 soldados simpatizantes de Evo Morales fueron tomados como rehenes","author":"Nelson Feliz","date":"2 de noviembre de 2024","format":false,"excerpt":"Redacci\u00f3n - BBC News Mundo Partidarios del expresidente Evo Morales mantienen a m\u00e1s de 200 soldados como rehenes en la zona del Chapare, en el departamento de Cochabamba, inform\u00f3 el gobierno boliviano. \u201cTres unidades militares han sido asaltadas por grupos irregulares (\u2026), tomando como rehenes a m\u00e1s de doscientos efectivos\u2026","rel":"","context":"En \u00abSin categor\u00eda\u00bb","block_context":{"text":"Sin categor\u00eda","link":"https:\/\/lasprimeras.com.do\/index.php\/category\/sin-categoria\/"},"img":{"alt_text":"","src":"https:\/\/i0.wp.com\/lasprimeras.com.do\/wp-content\/uploads\/2024\/11\/evo-1.jpg?resize=350%2C200&ssl=1","width":350,"height":200,"srcset":"https:\/\/i0.wp.com\/lasprimeras.com.do\/wp-content\/uploads\/2024\/11\/evo-1.jpg?resize=350%2C200&ssl=1 1x, https:\/\/i0.wp.com\/lasprimeras.com.do\/wp-content\/uploads\/2024\/11\/evo-1.jpg?resize=525%2C300&ssl=1 1.5x"},"classes":[]},{"id":85846,"url":"https:\/\/lasprimeras.com.do\/index.php\/2024\/07\/10\/choque-entre-seguidores-de-morales-y-arce-mientras-partidos-debaten-suspender-primarias-en-bolivia\/","url_meta":{"origin":98952,"position":2},"title":"Choque entre seguidores de Morales y Arce mientras partidos debaten suspender primarias en Bolivia","author":"Nelson Feliz","date":"10 de julio de 2024","format":false,"excerpt":"LA PAZ, Bolivia (AP) \u2014 Las disputas pol\u00edticas entre los dos bandos del oficialismo en Bolivia, el de los seguidores del presidente Luis Arce y los afines al exmandantario Evo Morales, derivaron el mi\u00e9rcoles en un choque callejero en La Paz, mientras representantes de todos los partidos pol\u00edticos del pa\u00eds\u2026","rel":"","context":"En \u00abSin categor\u00eda\u00bb","block_context":{"text":"Sin categor\u00eda","link":"https:\/\/lasprimeras.com.do\/index.php\/category\/sin-categoria\/"},"img":{"alt_text":"","src":"https:\/\/i0.wp.com\/lasprimeras.com.do\/wp-content\/uploads\/2024\/07\/Bolivianos.jpg?resize=350%2C200&ssl=1","width":350,"height":200,"srcset":"https:\/\/i0.wp.com\/lasprimeras.com.do\/wp-content\/uploads\/2024\/07\/Bolivianos.jpg?resize=350%2C200&ssl=1 1x, https:\/\/i0.wp.com\/lasprimeras.com.do\/wp-content\/uploads\/2024\/07\/Bolivianos.jpg?resize=525%2C300&ssl=1 1.5x, https:\/\/i0.wp.com\/lasprimeras.com.do\/wp-content\/uploads\/2024\/07\/Bolivianos.jpg?resize=700%2C400&ssl=1 2x"},"classes":[]},{"id":85281,"url":"https:\/\/lasprimeras.com.do\/index.php\/2024\/06\/26\/luis-arce-del-milagro-boliviano-como-ministro-de-economia-a-la-crisis-como-presidente\/","url_meta":{"origin":98952,"position":3},"title":"Luis Arce: del milagro boliviano como ministro de Econom\u00eda a la crisis como presidente","author":"Nelson Feliz","date":"26 de junio de 2024","format":false,"excerpt":"BY ASSOCIATED PRESS Luis Arce, el ex ministro de Econom\u00eda que sum\u00f3 \u00e9xitos durante la presidencia de Evo Morales, enfrentaba el mi\u00e9rcoles un intento de golpe de Estado en medio de una crisis pol\u00edtica y econ\u00f3mica, con protestas en las calles del pa\u00eds y un conflicto abierto con quien fuera\u2026","rel":"","context":"En \u00abSin categor\u00eda\u00bb","block_context":{"text":"Sin categor\u00eda","link":"https:\/\/lasprimeras.com.do\/index.php\/category\/sin-categoria\/"},"img":{"alt_text":"","src":"https:\/\/i0.wp.com\/lasprimeras.com.do\/wp-content\/uploads\/2024\/06\/Luis-Arce-1.jpg?resize=350%2C200&ssl=1","width":350,"height":200,"srcset":"https:\/\/i0.wp.com\/lasprimeras.com.do\/wp-content\/uploads\/2024\/06\/Luis-Arce-1.jpg?resize=350%2C200&ssl=1 1x, https:\/\/i0.wp.com\/lasprimeras.com.do\/wp-content\/uploads\/2024\/06\/Luis-Arce-1.jpg?resize=525%2C300&ssl=1 1.5x, https:\/\/i0.wp.com\/lasprimeras.com.do\/wp-content\/uploads\/2024\/06\/Luis-Arce-1.jpg?resize=700%2C400&ssl=1 2x"},"classes":[]},{"id":57871,"url":"https:\/\/lasprimeras.com.do\/index.php\/2023\/08\/16\/aqui-se-rompio-todo-el-mas-rechaza-que-ministro-quiera-enjuiciar-a-evo-morales-por-calumnia\/","url_meta":{"origin":98952,"position":4},"title":"&#8220;Aqu\u00ed se rompi\u00f3 todo&#8221;: el MAS rechaza que ministro quiera enjuiciar a Evo Morales por calumnia","author":"Nelson Feliz","date":"16 de agosto de 2023","format":false,"excerpt":"El expresidente boliviano y el actual titular de la cartera de Justicia, Iv\u00e1n Lima, protagonizan una creciente pol\u00e9mica basada en acusaciones mutuas. El Movimiento al Socialismo \u2013 Instrumento Pol\u00edtico por la Soberan\u00eda de los Pueblos (MAS\u2013IPSP), principal partido de Gobierno en Bolivia, expres\u00f3 su rechazo e indignaci\u00f3n a las recientes\u2026","rel":"","context":"En \u00abSin categor\u00eda\u00bb","block_context":{"text":"Sin categor\u00eda","link":"https:\/\/lasprimeras.com.do\/index.php\/category\/sin-categoria\/"},"img":{"alt_text":"Iv\u00e1n Lima","src":"https:\/\/i0.wp.com\/lasprimeras.com.do\/wp-content\/uploads\/2023\/08\/Ivan-Lima.jpg?resize=350%2C200&ssl=1","width":350,"height":200,"srcset":"https:\/\/i0.wp.com\/lasprimeras.com.do\/wp-content\/uploads\/2023\/08\/Ivan-Lima.jpg?resize=350%2C200&ssl=1 1x, https:\/\/i0.wp.com\/lasprimeras.com.do\/wp-content\/uploads\/2023\/08\/Ivan-Lima.jpg?resize=525%2C300&ssl=1 1.5x, https:\/\/i0.wp.com\/lasprimeras.com.do\/wp-content\/uploads\/2023\/08\/Ivan-Lima.jpg?resize=700%2C400&ssl=1 2x"},"classes":[]},{"id":106218,"url":"https:\/\/lasprimeras.com.do\/index.php\/2025\/08\/12\/las-elecciones-en-bolivia-podrian-significar-el-fin-de-la-izquierda-que-gobierna-desde-hace-tiempo-esto-es-lo-que-hay-que-saber\/","url_meta":{"origin":98952,"position":5},"title":"Las elecciones en Bolivia podr\u00edan significar el fin de la izquierda que gobierna desde hace tiempo. Esto es lo que hay que saber.","author":"Nelson Feliz","date":"12 de agosto de 2025","format":false,"excerpt":"Por ISABEL DEBRE y PAOLA FLORES LA PAZ, Bolivia (AP) \u2014 Durante la mayor parte de la vida adulta de Renan Aliaga, un solo nombre domin\u00f3 la pol\u00edtica de Bolivia: Evo Morales. Morales, ex l\u00edder sindical de los cultivadores de coca, fund\u00f3 el partido pol\u00edtico m\u00e1s exitoso de la naci\u00f3n\u2026","rel":"","context":"En \u00abINTERNACIONALES\u00bb","block_context":{"text":"INTERNACIONALES","link":"https:\/\/lasprimeras.com.do\/index.php\/category\/sin-categoria\/internacionales\/"},"img":{"alt_text":"","src":"https:\/\/i0.wp.com\/lasprimeras.com.do\/wp-content\/uploads\/2025\/08\/Luis-Arce.jpg?resize=350%2C200&ssl=1","width":350,"height":200,"srcset":"https:\/\/i0.wp.com\/lasprimeras.com.do\/wp-content\/uploads\/2025\/08\/Luis-Arce.jpg?resize=350%2C200&ssl=1 1x, https:\/\/i0.wp.com\/lasprimeras.com.do\/wp-content\/uploads\/2025\/08\/Luis-Arce.jpg?resize=525%2C300&ssl=1 1.5x, https:\/\/i0.wp.com\/lasprimeras.com.do\/wp-content\/uploads\/2025\/08\/Luis-Arce.jpg?resize=700%2C400&ssl=1 2x"},"classes":[]}],"jetpack_sharing_enabled":true,"_links":{"self":[{"href":"https:\/\/lasprimeras.com.do\/index.php\/wp-json\/wp\/v2\/posts\/98952","targetHints":{"allow":["GET"]}}],"collection":[{"href":"https:\/\/lasprimeras.com.do\/index.php\/wp-json\/wp\/v2\/posts"}],"about":[{"href":"https:\/\/lasprimeras.com.do\/index.php\/wp-json\/wp\/v2\/types\/post"}],"author":[{"embeddable":true,"href":"https:\/\/lasprimeras.com.do\/index.php\/wp-json\/wp\/v2\/users\/2"}],"replies":[{"embeddable":true,"href":"https:\/\/lasprimeras.com.do\/index.php\/wp-json\/wp\/v2\/comments?post=98952"}],"version-history":[{"count":1,"href":"https:\/\/lasprimeras.com.do\/index.php\/wp-json\/wp\/v2\/posts\/98952\/revisions"}],"predecessor-version":[{"id":98954,"href":"https:\/\/lasprimeras.com.do\/index.php\/wp-json\/wp\/v2\/posts\/98952\/revisions\/98954"}],"wp:featuredmedia":[{"embeddable":true,"href":"https:\/\/lasprimeras.com.do\/index.php\/wp-json\/wp\/v2\/media\/98953"}],"wp:attachment":[{"href":"https:\/\/lasprimeras.com.do\/index.php\/wp-json\/wp\/v2\/media?parent=98952"}],"wp:term":[{"taxonomy":"category","embeddable":true,"href":"https:\/\/lasprimeras.com.do\/index.php\/wp-json\/wp\/v2\/categories?post=98952"},{"taxonomy":"post_tag","embeddable":true,"href":"https:\/\/lasprimeras.com.do\/index.php\/wp-json\/wp\/v2\/tags?post=98952"}],"curies":[{"name":"wp","href":"https:\/\/api.w.org\/{rel}","templated":true}]}}