{"id":98958,"date":"2025-05-14T12:48:24","date_gmt":"2025-05-14T16:48:24","guid":{"rendered":"https:\/\/lasprimeras.com.do\/?p=98958"},"modified":"2025-05-14T12:48:25","modified_gmt":"2025-05-14T16:48:25","slug":"llega-a-venezuela-nina-de-2-anos-separada-de-sus-padres-deportados-de-estados-unidos","status":"publish","type":"post","link":"https:\/\/lasprimeras.com.do\/index.php\/2025\/05\/14\/llega-a-venezuela-nina-de-2-anos-separada-de-sus-padres-deportados-de-estados-unidos\/","title":{"rendered":"Llega a Venezuela ni\u00f1a de 2 a\u00f1os separada de sus padres deportados de Estados Unidos"},"content":{"rendered":"\n<p>CARACAS (AP) \u2014 La ni\u00f1a de dos a\u00f1os que permanec\u00eda en territorio estadounidense luego de que las autoridades deportaran a sus padres venezolanos lleg\u00f3 el mi\u00e9rcoles a Venezuela en un vuelo de migrantes deportados desde Estados Unidos.<\/p>\n\n\n\n<p>El gobierno del presidente Nicol\u00e1s Maduro hab\u00eda denunciado repetidamente que se trataba de un secuestro.<\/p>\n\n\n\n<p>La llegada se produjo semanas despu\u00e9s de que el ministro de Interior venezolano Diosdado Cabello denunciara que Estados Unidos hab\u00eda separado a la hija de migrantes venezolanos de su madre cuando \u00e9sta fue deportada.<\/p>\n\n\n\n<p>El gobierno venezolano pidi\u00f3 que fuera devuelta a sus familiares en Venezuela y conden\u00f3 la decisi\u00f3n de las autoridades estadounidenses de dejar a la menor con una familia de acogida.<\/p>\n\n\n\n<p>\u201cHoy tenemos una gran victoria, el regreso de Maikelys (Espinoza) a la patria\u201d, dijo Cabello acompa\u00f1ado de la primera dama Cilia Flores, quien sostuvo a la ni\u00f1a en brazos tras su llegada a la terminal del aeropuerto internacional Sim\u00f3n Bol\u00edvar, a unos 20 kil\u00f3metros al norte de Caracas.<\/p>\n\n\n\n<p>En declaraciones a la televisi\u00f3n estatal, Flores agradeci\u00f3 a los \u201cmedios que estuvieron pendientes, a ese pueblo que estuvo solidario y al gobierno que estuvo firme. \u00a1Bienvenida Maikelys!\u201d.<\/p>\n\n\n\n<p>La ni\u00f1a lleg\u00f3 con m\u00e1s de 220 migrantes deportados. El gobierno estadounidense aleg\u00f3 que la separaci\u00f3n familiar estaba justificada porque los padres de la ni\u00f1a presuntamente tienen v\u00ednculos con la pandilla venezolana Tren de Aragua, designada como organizaci\u00f3n terrorista por el presidente Donald Trump a principios de este a\u00f1o.<\/p>\n\n\n\n<p>Seg\u00fan dijeron anteriormente las autoridades de Estados Unidos, la ni\u00f1a estaba bajo el cuidado y custodia de la Oficina de Reubicaci\u00f3n de Refugiados y con una familia de acogida.<\/p>\n\n\n\n<p>La ni\u00f1a fue separada de su madre el 25 de abril cuando \u00e9sta fue deportada a Venezuela. Su padre ya hab\u00eda sido deportado a El Salvador en marzo y permanece all\u00ed desde entonces en una c\u00e1rcel de m\u00e1xima seguridad, seg\u00fan los abogados de la familia.<\/p>\n\n\n\n<p>Por a\u00f1os el gobierno de Maduro se hab\u00eda negado a la entrada de inmigrantes deportados desde Estados Unidos. Sin embargo, desde que Trump asumi\u00f3 el cargo en enero, cientos de migrantes venezolanos, incluidos unos 180 que pasaron hasta 16 d\u00edas en la base naval estadounidense de la Bah\u00eda de Guant\u00e1namo, Cuba, han sido deportados a su pa\u00eds de origen.<\/p>\n\n\n\n<p>El gobierno de Trump ha afirmado que los venezolanos enviados a Guant\u00e1namo y El Salvador son miembros del Tren de Aragua, pero ha presentado pocas pruebas que respalden esa acusaci\u00f3n.<\/p>\n","protected":false},"excerpt":{"rendered":"<p>CARACAS (AP) \u2014 La ni\u00f1a de dos a\u00f1os que permanec\u00eda en territorio estadounidense luego de que las autoridades deportaran a sus padres venezolanos lleg\u00f3 el mi\u00e9rcoles a Venezuela en un&hellip;<\/p>\n","protected":false},"author":2,"featured_media":89009,"comment_status":"open","ping_status":"open","sticky":false,"template":"","format":"standard","meta":{"content-type":"","jetpack_post_was_ever_published":false,"_jetpack_newsletter_access":"","_jetpack_dont_email_post_to_subs":false,"_jetpack_newsletter_tier_id":0,"_jetpack_memberships_contains_paywalled_content":false,"_jetpack_memberships_contains_paid_content":false,"footnotes":""},"categories":[16289],"tags":[17181,98,1604,19546,2446,19547,420],"class_list":["post-98958","post","type-post","status-publish","format-standard","has-post-thumbnail","hentry","category-internacionales","tag-deportados","tag-estados-unidos","tag-nicolas-maduro","tag-nina-de-2-anos","tag-padres","tag-separada","tag-venezuela"],"jetpack_featured_media_url":"https:\/\/lasprimeras.com.do\/wp-content\/uploads\/2024\/09\/Nicolas-Maduro.jpg","jetpack-related-posts":[{"id":93836,"url":"https:\/\/lasprimeras.com.do\/index.php\/2025\/02\/21\/aterriza-en-venezuela-avion-con-177-migrantes-de-guantanamo\/","url_meta":{"origin":98958,"position":0},"title":"Aterriza en Venezuela avi\u00f3n con 177 migrantes de Guant\u00e1namo","author":"Nelson Feliz","date":"21 de febrero de 2025","format":false,"excerpt":"CARACAS.- Un grupo de 177 migrantes venezolanos retorn\u00f3 la noche de este jueves a su pa\u00eds en un avi\u00f3n procedente de Honduras, a donde hab\u00edan llegado desde la base militar estadounidense de Guant\u00e1namo (Cuba), en la que estuvieron retenidos. El avi\u00f3n de la aerol\u00ednea estatal venezolana Conviasa aterriz\u00f3 en el\u2026","rel":"","context":"En \u00abINTERNACIONALES\u00bb","block_context":{"text":"INTERNACIONALES","link":"https:\/\/lasprimeras.com.do\/index.php\/category\/sin-categoria\/internacionales\/"},"img":{"alt_text":"","src":"https:\/\/i0.wp.com\/lasprimeras.com.do\/wp-content\/uploads\/2025\/02\/Guantanamo.png?resize=350%2C200&ssl=1","width":350,"height":200,"srcset":"https:\/\/i0.wp.com\/lasprimeras.com.do\/wp-content\/uploads\/2025\/02\/Guantanamo.png?resize=350%2C200&ssl=1 1x, https:\/\/i0.wp.com\/lasprimeras.com.do\/wp-content\/uploads\/2025\/02\/Guantanamo.png?resize=525%2C300&ssl=1 1.5x, https:\/\/i0.wp.com\/lasprimeras.com.do\/wp-content\/uploads\/2025\/02\/Guantanamo.png?resize=700%2C400&ssl=1 2x"},"classes":[]},{"id":93434,"url":"https:\/\/lasprimeras.com.do\/index.php\/2025\/02\/09\/nicolas-maduro-cataloga-de-ladron-a-marco-rubio-por-incautacion-de-aeronave-en-rd\/","url_meta":{"origin":98958,"position":1},"title":"Nicol\u00e1s Maduro cataloga de \u201cladr\u00f3n\u201d a Marco Rubio por incautaci\u00f3n de aeronave en RD","author":"Nelson Feliz","date":"9 de febrero de 2025","format":false,"excerpt":"Venezuela asegur\u00f3 adem\u00e1s que \"tomar\u00e1 todas las acciones necesarias para denunciar este robo y exigir la devoluci\u00f3n inmediata de su aeronave\". Caracas, Venezuela, AFP.-. Venezuela calific\u00f3 este viernes de \"robo descarado\" la confiscaci\u00f3n de una segunda aeronave en Rep\u00fablica Dominicana por Estados Unidos, al tiempo que se refiri\u00f3 al jefe\u2026","rel":"","context":"En \u00abINTERNACIONALES\u00bb","block_context":{"text":"INTERNACIONALES","link":"https:\/\/lasprimeras.com.do\/index.php\/category\/sin-categoria\/internacionales\/"},"img":{"alt_text":"Nicol\u00e1s Maduro","src":"https:\/\/i0.wp.com\/lasprimeras.com.do\/wp-content\/uploads\/2025\/02\/Nicolas-Maduro.jpeg?resize=350%2C200&ssl=1","width":350,"height":200,"srcset":"https:\/\/i0.wp.com\/lasprimeras.com.do\/wp-content\/uploads\/2025\/02\/Nicolas-Maduro.jpeg?resize=350%2C200&ssl=1 1x, https:\/\/i0.wp.com\/lasprimeras.com.do\/wp-content\/uploads\/2025\/02\/Nicolas-Maduro.jpeg?resize=525%2C300&ssl=1 1.5x, https:\/\/i0.wp.com\/lasprimeras.com.do\/wp-content\/uploads\/2025\/02\/Nicolas-Maduro.jpeg?resize=700%2C400&ssl=1 2x"},"classes":[]},{"id":86809,"url":"https:\/\/lasprimeras.com.do\/index.php\/2024\/08\/01\/el-gobierno-de-eeuu-reconoce-al-opositor-edmundo-gonzalez-como-el-ganador-de-elecciones-de-venezuela\/","url_meta":{"origin":98958,"position":2},"title":"El gobierno de EEUU reconoce al opositor Edmundo Gonz\u00e1lez como el ganador de elecciones de Venezuela","author":"Nelson Feliz","date":"1 de agosto de 2024","format":false,"excerpt":"By REGINA GARC\u00cdA CANO CARACAS (AP) \u2014 El gobierno de Estados Unidos anunci\u00f3 el jueves que reconoce al opositor venezolano Edmundo Gonz\u00e1lez como el ganador de las elecciones de Venezuela, en las que la autoridad electoral nacional dio la victoria al presidente Nicol\u00e1s Maduro y que han sido duramente cuestionadas\u2026","rel":"","context":"En \u00abSin categor\u00eda\u00bb","block_context":{"text":"Sin categor\u00eda","link":"https:\/\/lasprimeras.com.do\/index.php\/category\/sin-categoria\/"},"img":{"alt_text":"Nicol\u00e1s Maduro","src":"https:\/\/i0.wp.com\/lasprimeras.com.do\/wp-content\/uploads\/2024\/08\/Nicolas-Maduro-3.png?resize=350%2C200&ssl=1","width":350,"height":200,"srcset":"https:\/\/i0.wp.com\/lasprimeras.com.do\/wp-content\/uploads\/2024\/08\/Nicolas-Maduro-3.png?resize=350%2C200&ssl=1 1x, https:\/\/i0.wp.com\/lasprimeras.com.do\/wp-content\/uploads\/2024\/08\/Nicolas-Maduro-3.png?resize=525%2C300&ssl=1 1.5x, https:\/\/i0.wp.com\/lasprimeras.com.do\/wp-content\/uploads\/2024\/08\/Nicolas-Maduro-3.png?resize=700%2C400&ssl=1 2x"},"classes":[]},{"id":93811,"url":"https:\/\/lasprimeras.com.do\/index.php\/2025\/02\/21\/trump-acuerda-con-honduras-y-venezuela-la-deportacion-de-venezolanos-en-guantanamo\/","url_meta":{"origin":98958,"position":3},"title":"Trump acuerda con Honduras y Venezuela la deportaci\u00f3n de venezolanos en Guant\u00e1namo","author":"Nelson Feliz","date":"21 de febrero de 2025","format":false,"excerpt":"La canciller\u00eda del r\u00e9gimen de Venezuela confirm\u00f3 la repatriaci\u00f3n de 177 migrantes venezolanos, asegurando que fueron \"injustamente llevados\" a Guant\u00e1namo. Por Ra\u00fal Castillo El Gobierno de Estados Unidos confirm\u00f3 este jueves que ha comenzado a trasladar a 177 migrantes venezolanos retenidos en la base militar de Guant\u00e1namo hacia su pa\u00eds\u2026","rel":"","context":"En \u00abINTERNACIONALES\u00bb","block_context":{"text":"INTERNACIONALES","link":"https:\/\/lasprimeras.com.do\/index.php\/category\/sin-categoria\/internacionales\/"},"img":{"alt_text":"","src":"https:\/\/i0.wp.com\/lasprimeras.com.do\/wp-content\/uploads\/2025\/02\/acuerda.png?resize=350%2C200&ssl=1","width":350,"height":200,"srcset":"https:\/\/i0.wp.com\/lasprimeras.com.do\/wp-content\/uploads\/2025\/02\/acuerda.png?resize=350%2C200&ssl=1 1x, https:\/\/i0.wp.com\/lasprimeras.com.do\/wp-content\/uploads\/2025\/02\/acuerda.png?resize=525%2C300&ssl=1 1.5x, https:\/\/i0.wp.com\/lasprimeras.com.do\/wp-content\/uploads\/2025\/02\/acuerda.png?resize=700%2C400&ssl=1 2x"},"classes":[]},{"id":94758,"url":"https:\/\/lasprimeras.com.do\/index.php\/2025\/03\/05\/ee-uu-da-un-mes-a-chevron-para-finalizar-operaciones-en-venezuela\/","url_meta":{"origin":98958,"position":4},"title":"EE.UU. da un mes a Chevron para finalizar operaciones en Venezuela","author":"Nelson Feliz","date":"5 de marzo de 2025","format":false,"excerpt":"Estados Unidos dio de plazo hasta el 3 de abril a la petrolera para \"la liquidaci\u00f3n\" de operaciones en Venezuela, un rev\u00e9s econ\u00f3mico para Maduro. Por Deutsche Welle El Gobierno del presidente Donald Trump, anunci\u00f3 este martes 4 de marzo que ha puesto fin a la licencia que permit\u00eda a\u2026","rel":"","context":"En \u00abECONOM\u00cdA\u00bb","block_context":{"text":"ECONOM\u00cdA","link":"https:\/\/lasprimeras.com.do\/index.php\/category\/economia\/"},"img":{"alt_text":"","src":"https:\/\/i0.wp.com\/lasprimeras.com.do\/wp-content\/uploads\/2025\/03\/Chevron.png?resize=350%2C200&ssl=1","width":350,"height":200,"srcset":"https:\/\/i0.wp.com\/lasprimeras.com.do\/wp-content\/uploads\/2025\/03\/Chevron.png?resize=350%2C200&ssl=1 1x, https:\/\/i0.wp.com\/lasprimeras.com.do\/wp-content\/uploads\/2025\/03\/Chevron.png?resize=525%2C300&ssl=1 1.5x"},"classes":[]},{"id":95692,"url":"https:\/\/lasprimeras.com.do\/index.php\/2025\/03\/18\/machado-y-gonzalez-urrutia-piden-que-no-se-criminalice-a-los-migrantes-venezolanos\/","url_meta":{"origin":98958,"position":5},"title":"Machado y Gonz\u00e1lez Urrutia piden que no se criminalice a los migrantes venezolanos","author":"Nelson Feliz","date":"18 de marzo de 2025","format":false,"excerpt":"Mar\u00eda Corina Machado y Edmundo Gonz\u00e1lez Urrutia respaldaron los esfuerzos de Estados Unidos y otros pa\u00edses para combatir al Tren de Aragua. Los opositores venezolanos Mar\u00eda Corina Machado y Edmundo Gonz\u00e1lez Urrutia instaron este lunes a evitar la \u201cinjusta criminalizaci\u00f3n\u201d de los migrantes de su pa\u00eds, tras la decisi\u00f3n del\u2026","rel":"","context":"En \u00abINTERNACIONALES\u00bb","block_context":{"text":"INTERNACIONALES","link":"https:\/\/lasprimeras.com.do\/index.php\/category\/sin-categoria\/internacionales\/"},"img":{"alt_text":"Mar\u00eda Corina Machado y Edmundo Gonz\u00e1lez Urrutia","src":"https:\/\/i0.wp.com\/lasprimeras.com.do\/wp-content\/uploads\/2025\/03\/Maria-Corina-Machado-y-Edmundo-Gonzalez-Urrutia.png?resize=350%2C200&ssl=1","width":350,"height":200,"srcset":"https:\/\/i0.wp.com\/lasprimeras.com.do\/wp-content\/uploads\/2025\/03\/Maria-Corina-Machado-y-Edmundo-Gonzalez-Urrutia.png?resize=350%2C200&ssl=1 1x, https:\/\/i0.wp.com\/lasprimeras.com.do\/wp-content\/uploads\/2025\/03\/Maria-Corina-Machado-y-Edmundo-Gonzalez-Urrutia.png?resize=525%2C300&ssl=1 1.5x, https:\/\/i0.wp.com\/lasprimeras.com.do\/wp-content\/uploads\/2025\/03\/Maria-Corina-Machado-y-Edmundo-Gonzalez-Urrutia.png?resize=700%2C400&ssl=1 2x"},"classes":[]}],"jetpack_sharing_enabled":true,"_links":{"self":[{"href":"https:\/\/lasprimeras.com.do\/index.php\/wp-json\/wp\/v2\/posts\/98958","targetHints":{"allow":["GET"]}}],"collection":[{"href":"https:\/\/lasprimeras.com.do\/index.php\/wp-json\/wp\/v2\/posts"}],"about":[{"href":"https:\/\/lasprimeras.com.do\/index.php\/wp-json\/wp\/v2\/types\/post"}],"author":[{"embeddable":true,"href":"https:\/\/lasprimeras.com.do\/index.php\/wp-json\/wp\/v2\/users\/2"}],"replies":[{"embeddable":true,"href":"https:\/\/lasprimeras.com.do\/index.php\/wp-json\/wp\/v2\/comments?post=98958"}],"version-history":[{"count":1,"href":"https:\/\/lasprimeras.com.do\/index.php\/wp-json\/wp\/v2\/posts\/98958\/revisions"}],"predecessor-version":[{"id":98959,"href":"https:\/\/lasprimeras.com.do\/index.php\/wp-json\/wp\/v2\/posts\/98958\/revisions\/98959"}],"wp:featuredmedia":[{"embeddable":true,"href":"https:\/\/lasprimeras.com.do\/index.php\/wp-json\/wp\/v2\/media\/89009"}],"wp:attachment":[{"href":"https:\/\/lasprimeras.com.do\/index.php\/wp-json\/wp\/v2\/media?parent=98958"}],"wp:term":[{"taxonomy":"category","embeddable":true,"href":"https:\/\/lasprimeras.com.do\/index.php\/wp-json\/wp\/v2\/categories?post=98958"},{"taxonomy":"post_tag","embeddable":true,"href":"https:\/\/lasprimeras.com.do\/index.php\/wp-json\/wp\/v2\/tags?post=98958"}],"curies":[{"name":"wp","href":"https:\/\/api.w.org\/{rel}","templated":true}]}}