{"id":98963,"date":"2025-05-14T23:12:07","date_gmt":"2025-05-15T03:12:07","guid":{"rendered":"https:\/\/lasprimeras.com.do\/?p=98963"},"modified":"2025-05-14T23:12:09","modified_gmt":"2025-05-15T03:12:09","slug":"congresista-republicana-de-florida-dice-que-nayib-bukele-libero-a-el-salvador-del-terrorismo","status":"publish","type":"post","link":"https:\/\/lasprimeras.com.do\/index.php\/2025\/05\/14\/congresista-republicana-de-florida-dice-que-nayib-bukele-libero-a-el-salvador-del-terrorismo\/","title":{"rendered":"Congresista republicana de Florida dice que Nayib Bukele liber\u00f3 a El Salvador del terrorismo"},"content":{"rendered":"\n<p><strong>La representante Anna Paulina Luna dijo que se sent\u00eda honrada de acompa\u00f1ar al mandatario en la lucha por lograr paz y justicia duraderas en El Salvador.<\/strong><\/p>\n\n\n\n<p>Por Luis De Jes\u00fas<\/p>\n\n\n\n<p>La congresista estadounidense Anna Paulina Luna, representante republicana por Florida, se reuni\u00f3 con el presidente de El Salvador Nayib Bukele, al que elogi\u00f3 por \u201chaber liberado al pa\u00eds de las garras mortales del terrorismo\u201d.<\/p>\n\n\n\n<p>As\u00ed lo expres\u00f3 este lunes en una publicaci\u00f3n en la red social X, donde comparti\u00f3 im\u00e1genes del encuentro, aunque sin especificar la fecha exacta de la reuni\u00f3n.<\/p>\n\n\n\n<p>Luna, quien preside el Caucus de El Salvador en el Congreso de Estados Unidos \u2014una agrupaci\u00f3n integrada por legisladores republicanos que promueve relaciones m\u00e1s estrechas entre ambos pa\u00edses\u2014, afirm\u00f3: \u201cLo vi con mis propios ojos: el presidente Bukele realmente ha liberado a El Salvador de las garras mortales de terroristas criminales violentos y ha devuelto la esperanza al pueblo\u201d.<\/p>\n\n\n\n<p>La congresista a\u00f1adi\u00f3 que se sent\u00eda \u201chonrada de acompa\u00f1arlo en la lucha por lograr una paz y justicia duraderas en este hermoso pa\u00eds\u201d y destac\u00f3 el liderazgo de Bukele como un ejemplo tanto para El Salvador como para Estados Unidos.<\/p>\n\n\n\n<p>El propio Bukele respondi\u00f3 a la publicaci\u00f3n de Luna en X, citando su mensaje, aunque tampoco brind\u00f3 detalles adicionales sobre el contenido de la reuni\u00f3n.<\/p>\n\n\n\n<p>Medios salvadore\u00f1os reportaron que Luna encabeza una delegaci\u00f3n republicana que est\u00e1 de visita oficial en El Salvador, en el marco de una serie de encuentros con autoridades locales.<\/p>\n\n\n\n<p>El Caucus de El Salvador fue fundado en julio de 2024, semanas despu\u00e9s de la toma de posesi\u00f3n del segundo mandato de Bukele, acto al que asistieron varios congresistas republicanos, incluyendo Matt Gaetz.<\/p>\n\n\n\n<p>La visita de la congresista se produce semanas despu\u00e9s de que un grupo de legisladores dem\u00f3cratas, encabezado por el senador Chris Van Hollen, viajara al pa\u00eds para abordar el caso de Kilmar \u00c1brego Garc\u00eda, un migrante salvadore\u00f1o deportado por error desde Estados Unidos y actualmente encarcelado en El Salvador.<\/p>\n\n\n\n<p>Aquella delegaci\u00f3n intent\u00f3 reunirse con el presidente Bukele, pero no fue recibida.<\/p>\n\n\n\n<figure class=\"wp-block-image size-full\"><img decoding=\"async\" width=\"592\" height=\"711\" src=\"https:\/\/lasprimeras.com.do\/wp-content\/uploads\/2025\/05\/twist.jpg\" alt=\"\" class=\"wp-image-98965\" srcset=\"https:\/\/lasprimeras.com.do\/wp-content\/uploads\/2025\/05\/twist.jpg 592w, https:\/\/lasprimeras.com.do\/wp-content\/uploads\/2025\/05\/twist-250x300.jpg 250w\" sizes=\"(max-width: 592px) 100vw, 592px\" \/><\/figure>\n\n\n\n<p>Fuente https:\/\/eldiariony.com\/<\/p>\n","protected":false},"excerpt":{"rendered":"<p>La representante Anna Paulina Luna dijo que se sent\u00eda honrada de acompa\u00f1ar al mandatario en la lucha por lograr paz y justicia duraderas en El Salvador. Por Luis De Jes\u00fas&hellip;<\/p>\n","protected":false},"author":10,"featured_media":98964,"comment_status":"open","ping_status":"open","sticky":false,"template":"","format":"standard","meta":{"content-type":"","jetpack_post_was_ever_published":false,"_jetpack_newsletter_access":"","_jetpack_dont_email_post_to_subs":false,"_jetpack_newsletter_tier_id":0,"_jetpack_memberships_contains_paywalled_content":false,"_jetpack_memberships_contains_paid_content":false,"footnotes":""},"categories":[16289],"tags":[11655,598,108,19549,338,14056,5319],"class_list":["post-98963","post","type-post","status-publish","format-standard","has-post-thumbnail","hentry","category-internacionales","tag-congresista","tag-el-salvador","tag-florida","tag-libero","tag-nayib-bukele","tag-republicana","tag-terrorismo"],"jetpack_featured_media_url":"https:\/\/lasprimeras.com.do\/wp-content\/uploads\/2025\/05\/Nayib-Bukele.jpg","jetpack-related-posts":[{"id":75767,"url":"https:\/\/lasprimeras.com.do\/index.php\/2024\/02\/05\/nayib-bukele-se-autoproclama-ganador-con-mas-del-85-de-los-votos\/","url_meta":{"origin":98963,"position":0},"title":"Nayib Bukele se autoproclama ganador &#8220;con m\u00e1s del 85 % de los votos&#8221;","author":"Nelson Feliz","date":"5 de febrero de 2024","format":false,"excerpt":"Bukele, que se postul\u00f3 para la reelecci\u00f3n a pesar de que la Constituci\u00f3n lo impide, ech\u00f3 mano de una argucia legal para presentarse a los comicios. El Salvador, EFE.-.El presidente de El Salvador, Nayib Bukele, se autoproclam\u00f3 hoy ganador de las elecciones generales celebradas este domingo, \"con m\u00e1s del 85\u2026","rel":"","context":"En \u00abSin categor\u00eda\u00bb","block_context":{"text":"Sin categor\u00eda","link":"https:\/\/lasprimeras.com.do\/index.php\/category\/sin-categoria\/"},"img":{"alt_text":"Nayib Bukele","src":"https:\/\/i0.wp.com\/lasprimeras.com.do\/wp-content\/uploads\/2024\/02\/Nayib-Bukele.jpeg?resize=350%2C200&ssl=1","width":350,"height":200,"srcset":"https:\/\/i0.wp.com\/lasprimeras.com.do\/wp-content\/uploads\/2024\/02\/Nayib-Bukele.jpeg?resize=350%2C200&ssl=1 1x, https:\/\/i0.wp.com\/lasprimeras.com.do\/wp-content\/uploads\/2024\/02\/Nayib-Bukele.jpeg?resize=525%2C300&ssl=1 1.5x, https:\/\/i0.wp.com\/lasprimeras.com.do\/wp-content\/uploads\/2024\/02\/Nayib-Bukele.jpeg?resize=700%2C400&ssl=1 2x"},"classes":[]},{"id":72926,"url":"https:\/\/lasprimeras.com.do\/index.php\/2024\/01\/04\/el-presidente-de-el-salvador-nayib-bukele-lleva-su-campana-de-reeleccion-mas-alla-de-las-fronteras\/","url_meta":{"origin":98963,"position":1},"title":"El presidente de El Salvador, Nayib Bukele, lleva su campa\u00f1a de reelecci\u00f3n m\u00e1s all\u00e1 de las fronteras","author":"Nelson Feliz","date":"4 de enero de 2024","format":false,"excerpt":"POR MARCOS ALEMAN SAN SALVADOR, El Salvador (AP) \u2014 Nayib Bukele de El Salvador llev\u00f3 su campa\u00f1a de reelecci\u00f3n presidencial m\u00e1s all\u00e1 de las fronteras del peque\u00f1o pa\u00eds centroamericano el mi\u00e9rcoles por la noche para capitalizar su creciente perfil en toda Am\u00e9rica Latina. Durante un foro de dos horas en\u2026","rel":"","context":"En \u00abSin categor\u00eda\u00bb","block_context":{"text":"Sin categor\u00eda","link":"https:\/\/lasprimeras.com.do\/index.php\/category\/sin-categoria\/"},"img":{"alt_text":"Nayib Bukele","src":"https:\/\/i0.wp.com\/lasprimeras.com.do\/wp-content\/uploads\/2024\/01\/Nayib-Bukele.jpg?resize=350%2C200&ssl=1","width":350,"height":200,"srcset":"https:\/\/i0.wp.com\/lasprimeras.com.do\/wp-content\/uploads\/2024\/01\/Nayib-Bukele.jpg?resize=350%2C200&ssl=1 1x, https:\/\/i0.wp.com\/lasprimeras.com.do\/wp-content\/uploads\/2024\/01\/Nayib-Bukele.jpg?resize=525%2C300&ssl=1 1.5x, https:\/\/i0.wp.com\/lasprimeras.com.do\/wp-content\/uploads\/2024\/01\/Nayib-Bukele.jpg?resize=700%2C400&ssl=1 2x"},"classes":[]},{"id":75770,"url":"https:\/\/lasprimeras.com.do\/index.php\/2024\/02\/05\/bukele-se-pronuncia-luego-de-declararse-ganador-de-las-presidenciales-de-el-salvador\/","url_meta":{"origin":98963,"position":2},"title":"Bukele se pronuncia luego de declararse ganador de las presidenciales de El Salvador","author":"Nelson Feliz","date":"5 de febrero de 2024","format":false,"excerpt":"Los datos preliminares del TSE salvadore\u00f1o muestran una aplastante victoria del mandatario. El Salvador.-.La oposici\u00f3n en El Salvador ha quedado \"pulverizada\", declar\u00f3 Nayib Bukele tras proclamarse ganador de las elecciones presidenciales celebradas el domingo en el pa\u00eds centroamericano. \"Vencimos el bipartidismo que nos ten\u00eda sometidos y pasamos la p\u00e1gina. Le\u2026","rel":"","context":"En \u00abSin categor\u00eda\u00bb","block_context":{"text":"Sin categor\u00eda","link":"https:\/\/lasprimeras.com.do\/index.php\/category\/sin-categoria\/"},"img":{"alt_text":"El presidente salvadore\u00f1o Nayib Bukele saluda a sus partidarios junto a su esposa Gabriela Rodr\u00edguez tras las elecciones presidenciales el 4 de febrero de 2024. Marvin RECINOS \/ AFP","src":"https:\/\/i0.wp.com\/lasprimeras.com.do\/wp-content\/uploads\/2024\/02\/Nayib-Bukele.jpg?resize=350%2C200&ssl=1","width":350,"height":200,"srcset":"https:\/\/i0.wp.com\/lasprimeras.com.do\/wp-content\/uploads\/2024\/02\/Nayib-Bukele.jpg?resize=350%2C200&ssl=1 1x, https:\/\/i0.wp.com\/lasprimeras.com.do\/wp-content\/uploads\/2024\/02\/Nayib-Bukele.jpg?resize=525%2C300&ssl=1 1.5x, https:\/\/i0.wp.com\/lasprimeras.com.do\/wp-content\/uploads\/2024\/02\/Nayib-Bukele.jpg?resize=700%2C400&ssl=1 2x"},"classes":[]},{"id":124886,"url":"https:\/\/lasprimeras.com.do\/index.php\/2026\/03\/17\/bukele-y-su-partido-impulsan-reforma-para-establecer-cadena-perpetua-en-el-salvador\/","url_meta":{"origin":98963,"position":3},"title":"Bukele y su partido impulsan reforma para establecer cadena perpetua en El Salvador","author":"Nelson Feliz","date":"17 de marzo de 2026","format":false,"excerpt":"SAN SALVADOR (AP) \u2014 El presidente Nayib Bukele y su partido impulsan una reforma constitucional con el fin de establecer la cadena perpetua para asesinos, violadores y terroristas, en un pa\u00eds que ha encarcelado a m\u00e1s del 1% de su poblaci\u00f3n en su guerra contra las pandillas. \u201cEn estos momentos,\u2026","rel":"","context":"En \u00abINTERNACIONALES\u00bb","block_context":{"text":"INTERNACIONALES","link":"https:\/\/lasprimeras.com.do\/index.php\/category\/sin-categoria\/internacionales\/"},"img":{"alt_text":"Nayib Bukele","src":"https:\/\/i0.wp.com\/lasprimeras.com.do\/wp-content\/uploads\/2026\/03\/Nayib-Bukele.jpg?resize=350%2C200&ssl=1","width":350,"height":200,"srcset":"https:\/\/i0.wp.com\/lasprimeras.com.do\/wp-content\/uploads\/2026\/03\/Nayib-Bukele.jpg?resize=350%2C200&ssl=1 1x, https:\/\/i0.wp.com\/lasprimeras.com.do\/wp-content\/uploads\/2026\/03\/Nayib-Bukele.jpg?resize=525%2C300&ssl=1 1.5x, https:\/\/i0.wp.com\/lasprimeras.com.do\/wp-content\/uploads\/2026\/03\/Nayib-Bukele.jpg?resize=700%2C400&ssl=1 2x"},"classes":[]},{"id":104144,"url":"https:\/\/lasprimeras.com.do\/index.php\/2025\/07\/22\/fiscalia-de-venezuela-abre-investigacion-contra-nayib-bukele-por-presunto-maltrato-a-migrantes\/","url_meta":{"origin":98963,"position":4},"title":"Fiscal\u00eda de Venezuela abre investigaci\u00f3n contra Nayib Bukele por presunto maltrato a migrantes","author":"Nelson Feliz","date":"22 de julio de 2025","format":false,"excerpt":"CARACAS (AP) \u2014 La Fiscal\u00eda General de Venezuela anunci\u00f3 el lunes que abri\u00f3 una investigaci\u00f3n formal contra el presidente salvadore\u00f1o Nayib Bukele tras las denuncias por presuntos malos tratos y violaciones de derechos humanos que hicieron migrantes venezolanos deportados por Estados Unidos y encarcelados en El Salvador. El fiscal general\u2026","rel":"","context":"En \u00abINTERNACIONALES\u00bb","block_context":{"text":"INTERNACIONALES","link":"https:\/\/lasprimeras.com.do\/index.php\/category\/sin-categoria\/internacionales\/"},"img":{"alt_text":"","src":"https:\/\/i0.wp.com\/lasprimeras.com.do\/wp-content\/uploads\/2025\/07\/deportaciones.jpg?resize=350%2C200&ssl=1","width":350,"height":200,"srcset":"https:\/\/i0.wp.com\/lasprimeras.com.do\/wp-content\/uploads\/2025\/07\/deportaciones.jpg?resize=350%2C200&ssl=1 1x, https:\/\/i0.wp.com\/lasprimeras.com.do\/wp-content\/uploads\/2025\/07\/deportaciones.jpg?resize=525%2C300&ssl=1 1.5x, https:\/\/i0.wp.com\/lasprimeras.com.do\/wp-content\/uploads\/2025\/07\/deportaciones.jpg?resize=700%2C400&ssl=1 2x"},"classes":[]},{"id":55990,"url":"https:\/\/lasprimeras.com.do\/index.php\/2023\/07\/27\/voces-del-sur-pide-a-bukele-un-alto-al-acoso-y-hostigamiento-de-la-prensa-en-el-salvador\/","url_meta":{"origin":98963,"position":5},"title":"Voces del Sur pide a Bukele un alto al &#8220;acoso y hostigamiento&#8221; de la prensa en El Salvador","author":"Nelson Feliz","date":"27 de julio de 2023","format":false,"excerpt":"La red latinoamericana de organizaciones Voces del Sur pidi\u00f3 al presidente salvadore\u00f1o, Nayib Bukele, un alto al \"acoso y hostigamiento\" contra la prensa cr\u00edtica. \"Pedimos nuevamente a Nayib Bukele que disponga el cese del acoso y hostigamiento desde el Gobierno contra la prensa y el periodismo cr\u00edtico\", public\u00f3 el ente\u2026","rel":"","context":"En \u00abSin categor\u00eda\u00bb","block_context":{"text":"Sin categor\u00eda","link":"https:\/\/lasprimeras.com.do\/index.php\/category\/sin-categoria\/"},"img":{"alt_text":"Nayib Bukele","src":"https:\/\/i0.wp.com\/lasprimeras.com.do\/wp-content\/uploads\/2023\/07\/Nayib-Bukele-2.jpg?resize=350%2C200&ssl=1","width":350,"height":200,"srcset":"https:\/\/i0.wp.com\/lasprimeras.com.do\/wp-content\/uploads\/2023\/07\/Nayib-Bukele-2.jpg?resize=350%2C200&ssl=1 1x, https:\/\/i0.wp.com\/lasprimeras.com.do\/wp-content\/uploads\/2023\/07\/Nayib-Bukele-2.jpg?resize=525%2C300&ssl=1 1.5x, https:\/\/i0.wp.com\/lasprimeras.com.do\/wp-content\/uploads\/2023\/07\/Nayib-Bukele-2.jpg?resize=700%2C400&ssl=1 2x"},"classes":[]}],"jetpack_sharing_enabled":true,"_links":{"self":[{"href":"https:\/\/lasprimeras.com.do\/index.php\/wp-json\/wp\/v2\/posts\/98963","targetHints":{"allow":["GET"]}}],"collection":[{"href":"https:\/\/lasprimeras.com.do\/index.php\/wp-json\/wp\/v2\/posts"}],"about":[{"href":"https:\/\/lasprimeras.com.do\/index.php\/wp-json\/wp\/v2\/types\/post"}],"author":[{"embeddable":true,"href":"https:\/\/lasprimeras.com.do\/index.php\/wp-json\/wp\/v2\/users\/10"}],"replies":[{"embeddable":true,"href":"https:\/\/lasprimeras.com.do\/index.php\/wp-json\/wp\/v2\/comments?post=98963"}],"version-history":[{"count":1,"href":"https:\/\/lasprimeras.com.do\/index.php\/wp-json\/wp\/v2\/posts\/98963\/revisions"}],"predecessor-version":[{"id":98966,"href":"https:\/\/lasprimeras.com.do\/index.php\/wp-json\/wp\/v2\/posts\/98963\/revisions\/98966"}],"wp:featuredmedia":[{"embeddable":true,"href":"https:\/\/lasprimeras.com.do\/index.php\/wp-json\/wp\/v2\/media\/98964"}],"wp:attachment":[{"href":"https:\/\/lasprimeras.com.do\/index.php\/wp-json\/wp\/v2\/media?parent=98963"}],"wp:term":[{"taxonomy":"category","embeddable":true,"href":"https:\/\/lasprimeras.com.do\/index.php\/wp-json\/wp\/v2\/categories?post=98963"},{"taxonomy":"post_tag","embeddable":true,"href":"https:\/\/lasprimeras.com.do\/index.php\/wp-json\/wp\/v2\/tags?post=98963"}],"curies":[{"name":"wp","href":"https:\/\/api.w.org\/{rel}","templated":true}]}}