{"id":98982,"date":"2025-05-14T23:50:50","date_gmt":"2025-05-15T03:50:50","guid":{"rendered":"https:\/\/lasprimeras.com.do\/?p=98982"},"modified":"2025-05-14T23:50:50","modified_gmt":"2025-05-15T03:50:50","slug":"cirugias-ambulatorias-de-alta-tecnologia-costo-eficiencia-y-recuperacion-segura-en-el-hogar","status":"publish","type":"post","link":"https:\/\/lasprimeras.com.do\/index.php\/2025\/05\/14\/cirugias-ambulatorias-de-alta-tecnologia-costo-eficiencia-y-recuperacion-segura-en-el-hogar\/","title":{"rendered":"Cirug\u00edas ambulatorias de alta tecnolog\u00eda: costo-eficiencia y recuperaci\u00f3n segura en el hogar"},"content":{"rendered":"\n<p>La medicina moderna evoluciona, y con ella, las formas de sanar. Hoy, gracias a los avances tecnol\u00f3gicos y un enfoque m\u00e9dico centrado en las personas, recuperarse en casa tras una cirug\u00eda ya no es una excepci\u00f3n, sino una pr\u00e1ctica segura, efectiva y cada vez m\u00e1s com\u00fan en Rep\u00fablica Dominicana.<\/p>\n\n\n\n<p>En M\u00e9dico Express, las cirug\u00edas ambulatorias combinan tecnolog\u00eda de \u00faltima generaci\u00f3n, protocolos cl\u00ednicos rigurosos y una atenci\u00f3n completamente personalizada que prioriza el bienestar integral del paciente.<\/p>\n\n\n\n<p>\u201cEl futuro de la cirug\u00eda no es solo menos invasivo, sino m\u00e1s humano\u201d, afirma el Dr. Santiago Abreu, anestesi\u00f3logo y coordinador de la Unidad de Cirug\u00eda Ambulatoria de M\u00e9dico Express, en una reciente entrevista para el programa El Poder de la Salud, transmitido por Teleradioam\u00e9rica.<\/p>\n\n\n\n<p>\u201cNuestro modelo permite que el paciente regrese a casa el mismo d\u00eda, con menos dolor, menor riesgo de infecciones y una recuperaci\u00f3n f\u00edsica y emocionalmente m\u00e1s favorable.\u201d<\/p>\n\n\n\n<p>Este innovador enfoque se sustenta en la aplicaci\u00f3n de protocolos estandarizados basados en evidencia, que aseguran calidad y seguridad desde la preparaci\u00f3n preoperatoria hasta el seguimiento postquir\u00fargico.<\/p>\n\n\n\n<p>Un equipo multidisciplinario de especialistas, enfermer\u00eda, t\u00e9cnicos y personal de apoyo trabaja de forma coordinada para ofrecer una experiencia de salud integral y consistente.<\/p>\n\n\n\n<p>\u201cLa clave est\u00e1 en poner al paciente en el centro de todo. Escuchamos sus necesidades, adaptamos cada procedimiento a su perfil cl\u00ednico y utilizamos tecnolog\u00edas que optimizan cada paso del proceso\u201d, agreg\u00f3 el Dr. Abreu, quien tambi\u00e9n cuenta con formaci\u00f3n especializada en gesti\u00f3n de bloques quir\u00fargicos y control multimodal del dolor agudo postoperatorio.<\/p>\n\n\n\n<p>Las cirug\u00edas ambulatorias de M\u00e9dico Express abarcan una amplia gama de especialidades, incluyendo cirug\u00eda general, ortopedia, otorrinolaringolog\u00eda, coloproctolog\u00eda, ginecolog\u00eda, urolog\u00eda y dermatolog\u00eda, entre otras. Todo bajo un modelo que incorpora control avanzado del dolor, monitoreo remoto y una comunicaci\u00f3n continua con el paciente durante su recuperaci\u00f3n.<\/p>\n\n\n\n<p>Reconocido por su enfoque en innovaci\u00f3n y calidad, M\u00e9dico Express es un centro ambulatorio certificado internacionalmente por Global Healthcare Accreditation y Fitwel.<\/p>\n\n\n\n<p>Su moderna infraestructura incluye una avanzada unidad de im\u00e1genes diagn\u00f3sticas, uso de inteligencia artificial para apoyo cl\u00ednico y m\u00e1s de 40 especialidades m\u00e9dicas al servicio del paciente dominicano y turistas de salud.<\/p>\n\n\n\n<p>Esta visi\u00f3n de atenci\u00f3n m\u00e9dica adopta las mejores pr\u00e1cticas de los est\u00e1ndares de salud de Europa y Estados Unidos y posiciona a Rep\u00fablica Dominicana como l\u00edder de Centroam\u00e9rica y el Caribe en la transformaci\u00f3n de la experiencia quir\u00fargica: una experiencia m\u00e1s segura, m\u00e1s eficiente y profundamente humana concluy\u00f3 el especialista.<\/p>\n","protected":false},"excerpt":{"rendered":"<p>La medicina moderna evoluciona, y con ella, las formas de sanar. Hoy, gracias a los avances tecnol\u00f3gicos y un enfoque m\u00e9dico centrado en las personas, recuperarse en casa tras una&hellip;<\/p>\n","protected":false},"author":10,"featured_media":98983,"comment_status":"open","ping_status":"open","sticky":false,"template":"","format":"standard","meta":{"content-type":"","jetpack_post_was_ever_published":false,"_jetpack_newsletter_access":"","_jetpack_dont_email_post_to_subs":false,"_jetpack_newsletter_tier_id":0,"_jetpack_memberships_contains_paywalled_content":false,"_jetpack_memberships_contains_paid_content":false,"footnotes":""},"categories":[16558],"tags":[7526,19554,19553,19555,14870,9442],"class_list":["post-98982","post","type-post","status-publish","format-standard","has-post-thumbnail","hentry","category-salud","tag-alta-tecnologia","tag-ambulatorias","tag-cirugias","tag-costo-eficiencia","tag-recuperacion","tag-segura"],"jetpack_featured_media_url":"https:\/\/lasprimeras.com.do\/wp-content\/uploads\/2025\/05\/cirugia-1.jpg","jetpack-related-posts":[{"id":78318,"url":"https:\/\/lasprimeras.com.do\/index.php\/2024\/03\/14\/medico-express-y-barnaclinic-firman-convenio-interinstitucional\/","url_meta":{"origin":98982,"position":0},"title":"M\u00e9dico Express y Barnaclinic firman convenio interinstitucional","author":"Nelson Feliz","date":"14 de marzo de 2024","format":false,"excerpt":"El moderno centro ambulatorio prestar\u00e1 servicios de consulta, cirug\u00eda, departamento internacional, urgencias de adulto y pediatr\u00eda, laboratorio cl\u00ednico, y estudios de im\u00e1genes avanzadas. Con el objetivo de promover mejores pr\u00e1cticas, atenci\u00f3n m\u00e9dica especializada y transferencia de conocimientos, M\u00e9dico Express San Isidro y Barnaclinic suscribieron un acuerdo interinstitucional. El convenio entre\u2026","rel":"","context":"En \u00abSin categor\u00eda\u00bb","block_context":{"text":"Sin categor\u00eda","link":"https:\/\/lasprimeras.com.do\/index.php\/category\/sin-categoria\/"},"img":{"alt_text":"Doctor Alejandro Cambiaso","src":"https:\/\/i0.wp.com\/lasprimeras.com.do\/wp-content\/uploads\/2024\/03\/Doctor-Alejandro-Cambiaso.jpg?resize=350%2C200&ssl=1","width":350,"height":200},"classes":[]},{"id":74376,"url":"https:\/\/lasprimeras.com.do\/index.php\/2024\/01\/22\/medico-express-ofrece-oportunidades-al-talento-humano\/","url_meta":{"origin":98982,"position":1},"title":"M\u00e9dico Express ofrece oportunidades al talento humano","author":"Nelson Feliz","date":"22 de enero de 2024","format":false,"excerpt":"El primer centro ambulatorio que apuesta a la transformaci\u00f3n digital del sector salud, tecnolog\u00eda de punta y al turismo m\u00e9dico en Santo Domingo Este, anunci\u00f3 que se encuentra en su fase de reclutamiento de talento humano. La apertura del moderno establecimiento m\u00e9dico, generar\u00e1 m\u00e1s de 200 empleos directos y 400\u2026","rel":"","context":"En \u00abSin categor\u00eda\u00bb","block_context":{"text":"Sin categor\u00eda","link":"https:\/\/lasprimeras.com.do\/index.php\/category\/sin-categoria\/"},"img":{"alt_text":"M\u00e9dico Express San Isidro","src":"https:\/\/i0.wp.com\/lasprimeras.com.do\/wp-content\/uploads\/2024\/01\/Medico-Express-San-Isidro.jpg?resize=350%2C200&ssl=1","width":350,"height":200,"srcset":"https:\/\/i0.wp.com\/lasprimeras.com.do\/wp-content\/uploads\/2024\/01\/Medico-Express-San-Isidro.jpg?resize=350%2C200&ssl=1 1x, https:\/\/i0.wp.com\/lasprimeras.com.do\/wp-content\/uploads\/2024\/01\/Medico-Express-San-Isidro.jpg?resize=525%2C300&ssl=1 1.5x, https:\/\/i0.wp.com\/lasprimeras.com.do\/wp-content\/uploads\/2024\/01\/Medico-Express-San-Isidro.jpg?resize=700%2C400&ssl=1 2x"},"classes":[]},{"id":120988,"url":"https:\/\/lasprimeras.com.do\/index.php\/2026\/01\/29\/medico-express-y-la-asociacion-de-hoteles-de-santo-domingo-firman-acuerdo-en-fitur\/","url_meta":{"origin":98982,"position":2},"title":"M\u00e9dico Express y la Asociaci\u00f3n de Hoteles de Santo Domingo firman acuerdo en FITUR","author":"Nelson Feliz","date":"29 de enero de 2026","format":false,"excerpt":"El convenio dispone de un canal directo de referimiento para urgencias, consultas, im\u00e1genes diagn\u00f3sticas, laboratorio cl\u00ednico, gastroenterolog\u00eda, odontolog\u00eda, oftalmolog\u00eda y cirug\u00eda ambulatoria, bajo protocolos de respuesta r\u00e1pida y atenci\u00f3n biling\u00fce y coordinaci\u00f3n institucional. Madrid, Espa\u00f1a. En el marco de FITUR 2026, M\u00e9dico Express y la Asociaci\u00f3n de Hoteles de Santo\u2026","rel":"","context":"En \u00abSALUD\u00bb","block_context":{"text":"SALUD","link":"https:\/\/lasprimeras.com.do\/index.php\/category\/salud\/"},"img":{"alt_text":"El convenio dispone de un canal directo de referimiento para urgencias, consultas, im\u00e1genes diagn\u00f3sticas, laboratorio cl\u00ednico, gastroenterolog\u00eda, odontolog\u00eda, oftalmolog\u00eda y cirug\u00eda ambulatoria, bajo protocolos de respuesta r\u00e1pida y atenci\u00f3n biling\u00fce y coordinaci\u00f3n institucional.","src":"https:\/\/i0.wp.com\/lasprimeras.com.do\/wp-content\/uploads\/2026\/01\/fitur-1-1.jpg?resize=350%2C200&ssl=1","width":350,"height":200,"srcset":"https:\/\/i0.wp.com\/lasprimeras.com.do\/wp-content\/uploads\/2026\/01\/fitur-1-1.jpg?resize=350%2C200&ssl=1 1x, https:\/\/i0.wp.com\/lasprimeras.com.do\/wp-content\/uploads\/2026\/01\/fitur-1-1.jpg?resize=525%2C300&ssl=1 1.5x, https:\/\/i0.wp.com\/lasprimeras.com.do\/wp-content\/uploads\/2026\/01\/fitur-1-1.jpg?resize=700%2C400&ssl=1 2x"},"classes":[]},{"id":86169,"url":"https:\/\/lasprimeras.com.do\/index.php\/2024\/07\/19\/emergencia-o-urgencia-a-cual-asistir\/","url_meta":{"origin":98982,"position":3},"title":"Emergencia o urgencia \u00bfa cu\u00e1l asistir?","author":"Nelson Feliz","date":"19 de julio de 2024","format":false,"excerpt":"-*- Cuando un paciente que deber\u00eda ir a un centro de urgencias acude a uno de emergencia, disminuye la calidad en la atenci\u00f3n, y provoca que el tiempo de espera sea mayor para personas que su vida est\u00e1 en riesgo. Cerca de un 80% de los pacientes que llegan a\u2026","rel":"","context":"En \u00abSin categor\u00eda\u00bb","block_context":{"text":"Sin categor\u00eda","link":"https:\/\/lasprimeras.com.do\/index.php\/category\/sin-categoria\/"},"img":{"alt_text":"Josu\u00e9 Hern\u00e1ndez","src":"https:\/\/i0.wp.com\/lasprimeras.com.do\/wp-content\/uploads\/2024\/07\/Josue-Hernandez.jpg?resize=350%2C200&ssl=1","width":350,"height":200,"srcset":"https:\/\/i0.wp.com\/lasprimeras.com.do\/wp-content\/uploads\/2024\/07\/Josue-Hernandez.jpg?resize=350%2C200&ssl=1 1x, https:\/\/i0.wp.com\/lasprimeras.com.do\/wp-content\/uploads\/2024\/07\/Josue-Hernandez.jpg?resize=525%2C300&ssl=1 1.5x, https:\/\/i0.wp.com\/lasprimeras.com.do\/wp-content\/uploads\/2024\/07\/Josue-Hernandez.jpg?resize=700%2C400&ssl=1 2x"},"classes":[]},{"id":99610,"url":"https:\/\/lasprimeras.com.do\/index.php\/2025\/05\/23\/total-scan-resonancia-magnetica-de-cuerpo-completo-disenado-para-apoyar-la-prevencion-y-diagnostico-temprano\/","url_meta":{"origin":98982,"position":4},"title":"Total Scan: resonancia magn\u00e9tica de cuerpo completo dise\u00f1ado para apoyar la prevenci\u00f3n y diagn\u00f3stico temprano","author":"Nelson Feliz","date":"23 de mayo de 2025","format":false,"excerpt":"El centro ambulatorio de salud de \u00faltima generaci\u00f3n M\u00e9dico Express, presenta el Total Scan, una avanzada resonancia magn\u00e9tica de cuerpo completo que ofrece una visi\u00f3n integral, precisa y no invasiva del estado de salud del paciente. Este estudio est\u00e1 especialmente dise\u00f1ado para apoyar la prevenci\u00f3n, el diagn\u00f3stico temprano y el\u2026","rel":"","context":"En \u00abSALUD\u00bb","block_context":{"text":"SALUD","link":"https:\/\/lasprimeras.com.do\/index.php\/category\/salud\/"},"img":{"alt_text":"","src":"https:\/\/i0.wp.com\/lasprimeras.com.do\/wp-content\/uploads\/2025\/05\/SCAN.jpg?resize=350%2C200&ssl=1","width":350,"height":200,"srcset":"https:\/\/i0.wp.com\/lasprimeras.com.do\/wp-content\/uploads\/2025\/05\/SCAN.jpg?resize=350%2C200&ssl=1 1x, https:\/\/i0.wp.com\/lasprimeras.com.do\/wp-content\/uploads\/2025\/05\/SCAN.jpg?resize=525%2C300&ssl=1 1.5x, https:\/\/i0.wp.com\/lasprimeras.com.do\/wp-content\/uploads\/2025\/05\/SCAN.jpg?resize=700%2C400&ssl=1 2x"},"classes":[]},{"id":103099,"url":"https:\/\/lasprimeras.com.do\/index.php\/2025\/07\/11\/medico-express-y-los-angeles-dodgers-fortalecen-salud-de-los-talento-deportivo-dominicano\/","url_meta":{"origin":98982,"position":5},"title":"M\u00e9dico Express y Los \u00c1ngeles Dodgers fortalecen salud de los talento deportivo dominicano","author":"Nelson Feliz","date":"11 de julio de 2025","format":false,"excerpt":"M\u00e9dico Express San Isidro y la Academia Nacional de B\u00e9isbol Amateur de la Rep\u00fablica Dominicana (ANBARD) firmaron un acuerdo de colaboraci\u00f3n institucional orientado a ofrecer servicios m\u00e9dicos de alta calidad y atenci\u00f3n especializada a atletas en formaci\u00f3n. A partir de este acuerdo, los jugadores, entrenadores y colaboradores de la academia\u2026","rel":"","context":"En \u00abSALUD\u00bb","block_context":{"text":"SALUD","link":"https:\/\/lasprimeras.com.do\/index.php\/category\/salud\/"},"img":{"alt_text":"","src":"https:\/\/i0.wp.com\/lasprimeras.com.do\/wp-content\/uploads\/2025\/07\/medico.jpg?resize=350%2C200&ssl=1","width":350,"height":200,"srcset":"https:\/\/i0.wp.com\/lasprimeras.com.do\/wp-content\/uploads\/2025\/07\/medico.jpg?resize=350%2C200&ssl=1 1x, https:\/\/i0.wp.com\/lasprimeras.com.do\/wp-content\/uploads\/2025\/07\/medico.jpg?resize=525%2C300&ssl=1 1.5x, https:\/\/i0.wp.com\/lasprimeras.com.do\/wp-content\/uploads\/2025\/07\/medico.jpg?resize=700%2C400&ssl=1 2x"},"classes":[]}],"jetpack_sharing_enabled":true,"_links":{"self":[{"href":"https:\/\/lasprimeras.com.do\/index.php\/wp-json\/wp\/v2\/posts\/98982","targetHints":{"allow":["GET"]}}],"collection":[{"href":"https:\/\/lasprimeras.com.do\/index.php\/wp-json\/wp\/v2\/posts"}],"about":[{"href":"https:\/\/lasprimeras.com.do\/index.php\/wp-json\/wp\/v2\/types\/post"}],"author":[{"embeddable":true,"href":"https:\/\/lasprimeras.com.do\/index.php\/wp-json\/wp\/v2\/users\/10"}],"replies":[{"embeddable":true,"href":"https:\/\/lasprimeras.com.do\/index.php\/wp-json\/wp\/v2\/comments?post=98982"}],"version-history":[{"count":1,"href":"https:\/\/lasprimeras.com.do\/index.php\/wp-json\/wp\/v2\/posts\/98982\/revisions"}],"predecessor-version":[{"id":98984,"href":"https:\/\/lasprimeras.com.do\/index.php\/wp-json\/wp\/v2\/posts\/98982\/revisions\/98984"}],"wp:featuredmedia":[{"embeddable":true,"href":"https:\/\/lasprimeras.com.do\/index.php\/wp-json\/wp\/v2\/media\/98983"}],"wp:attachment":[{"href":"https:\/\/lasprimeras.com.do\/index.php\/wp-json\/wp\/v2\/media?parent=98982"}],"wp:term":[{"taxonomy":"category","embeddable":true,"href":"https:\/\/lasprimeras.com.do\/index.php\/wp-json\/wp\/v2\/categories?post=98982"},{"taxonomy":"post_tag","embeddable":true,"href":"https:\/\/lasprimeras.com.do\/index.php\/wp-json\/wp\/v2\/tags?post=98982"}],"curies":[{"name":"wp","href":"https:\/\/api.w.org\/{rel}","templated":true}]}}