{"id":99097,"date":"2025-05-17T23:35:42","date_gmt":"2025-05-18T03:35:42","guid":{"rendered":"https:\/\/lasprimeras.com.do\/?p=99097"},"modified":"2025-05-17T23:35:44","modified_gmt":"2025-05-18T03:35:44","slug":"ministro-de-defensa-visita-el-salvador-para-conocer-su-modelo-de-seguridad","status":"publish","type":"post","link":"https:\/\/lasprimeras.com.do\/index.php\/2025\/05\/17\/ministro-de-defensa-visita-el-salvador-para-conocer-su-modelo-de-seguridad\/","title":{"rendered":"Ministro de Defensa visita El Salvador para conocer su modelo de seguridad"},"content":{"rendered":"\n<p>El ministro de Defensa de la Rep\u00fablica Dominicana, teniente general Carlos Antonio Fern\u00e1ndez Onofre, realiz\u00f3 una visita oficial a El Salvador, atendiendo una invitaci\u00f3n del Gabinete de Seguridad de ese pa\u00eds-<\/p>\n\n\n\n<p>Sostuvo que el objetivo es conocer su modelo de seguridad interior y estrategias de combate a la delincuencia y las pandillas, as\u00ed como fortalecer los lazos de cooperaci\u00f3n en materia de defensa y apoyo institucional a las autoridades civiles.<\/p>\n\n\n\n<p>La delegaci\u00f3n dominicana estuvo integrada adem\u00e1s por la ministra de Interior y Polic\u00eda, Faride Raful, y cumpli\u00f3 una agenda de trabajo coordinada por el Ministerio de Justicia y Seguridad P\u00fablica salvadore\u00f1o, que incluy\u00f3 reuniones estrat\u00e9gicas y visitas a instituciones vinculadas al sistema de seguridad p\u00fablica.<\/p>\n\n\n\n<p>Durante su estad\u00eda, el teniente general Fern\u00e1ndez Onofre sostuvo un encuentro con autoridades de la Academia Nacional de Seguridad P\u00fablica (ANSP), encabezadas por el comisionado C\u00e9sar Flores Murillo.<\/p>\n\n\n\n<p>Asimismo, realiz\u00f3 un recorrido por el Centro de Confinamiento del Terrorismo (CECOT), una instalaci\u00f3n de m\u00e1xima seguridad que ha ganado reconocimiento internacional por su modelo penitenciario.<\/p>\n\n\n\n<p>En la segunda jornada, el ministro dominicano se reuni\u00f3 con su hom\u00f3logo salvadore\u00f1o, vicealmirante Ren\u00e9 Francis Merino Monroy, ministro de la Defensa Nacional, con quien abord\u00f3 temas relacionados con la prevenci\u00f3n y combate de la criminalidad organizada, la cooperaci\u00f3n regional, el fortalecimiento de las capacidades institucionales y la misi\u00f3n de las tropas salvadore\u00f1as desplegadas en Hait\u00ed, en apoyo a los esfuerzos de estabilizaci\u00f3n y seguridad en ese pa\u00eds.<\/p>\n\n\n\n<p>Asimismo, sostuvo un encuentro de alto nivel con el ministro de Justicia y Seguridad P\u00fablica, licenciado Gustavo Villatoro, con quien intercambi\u00f3 experiencias sobre las acciones de control y disuasi\u00f3n frente a las pandillas, as\u00ed como la implementaci\u00f3n de pol\u00edticas integrales de seguridad ciudadana.<\/p>\n","protected":false},"excerpt":{"rendered":"<p>El ministro de Defensa de la Rep\u00fablica Dominicana, teniente general Carlos Antonio Fern\u00e1ndez Onofre, realiz\u00f3 una visita oficial a El Salvador, atendiendo una invitaci\u00f3n del Gabinete de Seguridad de ese&hellip;<\/p>\n","protected":false},"author":2,"featured_media":99098,"comment_status":"open","ping_status":"open","sticky":false,"template":"","format":"standard","meta":{"content-type":"","jetpack_post_was_ever_published":false,"_jetpack_newsletter_access":"","_jetpack_dont_email_post_to_subs":false,"_jetpack_newsletter_tier_id":0,"_jetpack_memberships_contains_paywalled_content":false,"_jetpack_memberships_contains_paid_content":false,"footnotes":""},"categories":[3057,25],"tags":[15605,523,598,1789,1432,1226,76],"class_list":["post-99097","post","type-post","status-publish","format-standard","has-post-thumbnail","hentry","category-militares","category-portada","tag-bilateral","tag-cooperacion","tag-el-salvador","tag-ministro-de-defensa","tag-modelo","tag-republica-dominicana","tag-seguridad"],"jetpack_featured_media_url":"https:\/\/lasprimeras.com.do\/wp-content\/uploads\/2025\/05\/modelo.jpg","jetpack-related-posts":[{"id":109198,"url":"https:\/\/lasprimeras.com.do\/index.php\/2025\/09\/15\/mide-conmemora-independencia-de-centroamerica-y-como-parte-de-la-cfac-condecora-a-44-militares-dominicanos\/","url_meta":{"origin":99097,"position":0},"title":"MIDE conmemora Independencia de Centroam\u00e9rica y, como parte de la CFAC, condecora a 44 militares dominicanos","author":"Nelson Feliz","date":"15 de septiembre de 2025","format":false,"excerpt":"El Ministerio de Defensa (MIDE) realiz\u00f3 este lunes una solemne ceremonia de izada de banderas en conmemoraci\u00f3n del 204 aniversario de la Independencia de los pa\u00edses centroamericanos (Costa Rica, El Salvador, Guatemala, Honduras y Nicaragua), reafirmando los lazos hist\u00f3ricos, culturales y de integraci\u00f3n que unen a la Rep\u00fablica Dominicana con\u2026","rel":"","context":"En \u00abMILITARES\u00bb","block_context":{"text":"MILITARES","link":"https:\/\/lasprimeras.com.do\/index.php\/category\/militares\/"},"img":{"alt_text":"","src":"https:\/\/i0.wp.com\/lasprimeras.com.do\/wp-content\/uploads\/2025\/09\/mide.jpg?resize=350%2C200&ssl=1","width":350,"height":200,"srcset":"https:\/\/i0.wp.com\/lasprimeras.com.do\/wp-content\/uploads\/2025\/09\/mide.jpg?resize=350%2C200&ssl=1 1x, https:\/\/i0.wp.com\/lasprimeras.com.do\/wp-content\/uploads\/2025\/09\/mide.jpg?resize=525%2C300&ssl=1 1.5x, https:\/\/i0.wp.com\/lasprimeras.com.do\/wp-content\/uploads\/2025\/09\/mide.jpg?resize=700%2C400&ssl=1 2x"},"classes":[]},{"id":122536,"url":"https:\/\/lasprimeras.com.do\/index.php\/2026\/02\/19\/embajadora-de-los-estados-unidos-realiza-visita-oficial-al-ministro-de-defensa\/","url_meta":{"origin":99097,"position":1},"title":"Embajadora de los Estados Unidos realiza visita oficial al ministro de Defensa","author":"Nelson Feliz","date":"19 de febrero de 2026","format":false,"excerpt":"El ministro de Defensa, teniente general Carlos Antonio Fern\u00e1ndez Onofre, recibi\u00f3 en su despacho la visita oficial de la embajadora de los Estados Unidos en la Rep\u00fablica Dominicana, Leah Francis Campos, en un encuentro que reafirma los s\u00f3lidos v\u00ednculos de cooperaci\u00f3n y amistad que unen a ambas naciones. La reuni\u00f3n\u2026","rel":"","context":"En \u00abNACIONALES\u00bb","block_context":{"text":"NACIONALES","link":"https:\/\/lasprimeras.com.do\/index.php\/category\/nacionales\/"},"img":{"alt_text":"","src":"https:\/\/i0.wp.com\/lasprimeras.com.do\/wp-content\/uploads\/2026\/02\/Embajadora-EE.UU_.jpg?resize=350%2C200&ssl=1","width":350,"height":200,"srcset":"https:\/\/i0.wp.com\/lasprimeras.com.do\/wp-content\/uploads\/2026\/02\/Embajadora-EE.UU_.jpg?resize=350%2C200&ssl=1 1x, https:\/\/i0.wp.com\/lasprimeras.com.do\/wp-content\/uploads\/2026\/02\/Embajadora-EE.UU_.jpg?resize=525%2C300&ssl=1 1.5x, https:\/\/i0.wp.com\/lasprimeras.com.do\/wp-content\/uploads\/2026\/02\/Embajadora-EE.UU_.jpg?resize=700%2C400&ssl=1 2x"},"classes":[]},{"id":120522,"url":"https:\/\/lasprimeras.com.do\/index.php\/2026\/01\/25\/abinader-y-jose-antonio-kast-reconocen-avances-del-pais-en-seguridad-y-desarrollo\/","url_meta":{"origin":99097,"position":2},"title":"Abinader y Jos\u00e9 Antonio Kast reconocen avances del pa\u00eds en seguridad y desarrollo","author":"Nelson Feliz","date":"25 de enero de 2026","format":false,"excerpt":"Presidente electo de Chile valora el modelo dominicano de control fronterizo y fortalece la cooperaci\u00f3n bilateral. El ministro de Defensa, teniente general Carlos Antonio Fern\u00e1ndez Onofre, ERD, present\u00f3 al presidente Luis Abinader y al presidente electo de la Rep\u00fablica de Chile, Jos\u00e9 Antonio Kast, los avances, alcances y beneficios estrat\u00e9gicos\u2026","rel":"","context":"En \u00abNACIONALES\u00bb","block_context":{"text":"NACIONALES","link":"https:\/\/lasprimeras.com.do\/index.php\/category\/nacionales\/"},"img":{"alt_text":"","src":"https:\/\/i0.wp.com\/lasprimeras.com.do\/wp-content\/uploads\/2026\/01\/pre.jpg?resize=350%2C200&ssl=1","width":350,"height":200,"srcset":"https:\/\/i0.wp.com\/lasprimeras.com.do\/wp-content\/uploads\/2026\/01\/pre.jpg?resize=350%2C200&ssl=1 1x, https:\/\/i0.wp.com\/lasprimeras.com.do\/wp-content\/uploads\/2026\/01\/pre.jpg?resize=525%2C300&ssl=1 1.5x, https:\/\/i0.wp.com\/lasprimeras.com.do\/wp-content\/uploads\/2026\/01\/pre.jpg?resize=700%2C400&ssl=1 2x"},"classes":[]},{"id":103490,"url":"https:\/\/lasprimeras.com.do\/index.php\/2025\/07\/15\/ministros-de-defensa-de-rd-y-colombia-reafirman-lazos-estrategicos-en-materia-de-seguridad-y-cooperacion\/","url_meta":{"origin":99097,"position":3},"title":"Ministros de Defensa de RD y Colombia reafirman lazos estrat\u00e9gicos en materia de seguridad y cooperaci\u00f3n","author":"Nelson Feliz","date":"15 de julio de 2025","format":false,"excerpt":"El Ministro de Defensa de la Rep\u00fablica Dominicana, teniente general Carlos Antonio Fern\u00e1ndez Onofre, ERD., recibi\u00f3 en visita oficial a su hom\u00f3logo colombiano, el se\u00f1or Pedro Arnulfo S\u00e1nchez Su\u00e1rez. El encuentro, celebrado en la sede del Ministerio de Defensa, sirvi\u00f3 para afianzar los hist\u00f3ricos v\u00ednculos entre ambas naciones y abordar\u2026","rel":"","context":"En \u00abMILITARES\u00bb","block_context":{"text":"MILITARES","link":"https:\/\/lasprimeras.com.do\/index.php\/category\/militares\/"},"img":{"alt_text":"","src":"https:\/\/i0.wp.com\/lasprimeras.com.do\/wp-content\/uploads\/2025\/07\/ministros.jpg?resize=350%2C200&ssl=1","width":350,"height":200,"srcset":"https:\/\/i0.wp.com\/lasprimeras.com.do\/wp-content\/uploads\/2025\/07\/ministros.jpg?resize=350%2C200&ssl=1 1x, https:\/\/i0.wp.com\/lasprimeras.com.do\/wp-content\/uploads\/2025\/07\/ministros.jpg?resize=525%2C300&ssl=1 1.5x, https:\/\/i0.wp.com\/lasprimeras.com.do\/wp-content\/uploads\/2025\/07\/ministros.jpg?resize=700%2C400&ssl=1 2x"},"classes":[]},{"id":124849,"url":"https:\/\/lasprimeras.com.do\/index.php\/2026\/03\/17\/ministro-de-defensa-y-embajadora-de-ee-uu-realizan-recorrido-por-la-zona-fronteriza-de-dajabon\/","url_meta":{"origin":99097,"position":4},"title":"Ministro de Defensa y embajadora de EE.UU. realizan recorrido por la zona fronteriza de Dajab\u00f3n","author":"Nelson Feliz","date":"17 de marzo de 2026","format":false,"excerpt":"El ministro de Defensa, teniente general Carlos Antonio Fern\u00e1ndez Onofre, realiz\u00f3 un recorrido estrat\u00e9gico por la zona fronteriza de Dajab\u00f3n junto a la embajadora de los Estados Unidos en la Rep\u00fablica Dominicana, quien estuvo acompa\u00f1ada de una comitiva oficial, con el prop\u00f3sito de conocer de primera mano la din\u00e1mica operativa\u2026","rel":"","context":"En \u00abMILITARES\u00bb","block_context":{"text":"MILITARES","link":"https:\/\/lasprimeras.com.do\/index.php\/category\/militares\/"},"img":{"alt_text":"zona fronteriza","src":"https:\/\/i0.wp.com\/lasprimeras.com.do\/wp-content\/uploads\/2026\/03\/zona-fronteriza-1.jpg?resize=350%2C200&ssl=1","width":350,"height":200,"srcset":"https:\/\/i0.wp.com\/lasprimeras.com.do\/wp-content\/uploads\/2026\/03\/zona-fronteriza-1.jpg?resize=350%2C200&ssl=1 1x, https:\/\/i0.wp.com\/lasprimeras.com.do\/wp-content\/uploads\/2026\/03\/zona-fronteriza-1.jpg?resize=525%2C300&ssl=1 1.5x, https:\/\/i0.wp.com\/lasprimeras.com.do\/wp-content\/uploads\/2026\/03\/zona-fronteriza-1.jpg?resize=700%2C400&ssl=1 2x"},"classes":[]},{"id":122791,"url":"https:\/\/lasprimeras.com.do\/index.php\/2026\/02\/22\/ministro-de-defensa-visita-base-naval-portuguesa-y-recorre-patrullero-de-altura-clase-tejo\/","url_meta":{"origin":99097,"position":5},"title":"Ministro de Defensa visita base naval portuguesa y recorre patrullero de altura Clase \u201cTejo\u201d","author":"Nelson Feliz","date":"22 de febrero de 2026","format":false,"excerpt":"Lisboa, Portugal. \u2013 Como parte de su agenda oficial en la Rep\u00fablica Portuguesa, el ministro de Defensa de la Rep\u00fablica Dominicana, teniente general Carlos Antonio Fern\u00e1ndez Onofre, realiz\u00f3 una visita a una base de la Armada de Portugal en Lisboa, donde pudo apreciar de primera mano un patrullero de altura\u2026","rel":"","context":"En \u00abNACIONALES\u00bb","block_context":{"text":"NACIONALES","link":"https:\/\/lasprimeras.com.do\/index.php\/category\/nacionales\/"},"img":{"alt_text":"","src":"https:\/\/i0.wp.com\/lasprimeras.com.do\/wp-content\/uploads\/2026\/02\/Trejo-1.jpg?resize=350%2C200&ssl=1","width":350,"height":200,"srcset":"https:\/\/i0.wp.com\/lasprimeras.com.do\/wp-content\/uploads\/2026\/02\/Trejo-1.jpg?resize=350%2C200&ssl=1 1x, https:\/\/i0.wp.com\/lasprimeras.com.do\/wp-content\/uploads\/2026\/02\/Trejo-1.jpg?resize=525%2C300&ssl=1 1.5x, https:\/\/i0.wp.com\/lasprimeras.com.do\/wp-content\/uploads\/2026\/02\/Trejo-1.jpg?resize=700%2C400&ssl=1 2x"},"classes":[]}],"jetpack_sharing_enabled":true,"_links":{"self":[{"href":"https:\/\/lasprimeras.com.do\/index.php\/wp-json\/wp\/v2\/posts\/99097","targetHints":{"allow":["GET"]}}],"collection":[{"href":"https:\/\/lasprimeras.com.do\/index.php\/wp-json\/wp\/v2\/posts"}],"about":[{"href":"https:\/\/lasprimeras.com.do\/index.php\/wp-json\/wp\/v2\/types\/post"}],"author":[{"embeddable":true,"href":"https:\/\/lasprimeras.com.do\/index.php\/wp-json\/wp\/v2\/users\/2"}],"replies":[{"embeddable":true,"href":"https:\/\/lasprimeras.com.do\/index.php\/wp-json\/wp\/v2\/comments?post=99097"}],"version-history":[{"count":1,"href":"https:\/\/lasprimeras.com.do\/index.php\/wp-json\/wp\/v2\/posts\/99097\/revisions"}],"predecessor-version":[{"id":99099,"href":"https:\/\/lasprimeras.com.do\/index.php\/wp-json\/wp\/v2\/posts\/99097\/revisions\/99099"}],"wp:featuredmedia":[{"embeddable":true,"href":"https:\/\/lasprimeras.com.do\/index.php\/wp-json\/wp\/v2\/media\/99098"}],"wp:attachment":[{"href":"https:\/\/lasprimeras.com.do\/index.php\/wp-json\/wp\/v2\/media?parent=99097"}],"wp:term":[{"taxonomy":"category","embeddable":true,"href":"https:\/\/lasprimeras.com.do\/index.php\/wp-json\/wp\/v2\/categories?post=99097"},{"taxonomy":"post_tag","embeddable":true,"href":"https:\/\/lasprimeras.com.do\/index.php\/wp-json\/wp\/v2\/tags?post=99097"}],"curies":[{"name":"wp","href":"https:\/\/api.w.org\/{rel}","templated":true}]}}