{"id":99100,"date":"2025-05-18T10:09:51","date_gmt":"2025-05-18T14:09:51","guid":{"rendered":"https:\/\/lasprimeras.com.do\/?p=99100"},"modified":"2025-05-18T10:10:43","modified_gmt":"2025-05-18T14:10:43","slug":"cielo-soleado-en-horas-matutinas-en-la-tarde-se-esperan-aguaceros","status":"publish","type":"post","link":"https:\/\/lasprimeras.com.do\/index.php\/2025\/05\/18\/cielo-soleado-en-horas-matutinas-en-la-tarde-se-esperan-aguaceros\/","title":{"rendered":"Cielo soleado en horas matutinas, en la tarde se esperan aguaceros"},"content":{"rendered":"\n<p>El Instituto Dominicano De Meteorolog\u00eda(INDOMET) informo que durante las horas matutinas predominar\u00e1 un cielo principalmente soleado con ligeros incrementos nubosos, solo se esperan algunos chubascos pasajeros sobre La Altagracia, El Seibo y Hato Mayor.<\/p>\n\n\n\n<p>Sin embargo, a mediados de la tarde, debido a la incidencia de una vaguada en los niveles bajos, volver\u00e1n a generarse aguaceros locales de moderados a fuertes, con tormentas el\u00e9ctricas y r\u00e1fagas de viento, en sectores de Santo Domingo, La Romana, San Pedro de Macor\u00eds, San Jos\u00e9 de Ocoa, Monse\u00f1or Nouel, San Crist\u00f3bal, La Vega, San Juan, El\u00edas Pi\u00f1a, entre otras.<\/p>\n\n\n\n<p>Dicha actividad estar\u00e1 presente hasta las primeras horas de la noche.<\/p>\n\n\n\n<p>Ma\u00f1ana lunes, continuaremos bajo la incidencia de la vaguada en los niveles bajos de la troposfera, lo que provocar\u00e1 en horas de la tarde, aguaceros moderados a fuertes, tormentas el\u00e9ctricas aisladas y ocasionales r\u00e1fagas de viento, sobre las provincias como La Altagracia, El Seibo, La Romana, Hato Mayor, Monte Plata, Santo Domingo (especialmente hacia la parte norte), Monse\u00f1or Nouel, La Vega, San Jos\u00e9 de Ocoa, San Juan, entre otras provincias bajo los niveles de alerta meteorol\u00f3gica.<\/p>\n\n\n\n<p>Las temperaturas c\u00e1lidas durante el d\u00eda, torn\u00e1ndose ligeramente agradables durante la noche y madrugada, principalmente en zonas monta\u00f1osas y valles del interior del pa\u00eds.<\/p>\n\n\n\n<p>El Centro Nacional de Pron\u00f3stico mantiene los niveles de Alertas y Avisos Meteorol\u00f3gicos ante el riesgo de crecidas de r\u00edos, arroyos, ca\u00f1adas e inundaciones rurales y urbanas, as\u00ed como, posibles deslizamientos de tierra en zonas vulnerables para las siguientes provincias:<\/p>\n\n\n\n<p>NIVELES DE ALERTAS AVISOS METEOROL\u00d3GICOS<\/p>\n\n\n\n<p>ALERTAS AVISOS DESCONTINUADAS<br>El Seibo<\/p>\n\n\n\n<p>San Jos\u00e9 de Ocoa Monte Plata<br>Peravia<\/p>\n\n\n\n<p>La Altagracia<br>Hato Mayor<\/p>\n\n\n\n<p>La Romana<\/p>\n\n\n\n<p>La Vega<\/p>\n\n\n\n<p>San Pedro de Macor\u00eds<\/p>\n\n\n\n<p>San Juan<\/p>\n\n\n\n<p>El Gran Santo Domingo<\/p>\n\n\n\n<p>San Crist\u00f3bal<\/p>\n\n\n\n<p>Monse\u00f1or Nouel S\u00e1nchez Ram\u00edrez<\/p>\n\n\n\n<p>Distrito Nacional: cielo soleado con ligeros incrementos nubosos. Aguaceros con tronadas aisladas, para la tarde.<\/p>\n\n\n\n<p>Santo Domingo Norte: cielo soleado con ligeros incrementos nubosos. Aguaceros con tronadas aisladas, para la tarde.<\/p>\n\n\n\n<p>Santo Domingo Este: cielo soleado con ligeros incrementos nubosos. Aguaceros con tronadas aisladas, para la tarde.<\/p>\n\n\n\n<p>Santo Domingo Oeste: cielo soleado con ligeros incrementos nubosos. Aguaceros con tronadas aisladas, para la tarde.<\/p>\n\n\n\n<p>Temperaturas: la m\u00ednima estar\u00e1 entre 21 \u00b0C y 23 \u00b0C, y la m\u00e1xima entre 31 \u00b0C y 33 \u00b0C.<\/p>\n\n\n\n<p>Este martes, predominar\u00e1n condiciones de buen tiempo, ya que tendremos una reducci\u00f3n de la humedad en nuestra \u00e1rea de pron\u00f3stico, por la incidencia de un sistema anticicl\u00f3nico, por consiguiente, se mantendr\u00e1 un ambiente soleado, poco nuboso y sin precipitaciones importantes.<\/p>\n\n\n\n<p>Solo se prev\u00e9n por el arrastre del viento y los efectos locales, la ocurrencia de algunos chubascos d\u00e9biles a moderados hacia localidades cercanas de monta\u00f1as.<\/p>\n","protected":false},"excerpt":{"rendered":"<p>El Instituto Dominicano De Meteorolog\u00eda(INDOMET) informo que durante las horas matutinas predominar\u00e1 un cielo principalmente soleado con ligeros incrementos nubosos, solo se esperan algunos chubascos pasajeros sobre La Altagracia, El&hellip;<\/p>\n","protected":false},"author":2,"featured_media":99101,"comment_status":"open","ping_status":"open","sticky":false,"template":"","format":"standard","meta":{"content-type":"","jetpack_post_was_ever_published":false,"_jetpack_newsletter_access":"","_jetpack_dont_email_post_to_subs":false,"_jetpack_newsletter_tier_id":0,"_jetpack_memberships_contains_paywalled_content":false,"_jetpack_memberships_contains_paid_content":false,"footnotes":""},"categories":[35,25],"tags":[2375,7711,19603,13553],"class_list":["post-99100","post","type-post","status-publish","format-standard","has-post-thumbnail","hentry","category-nacionales","category-portada","tag-aguaceros","tag-cielo-soleado","tag-horas-matutinas","tag-indomet"],"jetpack_featured_media_url":"https:\/\/lasprimeras.com.do\/wp-content\/uploads\/2025\/05\/cielo-soleado.jpg","jetpack-related-posts":[{"id":126952,"url":"https:\/\/lasprimeras.com.do\/index.php\/2026\/04\/07\/continuaran-los-aguaceros-por-la-incidencia-de-la-vaguada-se-mantienen-los-niveles-de-alertas\/","url_meta":{"origin":99100,"position":0},"title":"Continuar\u00e1n los aguaceros por la incidencia de la vaguada, se mantienen los niveles de alertas","author":"Nelson Feliz","date":"7 de abril de 2026","format":false,"excerpt":"El Instituto Dominicano de Meteorogia inform\u00f3 que desde la madrugada, se han estado generando lluvias de moderadas a fuertes, sobre localidades de La Romana, San Pedro de Macor\u00eds, Santo Domingo, San Crist\u00f3bal, Peravia, Azua y Barahona, se prev\u00e9 que esta actividad contin\u00fae hasta primeras horas de la ma\u00f1ana, ya que\u2026","rel":"","context":"En \u00abCLIMA\u00bb","block_context":{"text":"CLIMA","link":"https:\/\/lasprimeras.com.do\/index.php\/category\/clima\/"},"img":{"alt_text":"","src":"https:\/\/i0.wp.com\/lasprimeras.com.do\/wp-content\/uploads\/2023\/07\/lluvias-1.jpg?resize=350%2C200&ssl=1","width":350,"height":200,"srcset":"https:\/\/i0.wp.com\/lasprimeras.com.do\/wp-content\/uploads\/2023\/07\/lluvias-1.jpg?resize=350%2C200&ssl=1 1x, https:\/\/i0.wp.com\/lasprimeras.com.do\/wp-content\/uploads\/2023\/07\/lluvias-1.jpg?resize=525%2C300&ssl=1 1.5x"},"classes":[]},{"id":127146,"url":"https:\/\/lasprimeras.com.do\/index.php\/2026\/04\/09\/aguaceros-con-tronadas-y-rafagas-de-viento-por-por-vaguada-y-viento-del-sureste-informa-el-indomet\/","url_meta":{"origin":99100,"position":1},"title":"Aguaceros con tronadas y r\u00e1fagas de viento por por vaguada y viento del sureste, informa el Indomet","author":"Nelson Feliz","date":"9 de abril de 2026","format":false,"excerpt":"El Instituto Dominicano de Meteorogia (INDOMET) inform\u00f3 este jueves,durante las horas matutinas, se presentar\u00e1n algunos chubascos hacia La Altagracia, Saman\u00e1, Santo Domingo, San Crist\u00f3bal, Peravia, Barahona y Pedernales, generados por el viento c\u00e1lido del sureste en combinaci\u00f3n con la vaguada en niveles bajos de la troposfera, asociada al sistema frontal.\u2026","rel":"","context":"En \u00abCLIMA\u00bb","block_context":{"text":"CLIMA","link":"https:\/\/lasprimeras.com.do\/index.php\/category\/clima\/"},"img":{"alt_text":"Una mujer camina por una calle inundada el domingo 1 de febrero de 2026, en La Habana. (AP Foto\/Ram\u00f3n Espinosa)","src":"https:\/\/i0.wp.com\/lasprimeras.com.do\/wp-content\/uploads\/2026\/02\/lluvias-cuba.jpg?resize=350%2C200&ssl=1","width":350,"height":200,"srcset":"https:\/\/i0.wp.com\/lasprimeras.com.do\/wp-content\/uploads\/2026\/02\/lluvias-cuba.jpg?resize=350%2C200&ssl=1 1x, https:\/\/i0.wp.com\/lasprimeras.com.do\/wp-content\/uploads\/2026\/02\/lluvias-cuba.jpg?resize=525%2C300&ssl=1 1.5x, https:\/\/i0.wp.com\/lasprimeras.com.do\/wp-content\/uploads\/2026\/02\/lluvias-cuba.jpg?resize=700%2C400&ssl=1 2x"},"classes":[]},{"id":129043,"url":"https:\/\/lasprimeras.com.do\/index.php\/2026\/04\/29\/vaguada-continuara-generando-fuertes-aguaceros-y-tronadas-esta-tarde\/","url_meta":{"origin":99100,"position":2},"title":"Vaguada continuar\u00e1 generando fuertes aguaceros y tronadas est\u00e1 tarde","author":"Nelson Feliz","date":"29 de abril de 2026","format":false,"excerpt":"ALERTAS Y AVISOS METEOROL\u00d3GICOS ANTE RIESGO DE INUNDACIONES\u00a0 En primeras horas del d\u00eda, se observan algunos nublados generando aguaceros dispersos sobre El Seibo y Hato Mayor, esper\u00e1ndose que disminuyan en las pr\u00f3ximas horas. Sin embargo, en horas de la tarde los efectos de la vaguada volver\u00e1n a favorecer nublados importantes,\u2026","rel":"","context":"En \u00abCLIMA\u00bb","block_context":{"text":"CLIMA","link":"https:\/\/lasprimeras.com.do\/index.php\/category\/clima\/"},"img":{"alt_text":"INDOMET vigila una vaguada","src":"https:\/\/i0.wp.com\/lasprimeras.com.do\/wp-content\/uploads\/2026\/01\/vagauada.jpg?resize=350%2C200&ssl=1","width":350,"height":200,"srcset":"https:\/\/i0.wp.com\/lasprimeras.com.do\/wp-content\/uploads\/2026\/01\/vagauada.jpg?resize=350%2C200&ssl=1 1x, https:\/\/i0.wp.com\/lasprimeras.com.do\/wp-content\/uploads\/2026\/01\/vagauada.jpg?resize=525%2C300&ssl=1 1.5x, https:\/\/i0.wp.com\/lasprimeras.com.do\/wp-content\/uploads\/2026\/01\/vagauada.jpg?resize=700%2C400&ssl=1 2x"},"classes":[]},{"id":125883,"url":"https:\/\/lasprimeras.com.do\/index.php\/2026\/03\/27\/indomet-modifica-los-niveles-de-alerta-meteorologicas-15-provincias-estan-verde\/","url_meta":{"origin":99100,"position":3},"title":"Indomet modifica los niveles de alerta meteorol\u00f3gicas, 15 provincias est\u00e1n verde","author":"Nelson Feliz","date":"27 de marzo de 2026","format":false,"excerpt":"El Instituto Dominicano de Meteorogia inform\u00f3 que Hoy,\u00a0durante las horas matutinas, estar\u00e1n present\u00e1ndose lluvias d\u00e9biles a moderadas sobre Monte Cristi, Puerto Plata, Espaillat Mar\u00eda Trinidad S\u00e1nchez, Saman\u00e1, La Altagracia, entre otras. Para la tarde, estas precipitaciones se intensificar\u00e1n, por la incidencia de la vaguada, ocurriendo aguaceros moderados a fuertes, acompa\u00f1ados\u2026","rel":"","context":"En \u00abCLIMA\u00bb","block_context":{"text":"CLIMA","link":"https:\/\/lasprimeras.com.do\/index.php\/category\/clima\/"},"img":{"alt_text":"Disminuyen las precipitaciones hoy y ma\u00f1ana, las lluvias volver\u00e1n el domingo","src":"https:\/\/i0.wp.com\/lasprimeras.com.do\/wp-content\/uploads\/2026\/01\/LLUVIA.jpg?resize=350%2C200&ssl=1","width":350,"height":200,"srcset":"https:\/\/i0.wp.com\/lasprimeras.com.do\/wp-content\/uploads\/2026\/01\/LLUVIA.jpg?resize=350%2C200&ssl=1 1x, https:\/\/i0.wp.com\/lasprimeras.com.do\/wp-content\/uploads\/2026\/01\/LLUVIA.jpg?resize=525%2C300&ssl=1 1.5x"},"classes":[]},{"id":128917,"url":"https:\/\/lasprimeras.com.do\/index.php\/2026\/04\/28\/indomet-fuertes-aguaceros-tormentas-electricas-y-rafagas-de-viento-por-incidencia-de-vaguada\/","url_meta":{"origin":99100,"position":4},"title":"INDOMET: fuertes aguaceros, tormentas el\u00e9ctricas y r\u00e1fagas de viento por incidencia de vaguada","author":"Nelson Feliz","date":"28 de abril de 2026","format":false,"excerpt":"SIGUEN VIGENTES LAS ALERTAS Y AVISOS METEOROL\u00d3GICOS ANTE RIESGO DE INUNDACIONES El ambiente atmosf\u00e9rico del territorio dominicano seguir\u00e1 muy propicio, para que desde horas matutinas se presenten algunos nublados con chubascos dispersos a moderados en ocasiones y posibles tronadas, especialmente sobre: La Altagracia, San Pedro, La Romana, El Seibo, Monte\u2026","rel":"","context":"En \u00abCLIMA\u00bb","block_context":{"text":"CLIMA","link":"https:\/\/lasprimeras.com.do\/index.php\/category\/clima\/"},"img":{"alt_text":"","src":"https:\/\/i0.wp.com\/lasprimeras.com.do\/wp-content\/uploads\/2024\/09\/vaguada.jpg?resize=350%2C200&ssl=1","width":350,"height":200,"srcset":"https:\/\/i0.wp.com\/lasprimeras.com.do\/wp-content\/uploads\/2024\/09\/vaguada.jpg?resize=350%2C200&ssl=1 1x, https:\/\/i0.wp.com\/lasprimeras.com.do\/wp-content\/uploads\/2024\/09\/vaguada.jpg?resize=525%2C300&ssl=1 1.5x"},"classes":[]},{"id":126519,"url":"https:\/\/lasprimeras.com.do\/index.php\/2026\/04\/02\/indomet-emite-alerta-meteorologica-por-la-incidencia-de-una-vaguada\/","url_meta":{"origin":99100,"position":5},"title":"INDOMET emite alerta meteorol\u00f3gica por la incidencia de una vaguada","author":"Nelson Feliz","date":"2 de abril de 2026","format":false,"excerpt":"El Centro Nacional de Pron\u00f3sticos del INDOMET emite el nivel de ALERTA meteorol\u00f3gica, ante el riesgo de inundaciones urbanas este\/noreste y la incidencia de una vaguada. El INDOMET observa nubosidad generadora de aguaceros moderados a fuertes localmente, con tronadas aisladas y r\u00e1fagas de viento en provincias como el Gran Santo\u2026","rel":"","context":"En \u00abCLIMA\u00bb","block_context":{"text":"CLIMA","link":"https:\/\/lasprimeras.com.do\/index.php\/category\/clima\/"},"img":{"alt_text":"","src":"","width":0,"height":0},"classes":[]}],"jetpack_sharing_enabled":true,"_links":{"self":[{"href":"https:\/\/lasprimeras.com.do\/index.php\/wp-json\/wp\/v2\/posts\/99100","targetHints":{"allow":["GET"]}}],"collection":[{"href":"https:\/\/lasprimeras.com.do\/index.php\/wp-json\/wp\/v2\/posts"}],"about":[{"href":"https:\/\/lasprimeras.com.do\/index.php\/wp-json\/wp\/v2\/types\/post"}],"author":[{"embeddable":true,"href":"https:\/\/lasprimeras.com.do\/index.php\/wp-json\/wp\/v2\/users\/2"}],"replies":[{"embeddable":true,"href":"https:\/\/lasprimeras.com.do\/index.php\/wp-json\/wp\/v2\/comments?post=99100"}],"version-history":[{"count":1,"href":"https:\/\/lasprimeras.com.do\/index.php\/wp-json\/wp\/v2\/posts\/99100\/revisions"}],"predecessor-version":[{"id":99102,"href":"https:\/\/lasprimeras.com.do\/index.php\/wp-json\/wp\/v2\/posts\/99100\/revisions\/99102"}],"wp:featuredmedia":[{"embeddable":true,"href":"https:\/\/lasprimeras.com.do\/index.php\/wp-json\/wp\/v2\/media\/99101"}],"wp:attachment":[{"href":"https:\/\/lasprimeras.com.do\/index.php\/wp-json\/wp\/v2\/media?parent=99100"}],"wp:term":[{"taxonomy":"category","embeddable":true,"href":"https:\/\/lasprimeras.com.do\/index.php\/wp-json\/wp\/v2\/categories?post=99100"},{"taxonomy":"post_tag","embeddable":true,"href":"https:\/\/lasprimeras.com.do\/index.php\/wp-json\/wp\/v2\/tags?post=99100"}],"curies":[{"name":"wp","href":"https:\/\/api.w.org\/{rel}","templated":true}]}}