{"id":99108,"date":"2025-05-18T15:18:12","date_gmt":"2025-05-18T19:18:12","guid":{"rendered":"https:\/\/lasprimeras.com.do\/?p=99108"},"modified":"2025-05-18T15:18:14","modified_gmt":"2025-05-18T19:18:14","slug":"alcalde-de-lawrence-afirma-que-esa-es-la-unica-ciudad-del-mundo-donde-los-dominicanos-son-mayoria","status":"publish","type":"post","link":"https:\/\/lasprimeras.com.do\/index.php\/2025\/05\/18\/alcalde-de-lawrence-afirma-que-esa-es-la-unica-ciudad-del-mundo-donde-los-dominicanos-son-mayoria\/","title":{"rendered":"Alcalde de Lawrence afirma que esa es la \u00fanica ciudad del mundo donde los dominicanos son mayor\u00eda"},"content":{"rendered":"\n<p><strong>Dio la informaci\u00f3n en el marco de la feria inmobiliaria que desarrolla el Banco de Reservas en los Estados Unidos<\/strong><\/p>\n\n\n\n<p>ORLANDO ARIAS<\/p>\n\n\n\n<p>Lawrence, Massachusetts. \u2013 El alcalde de la ciudad de Lawrence, Massachusetts, Brian De Pe\u00f1a, destac\u00f3 que su jurisdicci\u00f3n es la \u00fanica ciudad en el mundo, fuera de la Rep\u00fablica Dominicana, donde la inmensa mayor\u00eda de los habitantes son de origen dominicano.<\/p>\n\n\n\n<p>La afirmaci\u00f3n fue hecha durante el desarrollo de la primera feria inmobiliaria organizada en el estado de Massachusetts por el Banco de Reservas de la Rep\u00fablica Dominicana, instituci\u00f3n que ya hab\u00eda realizado una similar en la ciudad de Nueva York, ambas jornadas fueron encabezadas por el administrador general de la entidad financiera, Samuel Pereyra.<\/p>\n\n\n\n<p>El edil resalt\u00f3 que aproximadamente el 90 % de los estudiantes del distrito escolar de Lawrence son dominicanos, al tiempo que indic\u00f3 que el 87 % de las viviendas en la ciudad est\u00e1n en manos de familias quisqueyanas que residen all\u00ed.<\/p>\n\n\n\n<p>De Pe\u00f1a precis\u00f3 adem\u00e1s que el 85 % de los negocios en Lawrence son propiedad de dominicanos, lo que a su juicio demuestra la fuerte incidencia comercial de la di\u00e1spora en esta ciudad.<\/p>\n\n\n\n<p>&#8220;En adici\u00f3n a esto, debo decirles que de nueve concejales en el Consejo de la Ciudad, ocho son dominicanos; de tres representantes en la C\u00e1mara Estatal, los tres son dominicanos; y de los dos senadores que tiene el estado de Massachusetts, ambos son latinos y uno de ellos es dominicano&#8221;, resalt\u00f3 el funcionario edilicio.<\/p>\n\n\n\n<p>Agreg\u00f3: \u201cEstamos hablando de la \u00fanica ciudad en el mundo, fuera de la Rep\u00fablica Dominicana, donde los dominicanos son la mayor\u00eda, y esto habla muy bien de esta comunidad de Lawrence, la m\u00e1s emblem\u00e1tica de todo el estado de Massachusetts&#8221;.<\/p>\n\n\n\n<figure class=\"wp-block-image size-full\"><img decoding=\"async\" width=\"700\" height=\"526\" src=\"https:\/\/lasprimeras.com.do\/wp-content\/uploads\/2025\/05\/Samuel-Pereyra.jpg\" alt=\"\" class=\"wp-image-99109\" srcset=\"https:\/\/lasprimeras.com.do\/wp-content\/uploads\/2025\/05\/Samuel-Pereyra.jpg 700w, https:\/\/lasprimeras.com.do\/wp-content\/uploads\/2025\/05\/Samuel-Pereyra-300x225.jpg 300w\" sizes=\"(max-width: 700px) 100vw, 700px\" \/><\/figure>\n\n\n\n<p>Durante su intervenci\u00f3n, De Pe\u00f1a subray\u00f3 tambi\u00e9n el compromiso pol\u00edtico y social de la comunidad dominicana en Lawrence. \u201cSomos una comunidad que apoya a los suyos\u201d, expres\u00f3, al tiempo que valor\u00f3 como un hecho hist\u00f3rico la realizaci\u00f3n de esta feria inmobiliaria por parte del Gobierno dominicano, a trav\u00e9s del Banreservas.<\/p>\n\n\n\n<p>Asimismo, anunci\u00f3 que, como parte de los planes de expansi\u00f3n y atenci\u00f3n a la di\u00e1spora, se contempla establecer pr\u00f3ximamente una sucursal del banco estatal dominicano en esta ciudad del noreste estadounidense.<\/p>\n\n\n\n<p>La feria inmobiliaria del Banreservas busca acercar a los dominicanos en el exterior a las oportunidades de inversi\u00f3n en bienes ra\u00edces en su pa\u00eds, brindando facilidades de financiamiento y acceso a informaci\u00f3n sobre proyectos residenciales y comerciales disponibles en distintas regiones de la Rep\u00fablica Dominicana.<\/p>\n","protected":false},"excerpt":{"rendered":"<p>Dio la informaci\u00f3n en el marco de la feria inmobiliaria que desarrolla el Banco de Reservas en los Estados Unidos ORLANDO ARIAS Lawrence, Massachusetts. \u2013 El alcalde de la ciudad&hellip;<\/p>\n","protected":false},"author":10,"featured_media":99110,"comment_status":"open","ping_status":"open","sticky":false,"template":"","format":"standard","meta":{"content-type":"","jetpack_post_was_ever_published":false,"_jetpack_newsletter_access":"","_jetpack_dont_email_post_to_subs":false,"_jetpack_newsletter_tier_id":0,"_jetpack_memberships_contains_paywalled_content":false,"_jetpack_memberships_contains_paid_content":false,"footnotes":""},"categories":[16289,25],"tags":[19604,6265,487,98,19265],"class_list":["post-99108","post","type-post","status-publish","format-standard","has-post-thumbnail","hentry","category-internacionales","category-portada","tag-alcalde-de-lawrence","tag-banco-de-reservas","tag-dominicanos","tag-estados-unidos","tag-feria-inmobiliaria"],"jetpack_featured_media_url":"https:\/\/lasprimeras.com.do\/wp-content\/uploads\/2025\/05\/Brian-De-Pena.jpg","jetpack-related-posts":[{"id":124304,"url":"https:\/\/lasprimeras.com.do\/index.php\/2026\/03\/10\/inmobiliaria-reservas-participara-en-la-3ra-feria-en-nueva-york-y-lawrence\/","url_meta":{"origin":99108,"position":0},"title":"Inmobiliaria Reservas participar\u00e1 en la 3ra Feria en Nueva York y Lawrence","author":"Nelson Feliz","date":"10 de marzo de 2026","format":false,"excerpt":"El evento representa una oportunidad para que los dominicanos de la di\u00e1spora puedan invertir en una vivienda en la Rep\u00fablica Dominicana. Inmobiliaria Reservas, empresa filial del Banco de Reservas, participar\u00e1 en la tercera Feria Inmobiliaria Banreservas, que se realizar\u00e1 del 18 al 22 de marzo en las ciudades de Nueva\u2026","rel":"","context":"En \u00abECONOM\u00cdA\u00bb","block_context":{"text":"ECONOM\u00cdA","link":"https:\/\/lasprimeras.com.do\/index.php\/category\/economia\/"},"img":{"alt_text":"","src":"https:\/\/i0.wp.com\/lasprimeras.com.do\/wp-content\/uploads\/2026\/03\/Feria-Inmobiliaria-Banreservas.jpg?resize=350%2C200&ssl=1","width":350,"height":200,"srcset":"https:\/\/i0.wp.com\/lasprimeras.com.do\/wp-content\/uploads\/2026\/03\/Feria-Inmobiliaria-Banreservas.jpg?resize=350%2C200&ssl=1 1x, https:\/\/i0.wp.com\/lasprimeras.com.do\/wp-content\/uploads\/2026\/03\/Feria-Inmobiliaria-Banreservas.jpg?resize=525%2C300&ssl=1 1.5x, https:\/\/i0.wp.com\/lasprimeras.com.do\/wp-content\/uploads\/2026\/03\/Feria-Inmobiliaria-Banreservas.jpg?resize=700%2C400&ssl=1 2x, https:\/\/i0.wp.com\/lasprimeras.com.do\/wp-content\/uploads\/2026\/03\/Feria-Inmobiliaria-Banreservas.jpg?resize=1050%2C600&ssl=1 3x"},"classes":[]},{"id":125274,"url":"https:\/\/lasprimeras.com.do\/index.php\/2026\/03\/21\/banreservas-inicia-segunda-etapa-de-su-feria-inmobiliaria-en-lawrence\/","url_meta":{"origin":99108,"position":1},"title":"Banreservas inicia segunda etapa de su Feria Inmobiliaria en Lawrence","author":"Nelson Feliz","date":"21 de marzo de 2026","format":false,"excerpt":"Henry Ogando, Pablo de la Rosa, Pavel Payano , Brian de Pe\u00f1a, Alieska D\u00edaz, Ysidro Garc\u00eda, Antonio Almonte, Celin\u00e9s Toribio, Rafael Madera y Miguel Ramos","rel":"","context":"En \u00abECONOM\u00cdA\u00bb","block_context":{"text":"ECONOM\u00cdA","link":"https:\/\/lasprimeras.com.do\/index.php\/category\/economia\/"},"img":{"alt_text":"Henry Ogando, Pablo de la Rosa, Pavel Payano , Brian de Pe\u00f1a, Alieska D\u00edaz, Ysidro Garc\u00eda, Antonio Almonte, Celin\u00e9s Toribio, Rafael Madera y Miguel Ramos","src":"https:\/\/i0.wp.com\/lasprimeras.com.do\/wp-content\/uploads\/2026\/03\/feria-bareservas-eeuu.jpg?resize=350%2C200&ssl=1","width":350,"height":200,"srcset":"https:\/\/i0.wp.com\/lasprimeras.com.do\/wp-content\/uploads\/2026\/03\/feria-bareservas-eeuu.jpg?resize=350%2C200&ssl=1 1x, https:\/\/i0.wp.com\/lasprimeras.com.do\/wp-content\/uploads\/2026\/03\/feria-bareservas-eeuu.jpg?resize=525%2C300&ssl=1 1.5x, https:\/\/i0.wp.com\/lasprimeras.com.do\/wp-content\/uploads\/2026\/03\/feria-bareservas-eeuu.jpg?resize=700%2C400&ssl=1 2x"},"classes":[]},{"id":79174,"url":"https:\/\/lasprimeras.com.do\/index.php\/2024\/03\/24\/feria-inmobiliaria-banreservas-en-ny-y-lawrence-genera-solicitudes-por-mas-de-rd8500-millones\/","url_meta":{"origin":99108,"position":2},"title":"Feria Inmobiliaria Banreservas en NY y Lawrence genera solicitudes por m\u00e1s de RD$8,500 millones","author":"Nelson Feliz","date":"24 de marzo de 2024","format":false,"excerpt":"Samuel Pereyra dice que la primera Feria Internacional Inmobiliaria de Banreservas en NY y Lawrence, celebrada el fin de semana, fortalece el v\u00ednculo con los dominicanos residentes en el exterior. Nueva York. - La primera Feria Inmobiliaria celebrada por el Banco de Reservas en esta ciudad y Lawrence gener\u00f3 un\u2026","rel":"","context":"En \u00abECONOM\u00cdA\u00bb","block_context":{"text":"ECONOM\u00cdA","link":"https:\/\/lasprimeras.com.do\/index.php\/category\/economia\/"},"img":{"alt_text":"Feria Inmobiliaria Banreservas en NY","src":"https:\/\/i0.wp.com\/lasprimeras.com.do\/wp-content\/uploads\/2024\/03\/Feria-Inmobiliaria-Banreservas-en-NY-1.jpg?resize=350%2C200&ssl=1","width":350,"height":200,"srcset":"https:\/\/i0.wp.com\/lasprimeras.com.do\/wp-content\/uploads\/2024\/03\/Feria-Inmobiliaria-Banreservas-en-NY-1.jpg?resize=350%2C200&ssl=1 1x, https:\/\/i0.wp.com\/lasprimeras.com.do\/wp-content\/uploads\/2024\/03\/Feria-Inmobiliaria-Banreservas-en-NY-1.jpg?resize=525%2C300&ssl=1 1.5x, https:\/\/i0.wp.com\/lasprimeras.com.do\/wp-content\/uploads\/2024\/03\/Feria-Inmobiliaria-Banreservas-en-NY-1.jpg?resize=700%2C400&ssl=1 2x"},"classes":[]},{"id":124972,"url":"https:\/\/lasprimeras.com.do\/index.php\/2026\/03\/18\/banreservas-inaugura-tercera-feria-inmobiliaria-en-nueva-york-y-lawrence-con-tasas-desde-9-50\/","url_meta":{"origin":99108,"position":3},"title":"Banreservas inaugura tercera Feria Inmobiliaria en Nueva York y Lawrence con tasas desde 9.50%","author":"Nelson Feliz","date":"18 de marzo de 2026","format":false,"excerpt":"Leonardo Aguilera entrega las primeras llaves a clientes durante el evento, que se extender\u00e1 hasta el 22 de marzo Nueva York.\u2013 El Banco de Reservas de la Rep\u00fablica Dominicana inaugur\u00f3 este mi\u00e9rcoles su tercera Feria Inmobiliaria en Nueva York y Lawrence, con tasas desde 9.50%, con el objetivo de facilitar\u2026","rel":"","context":"En \u00abECONOM\u00cdA\u00bb","block_context":{"text":"ECONOM\u00cdA","link":"https:\/\/lasprimeras.com.do\/index.php\/category\/economia\/"},"img":{"alt_text":"","src":"https:\/\/i0.wp.com\/lasprimeras.com.do\/wp-content\/uploads\/2026\/03\/IMG-20260318-WA0557.jpg?resize=350%2C200&ssl=1","width":350,"height":200,"srcset":"https:\/\/i0.wp.com\/lasprimeras.com.do\/wp-content\/uploads\/2026\/03\/IMG-20260318-WA0557.jpg?resize=350%2C200&ssl=1 1x, https:\/\/i0.wp.com\/lasprimeras.com.do\/wp-content\/uploads\/2026\/03\/IMG-20260318-WA0557.jpg?resize=525%2C300&ssl=1 1.5x, https:\/\/i0.wp.com\/lasprimeras.com.do\/wp-content\/uploads\/2026\/03\/IMG-20260318-WA0557.jpg?resize=700%2C400&ssl=1 2x, https:\/\/i0.wp.com\/lasprimeras.com.do\/wp-content\/uploads\/2026\/03\/IMG-20260318-WA0557.jpg?resize=1050%2C600&ssl=1 3x"},"classes":[]},{"id":124142,"url":"https:\/\/lasprimeras.com.do\/index.php\/2026\/03\/08\/banreservas-realizara-su-tercera-feria-inmobiliaria-en-estados-unidos\/","url_meta":{"origin":99108,"position":4},"title":"Banreservas realizar\u00e1 su tercera feria inmobiliaria en Estados Unidos","author":"Nelson Feliz","date":"8 de marzo de 2026","format":false,"excerpt":"La instituci\u00f3n bancaria ofrecer\u00e1 atractivas tasas con financiamiento de hasta el 90 % del valor del inmueble y plazos de hasta 20 a\u00f1os El Banco de Reservas realizar\u00e1 su tercera feria inmobiliaria del 18 al 20 de marzo en Nueva York, y del 21 al 22 en Lawrence, Massachusetts, dirigida\u2026","rel":"","context":"En \u00abECONOM\u00cdA\u00bb","block_context":{"text":"ECONOM\u00cdA","link":"https:\/\/lasprimeras.com.do\/index.php\/category\/economia\/"},"img":{"alt_text":"Leonardo Aguilera","src":"https:\/\/i0.wp.com\/lasprimeras.com.do\/wp-content\/uploads\/2026\/03\/Leonardo-Aguilera.jpg?resize=350%2C200&ssl=1","width":350,"height":200,"srcset":"https:\/\/i0.wp.com\/lasprimeras.com.do\/wp-content\/uploads\/2026\/03\/Leonardo-Aguilera.jpg?resize=350%2C200&ssl=1 1x, https:\/\/i0.wp.com\/lasprimeras.com.do\/wp-content\/uploads\/2026\/03\/Leonardo-Aguilera.jpg?resize=525%2C300&ssl=1 1.5x, https:\/\/i0.wp.com\/lasprimeras.com.do\/wp-content\/uploads\/2026\/03\/Leonardo-Aguilera.jpg?resize=700%2C400&ssl=1 2x"},"classes":[]},{"id":125396,"url":"https:\/\/lasprimeras.com.do\/index.php\/2026\/03\/22\/tercera-feria-inmobiliaria-banreservas-en-ny-y-lawrence-cierra-con-financiamientos-que-superan-los-rd5118-millones\/","url_meta":{"origin":99108,"position":5},"title":"Tercera Feria Inmobiliaria Banreservas en NY y Lawrence cierra con financiamientos que superan los RD$5,118 millones","author":"Nelson Feliz","date":"22 de marzo de 2026","format":false,"excerpt":"La edici\u00f3n 2026 alcanz\u00f3 un cierre hist\u00f3rico, con un crecimiento superior al 65 % en financiamientos en comparaci\u00f3n con el pasado a\u00f1o. Massachusetts.\u2013 La Tercera Feria Inmobiliaria del Banco de Reservas celebrada en Nueva York y Lawrence cerr\u00f3 con financiamientos que superan los RD$5,118 millones, evidenciando un crecimiento significativo en\u2026","rel":"","context":"En \u00abECONOM\u00cdA\u00bb","block_context":{"text":"ECONOM\u00cdA","link":"https:\/\/lasprimeras.com.do\/index.php\/category\/economia\/"},"img":{"alt_text":"Leonardo Aguilera","src":"https:\/\/i0.wp.com\/lasprimeras.com.do\/wp-content\/uploads\/2026\/03\/Leonardo-Aguilera-2.jpg?resize=350%2C200&ssl=1","width":350,"height":200,"srcset":"https:\/\/i0.wp.com\/lasprimeras.com.do\/wp-content\/uploads\/2026\/03\/Leonardo-Aguilera-2.jpg?resize=350%2C200&ssl=1 1x, https:\/\/i0.wp.com\/lasprimeras.com.do\/wp-content\/uploads\/2026\/03\/Leonardo-Aguilera-2.jpg?resize=525%2C300&ssl=1 1.5x, https:\/\/i0.wp.com\/lasprimeras.com.do\/wp-content\/uploads\/2026\/03\/Leonardo-Aguilera-2.jpg?resize=700%2C400&ssl=1 2x"},"classes":[]}],"jetpack_sharing_enabled":true,"_links":{"self":[{"href":"https:\/\/lasprimeras.com.do\/index.php\/wp-json\/wp\/v2\/posts\/99108","targetHints":{"allow":["GET"]}}],"collection":[{"href":"https:\/\/lasprimeras.com.do\/index.php\/wp-json\/wp\/v2\/posts"}],"about":[{"href":"https:\/\/lasprimeras.com.do\/index.php\/wp-json\/wp\/v2\/types\/post"}],"author":[{"embeddable":true,"href":"https:\/\/lasprimeras.com.do\/index.php\/wp-json\/wp\/v2\/users\/10"}],"replies":[{"embeddable":true,"href":"https:\/\/lasprimeras.com.do\/index.php\/wp-json\/wp\/v2\/comments?post=99108"}],"version-history":[{"count":1,"href":"https:\/\/lasprimeras.com.do\/index.php\/wp-json\/wp\/v2\/posts\/99108\/revisions"}],"predecessor-version":[{"id":99111,"href":"https:\/\/lasprimeras.com.do\/index.php\/wp-json\/wp\/v2\/posts\/99108\/revisions\/99111"}],"wp:featuredmedia":[{"embeddable":true,"href":"https:\/\/lasprimeras.com.do\/index.php\/wp-json\/wp\/v2\/media\/99110"}],"wp:attachment":[{"href":"https:\/\/lasprimeras.com.do\/index.php\/wp-json\/wp\/v2\/media?parent=99108"}],"wp:term":[{"taxonomy":"category","embeddable":true,"href":"https:\/\/lasprimeras.com.do\/index.php\/wp-json\/wp\/v2\/categories?post=99108"},{"taxonomy":"post_tag","embeddable":true,"href":"https:\/\/lasprimeras.com.do\/index.php\/wp-json\/wp\/v2\/tags?post=99108"}],"curies":[{"name":"wp","href":"https:\/\/api.w.org\/{rel}","templated":true}]}}