{"id":99112,"date":"2025-05-18T15:24:16","date_gmt":"2025-05-18T19:24:16","guid":{"rendered":"https:\/\/lasprimeras.com.do\/?p=99112"},"modified":"2025-05-18T15:24:17","modified_gmt":"2025-05-18T19:24:17","slug":"ministro-de-camps-declara-prioritaria-la-evaluacion-de-desempeno-docente-e-inicia-proceso-para-ejecutarla","status":"publish","type":"post","link":"https:\/\/lasprimeras.com.do\/index.php\/2025\/05\/18\/ministro-de-camps-declara-prioritaria-la-evaluacion-de-desempeno-docente-e-inicia-proceso-para-ejecutarla\/","title":{"rendered":"Ministro De Camps declara prioritaria la &#8221;Evaluaci\u00f3n de Desempe\u00f1o Docente&#8221; e inicia proceso para ejecutarla"},"content":{"rendered":"\n<p>El Ministerio de Educaci\u00f3n, bajo el liderazgo del ministro Luis Miguel De Camps, emiti\u00f3 la Orden Departamental N\u00fam. 50\/2025 que declara de alta prioridad la ejecuci\u00f3n de la Evaluaci\u00f3n de Desempe\u00f1o Docente, un instrumento clave para impulsar la mejora continua del sistema educativo preuniversitario y fortalecer la carrera docente.<\/p>\n\n\n\n<p>La disposici\u00f3n marca el inicio de una nueva etapa de implementaci\u00f3n, luego de que el MINERD concluyera una fase de revisi\u00f3n t\u00e9cnica, metodol\u00f3gica y presupuestaria. Esta evaluaci\u00f3n, que no se realiza desde hace m\u00e1s de una d\u00e9cada, representa un paso decisivo hacia una educaci\u00f3n m\u00e1s justa, y mayores aprendizajes para los estudiantes.<\/p>\n\n\n\n<p>Como parte de esta ruta de acci\u00f3n, el Ministerio sostendr\u00e1 una reuni\u00f3n este lunes 19 de mayo a las 10:00 a. m. con una comisi\u00f3n de la Asociaci\u00f3n Dominicana de Profesores (ADP), encabezada por su presidente nacional, Eduardo Hidalgo. El objetivo del encuentro es seguir avanzando en los acuerdos necesarios para garantizar una ejecuci\u00f3n participativa, transparente y t\u00e9cnicamente rigurosa del proceso evaluativo.<\/p>\n\n\n\n<p>El Ministerio ha establecido como meta que la Evaluaci\u00f3n de Desempe\u00f1o se realice dentro del presente a\u00f1o calendario, como parte del compromiso institucional con una pol\u00edtica educativa basada en evidencia, m\u00e9rito y mejora continua.<\/p>\n\n\n\n<p>La Evaluaci\u00f3n de Desempe\u00f1o Docente es una herramienta esencial para valorar el impacto de la pr\u00e1ctica educativa, identificar \u00e1reas de fortalecimiento y reconocer el compromiso del magisterio con una educaci\u00f3n de calidad.<\/p>\n","protected":false},"excerpt":{"rendered":"<p>El Ministerio de Educaci\u00f3n, bajo el liderazgo del ministro Luis Miguel De Camps, emiti\u00f3 la Orden Departamental N\u00fam. 50\/2025 que declara de alta prioridad la ejecuci\u00f3n de la Evaluaci\u00f3n de&hellip;<\/p>\n","protected":false},"author":10,"featured_media":99113,"comment_status":"open","ping_status":"open","sticky":false,"template":"","format":"standard","meta":{"content-type":"","jetpack_post_was_ever_published":false,"_jetpack_newsletter_access":"","_jetpack_dont_email_post_to_subs":false,"_jetpack_newsletter_tier_id":0,"_jetpack_memberships_contains_paywalled_content":false,"_jetpack_memberships_contains_paid_content":false,"footnotes":""},"categories":[35],"tags":[19605,3588,855,5745,19606],"class_list":["post-99112","post","type-post","status-publish","format-standard","has-post-thumbnail","hentry","category-nacionales","tag-evaluacion-de-desempeno-docente","tag-luis-miguel-de-camps","tag-minerd","tag-ministerio-de-educacion","tag-sistema-educativo-preuniversitario"],"jetpack_featured_media_url":"https:\/\/lasprimeras.com.do\/wp-content\/uploads\/2025\/05\/Ministerio-de-Educacion.jpg","jetpack-related-posts":[{"id":113750,"url":"https:\/\/lasprimeras.com.do\/index.php\/2025\/11\/05\/minerd-inicia-primera-fase-de-la-evaluacion-de-desempeno-docente-2025\/","url_meta":{"origin":99112,"position":0},"title":"Minerd inicia primera fase de la Evaluaci\u00f3n de Desempe\u00f1o Docente 2025","author":"Nelson Feliz","date":"5 de noviembre de 2025","format":false,"excerpt":"El Ministerio de Educaci\u00f3n (Minerd) puso en marcha la primera fase de la Evaluaci\u00f3n de Desempe\u00f1o Docente (EDD) 2025, con la habilitaci\u00f3n del aplicativo Autogesti\u00f3n de Cuenta Docente Institucional, una plataforma que permitir\u00e1 a los maestros validar sus datos personales y laborales como paso previo al proceso formal de evaluaci\u00f3n.\u2026","rel":"","context":"En \u00abNACIONALES\u00bb","block_context":{"text":"NACIONALES","link":"https:\/\/lasprimeras.com.do\/index.php\/category\/nacionales\/"},"img":{"alt_text":"Ministerio de Educaci\u00f3n","src":"https:\/\/i0.wp.com\/lasprimeras.com.do\/wp-content\/uploads\/2025\/05\/Ministerio-de-Educacion.jpg?resize=350%2C200&ssl=1","width":350,"height":200,"srcset":"https:\/\/i0.wp.com\/lasprimeras.com.do\/wp-content\/uploads\/2025\/05\/Ministerio-de-Educacion.jpg?resize=350%2C200&ssl=1 1x, https:\/\/i0.wp.com\/lasprimeras.com.do\/wp-content\/uploads\/2025\/05\/Ministerio-de-Educacion.jpg?resize=525%2C300&ssl=1 1.5x, https:\/\/i0.wp.com\/lasprimeras.com.do\/wp-content\/uploads\/2025\/05\/Ministerio-de-Educacion.jpg?resize=700%2C400&ssl=1 2x"},"classes":[]},{"id":115030,"url":"https:\/\/lasprimeras.com.do\/index.php\/2025\/11\/18\/ministro-luis-miguel-de-camps-socializa-politicas-para-fortalecer-calidad-educativa\/","url_meta":{"origin":99112,"position":1},"title":"Ministro Luis Miguel De Camps socializa pol\u00edticas para fortalecer calidad educativa","author":"Nelson Feliz","date":"18 de noviembre de 2025","format":false,"excerpt":"El ministro de Educaci\u00f3n, Luis Miguel De Camps, sostuvo este martes una reuni\u00f3n con los directores de las 18 Regionales de la instituci\u00f3n, a quienes present\u00f3 los principales programas y pol\u00edticas p\u00fablicas implementados para impulsar la mejora de la calidad educativa. Durante el encuentro se expusieron las iniciativas del voluntariado\u2026","rel":"","context":"En \u00abNACIONALES\u00bb","block_context":{"text":"NACIONALES","link":"https:\/\/lasprimeras.com.do\/index.php\/category\/nacionales\/"},"img":{"alt_text":"Luis Miguel De Camps","src":"https:\/\/i0.wp.com\/lasprimeras.com.do\/wp-content\/uploads\/2025\/11\/Luis-Miguel-De-Camps.jpg?resize=350%2C200&ssl=1","width":350,"height":200,"srcset":"https:\/\/i0.wp.com\/lasprimeras.com.do\/wp-content\/uploads\/2025\/11\/Luis-Miguel-De-Camps.jpg?resize=350%2C200&ssl=1 1x, https:\/\/i0.wp.com\/lasprimeras.com.do\/wp-content\/uploads\/2025\/11\/Luis-Miguel-De-Camps.jpg?resize=525%2C300&ssl=1 1.5x, https:\/\/i0.wp.com\/lasprimeras.com.do\/wp-content\/uploads\/2025\/11\/Luis-Miguel-De-Camps.jpg?resize=700%2C400&ssl=1 2x"},"classes":[]},{"id":128759,"url":"https:\/\/lasprimeras.com.do\/index.php\/2026\/04\/26\/comision-nacional-rectora-garantiza-continuidad-de-la-evaluacion-de-desempeno-docente\/","url_meta":{"origin":99112,"position":2},"title":"Comisi\u00f3n Nacional Rectora garantiza continuidad de la Evaluaci\u00f3n de Desempe\u00f1o Docente","author":"Nelson Feliz","date":"26 de abril de 2026","format":false,"excerpt":"La etapa correspondiente a la observaci\u00f3n de clases y planificaci\u00f3n, dar\u00e1 inicio el pr\u00f3ximo 30 de abril. La Comisi\u00f3n Nacional Rectora de la Evaluaci\u00f3n de Desempe\u00f1o Docente, conformada por el Ministerio de Educaci\u00f3n (MINERD), la Asociaci\u00f3n Dominicana de Profesores (ADP), y la Asociaci\u00f3n Nacional de Profesionales y T\u00e9cnicos de la\u2026","rel":"","context":"En \u00abNACIONALES\u00bb","block_context":{"text":"NACIONALES","link":"https:\/\/lasprimeras.com.do\/index.php\/category\/nacionales\/"},"img":{"alt_text":"","src":"https:\/\/i0.wp.com\/lasprimeras.com.do\/wp-content\/uploads\/2026\/04\/edu-1.jpg?resize=350%2C200&ssl=1","width":350,"height":200,"srcset":"https:\/\/i0.wp.com\/lasprimeras.com.do\/wp-content\/uploads\/2026\/04\/edu-1.jpg?resize=350%2C200&ssl=1 1x, https:\/\/i0.wp.com\/lasprimeras.com.do\/wp-content\/uploads\/2026\/04\/edu-1.jpg?resize=525%2C300&ssl=1 1.5x, https:\/\/i0.wp.com\/lasprimeras.com.do\/wp-content\/uploads\/2026\/04\/edu-1.jpg?resize=700%2C400&ssl=1 2x"},"classes":[]},{"id":120924,"url":"https:\/\/lasprimeras.com.do\/index.php\/2026\/01\/29\/minerd-y-adp-acuerdan-disposiciones-que-amplian-la-participacion-docente-en-la-evaluacion-de-desempeno-docente-2025\/","url_meta":{"origin":99112,"position":3},"title":"MINERD y ADP acuerdan disposiciones que ampl\u00edan la participaci\u00f3n docente en la Evaluaci\u00f3n de Desempe\u00f1o Docente 2025","author":"Nelson Feliz","date":"29 de enero de 2026","format":false,"excerpt":"El Ministerio de Educaci\u00f3n de la Rep\u00fablica Dominicana (MINERD) y la Asociaci\u00f3n Dominicana de Profesores (ADP) suscribieron un acuerdo institucional que establece criterios claros y disposiciones especiales orientadas a ampliar la participaci\u00f3n del personal docente del sistema p\u00fablico preuniversitario, garantizando transparencia, equidad y apego a la normativa vigente. Conforme a\u2026","rel":"","context":"En \u00abNACIONALES\u00bb","block_context":{"text":"NACIONALES","link":"https:\/\/lasprimeras.com.do\/index.php\/category\/nacionales\/"},"img":{"alt_text":"","src":"https:\/\/i0.wp.com\/lasprimeras.com.do\/wp-content\/uploads\/2026\/01\/IMG-20260129-WA02761.jpg?resize=350%2C200&ssl=1","width":350,"height":200,"srcset":"https:\/\/i0.wp.com\/lasprimeras.com.do\/wp-content\/uploads\/2026\/01\/IMG-20260129-WA02761.jpg?resize=350%2C200&ssl=1 1x, https:\/\/i0.wp.com\/lasprimeras.com.do\/wp-content\/uploads\/2026\/01\/IMG-20260129-WA02761.jpg?resize=525%2C300&ssl=1 1.5x, https:\/\/i0.wp.com\/lasprimeras.com.do\/wp-content\/uploads\/2026\/01\/IMG-20260129-WA02761.jpg?resize=700%2C400&ssl=1 2x, https:\/\/i0.wp.com\/lasprimeras.com.do\/wp-content\/uploads\/2026\/01\/IMG-20260129-WA02761.jpg?resize=1050%2C600&ssl=1 3x, https:\/\/i0.wp.com\/lasprimeras.com.do\/wp-content\/uploads\/2026\/01\/IMG-20260129-WA02761.jpg?resize=1400%2C800&ssl=1 4x"},"classes":[]},{"id":127592,"url":"https:\/\/lasprimeras.com.do\/index.php\/2026\/04\/13\/de-camps-reafirma-compromiso-con-el-magisterio-y-la-educacion\/","url_meta":{"origin":99112,"position":4},"title":"De Camps reafirma compromiso con el magisterio y la educaci\u00f3n","author":"Nelson Feliz","date":"13 de abril de 2026","format":false,"excerpt":"Al conmemorarse hoy el 56 aniversario de la Asociaci\u00f3n Dominicana de Profesores (ADP), el ministro de Educaci\u00f3n, Luis Miguel De Camps, reafirm\u00f3 la importancia del gremio docente como actor clave del sistema educativo y reiter\u00f3 la importancia de mantener una agenda com\u00fan basada en el di\u00e1logo, la corresponsabilidad y los\u2026","rel":"","context":"En \u00abNACIONALES\u00bb","block_context":{"text":"NACIONALES","link":"https:\/\/lasprimeras.com.do\/index.php\/category\/nacionales\/"},"img":{"alt_text":"Luis Miguel De Camps","src":"https:\/\/i0.wp.com\/lasprimeras.com.do\/wp-content\/uploads\/2026\/04\/Luis-Miguel-De-Camps-1.jpg?resize=350%2C200&ssl=1","width":350,"height":200,"srcset":"https:\/\/i0.wp.com\/lasprimeras.com.do\/wp-content\/uploads\/2026\/04\/Luis-Miguel-De-Camps-1.jpg?resize=350%2C200&ssl=1 1x, https:\/\/i0.wp.com\/lasprimeras.com.do\/wp-content\/uploads\/2026\/04\/Luis-Miguel-De-Camps-1.jpg?resize=525%2C300&ssl=1 1.5x, https:\/\/i0.wp.com\/lasprimeras.com.do\/wp-content\/uploads\/2026\/04\/Luis-Miguel-De-Camps-1.jpg?resize=700%2C400&ssl=1 2x"},"classes":[]},{"id":106757,"url":"https:\/\/lasprimeras.com.do\/index.php\/2025\/08\/19\/ministro-de-educacion-garantiza-un-inicio-de-ano-escolar-exitoso\/","url_meta":{"origin":99112,"position":5},"title":"Ministro de Educaci\u00f3n garantiza un inicio de a\u00f1o escolar exitoso","author":"Nelson Feliz","date":"19 de agosto de 2025","format":false,"excerpt":"El ministro de Educaci\u00f3n, Luis Miguel De Camps, se re\u00fane con los directores de las 18 Direcciones Regionales y 122 Distritos Educativos del sistema preuniversitario, con el objetivo de coordinar y redoblar los esfuerzos previo al regreso a clases este lunes 25 de agosto. De Camps reiter\u00f3 el compromiso del\u2026","rel":"","context":"En \u00abNACIONALES\u00bb","block_context":{"text":"NACIONALES","link":"https:\/\/lasprimeras.com.do\/index.php\/category\/nacionales\/"},"img":{"alt_text":"","src":"https:\/\/i0.wp.com\/lasprimeras.com.do\/wp-content\/uploads\/2025\/08\/Luis-Miguel-De-Camps-1.jpg?resize=350%2C200&ssl=1","width":350,"height":200,"srcset":"https:\/\/i0.wp.com\/lasprimeras.com.do\/wp-content\/uploads\/2025\/08\/Luis-Miguel-De-Camps-1.jpg?resize=350%2C200&ssl=1 1x, https:\/\/i0.wp.com\/lasprimeras.com.do\/wp-content\/uploads\/2025\/08\/Luis-Miguel-De-Camps-1.jpg?resize=525%2C300&ssl=1 1.5x, https:\/\/i0.wp.com\/lasprimeras.com.do\/wp-content\/uploads\/2025\/08\/Luis-Miguel-De-Camps-1.jpg?resize=700%2C400&ssl=1 2x"},"classes":[]}],"jetpack_sharing_enabled":true,"_links":{"self":[{"href":"https:\/\/lasprimeras.com.do\/index.php\/wp-json\/wp\/v2\/posts\/99112","targetHints":{"allow":["GET"]}}],"collection":[{"href":"https:\/\/lasprimeras.com.do\/index.php\/wp-json\/wp\/v2\/posts"}],"about":[{"href":"https:\/\/lasprimeras.com.do\/index.php\/wp-json\/wp\/v2\/types\/post"}],"author":[{"embeddable":true,"href":"https:\/\/lasprimeras.com.do\/index.php\/wp-json\/wp\/v2\/users\/10"}],"replies":[{"embeddable":true,"href":"https:\/\/lasprimeras.com.do\/index.php\/wp-json\/wp\/v2\/comments?post=99112"}],"version-history":[{"count":1,"href":"https:\/\/lasprimeras.com.do\/index.php\/wp-json\/wp\/v2\/posts\/99112\/revisions"}],"predecessor-version":[{"id":99114,"href":"https:\/\/lasprimeras.com.do\/index.php\/wp-json\/wp\/v2\/posts\/99112\/revisions\/99114"}],"wp:featuredmedia":[{"embeddable":true,"href":"https:\/\/lasprimeras.com.do\/index.php\/wp-json\/wp\/v2\/media\/99113"}],"wp:attachment":[{"href":"https:\/\/lasprimeras.com.do\/index.php\/wp-json\/wp\/v2\/media?parent=99112"}],"wp:term":[{"taxonomy":"category","embeddable":true,"href":"https:\/\/lasprimeras.com.do\/index.php\/wp-json\/wp\/v2\/categories?post=99112"},{"taxonomy":"post_tag","embeddable":true,"href":"https:\/\/lasprimeras.com.do\/index.php\/wp-json\/wp\/v2\/tags?post=99112"}],"curies":[{"name":"wp","href":"https:\/\/api.w.org\/{rel}","templated":true}]}}