{"id":99115,"date":"2025-05-18T15:34:02","date_gmt":"2025-05-18T19:34:02","guid":{"rendered":"https:\/\/lasprimeras.com.do\/?p=99115"},"modified":"2025-05-18T15:34:03","modified_gmt":"2025-05-18T19:34:03","slug":"olivo-de-leon-propone-modificar-proyecto-de-ley-de-libertad-de-expresion-y-medios","status":"publish","type":"post","link":"https:\/\/lasprimeras.com.do\/index.php\/2025\/05\/18\/olivo-de-leon-propone-modificar-proyecto-de-ley-de-libertad-de-expresion-y-medios\/","title":{"rendered":"Olivo De Le\u00f3n propone modificar proyecto de ley de libertad de expresi\u00f3n y medios"},"content":{"rendered":"\n<p>El presidente del Instituto de Previsi\u00f3n y Protecci\u00f3n del Periodista (IPPP), Olivo De Le\u00f3n, propuso la modificaci\u00f3n del proyecto de ley de libertad de expresi\u00f3n y medios audiovisuales para lograr una ley m\u00e1s efectiva.<\/p>\n\n\n\n<p>En ese sentido, sugiri\u00f3 eliminar la funci\u00f3n sancionadora del Instituto Nacional de Comunicaci\u00f3n (INACOM), de manera que funcione como un fiscal, que de seguimiento a los casos de violaciones a la libertad de expresi\u00f3n, que organice expedientes y someta a la<br>justicia a quienes resulten implicados en estos casos.<\/p>\n\n\n\n<p>Al ser entrevistado por el veterano periodista Bienvenido \u00c1lvarez Vega, en su programa de televisi\u00f3n Enfoque Period\u00edstico, De Le\u00f3n tambi\u00e9n plante\u00f3 la posibilidad de que se habiliten tribunales especiales para conocer estos casos, con lo cual se agilizar\u00edan los procesos y se contribuir\u00eda a descongestionar las salas de audiencias.<\/p>\n\n\n\n<p>Asimismo, el presidente del IPPP pidi\u00f3 la participaci\u00f3n de los gestores de medios digitales en la discusi\u00f3n del proyecto de ley, que se escuchen sus propuestas y sugerencias para que resulte una ley de mayor consenso.<\/p>\n\n\n\n<p>Consider\u00f3 que se tiene que discutir con mayor profundidad el tema de la designaci\u00f3n de los integrantes del INACOM y de su composici\u00f3n, pues entiende que se debe sacar esas funciones del \u00e1mbito del Poder Ejecutivo.<\/p>\n\n\n\n<p>Entiende que los integrantes del INACOM deber\u00edan ser representantes de organizaciones de la sociedad, como el Colegio Dominicano de Periodistas, el Colegios de Abogados, el Sindicato Nacional de Trabajadores de la Prensa, Participaci\u00f3n Ciudadana, entre otras.<\/p>\n\n\n\n<p>A juicio de De Le\u00f3n, se debe tratar, con profundidad, y tomar decisiones con el tema de la desindexaci\u00f3n de contenidos en internet, conocido como &#8220;el derecho al olvido&#8221; y que consiste en la eliminaci\u00f3n de contenidos espec\u00edficos de los resultados de b\u00fasqueda de motores como Google.<\/p>\n\n\n\n<p>Afirm\u00f3 que cada d\u00eda aumentan las demandas a medios digitales para que eliminen contenidos de personas que habiendo sido involucradas en diferentes delitos, situaciones, conflictos han resuelto sus casos o han cumplido penas judiciales y entienden que tienen derecho a que esas informaciones sean eliminadas.<\/p>\n\n\n\n<p>Consider\u00f3 que el proyecto de ley es bueno, que con ciertas modificaciones se puede mejorar a\u00fan m\u00e1s, y que el hecho de fundir la ley 6132 y la Oficina de Espect\u00e1culos P\u00fablicos y Radiolog\u00eda, es ya un avance.<\/p>\n","protected":false},"excerpt":{"rendered":"<p>El presidente del Instituto de Previsi\u00f3n y Protecci\u00f3n del Periodista (IPPP), Olivo De Le\u00f3n, propuso la modificaci\u00f3n del proyecto de ley de libertad de expresi\u00f3n y medios audiovisuales para lograr&hellip;<\/p>\n","protected":false},"author":10,"featured_media":99116,"comment_status":"open","ping_status":"open","sticky":false,"template":"","format":"standard","meta":{"content-type":"","jetpack_post_was_ever_published":false,"_jetpack_newsletter_access":"","_jetpack_dont_email_post_to_subs":false,"_jetpack_newsletter_tier_id":0,"_jetpack_memberships_contains_paywalled_content":false,"_jetpack_memberships_contains_paid_content":false,"footnotes":""},"categories":[35],"tags":[19608,19607,9302,19251,4895],"class_list":["post-99115","post","type-post","status-publish","format-standard","has-post-thumbnail","hentry","category-nacionales","tag-bienvenido-alvarez-vega","tag-inacom","tag-ippp","tag-ley-de-libertad-de-expresion","tag-olivo-de-leon"],"jetpack_featured_media_url":"https:\/\/lasprimeras.com.do\/wp-content\/uploads\/2025\/05\/Olivo-De-Leon.jpg","jetpack-related-posts":[{"id":55106,"url":"https:\/\/lasprimeras.com.do\/index.php\/2023\/07\/18\/olivo-de-leon-lamenta-fallecimiento-de-periodista-manuel-emilo-victorino\/","url_meta":{"origin":99115,"position":0},"title":"Olivo De Le\u00f3n lamenta fallecimiento de periodista Manuel Emilo Victorino","author":"Nelson Feliz","date":"18 de julio de 2023","format":false,"excerpt":"El Instituto de Previsi\u00f3n y Protecci\u00f3n del Periodista (IPPP) y el Movimiento Marcelino Vega (MMV) lamentan el fallecimiento del periodista Manuel Emilio Victorino. El presidente del IPPP y coordinador del MMV, Olivo De Le\u00f3n, dijo que el comunicador Guillermo Jim\u00e9nez Guante inform\u00f3 que el veterano periodista muri\u00f3 este domingo 16\u2026","rel":"","context":"En \u00abNACIONALES\u00bb","block_context":{"text":"NACIONALES","link":"https:\/\/lasprimeras.com.do\/index.php\/category\/nacionales\/"},"img":{"alt_text":"","src":"","width":0,"height":0},"classes":[]},{"id":98287,"url":"https:\/\/lasprimeras.com.do\/index.php\/2025\/05\/02\/ejecutivo-somete-proyecto-de-ley-sobre-libertad-de-expresion-consensuado-con-sdd-y-sociedad-civil\/","url_meta":{"origin":99115,"position":1},"title":"Ejecutivo somete proyecto de ley sobre libertad de expresi\u00f3n consensuado con SDD y sociedad civil","author":"Nelson Feliz","date":"2 de mayo de 2025","format":false,"excerpt":"La pieza, depositada en el Senado, propone una transformaci\u00f3n profunda del marco legal vigente desde 1962. El proyecto de Ley Org\u00e1nica de Libertad de Expresi\u00f3n y Medios Audiovisuales, sometido por el Poder Ejecutivo al Senado el pasado 23 de abril, toma como base casi \u00edntegra un anteproyecto elaborado por la\u2026","rel":"","context":"En \u00abNACIONALES\u00bb","block_context":{"text":"NACIONALES","link":"https:\/\/lasprimeras.com.do\/index.php\/category\/nacionales\/"},"img":{"alt_text":"Antoliano Peralta","src":"https:\/\/i0.wp.com\/lasprimeras.com.do\/wp-content\/uploads\/2025\/02\/Antoliano-Peralta.jpg?resize=350%2C200&ssl=1","width":350,"height":200,"srcset":"https:\/\/i0.wp.com\/lasprimeras.com.do\/wp-content\/uploads\/2025\/02\/Antoliano-Peralta.jpg?resize=350%2C200&ssl=1 1x, https:\/\/i0.wp.com\/lasprimeras.com.do\/wp-content\/uploads\/2025\/02\/Antoliano-Peralta.jpg?resize=525%2C300&ssl=1 1.5x, https:\/\/i0.wp.com\/lasprimeras.com.do\/wp-content\/uploads\/2025\/02\/Antoliano-Peralta.jpg?resize=700%2C400&ssl=1 2x"},"classes":[]},{"id":80465,"url":"https:\/\/lasprimeras.com.do\/index.php\/2024\/04\/08\/presidente-abinader-presenta-anteproyecto-de-ley-de-libertad-de-expresion\/","url_meta":{"origin":99115,"position":2},"title":"Presidente Abinader presenta anteproyecto de Ley de Libertad de Expresi\u00f3n","author":"BIMARY DE JES\u00daS Matos","date":"8 de abril de 2024","format":false,"excerpt":"Santo Domingo. - El presidente Luis Abinader present\u00f3 este lunes ante miembros de la prensa nacional, diversos aspectos que integran el anteproyecto de Ley de Libertad de Expresi\u00f3n, Medios Audiovisuales y Plataformas Digitales que busca actualizar la legislaci\u00f3n vigente sobre la libertad de expresi\u00f3n. Antecedentes Los antecedentes de este proyecto\u2026","rel":"","context":"En \u00abPORTADA\u00bb","block_context":{"text":"PORTADA","link":"https:\/\/lasprimeras.com.do\/index.php\/category\/portada\/"},"img":{"alt_text":"","src":"https:\/\/i0.wp.com\/lasprimeras.com.do\/wp-content\/uploads\/2024\/04\/WhatsApp-Image-2024-04-08-at-7.12.24-PM-scaled.jpeg?resize=350%2C200&ssl=1","width":350,"height":200,"srcset":"https:\/\/i0.wp.com\/lasprimeras.com.do\/wp-content\/uploads\/2024\/04\/WhatsApp-Image-2024-04-08-at-7.12.24-PM-scaled.jpeg?resize=350%2C200&ssl=1 1x, https:\/\/i0.wp.com\/lasprimeras.com.do\/wp-content\/uploads\/2024\/04\/WhatsApp-Image-2024-04-08-at-7.12.24-PM-scaled.jpeg?resize=525%2C300&ssl=1 1.5x, https:\/\/i0.wp.com\/lasprimeras.com.do\/wp-content\/uploads\/2024\/04\/WhatsApp-Image-2024-04-08-at-7.12.24-PM-scaled.jpeg?resize=700%2C400&ssl=1 2x, https:\/\/i0.wp.com\/lasprimeras.com.do\/wp-content\/uploads\/2024\/04\/WhatsApp-Image-2024-04-08-at-7.12.24-PM-scaled.jpeg?resize=1050%2C600&ssl=1 3x, https:\/\/i0.wp.com\/lasprimeras.com.do\/wp-content\/uploads\/2024\/04\/WhatsApp-Image-2024-04-08-at-7.12.24-PM-scaled.jpeg?resize=1400%2C800&ssl=1 4x"},"classes":[]},{"id":80817,"url":"https:\/\/lasprimeras.com.do\/index.php\/2024\/04\/12\/cdp-e-ippp-galardonan-a-pepin-corripio-a-persio-maldonado-y-a-14-dirigentes-del-gremio\/","url_meta":{"origin":99115,"position":3},"title":"CDP e IPPP galardonan a Pep\u00edn Corripio, a Persio Maldonado y a 14 dirigentes del gremio","author":"Nelson Feliz","date":"12 de abril de 2024","format":false,"excerpt":"El Colegio Dominicano de Periodistas\u00a0 (CDP) y el Instituto de Previsi\u00f3n y Protecci\u00f3n del Periodista (IPPP) organizaron una ceremonia en la que galardonaron al empresario Jos\u00e9 Luis Corripio Estrada (Pep\u00edn), a Persio Maldonado, director del peri\u00f3dico El Nuevo Diario y presidente de la Sociedad Dominicana de Diarios (SDD), y a\u2026","rel":"","context":"En \u00abNACIONALES\u00bb","block_context":{"text":"NACIONALES","link":"https:\/\/lasprimeras.com.do\/index.php\/category\/nacionales\/"},"img":{"alt_text":"cdp","src":"https:\/\/i0.wp.com\/lasprimeras.com.do\/wp-content\/uploads\/2024\/04\/cdp.jpg?resize=350%2C200&ssl=1","width":350,"height":200,"srcset":"https:\/\/i0.wp.com\/lasprimeras.com.do\/wp-content\/uploads\/2024\/04\/cdp.jpg?resize=350%2C200&ssl=1 1x, https:\/\/i0.wp.com\/lasprimeras.com.do\/wp-content\/uploads\/2024\/04\/cdp.jpg?resize=525%2C300&ssl=1 1.5x, https:\/\/i0.wp.com\/lasprimeras.com.do\/wp-content\/uploads\/2024\/04\/cdp.jpg?resize=700%2C400&ssl=1 2x"},"classes":[]},{"id":74785,"url":"https:\/\/lasprimeras.com.do\/index.php\/2024\/01\/26\/resaltan-la-libertad-nacionalidad-e-independencia-como-legado-mas-importante-de-juan-pablo-duarte\/","url_meta":{"origin":99115,"position":4},"title":"Resaltan la libertad, nacionalidad e independencia como legado m\u00e1s importante de Juan Pablo Duarte","author":"BIMARY DE JES\u00daS Matos","date":"26 de enero de 2024","format":false,"excerpt":"SANTO DOMINGO.- Juan Pablo Duarte dej\u00f3 en los dominicanos huellas imperecederas, el legado m\u00e1s importante y preciado: la libertad, la nacionalidad, un pa\u00eds libre e independiente. As\u00ed lo afirm\u00f3 Olivo De Le\u00f3n, presidente del Instituto de Previsi\u00f3n y Protecci\u00f3n del Periodista (IPPP), y autor de la obra \u201cOrganizaciones Period\u00edsticas y\u2026","rel":"","context":"En \u00abPORTADA\u00bb","block_context":{"text":"PORTADA","link":"https:\/\/lasprimeras.com.do\/index.php\/category\/portada\/"},"img":{"alt_text":"","src":"https:\/\/i0.wp.com\/lasprimeras.com.do\/wp-content\/uploads\/2024\/01\/Captura-de-pantalla-2024-01-26-121155.png?resize=350%2C200&ssl=1","width":350,"height":200},"classes":[]},{"id":101661,"url":"https:\/\/lasprimeras.com.do\/index.php\/2025\/06\/24\/periodistas-del-movimiento-marcelino-vega-respaldan-candidaturas-de-beato-al-cdp\/","url_meta":{"origin":99115,"position":5},"title":"Periodistas del Movimiento Marcelino Vega respaldan candidaturas de Beato al CDP","author":"Nelson Feliz","date":"24 de junio de 2025","format":false,"excerpt":"En un acto marcado por la unidad y la masiva asistencia de periodistas de todas las seccionales del pa\u00eds y el exterior, el Movimiento Marcelino Vega (MVM) present\u00f3 sus principales precandidaturas para las elecciones del Colegio Dominicano de Periodistas (CDP), a celebrarse el pr\u00f3ximo 29 de agosto. Durante la jornada,\u2026","rel":"","context":"En \u00abNACIONALES\u00bb","block_context":{"text":"NACIONALES","link":"https:\/\/lasprimeras.com.do\/index.php\/category\/nacionales\/"},"img":{"alt_text":"","src":"https:\/\/i0.wp.com\/lasprimeras.com.do\/wp-content\/uploads\/2025\/06\/Beato.jpg?resize=350%2C200&ssl=1","width":350,"height":200,"srcset":"https:\/\/i0.wp.com\/lasprimeras.com.do\/wp-content\/uploads\/2025\/06\/Beato.jpg?resize=350%2C200&ssl=1 1x, https:\/\/i0.wp.com\/lasprimeras.com.do\/wp-content\/uploads\/2025\/06\/Beato.jpg?resize=525%2C300&ssl=1 1.5x, https:\/\/i0.wp.com\/lasprimeras.com.do\/wp-content\/uploads\/2025\/06\/Beato.jpg?resize=700%2C400&ssl=1 2x"},"classes":[]}],"jetpack_sharing_enabled":true,"_links":{"self":[{"href":"https:\/\/lasprimeras.com.do\/index.php\/wp-json\/wp\/v2\/posts\/99115","targetHints":{"allow":["GET"]}}],"collection":[{"href":"https:\/\/lasprimeras.com.do\/index.php\/wp-json\/wp\/v2\/posts"}],"about":[{"href":"https:\/\/lasprimeras.com.do\/index.php\/wp-json\/wp\/v2\/types\/post"}],"author":[{"embeddable":true,"href":"https:\/\/lasprimeras.com.do\/index.php\/wp-json\/wp\/v2\/users\/10"}],"replies":[{"embeddable":true,"href":"https:\/\/lasprimeras.com.do\/index.php\/wp-json\/wp\/v2\/comments?post=99115"}],"version-history":[{"count":1,"href":"https:\/\/lasprimeras.com.do\/index.php\/wp-json\/wp\/v2\/posts\/99115\/revisions"}],"predecessor-version":[{"id":99117,"href":"https:\/\/lasprimeras.com.do\/index.php\/wp-json\/wp\/v2\/posts\/99115\/revisions\/99117"}],"wp:featuredmedia":[{"embeddable":true,"href":"https:\/\/lasprimeras.com.do\/index.php\/wp-json\/wp\/v2\/media\/99116"}],"wp:attachment":[{"href":"https:\/\/lasprimeras.com.do\/index.php\/wp-json\/wp\/v2\/media?parent=99115"}],"wp:term":[{"taxonomy":"category","embeddable":true,"href":"https:\/\/lasprimeras.com.do\/index.php\/wp-json\/wp\/v2\/categories?post=99115"},{"taxonomy":"post_tag","embeddable":true,"href":"https:\/\/lasprimeras.com.do\/index.php\/wp-json\/wp\/v2\/tags?post=99115"}],"curies":[{"name":"wp","href":"https:\/\/api.w.org\/{rel}","templated":true}]}}