{"id":99118,"date":"2025-05-18T15:49:23","date_gmt":"2025-05-18T19:49:23","guid":{"rendered":"https:\/\/lasprimeras.com.do\/?p=99118"},"modified":"2025-05-18T15:49:25","modified_gmt":"2025-05-18T19:49:25","slug":"sistema-911-y-policia-nacional-sostienen-reunion-tecnica-en-el-marco-de-la-reforma-policial","status":"publish","type":"post","link":"https:\/\/lasprimeras.com.do\/index.php\/2025\/05\/18\/sistema-911-y-policia-nacional-sostienen-reunion-tecnica-en-el-marco-de-la-reforma-policial\/","title":{"rendered":"Sistema 911 y Polic\u00eda Nacional sostienen reuni\u00f3n t\u00e9cnica en el marco de la reforma policial"},"content":{"rendered":"\n<p><strong>La sesi\u00f3n t\u00e9cnica se desarroll\u00f3 en la sede del 911 en Santo Domingo y forma parte de los esfuerzos para consolidar la interoperabilidad entre las instituciones responsables de la seguridad ciudadana.<\/strong><\/p>\n\n\n\n<p>El Sistema Nacional de Atenci\u00f3n a Emergencias y Seguridad 911 sostuvo una reuni\u00f3n t\u00e9cnica de coordinaci\u00f3n con la Polic\u00eda Nacional, como parte de la segunda etapa del Proceso de Reforma, Modernizaci\u00f3n y Transformaci\u00f3n Policial. El objetivo fue afianzar la interconexi\u00f3n entre las instituciones para la implementaci\u00f3n del Nuevo Modelo de Prestaci\u00f3n del Servicio de Polic\u00eda (NMPSP).<\/p>\n\n\n\n<p>La jornada se realiz\u00f3 en la sede del 911 en Santo Domingo con la participaci\u00f3n del comisionado ejecutivo para la Reforma Policial, Luis Ernesto Garc\u00eda Hern\u00e1ndez; el coronel piloto, Randolfo Rijo G\u00f3mez, ERD, director ejecutivo del Sistema 911; y el general, Juan Hilario Guzm\u00e1n Bello, subdirector general de la Polic\u00eda Nacional.<\/p>\n\n\n\n<p>Rijo G\u00f3mez expres\u00f3 que \u201cel Sistema 911 est\u00e1 comprometido con fortalecer el trabajo en equipo con la Polic\u00eda Nacional, aportando herramientas tecnol\u00f3gicas y datos que contribuyan al \u00e9xito del nuevo modelo de servicio. Esta transformaci\u00f3n requiere que tambi\u00e9n nos adaptemos a la nueva forma de acercamiento al ciudadano que impulsa la reforma policial\u201d.<\/p>\n\n\n\n<p>Mientras, Garc\u00eda Hern\u00e1ndez afirm\u00f3 que este encuentro busca fortalecer \u201cla interoperabilidad entre el 911 y la Polic\u00eda Nacional para mejorar el patrullaje y la respuesta a los requerimientos y necesidades del ciudadano. Aqu\u00ed, en este nuevo modelo de servicio policial, est\u00e1 primero el ciudadano\u201d.<\/p>\n\n\n\n<p>Por parte del Sistema 911 participaron el subdirector, coronel piloto, Harold Jim\u00e9nez Polanco, ERD; el director de Operaciones, Luis Ferr\u00e1nd; y el director de Tecnolog\u00eda y Videovigilancia, Mart\u00edn Santana.<\/p>\n\n\n\n<p>Asimismo, por la Polic\u00eda Nacional asistieron altos mandos y responsables de \u00e1reas estrat\u00e9gicas como el general, Juan Hilario Guzm\u00e1n Bad\u00eda, subdirector general; el general (r), Juan Sol\u00eds Rosario, director administrativo y financiero; el coronel, Jos\u00e9 del Carmen Dicent, director de An\u00e1lisis Delictivo; y el coronel, Roberto Chuan Morales, director de \u00c1rea de Comunicaciones.<\/p>\n\n\n\n<p>Tambi\u00e9n participaron el coronel, Francisco Pimentel, intendente de Armas; el coronel, Milton Santana Mora, director de Tecnolog\u00eda de la Informaci\u00f3n y Comunicaci\u00f3n; el teniente coronel, Claudio Alem\u00e1n Jim\u00e9nez, encargado del Departamento Operativo Central de Radio; el mayor, Alejandro Aracena G\u00f3mez, encargado del Departamento de Desarrollo e Implementaci\u00f3n de Sistemas; el mayor, Nelson Rosario, encargado del Departamento de Servicios TIC; y Miguel Regalado, asesor tecnol\u00f3gico de la Direcci\u00f3n General.<\/p>\n","protected":false},"excerpt":{"rendered":"<p>La sesi\u00f3n t\u00e9cnica se desarroll\u00f3 en la sede del 911 en Santo Domingo y forma parte de los esfuerzos para consolidar la interoperabilidad entre las instituciones responsables de la seguridad&hellip;<\/p>\n","protected":false},"author":10,"featured_media":99120,"comment_status":"open","ping_status":"open","sticky":false,"template":"","format":"standard","meta":{"content-type":"","jetpack_post_was_ever_published":false,"_jetpack_newsletter_access":"","_jetpack_dont_email_post_to_subs":false,"_jetpack_newsletter_tier_id":0,"_jetpack_memberships_contains_paywalled_content":false,"_jetpack_memberships_contains_paid_content":false,"footnotes":""},"categories":[35],"tags":[1157,478,806,4774,13177],"class_list":["post-99118","post","type-post","status-publish","format-standard","has-post-thumbnail","hentry","category-nacionales","tag-policia-nacional","tag-reforma-policial","tag-santo-domingo","tag-seguridad-ciudadana","tag-sistema-911"],"jetpack_featured_media_url":"https:\/\/lasprimeras.com.do\/wp-content\/uploads\/2025\/05\/911-b.jpg","jetpack-related-posts":[{"id":83913,"url":"https:\/\/lasprimeras.com.do\/index.php\/2024\/05\/27\/sistema-911-coordina-asistencia-en-incendio-de-tienda-ubicada-en-mejoramiento-social\/","url_meta":{"origin":99118,"position":0},"title":"Sistema 911 coordina asistencia en incendio de tienda ubicada en Mejoramiento Social","author":"Nelson Feliz","date":"27 de mayo de 2024","format":false,"excerpt":"Hasta el momento no se han reportado afectados. El caso contin\u00faa en desarrollo. El Sistema Nacional de Atenci\u00f3n a Emergencias y Seguridad 911 coordin\u00f3 la asistencia a un incendio que se origin\u00f3 la ma\u00f1ana de este lunes, en una tienda ubicada en el sector Mejoramiento Social, Distrito Nacional.\u00a0 De inmediato,\u2026","rel":"","context":"En \u00abNACIONALES\u00bb","block_context":{"text":"NACIONALES","link":"https:\/\/lasprimeras.com.do\/index.php\/category\/nacionales\/"},"img":{"alt_text":"","src":"https:\/\/i0.wp.com\/lasprimeras.com.do\/wp-content\/uploads\/2024\/05\/Bomberos-del-Distrito-Nacional-1.jpg?resize=350%2C200&ssl=1","width":350,"height":200,"srcset":"https:\/\/i0.wp.com\/lasprimeras.com.do\/wp-content\/uploads\/2024\/05\/Bomberos-del-Distrito-Nacional-1.jpg?resize=350%2C200&ssl=1 1x, https:\/\/i0.wp.com\/lasprimeras.com.do\/wp-content\/uploads\/2024\/05\/Bomberos-del-Distrito-Nacional-1.jpg?resize=525%2C300&ssl=1 1.5x, https:\/\/i0.wp.com\/lasprimeras.com.do\/wp-content\/uploads\/2024\/05\/Bomberos-del-Distrito-Nacional-1.jpg?resize=700%2C400&ssl=1 2x"},"classes":[]},{"id":81123,"url":"https:\/\/lasprimeras.com.do\/index.php\/2024\/04\/17\/sistema-nacional-de-atencion-a-emergencias-911-instala-267-camaras-en-4-provincias-del-pais\/","url_meta":{"origin":99118,"position":1},"title":"Sistema Nacional de Atenci\u00f3n a Emergencias 911 instala 267 c\u00e1maras en 4 provincias del pa\u00eds","author":"BIMARY DE JES\u00daS Matos","date":"17 de abril de 2024","format":false,"excerpt":"Santo Domingo.\u2013 El Sistema Nacional de Atenci\u00f3n a Emergencias y Seguridad 911 instal\u00f3 267 c\u00e1maras de videovigilancia en las provincias Monte Cristi, Dajab\u00f3n, Valverde y Santiago Rodr\u00edguez, en atenci\u00f3n a la visi\u00f3n del presidente de la Rep\u00fablica, Luis Abinader, de fortalecer de manera continua la seguridad ciudadana. Durante el acto\u2026","rel":"","context":"En \u00abNACIONALES\u00bb","block_context":{"text":"NACIONALES","link":"https:\/\/lasprimeras.com.do\/index.php\/category\/nacionales\/"},"img":{"alt_text":"","src":"https:\/\/i0.wp.com\/lasprimeras.com.do\/wp-content\/uploads\/2024\/04\/WhatsApp-Image-2024-04-17-at-11.03.53-AM-1.jpeg?resize=350%2C200&ssl=1","width":350,"height":200,"srcset":"https:\/\/i0.wp.com\/lasprimeras.com.do\/wp-content\/uploads\/2024\/04\/WhatsApp-Image-2024-04-17-at-11.03.53-AM-1.jpeg?resize=350%2C200&ssl=1 1x, https:\/\/i0.wp.com\/lasprimeras.com.do\/wp-content\/uploads\/2024\/04\/WhatsApp-Image-2024-04-17-at-11.03.53-AM-1.jpeg?resize=525%2C300&ssl=1 1.5x, https:\/\/i0.wp.com\/lasprimeras.com.do\/wp-content\/uploads\/2024\/04\/WhatsApp-Image-2024-04-17-at-11.03.53-AM-1.jpeg?resize=700%2C400&ssl=1 2x, https:\/\/i0.wp.com\/lasprimeras.com.do\/wp-content\/uploads\/2024\/04\/WhatsApp-Image-2024-04-17-at-11.03.53-AM-1.jpeg?resize=1050%2C600&ssl=1 3x, https:\/\/i0.wp.com\/lasprimeras.com.do\/wp-content\/uploads\/2024\/04\/WhatsApp-Image-2024-04-17-at-11.03.53-AM-1.jpeg?resize=1400%2C800&ssl=1 4x"},"classes":[]},{"id":128160,"url":"https:\/\/lasprimeras.com.do\/index.php\/2026\/04\/20\/abinader-encabeza-reunion-de-seguimiento-al-plan-de-seguridad-ciudadana-6\/","url_meta":{"origin":99118,"position":2},"title":"Abinader encabeza reuni\u00f3n de seguimiento al Plan de Seguridad Ciudadana","author":"Nelson Feliz","date":"20 de abril de 2026","format":false,"excerpt":"El presidente Luis Abinader se encuentra presidiendo en estos momentos la reuni\u00f3n de seguimiento al Plan de Seguridad Ciudadana, con el prop\u00f3sito de fortalecer las estrategias que se implementan en todo el pa\u00eds para garantizar mayor protecci\u00f3n y tranquilidad a la poblaci\u00f3n. La sesi\u00f3n de trabajo se est\u00e1 llevando a\u2026","rel":"","context":"En \u00abNACIONALES\u00bb","block_context":{"text":"NACIONALES","link":"https:\/\/lasprimeras.com.do\/index.php\/category\/nacionales\/"},"img":{"alt_text":"","src":"https:\/\/i0.wp.com\/lasprimeras.com.do\/wp-content\/uploads\/2026\/04\/IMG-20260420-WA0368-scaled.jpg?resize=350%2C200&ssl=1","width":350,"height":200,"srcset":"https:\/\/i0.wp.com\/lasprimeras.com.do\/wp-content\/uploads\/2026\/04\/IMG-20260420-WA0368-scaled.jpg?resize=350%2C200&ssl=1 1x, https:\/\/i0.wp.com\/lasprimeras.com.do\/wp-content\/uploads\/2026\/04\/IMG-20260420-WA0368-scaled.jpg?resize=525%2C300&ssl=1 1.5x, https:\/\/i0.wp.com\/lasprimeras.com.do\/wp-content\/uploads\/2026\/04\/IMG-20260420-WA0368-scaled.jpg?resize=700%2C400&ssl=1 2x, https:\/\/i0.wp.com\/lasprimeras.com.do\/wp-content\/uploads\/2026\/04\/IMG-20260420-WA0368-scaled.jpg?resize=1050%2C600&ssl=1 3x, https:\/\/i0.wp.com\/lasprimeras.com.do\/wp-content\/uploads\/2026\/04\/IMG-20260420-WA0368-scaled.jpg?resize=1400%2C800&ssl=1 4x"},"classes":[]},{"id":86787,"url":"https:\/\/lasprimeras.com.do\/index.php\/2024\/07\/31\/sistema-911-coordina-asistencia-en-incendio-de-tienda-en-bajos-de-haina\/","url_meta":{"origin":99118,"position":3},"title":"Sistema 911 coordina asistencia en incendio de tienda en Bajos de Haina","author":"Nelson Feliz","date":"31 de julio de 2024","format":false,"excerpt":"Las autoridades han desplegado m\u00faltiples unidades para controlar el incendio y asistir a los afectados en el lugar. El evento contin\u00faa en desarrollo. El Sistema Nacional de Atenci\u00f3n a Emergencias y Seguridad 911 coordin\u00f3 la asistencia de los Cuerpos de Bomberos de San Crist\u00f3bal, Haina, Distrito Nacional, Yaguate, Santo Domingo\u2026","rel":"","context":"En \u00abNACIONALES\u00bb","block_context":{"text":"NACIONALES","link":"https:\/\/lasprimeras.com.do\/index.php\/category\/nacionales\/"},"img":{"alt_text":"","src":"https:\/\/i0.wp.com\/lasprimeras.com.do\/wp-content\/uploads\/2024\/08\/incendio-1.jpg?resize=350%2C200&ssl=1","width":350,"height":200,"srcset":"https:\/\/i0.wp.com\/lasprimeras.com.do\/wp-content\/uploads\/2024\/08\/incendio-1.jpg?resize=350%2C200&ssl=1 1x, https:\/\/i0.wp.com\/lasprimeras.com.do\/wp-content\/uploads\/2024\/08\/incendio-1.jpg?resize=525%2C300&ssl=1 1.5x, https:\/\/i0.wp.com\/lasprimeras.com.do\/wp-content\/uploads\/2024\/08\/incendio-1.jpg?resize=700%2C400&ssl=1 2x"},"classes":[]},{"id":80242,"url":"https:\/\/lasprimeras.com.do\/index.php\/2024\/04\/05\/911-coordina-asistencia-a-varios-afectados-en-accidente\/","url_meta":{"origin":99118,"position":4},"title":"911 coordina asistencia a varios afectados en accidente","author":"BIMARY DE JES\u00daS Matos","date":"5 de abril de 2024","format":false,"excerpt":"La Romana. \u2013 El Sistema Nacional de Atenci\u00f3n a Emergencias y Seguridad 911 inform\u00f3 este viernes, que coordina la asistencia de un accidente de tr\u00e1nsito en el que estuvieron involucrados siete veh\u00edculos en un tramo de la autov\u00eda del Este, sector Villa Hermosa, provincia La Romana. El 911 despleg\u00f3 las\u2026","rel":"","context":"En \u00abNACIONALES\u00bb","block_context":{"text":"NACIONALES","link":"https:\/\/lasprimeras.com.do\/index.php\/category\/nacionales\/"},"img":{"alt_text":"","src":"https:\/\/i0.wp.com\/lasprimeras.com.do\/wp-content\/uploads\/2024\/04\/IMG-20240405-WA0030.jpg?resize=350%2C200&ssl=1","width":350,"height":200,"srcset":"https:\/\/i0.wp.com\/lasprimeras.com.do\/wp-content\/uploads\/2024\/04\/IMG-20240405-WA0030.jpg?resize=350%2C200&ssl=1 1x, https:\/\/i0.wp.com\/lasprimeras.com.do\/wp-content\/uploads\/2024\/04\/IMG-20240405-WA0030.jpg?resize=525%2C300&ssl=1 1.5x, https:\/\/i0.wp.com\/lasprimeras.com.do\/wp-content\/uploads\/2024\/04\/IMG-20240405-WA0030.jpg?resize=700%2C400&ssl=1 2x, https:\/\/i0.wp.com\/lasprimeras.com.do\/wp-content\/uploads\/2024\/04\/IMG-20240405-WA0030.jpg?resize=1050%2C600&ssl=1 3x, https:\/\/i0.wp.com\/lasprimeras.com.do\/wp-content\/uploads\/2024\/04\/IMG-20240405-WA0030.jpg?resize=1400%2C800&ssl=1 4x"},"classes":[]},{"id":100195,"url":"https:\/\/lasprimeras.com.do\/index.php\/2025\/06\/03\/gobierno-pone-en-marcha-nuevo-modelo-de-patrullaje-y-servicio-policial-en-el-gran-santo-domingo\/","url_meta":{"origin":99118,"position":5},"title":"Gobierno pone en marcha nuevo modelo de patrullaje y servicio policial en el Gran Santo Domingo","author":"Nelson Feliz","date":"3 de junio de 2025","format":false,"excerpt":"Presidente Abinader encabeza integraci\u00f3n de m\u00e1s de 1,100 polic\u00edas al nuevo modelo de servicio y patrullaje en fase piloto. El presidente de la Rep\u00fablica, Luis Abinader lanz\u00f3 este lunes el \u201cNuevo Modelo de Servicio y Patrullaje Policial\u201d en varios sectores del Gran Santo Domingo, una estrategia que busca fortalecer la\u2026","rel":"","context":"En \u00abNACIONALES\u00bb","block_context":{"text":"NACIONALES","link":"https:\/\/lasprimeras.com.do\/index.php\/category\/nacionales\/"},"img":{"alt_text":"","src":"https:\/\/i0.wp.com\/lasprimeras.com.do\/wp-content\/uploads\/2025\/06\/patrullaje-en-fase-piloto.jpg?resize=350%2C200&ssl=1","width":350,"height":200,"srcset":"https:\/\/i0.wp.com\/lasprimeras.com.do\/wp-content\/uploads\/2025\/06\/patrullaje-en-fase-piloto.jpg?resize=350%2C200&ssl=1 1x, https:\/\/i0.wp.com\/lasprimeras.com.do\/wp-content\/uploads\/2025\/06\/patrullaje-en-fase-piloto.jpg?resize=525%2C300&ssl=1 1.5x, https:\/\/i0.wp.com\/lasprimeras.com.do\/wp-content\/uploads\/2025\/06\/patrullaje-en-fase-piloto.jpg?resize=700%2C400&ssl=1 2x"},"classes":[]}],"jetpack_sharing_enabled":true,"_links":{"self":[{"href":"https:\/\/lasprimeras.com.do\/index.php\/wp-json\/wp\/v2\/posts\/99118","targetHints":{"allow":["GET"]}}],"collection":[{"href":"https:\/\/lasprimeras.com.do\/index.php\/wp-json\/wp\/v2\/posts"}],"about":[{"href":"https:\/\/lasprimeras.com.do\/index.php\/wp-json\/wp\/v2\/types\/post"}],"author":[{"embeddable":true,"href":"https:\/\/lasprimeras.com.do\/index.php\/wp-json\/wp\/v2\/users\/10"}],"replies":[{"embeddable":true,"href":"https:\/\/lasprimeras.com.do\/index.php\/wp-json\/wp\/v2\/comments?post=99118"}],"version-history":[{"count":1,"href":"https:\/\/lasprimeras.com.do\/index.php\/wp-json\/wp\/v2\/posts\/99118\/revisions"}],"predecessor-version":[{"id":99121,"href":"https:\/\/lasprimeras.com.do\/index.php\/wp-json\/wp\/v2\/posts\/99118\/revisions\/99121"}],"wp:featuredmedia":[{"embeddable":true,"href":"https:\/\/lasprimeras.com.do\/index.php\/wp-json\/wp\/v2\/media\/99120"}],"wp:attachment":[{"href":"https:\/\/lasprimeras.com.do\/index.php\/wp-json\/wp\/v2\/media?parent=99118"}],"wp:term":[{"taxonomy":"category","embeddable":true,"href":"https:\/\/lasprimeras.com.do\/index.php\/wp-json\/wp\/v2\/categories?post=99118"},{"taxonomy":"post_tag","embeddable":true,"href":"https:\/\/lasprimeras.com.do\/index.php\/wp-json\/wp\/v2\/tags?post=99118"}],"curies":[{"name":"wp","href":"https:\/\/api.w.org\/{rel}","templated":true}]}}