{"id":99125,"date":"2025-05-18T16:04:25","date_gmt":"2025-05-18T20:04:25","guid":{"rendered":"https:\/\/lasprimeras.com.do\/?p=99125"},"modified":"2025-05-18T16:04:27","modified_gmt":"2025-05-18T20:04:27","slug":"condenan-lider-banda-haitiana-secuestro-a-16-estadounidenses","status":"publish","type":"post","link":"https:\/\/lasprimeras.com.do\/index.php\/2025\/05\/18\/condenan-lider-banda-haitiana-secuestro-a-16-estadounidenses\/","title":{"rendered":"Condenan l\u00edder banda haitiana secuestr\u00f3 a 16 estadounidenses"},"content":{"rendered":"\n<p>MIAMI.- Joly Germine, alias \u00abYonyon\u00bb, un peligroso cabecilla de la banda haitiana 400 Mawozo, fue declarado culpable en Estados Unidos por su rol central en el secuestro de 16 estadounidenses, incluidos cinco ni\u00f1os, ocurrido en Hait\u00ed en octubre de 2021.<\/p>\n\n\n\n<p>El veredicto fue emitido ayer por un jurado federal del Distrito de Columbia, seg\u00fan report\u00f3 el peri\u00f3dico haitiano Le Nouvelliste, citando un comunicado oficial del Departamento de Justicia de EE. UU.<\/p>\n\n\n\n<p>Germine, de 32 a\u00f1os, dirig\u00eda las operaciones de la pandilla desde una prisi\u00f3n haitiana mediante tel\u00e9fonos celulares. Fue hallado culpable de conspiraci\u00f3n para cometer toma de rehenes y de 16 cargos de secuestro con fines de extorsi\u00f3n.<\/p>\n\n\n\n<p>De acuerdo con el FBI y la fiscal\u00eda estadounidense, el l\u00edder pandillero exig\u00eda un mill\u00f3n de d\u00f3lares por cada reh\u00e9n, adem\u00e1s de condicionar su liberaci\u00f3n a un eventual canje para lograr su propia salida de prisi\u00f3n.<\/p>\n\n\n\n<p><strong>EL SECUESTRO<\/strong><\/p>\n\n\n\n<p>Los hechos ocurrieron el 16 de octubre de 2021, cuando 17 misioneros menonitas de Christian Aid Ministries, con sede en Ohio, regresaban de visitar un orfanato.<\/p>\n\n\n\n<p>Fueron interceptados por hombres armados enmascarados, llevados a una zona rural y mantenidos cautivos durante 62 d\u00edas en condiciones extremas. Uno de los rehenes era canadiense y el resto, estadounidenses.<\/p>\n\n\n\n<p>Durante el cautiverio, dos rehenes fueron liberados por razones m\u00e9dicas y otros tres tras el pago de 350,000 d\u00f3lares. El resto logr\u00f3 escapar caminando de noche durante horas por la selva haitiana, hasta llegar a un lugar seguro donde fueron rescatados por el FBI.<\/p>\n\n\n\n<p>Seg\u00fan las autoridades, Germine no solo orden\u00f3 el secuestro y determin\u00f3 los lugares de detenci\u00f3n, sino que tambi\u00e9n manejaba las finanzas de la banda, coordinaba el suministro de armas y supervisaba las decisiones sobre las liberaciones.<\/p>\n\n\n\n<p>En 2024 ya hab\u00eda sido condenado a 35 a\u00f1os de prisi\u00f3n por tr\u00e1fico ilegal de armas y lavado de dinero vinculado a pagos de rescate.<\/p>\n\n\n\n<p><strong>LA TERRIBLE 400 MAWOZO<\/strong><\/p>\n\n\n\n<p>La pandilla 400 Mawozo, considerada una de las m\u00e1s violentas de Hait\u00ed, opera en Croix-des-Bouquets, al este de Puerto Pr\u00edncipe, y forma parte de la coalici\u00f3n Viv ansanm, designada como organizaci\u00f3n terrorista por EE. UU. el pasado 2 de mayo.<\/p>\n\n\n\n<p>En marzo de este a\u00f1o, autoridades haitianas arrestaron a varios traficantes de armas en Bellad\u00e8re, ciudad natal de Germine, fronteriza con Rep\u00fablica Dominicana. En la operaci\u00f3n se vincul\u00f3 a esta red con el abastecimiento de municiones a 400 Mawozo y otras pandillas armadas.<\/p>\n","protected":false},"excerpt":{"rendered":"<p>MIAMI.- Joly Germine, alias \u00abYonyon\u00bb, un peligroso cabecilla de la banda haitiana 400 Mawozo, fue declarado culpable en Estados Unidos por su rol central en el secuestro de 16 estadounidenses,&hellip;<\/p>\n","protected":false},"author":10,"featured_media":99126,"comment_status":"open","ping_status":"open","sticky":false,"template":"","format":"standard","meta":{"content-type":"","jetpack_post_was_ever_published":false,"_jetpack_newsletter_access":"","_jetpack_dont_email_post_to_subs":false,"_jetpack_newsletter_tier_id":0,"_jetpack_memberships_contains_paywalled_content":false,"_jetpack_memberships_contains_paid_content":false,"footnotes":""},"categories":[16289],"tags":[4367,217,19614,19613,19615,19612,19616],"class_list":["post-99125","post","type-post","status-publish","format-standard","has-post-thumbnail","hentry","category-internacionales","tag-estadounidenses","tag-haiti","tag-joly-germine","tag-lider-banda-haitiana","tag-mawozo","tag-secuestroo","tag-yonyon"],"jetpack_featured_media_url":"https:\/\/lasprimeras.com.do\/wp-content\/uploads\/2025\/05\/Joly-Germine-alias-Yonyon.jpg","jetpack-related-posts":[{"id":107746,"url":"https:\/\/lasprimeras.com.do\/index.php\/2025\/08\/30\/entregan-en-dajabon-a-dos-miembros-de-la-banda-haitiana-400-mawozo\/","url_meta":{"origin":99125,"position":0},"title":"Entregan en Dajab\u00f3n a dos miembros de la banda haitiana 400 Mawozo","author":"Nelson Feliz","date":"30 de agosto de 2025","format":false,"excerpt":"Residentes fronterizos preocupados por la facilidad con la que pandillas haitianas ingresan a Rep\u00fablica Dominicana. Dos presuntos integrantes de la temida banda haitiana 400 Mawozo, vinculada a hechos de violencia y criminalidad en Hait\u00ed, fueron entregados este s\u00e1bado por las autoridades dominicanas en la zona fronteriza de Dajab\u00f3n. Se trata\u2026","rel":"","context":"En \u00abMILITARES\u00bb","block_context":{"text":"MILITARES","link":"https:\/\/lasprimeras.com.do\/index.php\/category\/militares\/"},"img":{"alt_text":"","src":"https:\/\/i0.wp.com\/lasprimeras.com.do\/wp-content\/uploads\/2025\/08\/Miembros-de-la-banda-400-Mawozo-entregados-en-la-frontera.jpg?resize=350%2C200&ssl=1","width":350,"height":200,"srcset":"https:\/\/i0.wp.com\/lasprimeras.com.do\/wp-content\/uploads\/2025\/08\/Miembros-de-la-banda-400-Mawozo-entregados-en-la-frontera.jpg?resize=350%2C200&ssl=1 1x, https:\/\/i0.wp.com\/lasprimeras.com.do\/wp-content\/uploads\/2025\/08\/Miembros-de-la-banda-400-Mawozo-entregados-en-la-frontera.jpg?resize=525%2C300&ssl=1 1.5x, https:\/\/i0.wp.com\/lasprimeras.com.do\/wp-content\/uploads\/2025\/08\/Miembros-de-la-banda-400-Mawozo-entregados-en-la-frontera.jpg?resize=700%2C400&ssl=1 2x"},"classes":[]},{"id":51719,"url":"https:\/\/lasprimeras.com.do\/index.php\/2023\/06\/02\/condenan-a-prision-perpetua-empresario-por-participar-en-asesinato-de-jovenel-moise\/","url_meta":{"origin":99125,"position":1},"title":"Condenan a prisi\u00f3n perpetua empresario por participar en asesinato de Jovenel Mo\u00efse","author":"prenxa100","date":"2 de junio de 2023","format":false,"excerpt":"Miami, AP.-. Un empresario de doble nacionalidad haitiana y chilena que ayud\u00f3 a exsoldados colombianos a conseguir armas para asesinar al presidente haitiano Jovenel Mo\u00efse en 2021 fue condenado el viernes a prisi\u00f3n perpetua en Estados Unidos, casi dos meses despu\u00e9s de haber admitido su participaci\u00f3n en el magnicidio. Rodolphe\u2026","rel":"","context":"En \u00abSin categor\u00eda\u00bb","block_context":{"text":"Sin categor\u00eda","link":"https:\/\/lasprimeras.com.do\/index.php\/category\/sin-categoria\/"},"img":{"alt_text":"","src":"","width":0,"height":0},"classes":[]},{"id":100788,"url":"https:\/\/lasprimeras.com.do\/index.php\/2025\/06\/12\/leonel-fernandez-estado-haitiano-colapso-debemos-proteger-la-frontera-dominicana\/","url_meta":{"origin":99125,"position":2},"title":"Leonel Fern\u00e1ndez: \u201cEstado haitiano colaps\u00f3\u201d; debemos proteger la frontera dominicana","author":"Nelson Feliz","date":"12 de junio de 2025","format":false,"excerpt":"Expresidente Fern\u00e1ndez asegura que m\u00e1s de 200 bandas controlan Hait\u00ed. El expresidente de la Rep\u00fablica y presidente del partido Fuerza del Pueblo, Leonel Fern\u00e1ndez, advirti\u00f3 que el Estado haitiano ha colapsado totalmente y subray\u00f3 la necesidad urgente de que la Rep\u00fablica Dominicana proteja su frontera y garantice su seguridad nacional.\u2026","rel":"","context":"En \u00abPOLITICA\u00bb","block_context":{"text":"POLITICA","link":"https:\/\/lasprimeras.com.do\/index.php\/category\/politica\/"},"img":{"alt_text":"Leonel Fern\u00e1ndez","src":"https:\/\/i0.wp.com\/lasprimeras.com.do\/wp-content\/uploads\/2025\/06\/Leonel-Fernandez.jpg?resize=350%2C200&ssl=1","width":350,"height":200,"srcset":"https:\/\/i0.wp.com\/lasprimeras.com.do\/wp-content\/uploads\/2025\/06\/Leonel-Fernandez.jpg?resize=350%2C200&ssl=1 1x, https:\/\/i0.wp.com\/lasprimeras.com.do\/wp-content\/uploads\/2025\/06\/Leonel-Fernandez.jpg?resize=525%2C300&ssl=1 1.5x, https:\/\/i0.wp.com\/lasprimeras.com.do\/wp-content\/uploads\/2025\/06\/Leonel-Fernandez.jpg?resize=700%2C400&ssl=1 2x"},"classes":[]},{"id":65467,"url":"https:\/\/lasprimeras.com.do\/index.php\/2023\/10\/28\/dictan-cadena-perpetua-en-eeuu-para-exmilitar-colombiano-por-el-magnicidio-de-haiti\/","url_meta":{"origin":99125,"position":3},"title":"Dictan cadena perpetua en EEUU para exmilitar colombiano por el magnicidio de Hait\u00ed","author":"BIMARY DE JES\u00daS Matos","date":"28 de octubre de 2023","format":false,"excerpt":"Miami, (EFE).- El exmilitar colombiano Germ\u00e1n Alejandro Rivera Garc\u00eda, detenido en Estados Unidos junto a un grupo de sospechosos de participar en el magnicidio del presidente de Hait\u00ed, Jovenel Moise, en 2021, fue condenado este viernes en una corte federal de Miami a cadena perpetua, seg\u00fan documentos judiciales. Rivera, de\u2026","rel":"","context":"En \u00abSin categor\u00eda\u00bb","block_context":{"text":"Sin categor\u00eda","link":"https:\/\/lasprimeras.com.do\/index.php\/category\/sin-categoria\/"},"img":{"alt_text":"","src":"https:\/\/i0.wp.com\/lasprimeras.com.do\/wp-content\/uploads\/2023\/10\/WhatsApp-Image-2023-10-28-at-2.43.07-PM-1.webp?resize=350%2C200&ssl=1","width":350,"height":200},"classes":[]},{"id":65421,"url":"https:\/\/lasprimeras.com.do\/index.php\/2023\/10\/27\/cadena-perpetua-para-militar-colombiano-implicado-en-asesinato-del-presidente-de-haiti\/","url_meta":{"origin":99125,"position":4},"title":"Cadena perpetua para militar colombiano implicado en asesinato del presidente de Hait\u00ed","author":"Nelson Feliz","date":"27 de octubre de 2023","format":false,"excerpt":"Un militar colombiano retirado fue condenado este viernes a cadena perpetua, en un tribunal de Miami (Florida), por participar en el asesinato del presidente de Hait\u00ed Jovenel Mo\u00efse, el 7 de julio de 2021, un magnicidio que hundi\u00f3 el pa\u00eds caribe\u00f1o en el caos. Germ\u00e1n Rivera, considerado uno de los\u2026","rel":"","context":"En \u00abSin categor\u00eda\u00bb","block_context":{"text":"Sin categor\u00eda","link":"https:\/\/lasprimeras.com.do\/index.php\/category\/sin-categoria\/"},"img":{"alt_text":"","src":"https:\/\/i0.wp.com\/lasprimeras.com.do\/wp-content\/uploads\/2023\/10\/Jovenel-Moise.png?resize=350%2C200&ssl=1","width":350,"height":200,"srcset":"https:\/\/i0.wp.com\/lasprimeras.com.do\/wp-content\/uploads\/2023\/10\/Jovenel-Moise.png?resize=350%2C200&ssl=1 1x, https:\/\/i0.wp.com\/lasprimeras.com.do\/wp-content\/uploads\/2023\/10\/Jovenel-Moise.png?resize=525%2C300&ssl=1 1.5x"},"classes":[]},{"id":61016,"url":"https:\/\/lasprimeras.com.do\/index.php\/2023\/09\/21\/canada-impone-sanciones-a-tres-empresarios-de-haiti-por-alimentar-la-violencia-en-su-pais\/","url_meta":{"origin":99125,"position":5},"title":"Canad\u00e1 impone sanciones a tres empresarios de Hait\u00ed por alimentar la violencia en su pa\u00eds","author":"Nelson Feliz","date":"21 de septiembre de 2023","format":false,"excerpt":"Los tres sancionados, Marc Antoine Acra, Carl Braun y Jean-Marie Vorbe, no podr\u00e1n viajar a Canad\u00e1. Canad\u00e1 impuso este jueves sanciones a tres empresarios haitianos a los que acus\u00f3 de corrupci\u00f3n y \"otros actos delictivos\" as\u00ed como de permitir la actuaci\u00f3n de las bandas armadas que est\u00e1n causando una grave\u2026","rel":"","context":"En \u00abSin categor\u00eda\u00bb","block_context":{"text":"Sin categor\u00eda","link":"https:\/\/lasprimeras.com.do\/index.php\/category\/sin-categoria\/"},"img":{"alt_text":"Violencia en Hait\u00ed","src":"https:\/\/i0.wp.com\/lasprimeras.com.do\/wp-content\/uploads\/2023\/09\/Violencia-en-Haiti.jpeg?resize=350%2C200&ssl=1","width":350,"height":200,"srcset":"https:\/\/i0.wp.com\/lasprimeras.com.do\/wp-content\/uploads\/2023\/09\/Violencia-en-Haiti.jpeg?resize=350%2C200&ssl=1 1x, https:\/\/i0.wp.com\/lasprimeras.com.do\/wp-content\/uploads\/2023\/09\/Violencia-en-Haiti.jpeg?resize=525%2C300&ssl=1 1.5x, https:\/\/i0.wp.com\/lasprimeras.com.do\/wp-content\/uploads\/2023\/09\/Violencia-en-Haiti.jpeg?resize=700%2C400&ssl=1 2x"},"classes":[]}],"jetpack_sharing_enabled":true,"_links":{"self":[{"href":"https:\/\/lasprimeras.com.do\/index.php\/wp-json\/wp\/v2\/posts\/99125","targetHints":{"allow":["GET"]}}],"collection":[{"href":"https:\/\/lasprimeras.com.do\/index.php\/wp-json\/wp\/v2\/posts"}],"about":[{"href":"https:\/\/lasprimeras.com.do\/index.php\/wp-json\/wp\/v2\/types\/post"}],"author":[{"embeddable":true,"href":"https:\/\/lasprimeras.com.do\/index.php\/wp-json\/wp\/v2\/users\/10"}],"replies":[{"embeddable":true,"href":"https:\/\/lasprimeras.com.do\/index.php\/wp-json\/wp\/v2\/comments?post=99125"}],"version-history":[{"count":1,"href":"https:\/\/lasprimeras.com.do\/index.php\/wp-json\/wp\/v2\/posts\/99125\/revisions"}],"predecessor-version":[{"id":99127,"href":"https:\/\/lasprimeras.com.do\/index.php\/wp-json\/wp\/v2\/posts\/99125\/revisions\/99127"}],"wp:featuredmedia":[{"embeddable":true,"href":"https:\/\/lasprimeras.com.do\/index.php\/wp-json\/wp\/v2\/media\/99126"}],"wp:attachment":[{"href":"https:\/\/lasprimeras.com.do\/index.php\/wp-json\/wp\/v2\/media?parent=99125"}],"wp:term":[{"taxonomy":"category","embeddable":true,"href":"https:\/\/lasprimeras.com.do\/index.php\/wp-json\/wp\/v2\/categories?post=99125"},{"taxonomy":"post_tag","embeddable":true,"href":"https:\/\/lasprimeras.com.do\/index.php\/wp-json\/wp\/v2\/tags?post=99125"}],"curies":[{"name":"wp","href":"https:\/\/api.w.org\/{rel}","templated":true}]}}