{"id":99128,"date":"2025-05-18T16:10:32","date_gmt":"2025-05-18T20:10:32","guid":{"rendered":"https:\/\/lasprimeras.com.do\/?p=99128"},"modified":"2025-05-18T16:10:34","modified_gmt":"2025-05-18T20:10:34","slug":"la-crisis-energetica-llevara-hasta-un-47-de-cuba-al-apagon-simultaneo-este-domingo","status":"publish","type":"post","link":"https:\/\/lasprimeras.com.do\/index.php\/2025\/05\/18\/la-crisis-energetica-llevara-hasta-un-47-de-cuba-al-apagon-simultaneo-este-domingo\/","title":{"rendered":"La crisis energ\u00e9tica llevar\u00e1 hasta un 47 % de Cuba al apag\u00f3n simult\u00e1neo este domingo"},"content":{"rendered":"\n<p><strong>En los \u00faltimos siete meses se han registrado cuatro apagones nacionales, de los que la isla ha tardado d\u00edas en recuperarse<\/strong><\/p>\n\n\n\n<p>EFE.-Cuba sufrir\u00e1 prolongados apagones durante todo este domingo, cortes que llegar\u00e1n a afectar de forma simult\u00e1nea al 47 % del pa\u00eds en el horario de m\u00e1xima demanda, inform\u00f3 en su parte diario la estatal Uni\u00f3n El\u00e9ctrica (UNE).<\/p>\n\n\n\n<p>La isla sufre una profunda crisis energ\u00e9tica, agravada desde agosto de 2024, debido a las aver\u00edas en las obsoletas centrales termoel\u00e9ctricas y al d\u00e9ficit de combustible, por la falta de divisas para importarlo.<\/p>\n\n\n\n<p>Los apagones alcanzan actualmente las 20 horas diarias en amplias regiones del pa\u00eds, entre ellas grandes ciudades como Santiago de Cuba y Holgu\u00edn (en La Habana son de entre cuatro o cinco horas). En los \u00faltimos siete meses se han registrado cuatro apagones nacionales, de los que la isla ha tardado d\u00edas en recuperarse.<\/p>\n\n\n\n<p>La UNE, dependiente del Ministerio de Energ\u00eda y Minas (Minem), calcula para el horario pico en la tarde-noche una capacidad m\u00e1xima de generaci\u00f3n el\u00e9ctrica de 1,855 megavatios (MW) para una demanda de 3,400 MW.<\/p>\n\n\n\n<p>Esto supone un d\u00e9ficit (la diferencia entre oferta y demanda) de 1,545 MW y una afectaci\u00f3n (lo que se desconecta realmente para evitar apagones desordenados) de 1,615 MW. Es frecuente que los valores reales superen el pron\u00f3stico oficial.<\/p>\n\n\n\n<p>Actualmente ocho de las 20 unidades de producci\u00f3n termoel\u00e9ctrica (distribuidas en siete centrales) est\u00e1n fuera de servicio por aver\u00edas o mantenimientos. Adem\u00e1s, decenas de centrales de generaci\u00f3n distribuida (motores) se encuentran fuera de servicio por falta de combustible (diesel y fueloil).<\/p>\n\n\n\n<p>Las centrales termoel\u00e9ctricas cubanas est\u00e1n en su mayor\u00eda obsoletas, tras d\u00e9cadas de explotaci\u00f3n y un d\u00e9ficit cr\u00f3nico de inversi\u00f3n y mantenimiento; mientras que los motores est\u00e1n fuera de servicio por la falta de divisas del pa\u00eds para importar combustible.<\/p>\n\n\n\n<p>Expertos independientes se\u00f1alan que la crisis energ\u00e9tica responde a una infrafinanciaci\u00f3n cr\u00f3nica de este sector, completamente en manos del Estado cubano desde el triunfo de la revoluci\u00f3n en 1959. El Gobierno cubano destaca por su parte el impacto de las sanciones estadounidenses a este sector.<\/p>\n\n\n\n<p><strong>Inversi\u00f3n para recuperar la red el\u00e9ctrica<\/strong><\/p>\n\n\n\n<p>Diversos c\u00e1lculos independientes estiman que el Gobierno necesitar\u00eda entre 8,000 y 10,000 millones de d\u00f3lares para reflotar la red el\u00e9ctrica.<\/p>\n\n\n\n<p>Los frecuentes apagones lastran la econom\u00eda cubana, que se contrajo un 1.9 % en 2023 y no creci\u00f3 el a\u00f1o pasado, seg\u00fan estimaciones del propio Gobierno. Seg\u00fan esas cifras, el PIB de la isla sigue por debajo de los niveles de 2019 y no lo superar\u00e1 este 2025, para el que el Ejecutivo prev\u00e9 un avance del 1 %.<\/p>\n\n\n\n<p>Los cortes atizan asimismo el descontento social y han estado vinculados en los \u00faltimos a\u00f1os a las principales protestas que se han registrado en el pa\u00eds, como las de julio de 2021, las del agosto de 2022 en La Habana y Nuevitas o las de Santiago de Cuba y otras localidades en marzo de 2024.<\/p>\n","protected":false},"excerpt":{"rendered":"<p>En los \u00faltimos siete meses se han registrado cuatro apagones nacionales, de los que la isla ha tardado d\u00edas en recuperarse EFE.-Cuba sufrir\u00e1 prolongados apagones durante todo este domingo, cortes&hellip;<\/p>\n","protected":false},"author":10,"featured_media":99129,"comment_status":"open","ping_status":"open","sticky":false,"template":"","format":"standard","meta":{"content-type":"","jetpack_post_was_ever_published":false,"_jetpack_newsletter_access":"","_jetpack_dont_email_post_to_subs":false,"_jetpack_newsletter_tier_id":0,"_jetpack_memberships_contains_paywalled_content":false,"_jetpack_memberships_contains_paid_content":false,"footnotes":""},"categories":[16289],"tags":[15992,19617,5053,19618],"class_list":["post-99128","post","type-post","status-publish","format-standard","has-post-thumbnail","hentry","category-internacionales","tag-apagon-2","tag-crisis-energetica","tag-cuba","tag-union-electrica"],"jetpack_featured_media_url":"https:\/\/lasprimeras.com.do\/wp-content\/uploads\/2025\/05\/cuba.jpg","jetpack-related-posts":[{"id":95574,"url":"https:\/\/lasprimeras.com.do\/index.php\/2025\/03\/14\/colapsa-de-nuevo-el-sistema-electrico-de-cuba-cuarto-apagon-nacional-en-seis-meses\/","url_meta":{"origin":99128,"position":0},"title":"Colapsa de nuevo el sistema el\u00e9ctrico de Cuba, cuarto apag\u00f3n nacional en seis meses","author":"Nelson Feliz","date":"14 de marzo de 2025","format":false,"excerpt":"El Ministerio de Energ\u00eda cubano dijo que la \"desconexi\u00f3n\" ocurri\u00f3 por una aver\u00eda en una subestaci\u00f3n que provoc\u00f3 una \"p\u00e9rdida importante\" de generaci\u00f3n en el occidente de Cuba La Habana, EFE - El sistema el\u00e9ctrico cubano (SEN) colaps\u00f3 este viernes totalmente en el cuarto apag\u00f3n nacional en los \u00faltimos seis\u2026","rel":"","context":"En \u00abINTERNACIONALES\u00bb","block_context":{"text":"INTERNACIONALES","link":"https:\/\/lasprimeras.com.do\/index.php\/category\/sin-categoria\/internacionales\/"},"img":{"alt_text":"","src":"https:\/\/i0.wp.com\/lasprimeras.com.do\/wp-content\/uploads\/2025\/03\/la-habana-cuba-apagon-octubre-2024-922f2a90-focus-0-0-896-504.jpg?resize=350%2C200&ssl=1","width":350,"height":200,"srcset":"https:\/\/i0.wp.com\/lasprimeras.com.do\/wp-content\/uploads\/2025\/03\/la-habana-cuba-apagon-octubre-2024-922f2a90-focus-0-0-896-504.jpg?resize=350%2C200&ssl=1 1x, https:\/\/i0.wp.com\/lasprimeras.com.do\/wp-content\/uploads\/2025\/03\/la-habana-cuba-apagon-octubre-2024-922f2a90-focus-0-0-896-504.jpg?resize=525%2C300&ssl=1 1.5x, https:\/\/i0.wp.com\/lasprimeras.com.do\/wp-content\/uploads\/2025\/03\/la-habana-cuba-apagon-octubre-2024-922f2a90-focus-0-0-896-504.jpg?resize=700%2C400&ssl=1 2x"},"classes":[]},{"id":124750,"url":"https:\/\/lasprimeras.com.do\/index.php\/2026\/03\/16\/funcionarios-cubanos-reportan-apagon-en-toda-la-isla-en-medio-de-crisis-energetica-del-pais\/","url_meta":{"origin":99128,"position":1},"title":"Funcionarios cubanos reportan apag\u00f3n en toda la isla en medio de crisis energ\u00e9tica del pa\u00eds","author":"Nelson Feliz","date":"16 de marzo de 2026","format":false,"excerpt":"LA HABANA (AP) \u2014 Funcionarios en Cuba informaron que se produjo un apag\u00f3n el lunes en toda la isla de unos 11 millones de habitantes, a medida que se agravan las crisis energ\u00e9tica y econ\u00f3mica del pa\u00eds. Cuba ha atribuido sus penurias a un bloqueo energ\u00e9tico de Estados Unidos luego\u2026","rel":"","context":"En \u00abINTERNACIONALES\u00bb","block_context":{"text":"INTERNACIONALES","link":"https:\/\/lasprimeras.com.do\/index.php\/category\/sin-categoria\/internacionales\/"},"img":{"alt_text":"Un soldado monta en bicicleta en La Habana","src":"https:\/\/i0.wp.com\/lasprimeras.com.do\/wp-content\/uploads\/2026\/03\/Un-soldado-monta-en-bicicleta-en-La-Habana.jpg?resize=350%2C200&ssl=1","width":350,"height":200,"srcset":"https:\/\/i0.wp.com\/lasprimeras.com.do\/wp-content\/uploads\/2026\/03\/Un-soldado-monta-en-bicicleta-en-La-Habana.jpg?resize=350%2C200&ssl=1 1x, https:\/\/i0.wp.com\/lasprimeras.com.do\/wp-content\/uploads\/2026\/03\/Un-soldado-monta-en-bicicleta-en-La-Habana.jpg?resize=525%2C300&ssl=1 1.5x, https:\/\/i0.wp.com\/lasprimeras.com.do\/wp-content\/uploads\/2026\/03\/Un-soldado-monta-en-bicicleta-en-La-Habana.jpg?resize=700%2C400&ssl=1 2x"},"classes":[]},{"id":125304,"url":"https:\/\/lasprimeras.com.do\/index.php\/2026\/03\/22\/cuba-sufre-nuevo-apagon-nacional-el-tercero-desde-que-eeuu-ajusto-un-cerco-petrolero\/","url_meta":{"origin":99128,"position":2},"title":"Cuba sufre nuevo apag\u00f3n nacional, el tercero desde que EEUU ajust\u00f3 un cerco petrolero","author":"Nelson Feliz","date":"22 de marzo de 2026","format":false,"excerpt":"POR ANDREA RODR\u00cdGUEZ LA HABANA (AP) \u2014 La estatal Uni\u00f3n El\u00e9ctrica de Cuba inform\u00f3 que se produjo una desconexi\u00f3n total del sistema energ\u00e9tico de la isla el s\u00e1bado por la tarde, dejando a la isla completamente sin luz. Millones de personas se quedaron sin fluido al tiempo que el Ministerio\u2026","rel":"","context":"En \u00abINTERNACIONALES\u00bb","block_context":{"text":"INTERNACIONALES","link":"https:\/\/lasprimeras.com.do\/index.php\/category\/sin-categoria\/internacionales\/"},"img":{"alt_text":"","src":"https:\/\/i0.wp.com\/lasprimeras.com.do\/wp-content\/uploads\/2026\/03\/Apagon-Nacional.jpg?resize=350%2C200&ssl=1","width":350,"height":200,"srcset":"https:\/\/i0.wp.com\/lasprimeras.com.do\/wp-content\/uploads\/2026\/03\/Apagon-Nacional.jpg?resize=350%2C200&ssl=1 1x, https:\/\/i0.wp.com\/lasprimeras.com.do\/wp-content\/uploads\/2026\/03\/Apagon-Nacional.jpg?resize=525%2C300&ssl=1 1.5x, https:\/\/i0.wp.com\/lasprimeras.com.do\/wp-content\/uploads\/2026\/03\/Apagon-Nacional.jpg?resize=700%2C400&ssl=1 2x"},"classes":[]},{"id":108764,"url":"https:\/\/lasprimeras.com.do\/index.php\/2025\/09\/10\/la-red-electrica-de-cuba-colapsa-en-un-apagon-nacional\/","url_meta":{"origin":99128,"position":3},"title":"La red el\u00e9ctrica de Cuba colapsa en un apag\u00f3n nacional","author":"Nelson Feliz","date":"10 de septiembre de 2025","format":false,"excerpt":"LA HABANA, (Reuters) - La red el\u00e9ctrica nacional de Cuba colaps\u00f3 por cuarta vez en menos de un a\u00f1o el mi\u00e9rcoles por la ma\u00f1ana, causando un apag\u00f3n en todo el pa\u00eds, dijeron las autoridades. \u201cSe ha producido una desconexi\u00f3n total del Sistema El\u00e9ctrico\u201d, informaron el Ministerio de Energ\u00eda y la\u2026","rel":"","context":"En \u00abINTERNACIONALES\u00bb","block_context":{"text":"INTERNACIONALES","link":"https:\/\/lasprimeras.com.do\/index.php\/category\/sin-categoria\/internacionales\/"},"img":{"alt_text":"","src":"https:\/\/i0.wp.com\/lasprimeras.com.do\/wp-content\/uploads\/2025\/09\/APAGON-1.jpg?resize=350%2C200&ssl=1","width":350,"height":200,"srcset":"https:\/\/i0.wp.com\/lasprimeras.com.do\/wp-content\/uploads\/2025\/09\/APAGON-1.jpg?resize=350%2C200&ssl=1 1x, https:\/\/i0.wp.com\/lasprimeras.com.do\/wp-content\/uploads\/2025\/09\/APAGON-1.jpg?resize=525%2C300&ssl=1 1.5x"},"classes":[]},{"id":123724,"url":"https:\/\/lasprimeras.com.do\/index.php\/2026\/03\/04\/millones-de-personas-se-quedan-sin-electricidad-tras-apagon-en-el-oeste-de-cuba\/","url_meta":{"origin":99128,"position":4},"title":"Millones de personas se quedan sin electricidad tras apag\u00f3n en el oeste de Cuba","author":"Nelson Feliz","date":"4 de marzo de 2026","format":false,"excerpt":"POR MILEXSY DUR\u00c1N and D\u00c1NICA COTO LA HABANA (AP) \u2014 Un apag\u00f3n afect\u00f3 a la mitad occidental de Cuba el mi\u00e9rcoles, dejando a millones de personas en La Habana y m\u00e1s all\u00e1 sin electricidad en el m\u00e1s reciente corte que golpea a una isla que lucha con reservas de petr\u00f3leo\u2026","rel":"","context":"En \u00abINTERNACIONALES\u00bb","block_context":{"text":"INTERNACIONALES","link":"https:\/\/lasprimeras.com.do\/index.php\/category\/sin-categoria\/internacionales\/"},"img":{"alt_text":"","src":"https:\/\/i0.wp.com\/lasprimeras.com.do\/wp-content\/uploads\/2025\/11\/Apagon-2.jpg?resize=350%2C200&ssl=1","width":350,"height":200,"srcset":"https:\/\/i0.wp.com\/lasprimeras.com.do\/wp-content\/uploads\/2025\/11\/Apagon-2.jpg?resize=350%2C200&ssl=1 1x, https:\/\/i0.wp.com\/lasprimeras.com.do\/wp-content\/uploads\/2025\/11\/Apagon-2.jpg?resize=525%2C300&ssl=1 1.5x, https:\/\/i0.wp.com\/lasprimeras.com.do\/wp-content\/uploads\/2025\/11\/Apagon-2.jpg?resize=700%2C400&ssl=1 2x"},"classes":[]},{"id":124822,"url":"https:\/\/lasprimeras.com.do\/index.php\/2026\/03\/17\/cuba-sufre-un-terremoto-de-magnitud-6-coincidiendo-con-el-apagon-generalizado\/","url_meta":{"origin":99128,"position":5},"title":"Cuba sufre un terremoto de magnitud 6 coincidiendo con el apag\u00f3n generalizado","author":"Nelson Feliz","date":"17 de marzo de 2026","format":false,"excerpt":"El bolet\u00edn de Cenais se\u00f1ala que el temblor se sinti\u00f3 tambi\u00e9n, adem\u00e1s de en Guant\u00e1namo, en la provincia de Santiago de la isla La Habana, EFE- La isla de Cuba ha sufrido esta madrugada un terremoto de magnitud 6, percibido en las provincias de Guant\u00e1namo y de Santiago de Cuba,\u2026","rel":"","context":"En \u00abINTERNACIONALES\u00bb","block_context":{"text":"INTERNACIONALES","link":"https:\/\/lasprimeras.com.do\/index.php\/category\/sin-categoria\/internacionales\/"},"img":{"alt_text":"","src":"https:\/\/i0.wp.com\/lasprimeras.com.do\/wp-content\/uploads\/2026\/03\/alerta-por-un-posible-futuro-terremoto-de-gran-magnitud-tras-sismo-de-1f7e9046-focus-0-0-608-342.jpg?resize=350%2C200&ssl=1","width":350,"height":200,"srcset":"https:\/\/i0.wp.com\/lasprimeras.com.do\/wp-content\/uploads\/2026\/03\/alerta-por-un-posible-futuro-terremoto-de-gran-magnitud-tras-sismo-de-1f7e9046-focus-0-0-608-342.jpg?resize=350%2C200&ssl=1 1x, https:\/\/i0.wp.com\/lasprimeras.com.do\/wp-content\/uploads\/2026\/03\/alerta-por-un-posible-futuro-terremoto-de-gran-magnitud-tras-sismo-de-1f7e9046-focus-0-0-608-342.jpg?resize=525%2C300&ssl=1 1.5x"},"classes":[]}],"jetpack_sharing_enabled":true,"_links":{"self":[{"href":"https:\/\/lasprimeras.com.do\/index.php\/wp-json\/wp\/v2\/posts\/99128","targetHints":{"allow":["GET"]}}],"collection":[{"href":"https:\/\/lasprimeras.com.do\/index.php\/wp-json\/wp\/v2\/posts"}],"about":[{"href":"https:\/\/lasprimeras.com.do\/index.php\/wp-json\/wp\/v2\/types\/post"}],"author":[{"embeddable":true,"href":"https:\/\/lasprimeras.com.do\/index.php\/wp-json\/wp\/v2\/users\/10"}],"replies":[{"embeddable":true,"href":"https:\/\/lasprimeras.com.do\/index.php\/wp-json\/wp\/v2\/comments?post=99128"}],"version-history":[{"count":1,"href":"https:\/\/lasprimeras.com.do\/index.php\/wp-json\/wp\/v2\/posts\/99128\/revisions"}],"predecessor-version":[{"id":99130,"href":"https:\/\/lasprimeras.com.do\/index.php\/wp-json\/wp\/v2\/posts\/99128\/revisions\/99130"}],"wp:featuredmedia":[{"embeddable":true,"href":"https:\/\/lasprimeras.com.do\/index.php\/wp-json\/wp\/v2\/media\/99129"}],"wp:attachment":[{"href":"https:\/\/lasprimeras.com.do\/index.php\/wp-json\/wp\/v2\/media?parent=99128"}],"wp:term":[{"taxonomy":"category","embeddable":true,"href":"https:\/\/lasprimeras.com.do\/index.php\/wp-json\/wp\/v2\/categories?post=99128"},{"taxonomy":"post_tag","embeddable":true,"href":"https:\/\/lasprimeras.com.do\/index.php\/wp-json\/wp\/v2\/tags?post=99128"}],"curies":[{"name":"wp","href":"https:\/\/api.w.org\/{rel}","templated":true}]}}