{"id":99131,"date":"2025-05-18T16:15:15","date_gmt":"2025-05-18T20:15:15","guid":{"rendered":"https:\/\/lasprimeras.com.do\/?p=99131"},"modified":"2025-05-18T16:15:17","modified_gmt":"2025-05-18T20:15:17","slug":"2-muertos-tras-choque-buque-contra-puente-brooklyn","status":"publish","type":"post","link":"https:\/\/lasprimeras.com.do\/index.php\/2025\/05\/18\/2-muertos-tras-choque-buque-contra-puente-brooklyn\/","title":{"rendered":"2 muertos tras choque buque contra puente Brooklyn"},"content":{"rendered":"\n<p>NUEVA YORK.- Un buque escuela de la Armada de M\u00e9xico, que transportaba a alrededor de 270 personas, ha colisionado este s\u00e1bado contra la parte inferior de una de las infraestructuras del neoyorquino Puente de Brooklyn, dejando al menos dos muertos y 20 heridos de distinta gravedad, seg\u00fan han informado autoridades estadounidenses y mexicanas.<\/p>\n\n\n\n<p>La Secretar\u00eda de Marina (SEMAR) de M\u00e9xico ha informado en un comunicado que dos de los tripulantes han fallecido por las graves lesiones provocadas por el accidente. Del resto de heridos, once se encuentran en estado grave y nueve estables.<\/p>\n\n\n\n<p><strong>PRESIDENTA EXPRESA LAMENTO<\/strong><\/p>\n\n\n\n<p>La presidenta de M\u00e9xico, Claudia Sheinbaum, ha lamentado el fallecimiento de los dos miembros de la tripulaci\u00f3n y ha se\u00f1alado que SEMAR contin\u00faa atendiendo a los heridos junto con las autoridades locales, a las que ha agradecido su apoyo. \u00abNuestra solidaridad y apoyo a las familias\u00bb, ha afirmado en un mensaje desde su cuenta de la red social X.<\/p>\n\n\n\n<p>Las im\u00e1genes del accidente difundidas en redes sociales muestran a varios tripulantes subidos en las partes m\u00e1s altas de los m\u00e1stiles del nav\u00edo. Han sido estos palos los que al tratar de cruzar por debajo del puente se han partido debido a la colisi\u00f3n con los marineros encima.<\/p>\n\n\n\n<p>\u00abDurante la maniobra de zarpe del Velero Cuauht\u00e9moc en Nueva York, se registr\u00f3 un percance con el Puente de Brooklyn que provoc\u00f3 da\u00f1os al Buque Escuela, impidiendo por el momento la continuaci\u00f3n del crucero de instrucci\u00f3n\u00bb, ha informado SEMAR en una publicaci\u00f3n en su cuenta oficial en la red social X.<\/p>\n\n\n\n<p>La instituci\u00f3n mexicana ha se\u00f1alado adem\u00e1s que tanto el estado del personal como el del material del velero est\u00e1n siendo en estos momentos revisados por \u00abautoridades navales y locales, que est\u00e1n brindando apoyo\u00bb, y ha prometido mantener la \u00abtransparencia en sus operaciones\u00bb.<\/p>\n\n\n\n<p><strong>POLIC\u00cdA INVESTIGA<\/strong><\/p>\n\n\n\n<p>Por su parte, el Departamento de Polic\u00eda de Nueva York ha confirmado a trav\u00e9s de la misma plataforma que la colisi\u00f3n se halla bajo investigaci\u00f3n y ha pedido que se evite la circulaci\u00f3n en la zona, dado que \u00abse prev\u00e9 tr\u00e1fico denso y una gran cantidad de veh\u00edculos de emergencia en sus alrededores\u00bb.<\/p>\n","protected":false},"excerpt":{"rendered":"<p>NUEVA YORK.- Un buque escuela de la Armada de M\u00e9xico, que transportaba a alrededor de 270 personas, ha colisionado este s\u00e1bado contra la parte inferior de una de las infraestructuras&hellip;<\/p>\n","protected":false},"author":10,"featured_media":99132,"comment_status":"open","ping_status":"open","sticky":false,"template":"","format":"standard","meta":{"content-type":"","jetpack_post_was_ever_published":false,"_jetpack_newsletter_access":"","_jetpack_dont_email_post_to_subs":false,"_jetpack_newsletter_tier_id":0,"_jetpack_memberships_contains_paywalled_content":false,"_jetpack_memberships_contains_paid_content":false,"footnotes":""},"categories":[16289],"tags":[19621,15011,2024,686,19619,19620],"class_list":["post-99131","post","type-post","status-publish","format-standard","has-post-thumbnail","hentry","category-internacionales","tag-armada-de-mexico","tag-buque","tag-choque","tag-muertos","tag-puente-brooklyn","tag-secretaria-de-marina-de-mexico"],"jetpack_featured_media_url":"https:\/\/lasprimeras.com.do\/wp-content\/uploads\/2025\/05\/buque-1.jpg","jetpack-related-posts":[{"id":99407,"url":"https:\/\/lasprimeras.com.do\/index.php\/2025\/05\/21\/puente-brooklyn-no-sufrio-por-choque-de-barco-figura-entre-los-68-mas-vulnerables-en-usa\/","url_meta":{"origin":99131,"position":0},"title":"Puente Brooklyn no sufri\u00f3 por choque de barco; figura entre los 68 m\u00e1s vulnerables en USA","author":"Nelson Feliz","date":"21 de mayo de 2025","format":false,"excerpt":"Por Ram\u00f3n Mercedes NUEVA YORK.- Investigadores federales dijeron este lunes que el puente colgante de Brooklyn pas\u00f3 una prueba de vulnerabilidad realizada despu\u00e9s que un barco de la Armada Mexicana, de 91 metros de eslora, se estrellara el pasado s\u00e1bado contra el mismo. El puente no sufri\u00f3 da\u00f1os estructurales significativos;\u2026","rel":"","context":"En \u00abINTERNACIONALES\u00bb","block_context":{"text":"INTERNACIONALES","link":"https:\/\/lasprimeras.com.do\/index.php\/category\/sin-categoria\/internacionales\/"},"img":{"alt_text":"Puente Brooklyn no sufri\u00f3 por choque de barco","src":"https:\/\/i0.wp.com\/lasprimeras.com.do\/wp-content\/uploads\/2025\/05\/WhatsApp-Image-2025-05-21-at-6.00.51-AM-1.jpeg?resize=350%2C200&ssl=1","width":350,"height":200,"srcset":"https:\/\/i0.wp.com\/lasprimeras.com.do\/wp-content\/uploads\/2025\/05\/WhatsApp-Image-2025-05-21-at-6.00.51-AM-1.jpeg?resize=350%2C200&ssl=1 1x, https:\/\/i0.wp.com\/lasprimeras.com.do\/wp-content\/uploads\/2025\/05\/WhatsApp-Image-2025-05-21-at-6.00.51-AM-1.jpeg?resize=525%2C300&ssl=1 1.5x"},"classes":[]},{"id":79887,"url":"https:\/\/lasprimeras.com.do\/index.php\/2024\/04\/01\/en-pascua-recuerdan-a-trabajadores-que-fallecieron-tras-colapso-de-puente-en-baltimore\/","url_meta":{"origin":99131,"position":1},"title":"En Pascua, recuerdan a trabajadores que fallecieron tras colapso de puente en Baltimore","author":"BIMARY DE JES\u00daS Matos","date":"1 de abril de 2024","format":false,"excerpt":"BALTIMORE, MARYLAND, EEUU \u2014\u00a0Mientras las cuadrillas continuaban la complicada y meticulosa operaci\u00f3n de retirar el acero y el concreto del puente Francis Scott Key que se desplom\u00f3 en Baltimore, algunos cerca del sitio se tomaron un tiempo el domingo de Pascua para reflexionar sobre los seis trabajadores que fallecieron. El\u2026","rel":"","context":"En \u00abSin categor\u00eda\u00bb","block_context":{"text":"Sin categor\u00eda","link":"https:\/\/lasprimeras.com.do\/index.php\/category\/sin-categoria\/"},"img":{"alt_text":"","src":"https:\/\/i0.wp.com\/lasprimeras.com.do\/wp-content\/uploads\/2024\/04\/97152a4a-ac42-484a-b35b-dcf173d6fe14_w650_r1_s.jpg?resize=350%2C200&ssl=1","width":350,"height":200,"srcset":"https:\/\/i0.wp.com\/lasprimeras.com.do\/wp-content\/uploads\/2024\/04\/97152a4a-ac42-484a-b35b-dcf173d6fe14_w650_r1_s.jpg?resize=350%2C200&ssl=1 1x, https:\/\/i0.wp.com\/lasprimeras.com.do\/wp-content\/uploads\/2024\/04\/97152a4a-ac42-484a-b35b-dcf173d6fe14_w650_r1_s.jpg?resize=525%2C300&ssl=1 1.5x"},"classes":[]},{"id":71159,"url":"https:\/\/lasprimeras.com.do\/index.php\/2023\/12\/17\/hombres-armados-matan-a-12-personas-durante-una-fiesta-navidena\/","url_meta":{"origin":99131,"position":2},"title":"Hombres armados matan a 12 personas durante una fiesta navide\u00f1a","author":"Nelson Feliz","date":"17 de diciembre de 2023","format":false,"excerpt":"Los hechos tuvieron lugar pocas horas despu\u00e9s de que un grupo de pistoleros asesinara a 4 personas en una barber\u00eda en otra parte del estado. MEXICO, RT.-.Al menos 16 personas fueron asesinadas y por lo menos otras 14 resultaron heridas este fin de semana en dos ataques distintos en el\u2026","rel":"","context":"En \u00abSin categor\u00eda\u00bb","block_context":{"text":"Sin categor\u00eda","link":"https:\/\/lasprimeras.com.do\/index.php\/category\/sin-categoria\/"},"img":{"alt_text":"","src":"","width":0,"height":0},"classes":[]},{"id":56325,"url":"https:\/\/lasprimeras.com.do\/index.php\/2023\/07\/30\/putin-anuncia-que-la-armada-rusa-sumara-este-ano-30-nuevos-buques\/","url_meta":{"origin":99131,"position":3},"title":"Putin anuncia que la Armada rusa sumar\u00e1 este a\u00f1o 30 nuevos buques","author":"Nelson Feliz","date":"30 de julio de 2023","format":false,"excerpt":"El presidente de Rusia, Vlad\u00edmir Putin, anunci\u00f3 hoy que la Marina de Guerra del pa\u00eds sumar\u00e1 este a\u00f1o 30 nuevos buques en una intervenci\u00f3n en la parada naval en San Petersburgo en ocasi\u00f3n del D\u00eda de la Armada. \"Hoy, Rusia cumple con seguridad la tareas a gran escala de su\u2026","rel":"","context":"En \u00abSin categor\u00eda\u00bb","block_context":{"text":"Sin categor\u00eda","link":"https:\/\/lasprimeras.com.do\/index.php\/category\/sin-categoria\/"},"img":{"alt_text":"Vladimir Putin","src":"https:\/\/i0.wp.com\/lasprimeras.com.do\/wp-content\/uploads\/2023\/07\/Vladimir-Putin.jpg?resize=350%2C200&ssl=1","width":350,"height":200,"srcset":"https:\/\/i0.wp.com\/lasprimeras.com.do\/wp-content\/uploads\/2023\/07\/Vladimir-Putin.jpg?resize=350%2C200&ssl=1 1x, https:\/\/i0.wp.com\/lasprimeras.com.do\/wp-content\/uploads\/2023\/07\/Vladimir-Putin.jpg?resize=525%2C300&ssl=1 1.5x, https:\/\/i0.wp.com\/lasprimeras.com.do\/wp-content\/uploads\/2023\/07\/Vladimir-Putin.jpg?resize=700%2C400&ssl=1 2x"},"classes":[]},{"id":80052,"url":"https:\/\/lasprimeras.com.do\/index.php\/2024\/04\/03\/abren-canal-temporal-para-buques-comerciales-tras-colapso-del-puente-de-baltimore\/","url_meta":{"origin":99131,"position":4},"title":"Abren canal temporal para buques comerciales tras colapso del puente de Baltimore","author":"BIMARY DE JES\u00daS Matos","date":"3 de abril de 2024","format":false,"excerpt":"Los \u00c1ngeles.- La Guardia Costera de Estados Unidos abri\u00f3 este martes un canal temporal alternativo para buques comerciales y esenciales en el r\u00edo Patapsco tras el derrumbamiento del puente Key, de Baltimore. El nuevo canal de 4 metros (14 pies) situado al sur del lugar de la cat\u00e1strofe permitir\u00e1 a\u2026","rel":"","context":"En \u00abSin categor\u00eda\u00bb","block_context":{"text":"Sin categor\u00eda","link":"https:\/\/lasprimeras.com.do\/index.php\/category\/sin-categoria\/"},"img":{"alt_text":"","src":"https:\/\/i0.wp.com\/lasprimeras.com.do\/wp-content\/uploads\/2024\/04\/6a0c8a05-4f4b-48f5-a1d9-1ad180753c4a-1.webp?resize=350%2C200&ssl=1","width":350,"height":200,"srcset":"https:\/\/i0.wp.com\/lasprimeras.com.do\/wp-content\/uploads\/2024\/04\/6a0c8a05-4f4b-48f5-a1d9-1ad180753c4a-1.webp?resize=350%2C200&ssl=1 1x, https:\/\/i0.wp.com\/lasprimeras.com.do\/wp-content\/uploads\/2024\/04\/6a0c8a05-4f4b-48f5-a1d9-1ad180753c4a-1.webp?resize=525%2C300&ssl=1 1.5x, https:\/\/i0.wp.com\/lasprimeras.com.do\/wp-content\/uploads\/2024\/04\/6a0c8a05-4f4b-48f5-a1d9-1ad180753c4a-1.webp?resize=700%2C400&ssl=1 2x, https:\/\/i0.wp.com\/lasprimeras.com.do\/wp-content\/uploads\/2024\/04\/6a0c8a05-4f4b-48f5-a1d9-1ad180753c4a-1.webp?resize=1050%2C600&ssl=1 3x, https:\/\/i0.wp.com\/lasprimeras.com.do\/wp-content\/uploads\/2024\/04\/6a0c8a05-4f4b-48f5-a1d9-1ad180753c4a-1.webp?resize=1400%2C800&ssl=1 4x"},"classes":[]},{"id":127249,"url":"https:\/\/lasprimeras.com.do\/index.php\/2026\/04\/09\/maryland-llega-a-un-acuerdo-con-dueno-y-operador-del-barco-que-causo-derrumbe-de-puente-en-baltimore\/","url_meta":{"origin":99131,"position":5},"title":"Maryland llega a un acuerdo con due\u00f1o y operador del barco que caus\u00f3 derrumbe de puente en Baltimore","author":"Nelson Feliz","date":"9 de abril de 2026","format":false,"excerpt":"POR BRIAN WITTE ANNAPOLIS, Maryland, EE.UU. (AP) \u2014 Maryland alcanz\u00f3 un acuerdo con el propietario y el operador del enorme buque de carga que se estrell\u00f3 contra un puente de Baltimore hace dos a\u00f1os, provocando su derrumbe, anunciaron autoridades estatales el jueves. El fiscal general Anthony Brown manifest\u00f3 que se\u2026","rel":"","context":"En \u00abINTERNACIONALES\u00bb","block_context":{"text":"INTERNACIONALES","link":"https:\/\/lasprimeras.com.do\/index.php\/category\/sin-categoria\/internacionales\/"},"img":{"alt_text":"","src":"https:\/\/i0.wp.com\/lasprimeras.com.do\/wp-content\/uploads\/2026\/04\/barco.jpg?resize=350%2C200&ssl=1","width":350,"height":200,"srcset":"https:\/\/i0.wp.com\/lasprimeras.com.do\/wp-content\/uploads\/2026\/04\/barco.jpg?resize=350%2C200&ssl=1 1x, https:\/\/i0.wp.com\/lasprimeras.com.do\/wp-content\/uploads\/2026\/04\/barco.jpg?resize=525%2C300&ssl=1 1.5x, https:\/\/i0.wp.com\/lasprimeras.com.do\/wp-content\/uploads\/2026\/04\/barco.jpg?resize=700%2C400&ssl=1 2x"},"classes":[]}],"jetpack_sharing_enabled":true,"_links":{"self":[{"href":"https:\/\/lasprimeras.com.do\/index.php\/wp-json\/wp\/v2\/posts\/99131","targetHints":{"allow":["GET"]}}],"collection":[{"href":"https:\/\/lasprimeras.com.do\/index.php\/wp-json\/wp\/v2\/posts"}],"about":[{"href":"https:\/\/lasprimeras.com.do\/index.php\/wp-json\/wp\/v2\/types\/post"}],"author":[{"embeddable":true,"href":"https:\/\/lasprimeras.com.do\/index.php\/wp-json\/wp\/v2\/users\/10"}],"replies":[{"embeddable":true,"href":"https:\/\/lasprimeras.com.do\/index.php\/wp-json\/wp\/v2\/comments?post=99131"}],"version-history":[{"count":1,"href":"https:\/\/lasprimeras.com.do\/index.php\/wp-json\/wp\/v2\/posts\/99131\/revisions"}],"predecessor-version":[{"id":99133,"href":"https:\/\/lasprimeras.com.do\/index.php\/wp-json\/wp\/v2\/posts\/99131\/revisions\/99133"}],"wp:featuredmedia":[{"embeddable":true,"href":"https:\/\/lasprimeras.com.do\/index.php\/wp-json\/wp\/v2\/media\/99132"}],"wp:attachment":[{"href":"https:\/\/lasprimeras.com.do\/index.php\/wp-json\/wp\/v2\/media?parent=99131"}],"wp:term":[{"taxonomy":"category","embeddable":true,"href":"https:\/\/lasprimeras.com.do\/index.php\/wp-json\/wp\/v2\/categories?post=99131"},{"taxonomy":"post_tag","embeddable":true,"href":"https:\/\/lasprimeras.com.do\/index.php\/wp-json\/wp\/v2\/tags?post=99131"}],"curies":[{"name":"wp","href":"https:\/\/api.w.org\/{rel}","templated":true}]}}