{"id":99134,"date":"2025-05-18T16:20:29","date_gmt":"2025-05-18T20:20:29","guid":{"rendered":"https:\/\/lasprimeras.com.do\/?p=99134"},"modified":"2025-05-18T16:20:30","modified_gmt":"2025-05-18T20:20:30","slug":"amarante-baret-denuncia-abandono-santo-domingo-este","status":"publish","type":"post","link":"https:\/\/lasprimeras.com.do\/index.php\/2025\/05\/18\/amarante-baret-denuncia-abandono-santo-domingo-este\/","title":{"rendered":"Amarante Baret denuncia abandono Santo Domingo Este"},"content":{"rendered":"\n<p><strong>Durante la juramentaci\u00f3n de la Direcci\u00f3n Municipal de AVANCEMOS en Santo Domingo Este, el dirigente pol\u00edtico Carlos Amarante Baret, denunci\u00f3 el abandono en que tiene el gobierno del PRM este municipio, mientras que en el plano nacional dijo que el narcotr\u00e1fico vinculado a la pol\u00edtica se expande por todo el pa\u00eds.<\/strong><\/p>\n\n\n\n<p>Amarante denunci\u00f3 el abandono de la Maternidad de Los Minas y del hospital Dar\u00edo Contreras. \u201cLa insensibilidad del gobierno duele a los m\u00e1s pobres que son los que demandan un servicio de salud de calidad y que las autoridades les niegan\u201d indic\u00f3 el pol\u00edtico opositor.<\/p>\n\n\n\n<p>Los constantes apagones tienen al borde la quiebra a cientos de peque\u00f1os empresarios y comerciantes del municipio, mientras el micro tr\u00e1fico y la inseguridad se pasean por los barrios del municipio, asegur\u00f3 Amarante.<\/p>\n\n\n\n<p>El dirigente pol\u00edtico de AVANCEMOS resalt\u00f3 un informe de Insight Crime que informa que los grandes decomisos de alijos de drogas que se han producido en todo el mundo, solo \u201chan hecho una peque\u00f1a mella al crimen organizado, por lo que el gobierno m\u00e1s que vanagloriarse de sus r\u00e9cords en incautaciones de drogas, lo que debe de hacer es investigar profundamente qui\u00e9nes dentro del PRM tienen v\u00ednculos con estas mafias, dado que de manera constante salen dirigentes y autoridades electas acusados y extraditados por este crimen\u201d.<\/p>\n\n\n\n<p>Amarante critic\u00f3 que el gobierno y el PRM hayan tomado la crisis migratoria haitiana para tapar sus graves deficiencia y sus incumplimientos de promesas de campa\u00f1a, mientras evitan poner el dedo sobre la llaga respecto de esta situaci\u00f3n: la contrataci\u00f3n de mano de obra haitiana por parte de grupos empresariales al margen de la Ley de Migraci\u00f3n y del C\u00f3digo de Trabajo\u201d.<\/p>\n\n\n\n<p>El sistema educativo y de salud en retroceso, el campo y los barrios del pa\u00eds abandonados a su suerte y el gobierno solo se ocupa de gastar miles de millones de pesos en publicidad para enga\u00f1ar al pueblo y mantener una popularidad que solo se levanta usando la crisis migratoria haitiana con fines politiqueros, apunt\u00f3 finalmente Carlos Amarante, hablando a nombre de AVANCEMOS.<\/p>\n\n\n\n<p>Entre los dirigentes del municipio se encontraban en el acto Rafael Hern\u00e1ndez, Juan Valdez, Jorge L\u00f3pez, Eunice Serrano, Leinin Navarro, Edward de la Cruz.<\/p>\n","protected":false},"excerpt":{"rendered":"<p>Durante la juramentaci\u00f3n de la Direcci\u00f3n Municipal de AVANCEMOS en Santo Domingo Este, el dirigente pol\u00edtico Carlos Amarante Baret, denunci\u00f3 el abandono en que tiene el gobierno del PRM este&hellip;<\/p>\n","protected":false},"author":10,"featured_media":99135,"comment_status":"open","ping_status":"open","sticky":false,"template":"","format":"standard","meta":{"content-type":"","jetpack_post_was_ever_published":false,"_jetpack_newsletter_access":"","_jetpack_dont_email_post_to_subs":false,"_jetpack_newsletter_tier_id":0,"_jetpack_memberships_contains_paywalled_content":false,"_jetpack_memberships_contains_paid_content":false,"footnotes":""},"categories":[35],"tags":[3709,15714,171,5724,31,1570],"class_list":["post-99134","post","type-post","status-publish","format-standard","has-post-thumbnail","hentry","category-nacionales","tag-abandono","tag-amarante-baret","tag-gobierno","tag-narcotrafico","tag-prm","tag-santo-domingo-este"],"jetpack_featured_media_url":"https:\/\/lasprimeras.com.do\/wp-content\/uploads\/2025\/05\/Carlos-Amarante-Baret.jpg","jetpack-related-posts":[{"id":74732,"url":"https:\/\/lasprimeras.com.do\/index.php\/2024\/01\/26\/carlos-amarante-gobierno-autoritario-que-ha-hundido-el-campo\/","url_meta":{"origin":99134,"position":0},"title":"Carlos Amarante: Gobierno autoritario que ha hundido el campo","author":"Nelson Feliz","date":"26 de enero de 2024","format":false,"excerpt":"El ex senador de la Rep\u00fablica, Carlos Amarante Baret, present\u00f3 cinco situaciones que han creado una situaci\u00f3n desoladora en Rep\u00fablica Dominicana, un panorama oscuro, que lo llev\u00f3 a presentar la interrogante \u00bfQu\u00e9 planea el PRM? El tambi\u00e9n miembro del Comit\u00e9 Pol\u00edtico del Partido de la Liberaci\u00f3n Dominicana (PLD) extern\u00f3 su\u2026","rel":"","context":"En \u00abSin categor\u00eda\u00bb","block_context":{"text":"Sin categor\u00eda","link":"https:\/\/lasprimeras.com.do\/index.php\/category\/sin-categoria\/"},"img":{"alt_text":"Carlos Amarante Baret define como muy oscuro el panorama del pa\u00eds, que le lleva a preguntarse: \u00bfQu\u00e9 planea el PRM","src":"https:\/\/i0.wp.com\/lasprimeras.com.do\/wp-content\/uploads\/2024\/01\/Carlos-Amarante-Baret.jpeg?resize=350%2C200&ssl=1","width":350,"height":200,"srcset":"https:\/\/i0.wp.com\/lasprimeras.com.do\/wp-content\/uploads\/2024\/01\/Carlos-Amarante-Baret.jpeg?resize=350%2C200&ssl=1 1x, https:\/\/i0.wp.com\/lasprimeras.com.do\/wp-content\/uploads\/2024\/01\/Carlos-Amarante-Baret.jpeg?resize=525%2C300&ssl=1 1.5x, https:\/\/i0.wp.com\/lasprimeras.com.do\/wp-content\/uploads\/2024\/01\/Carlos-Amarante-Baret.jpeg?resize=700%2C400&ssl=1 2x"},"classes":[]},{"id":89576,"url":"https:\/\/lasprimeras.com.do\/index.php\/2024\/09\/28\/pld-expulsa-a-carlos-amarante-baret-por-atentar-contra-la-unidad-de-la-organizacion\/","url_meta":{"origin":99134,"position":1},"title":"PLD expulsa a Carlos Amarante Baret por atentar contra la unidad de la organizaci\u00f3n","author":"Nelson Feliz","date":"28 de septiembre de 2024","format":false,"excerpt":"El Partido de la Liberaci\u00f3n Dominicana expuls\u00f3 de sus filas al ex miembro del Comit\u00e9 Pol\u00edtico y Comit\u00e9 Central, Carlos Amarante Baret, por atentar contra la unidad de la organizaci\u00f3n pol\u00edtica, persuadiendo a otros dirigentes a abandonar la organizaci\u00f3n y formar una nueva entidad partidaria. La decisi\u00f3n fue tomada por\u2026","rel":"","context":"En \u00abPORTADA\u00bb","block_context":{"text":"PORTADA","link":"https:\/\/lasprimeras.com.do\/index.php\/category\/portada\/"},"img":{"alt_text":"Carlos Amarante Baret","src":"https:\/\/i0.wp.com\/lasprimeras.com.do\/wp-content\/uploads\/2023\/09\/Carlos-Amarante-Baret.jpg?resize=350%2C200&ssl=1","width":350,"height":200},"classes":[]},{"id":84295,"url":"https:\/\/lasprimeras.com.do\/index.php\/2024\/06\/06\/carlos-amarante-afirma-el-pld-esta-en-su-peor-momento\/","url_meta":{"origin":99134,"position":2},"title":"Carlos Amarante afirma el PLD est\u00e1 en su peor momento","author":"Nelson Feliz","date":"6 de junio de 2024","format":false,"excerpt":"El miembro del Comit\u00e9 Pol\u00edtico, Carlos Amarante Baret, sostuvo que el PLD est\u00e1 en su \u201cpeor momento\u201d, no es posible que se monte un congreso en 60 d\u00edas sin evaluaci\u00f3n y sin diagn\u00f3stico para decir que tiene un partido nuevo, renovado y transformado. Amarante Baret, declar\u00f3 en \u201cEl Sol de\u2026","rel":"","context":"En \u00abPORTADA\u00bb","block_context":{"text":"PORTADA","link":"https:\/\/lasprimeras.com.do\/index.php\/category\/portada\/"},"img":{"alt_text":"Carlos Amarante Baret define como muy oscuro el panorama del pa\u00eds, que le lleva a preguntarse: \u00bfQu\u00e9 planea el PRM","src":"https:\/\/i0.wp.com\/lasprimeras.com.do\/wp-content\/uploads\/2024\/01\/Carlos-Amarante-Baret.jpeg?resize=350%2C200&ssl=1","width":350,"height":200,"srcset":"https:\/\/i0.wp.com\/lasprimeras.com.do\/wp-content\/uploads\/2024\/01\/Carlos-Amarante-Baret.jpeg?resize=350%2C200&ssl=1 1x, https:\/\/i0.wp.com\/lasprimeras.com.do\/wp-content\/uploads\/2024\/01\/Carlos-Amarante-Baret.jpeg?resize=525%2C300&ssl=1 1.5x, https:\/\/i0.wp.com\/lasprimeras.com.do\/wp-content\/uploads\/2024\/01\/Carlos-Amarante-Baret.jpeg?resize=700%2C400&ssl=1 2x"},"classes":[]},{"id":59704,"url":"https:\/\/lasprimeras.com.do\/index.php\/2023\/09\/06\/amarante-baretno-hay-manera-de-que-el-proyecto-reeleccionista-de-abinader-pueda-salir-a-camino\/","url_meta":{"origin":99134,"position":3},"title":"Amarante Baret:&#8221;No hay manera de que el proyecto reeleccionista de Abinader pueda salir a camino&#8221;","author":"Nelson Feliz","date":"6 de septiembre de 2023","format":false,"excerpt":"El miembro del Comit\u00e9 Pol\u00edtico del Partido de la Liberaci\u00f3n Dominicana (PLD), Carlos Amarante Baret, dijo que el pueblo dominicano ha visto con buenos ojos que organizaciones pol\u00edticas comienzan a asentar acuerdos para ponerle fin a un experimento que se dio a partir de la divisi\u00f3n del PLD, la suspensi\u00f3n\u2026","rel":"","context":"En \u00abPORTADA\u00bb","block_context":{"text":"PORTADA","link":"https:\/\/lasprimeras.com.do\/index.php\/category\/portada\/"},"img":{"alt_text":"Carlos Amarante Baret","src":"https:\/\/i0.wp.com\/lasprimeras.com.do\/wp-content\/uploads\/2023\/09\/Carlos-Amarante-Baret.jpg?resize=350%2C200&ssl=1","width":350,"height":200},"classes":[]},{"id":106045,"url":"https:\/\/lasprimeras.com.do\/index.php\/2025\/08\/10\/leonel-el-prm-es-el-gran-fracaso-de-la-politica-dominicana\/","url_meta":{"origin":99134,"position":4},"title":"Leonel: El PRM es el gran fracaso de la pol\u00edtica dominicana","author":"Nelson Feliz","date":"10 de agosto de 2025","format":false,"excerpt":"El expresidente de la Rep\u00fablica, y presidente del partido Fuerza del Pueblo (FP), Leonel Fern\u00e1ndez, afirm\u00f3 que el Partido Revolucionario Moderno (PRM), es el gran fracaso de la pol\u00edtica dominicana, porque prometi\u00f3 un cambio que no ha cumplido. Estas declaraciones fueron ofrecidas dentro del marco de un Encuentro-almuerzo del Consejo\u2026","rel":"","context":"En \u00abPOLITICA\u00bb","block_context":{"text":"POLITICA","link":"https:\/\/lasprimeras.com.do\/index.php\/category\/politica\/"},"img":{"alt_text":"Leonel Fern\u00e1ndez y Carlos Amarante Baret","src":"https:\/\/i0.wp.com\/lasprimeras.com.do\/wp-content\/uploads\/2025\/08\/Leonel-Fernandez-y-Carlos-Amarante-Baret.jpg?resize=350%2C200&ssl=1","width":350,"height":200,"srcset":"https:\/\/i0.wp.com\/lasprimeras.com.do\/wp-content\/uploads\/2025\/08\/Leonel-Fernandez-y-Carlos-Amarante-Baret.jpg?resize=350%2C200&ssl=1 1x, https:\/\/i0.wp.com\/lasprimeras.com.do\/wp-content\/uploads\/2025\/08\/Leonel-Fernandez-y-Carlos-Amarante-Baret.jpg?resize=525%2C300&ssl=1 1.5x, https:\/\/i0.wp.com\/lasprimeras.com.do\/wp-content\/uploads\/2025\/08\/Leonel-Fernandez-y-Carlos-Amarante-Baret.jpg?resize=700%2C400&ssl=1 2x"},"classes":[]},{"id":89619,"url":"https:\/\/lasprimeras.com.do\/index.php\/2024\/09\/29\/jaime-david-momento-de-expulsion-del-companero-amarante-baret-fue-inadecuado-y-muy-mal-manejado\/","url_meta":{"origin":99134,"position":5},"title":"Jaime David &#8220;momento de expulsi\u00f3n del compa\u00f1ero Amarante Baret fue inadecuado y muy mal manejado","author":"Nelson Feliz","date":"29 de septiembre de 2024","format":false,"excerpt":"El ex vicepresidente de la Rep\u00fablica Dominicana, Jaime David Fern\u00e1ndez Mirabal, expres\u00f3 que el momento donde se llev\u00f3 a cabo el anunci\u00f3 sobre la expuls\u00f3 del exmiembro del Comit\u00e9 Pol\u00edtico del PLD, Carlos Amarante Baret, fue inadecuado. \"Creo que dar a conocer una noticia, de la expulsi\u00f3n de un compa\u00f1ero\u2026","rel":"","context":"En \u00abSin categor\u00eda\u00bb","block_context":{"text":"Sin categor\u00eda","link":"https:\/\/lasprimeras.com.do\/index.php\/category\/sin-categoria\/"},"img":{"alt_text":"Jaime David Fern\u00e1ndez Mirabal","src":"https:\/\/i0.wp.com\/lasprimeras.com.do\/wp-content\/uploads\/2024\/09\/Jaime-David-Fernandez-Mirabal.jpg?resize=350%2C200&ssl=1","width":350,"height":200,"srcset":"https:\/\/i0.wp.com\/lasprimeras.com.do\/wp-content\/uploads\/2024\/09\/Jaime-David-Fernandez-Mirabal.jpg?resize=350%2C200&ssl=1 1x, https:\/\/i0.wp.com\/lasprimeras.com.do\/wp-content\/uploads\/2024\/09\/Jaime-David-Fernandez-Mirabal.jpg?resize=525%2C300&ssl=1 1.5x, https:\/\/i0.wp.com\/lasprimeras.com.do\/wp-content\/uploads\/2024\/09\/Jaime-David-Fernandez-Mirabal.jpg?resize=700%2C400&ssl=1 2x"},"classes":[]}],"jetpack_sharing_enabled":true,"_links":{"self":[{"href":"https:\/\/lasprimeras.com.do\/index.php\/wp-json\/wp\/v2\/posts\/99134","targetHints":{"allow":["GET"]}}],"collection":[{"href":"https:\/\/lasprimeras.com.do\/index.php\/wp-json\/wp\/v2\/posts"}],"about":[{"href":"https:\/\/lasprimeras.com.do\/index.php\/wp-json\/wp\/v2\/types\/post"}],"author":[{"embeddable":true,"href":"https:\/\/lasprimeras.com.do\/index.php\/wp-json\/wp\/v2\/users\/10"}],"replies":[{"embeddable":true,"href":"https:\/\/lasprimeras.com.do\/index.php\/wp-json\/wp\/v2\/comments?post=99134"}],"version-history":[{"count":1,"href":"https:\/\/lasprimeras.com.do\/index.php\/wp-json\/wp\/v2\/posts\/99134\/revisions"}],"predecessor-version":[{"id":99136,"href":"https:\/\/lasprimeras.com.do\/index.php\/wp-json\/wp\/v2\/posts\/99134\/revisions\/99136"}],"wp:featuredmedia":[{"embeddable":true,"href":"https:\/\/lasprimeras.com.do\/index.php\/wp-json\/wp\/v2\/media\/99135"}],"wp:attachment":[{"href":"https:\/\/lasprimeras.com.do\/index.php\/wp-json\/wp\/v2\/media?parent=99134"}],"wp:term":[{"taxonomy":"category","embeddable":true,"href":"https:\/\/lasprimeras.com.do\/index.php\/wp-json\/wp\/v2\/categories?post=99134"},{"taxonomy":"post_tag","embeddable":true,"href":"https:\/\/lasprimeras.com.do\/index.php\/wp-json\/wp\/v2\/tags?post=99134"}],"curies":[{"name":"wp","href":"https:\/\/api.w.org\/{rel}","templated":true}]}}