{"id":99152,"date":"2025-05-18T21:12:09","date_gmt":"2025-05-19T01:12:09","guid":{"rendered":"https:\/\/lasprimeras.com.do\/?p=99152"},"modified":"2025-05-18T21:12:10","modified_gmt":"2025-05-19T01:12:10","slug":"mapfre-dominicana-anuncia-jornadas-gratuitas-a-traves-de-su-ruta-latidos-2025","status":"publish","type":"post","link":"https:\/\/lasprimeras.com.do\/index.php\/2025\/05\/18\/mapfre-dominicana-anuncia-jornadas-gratuitas-a-traves-de-su-ruta-latidos-2025\/","title":{"rendered":"MAPFRE Dominicana anuncia jornadas gratuitas a trav\u00e9s de su \u201cRuta Latidos 2025\u201d"},"content":{"rendered":"\n<p>Con el objetivo de concientizar sobre la prevenci\u00f3n y el diagn\u00f3stico a tiempo de las enfermedades cardiovasculares y, en ocasi\u00f3n de celebrarse el D\u00eda Mundial de la Hipertensi\u00f3n, MAPFRE Salud ARS, realizar\u00e1 la jornada \u201cRuta Latidos 2025\u201d, una actividad en favor del bienestar de la poblaci\u00f3n dominicana.<\/p>\n\n\n\n<p>En esa l\u00ednea de inter\u00e9s por el bienestar de las personas anunciaron que, desde el 19 hasta el 23 de mayo de 2025, la aseguradora estar\u00e1 realizando jornadas gratuitas para la prevenci\u00f3n y detecci\u00f3n temprana de la hipertensi\u00f3n arterial, la cual se desarrollar\u00e1 desde las 9:00 de la ma\u00f1ana hasta las 5:00 de la tarde, en los siguientes lugares:<\/p>\n\n\n\n<p>19 de mayo: Oficina principal, Santo Domingo; San Francisco de Macor\u00eds y Bani.<\/p>\n\n\n\n<p>20 de mayo: La Vega y San Pedro de Macor\u00eds.<\/p>\n\n\n\n<p>21 de mayo: Los Jardines Metropolitanos, en Santiago y La Romana.<\/p>\n\n\n\n<p>22 de mayo: Hig\u00fcey y Plaza M\u00eda, en Santiago.<\/p>\n\n\n\n<p>23 de mayo: Puerto Plata, B\u00e1varo y Megacentro.<\/p>\n\n\n\n<p>El evento estar\u00e1 dirigido a personas mayores de 18 a\u00f1os, tanto afiliados y no afiliados, quienes podr\u00e1n beneficiarse de evaluaci\u00f3n m\u00e9dica, toma de presi\u00f3n, revisi\u00f3n de peso e \u00edndice de masa corporal.<\/p>\n\n\n\n<p>Sobre la hipertensi\u00f3n arterial<\/p>\n\n\n\n<p>La presi\u00f3n arterial alta (hipertensi\u00f3n) es una afecci\u00f3n frecuente en la que la fuerza que ejerce la sangre contra las paredes de las arterias es lo suficientemente alta como para causar problemas de salud, como una enfermedad card\u00edaca.<\/p>\n\n\n\n<p>La mayor\u00eda de las personas con presi\u00f3n arterial alta no tienen signos ni s\u00edntomas, incluso si las lecturas de presi\u00f3n arterial alcanzan niveles peligrosamente elevados.<\/p>\n\n\n\n<p>Algunas personas con presi\u00f3n arterial alta pueden tener dolor de cabeza, dificultad para respirar o sangrado nasal, pero estos signos y s\u00edntomas no son espec\u00edficos y, por lo general, no se presentan hasta que dicho trastorno alcanza una etapa grave o potencialmente fatal.<\/p>\n","protected":false},"excerpt":{"rendered":"<p>Con el objetivo de concientizar sobre la prevenci\u00f3n y el diagn\u00f3stico a tiempo de las enfermedades cardiovasculares y, en ocasi\u00f3n de celebrarse el D\u00eda Mundial de la Hipertensi\u00f3n, MAPFRE Salud&hellip;<\/p>\n","protected":false},"author":2,"featured_media":99153,"comment_status":"open","ping_status":"open","sticky":false,"template":"","format":"standard","meta":{"content-type":"","jetpack_post_was_ever_published":false,"_jetpack_newsletter_access":"","_jetpack_dont_email_post_to_subs":false,"_jetpack_newsletter_tier_id":0,"_jetpack_memberships_contains_paywalled_content":false,"_jetpack_memberships_contains_paid_content":false,"footnotes":""},"categories":[16558],"tags":[19630,19629,19631],"class_list":["post-99152","post","type-post","status-publish","format-standard","has-post-thumbnail","hentry","category-salud","tag-jornadas-gratuitas","tag-mapfre-dominicana","tag-ruta-latidos-2025"],"jetpack_featured_media_url":"https:\/\/lasprimeras.com.do\/wp-content\/uploads\/2025\/05\/Personal-medico-y-pacientes-durante-la-evaluacion.jpg","jetpack-related-posts":[{"id":110796,"url":"https:\/\/lasprimeras.com.do\/index.php\/2025\/10\/01\/mapfre-y-grupo-ramos-anuncian-jornadas-gratuitas-de-prevencion-y-deteccion-de-cancer-de-mama\/","url_meta":{"origin":99152,"position":0},"title":"MAPFRE y Grupo Ramos anuncian jornadas gratuitas de prevenci\u00f3n y detecci\u00f3n de c\u00e1ncer de mama","author":"Nelson Feliz","date":"1 de octubre de 2025","format":false,"excerpt":"El programa, que se ha implementado durante 11 a\u00f1os, ha beneficiado a m\u00e1s de 88,870 personas y ayudado a la detecci\u00f3n de 1,599 casos. MAPFRE y Grupo Ramos, presentaron la d\u00e9cima primera edici\u00f3n de Alerta Rosada, una iniciativa que durante m\u00e1s de una d\u00e9cada se ha consolidado como referente en\u2026","rel":"","context":"En \u00abPORTADA\u00bb","block_context":{"text":"PORTADA","link":"https:\/\/lasprimeras.com.do\/index.php\/category\/portada\/"},"img":{"alt_text":"","src":"https:\/\/i0.wp.com\/lasprimeras.com.do\/wp-content\/uploads\/2025\/10\/01-PRINCIPAL.jpg?resize=350%2C200&ssl=1","width":350,"height":200,"srcset":"https:\/\/i0.wp.com\/lasprimeras.com.do\/wp-content\/uploads\/2025\/10\/01-PRINCIPAL.jpg?resize=350%2C200&ssl=1 1x, https:\/\/i0.wp.com\/lasprimeras.com.do\/wp-content\/uploads\/2025\/10\/01-PRINCIPAL.jpg?resize=525%2C300&ssl=1 1.5x, https:\/\/i0.wp.com\/lasprimeras.com.do\/wp-content\/uploads\/2025\/10\/01-PRINCIPAL.jpg?resize=700%2C400&ssl=1 2x"},"classes":[]},{"id":61347,"url":"https:\/\/lasprimeras.com.do\/index.php\/2023\/09\/26\/mapfre-salud-ars-y-sirena-te-invitan-a-la-9na-jornada-alerta-rosada-hazte-un-chequeo-de-mamas-y-no-dejes-espacio-para-dudas\/","url_meta":{"origin":99152,"position":1},"title":"MAPFRE Salud ARS y Sirena te invitan a la 9na Jornada Alerta Rosada","author":"Nelson Feliz","date":"26 de septiembre de 2023","format":false,"excerpt":"Alerta Rosada es una campa\u00f1a que tiene como objetivo principal\u00a0concientizar\u00a0y educar a la comunidad, en conmemoraci\u00f3n del 19 de octubre, D\u00eda Internacional de la Lucha Contra el C\u00e1ncer de Mama. En un esfuerzo por continuar promoviendo la importancia de la detecci\u00f3n temprana del c\u00e1ncer de mama, MAPFRE Salud ARS y\u2026","rel":"","context":"En \u00abSin categor\u00eda\u00bb","block_context":{"text":"Sin categor\u00eda","link":"https:\/\/lasprimeras.com.do\/index.php\/category\/sin-categoria\/"},"img":{"alt_text":"Doris Alburquerque, Andr\u00e9s Mej\u00eda, Jennifer Terrero, Christian Wazar y Karla Pou","src":"https:\/\/i0.wp.com\/lasprimeras.com.do\/wp-content\/uploads\/2023\/09\/Doris-Alburquerque-Andres-Mejia-Jennifer-Terrero-Christian-Wazar-y-Karla-Pou.jpg?resize=350%2C200&ssl=1","width":350,"height":200,"srcset":"https:\/\/i0.wp.com\/lasprimeras.com.do\/wp-content\/uploads\/2023\/09\/Doris-Alburquerque-Andres-Mejia-Jennifer-Terrero-Christian-Wazar-y-Karla-Pou.jpg?resize=350%2C200&ssl=1 1x, https:\/\/i0.wp.com\/lasprimeras.com.do\/wp-content\/uploads\/2023\/09\/Doris-Alburquerque-Andres-Mejia-Jennifer-Terrero-Christian-Wazar-y-Karla-Pou.jpg?resize=525%2C300&ssl=1 1.5x, https:\/\/i0.wp.com\/lasprimeras.com.do\/wp-content\/uploads\/2023\/09\/Doris-Alburquerque-Andres-Mejia-Jennifer-Terrero-Christian-Wazar-y-Karla-Pou.jpg?resize=700%2C400&ssl=1 2x"},"classes":[]},{"id":114051,"url":"https:\/\/lasprimeras.com.do\/index.php\/2025\/11\/10\/mapfre-inaugura-nueva-oficina-comercial-en-san-francisco-de-macoris\/","url_meta":{"origin":99152,"position":2},"title":"MAPFRE inaugura nueva oficina comercial en San Francisco de Macor\u00eds","author":"Nelson Feliz","date":"10 de noviembre de 2025","format":false,"excerpt":"MAPFRE, aseguradora global y l\u00edder en Latinoam\u00e9rica, inaugur\u00f3 su m\u00e1s reciente oficina en San Francisco de Macor\u00eds, abriendo sus puertas para que sus afiliados tengan todos los servicios a su alcance. La actividad fue encabezada por Andr\u00e9s Mej\u00eda, presidente ejecutivo de MAPFRE Dominicana, quien resalt\u00f3 que la inauguraci\u00f3n de esta\u2026","rel":"","context":"En \u00abNACIONALES\u00bb","block_context":{"text":"NACIONALES","link":"https:\/\/lasprimeras.com.do\/index.php\/category\/nacionales\/"},"img":{"alt_text":"","src":"https:\/\/i0.wp.com\/lasprimeras.com.do\/wp-content\/uploads\/2025\/11\/Jacobo-Badiia-Faustino-Peirez-Cristina-Vaizquez-Andreis-Mejiia-Karen-NuinTHez-Lourdes-Musri-y-Joan-Garciia.jpg?resize=350%2C200&ssl=1","width":350,"height":200,"srcset":"https:\/\/i0.wp.com\/lasprimeras.com.do\/wp-content\/uploads\/2025\/11\/Jacobo-Badiia-Faustino-Peirez-Cristina-Vaizquez-Andreis-Mejiia-Karen-NuinTHez-Lourdes-Musri-y-Joan-Garciia.jpg?resize=350%2C200&ssl=1 1x, https:\/\/i0.wp.com\/lasprimeras.com.do\/wp-content\/uploads\/2025\/11\/Jacobo-Badiia-Faustino-Peirez-Cristina-Vaizquez-Andreis-Mejiia-Karen-NuinTHez-Lourdes-Musri-y-Joan-Garciia.jpg?resize=525%2C300&ssl=1 1.5x, https:\/\/i0.wp.com\/lasprimeras.com.do\/wp-content\/uploads\/2025\/11\/Jacobo-Badiia-Faustino-Peirez-Cristina-Vaizquez-Andreis-Mejiia-Karen-NuinTHez-Lourdes-Musri-y-Joan-Garciia.jpg?resize=700%2C400&ssl=1 2x"},"classes":[]},{"id":67464,"url":"https:\/\/lasprimeras.com.do\/index.php\/2023\/11\/15\/andres-mejia-designado-ceo-de-mapfre-en-la-republica-dominicana\/","url_meta":{"origin":99152,"position":3},"title":"Andr\u00e9s Mej\u00eda designado CEO de MAPFRE en la Rep\u00fablica Dominicana","author":"Nelson Feliz","date":"15 de noviembre de 2023","format":false,"excerpt":"En el marco de este proceso de reestructuraci\u00f3n, Andr\u00e9s Mej\u00eda, hasta ahora CEO de MAPFRE Salud ARS, ha sido designado como CEO de MAPFRE en la Rep\u00fablica Dominicana, asumiendo tambi\u00e9n la Direcci\u00f3n de MAPFRE BHD Seguros a partir del 1 de enero de 2024. Grupo MAPFRE, l\u00edder mundial en el\u2026","rel":"","context":"En \u00abNACIONALES\u00bb","block_context":{"text":"NACIONALES","link":"https:\/\/lasprimeras.com.do\/index.php\/category\/nacionales\/"},"img":{"alt_text":"CEO MAPFRE RD","src":"https:\/\/i0.wp.com\/lasprimeras.com.do\/wp-content\/uploads\/2023\/11\/CEO-MAPFRE-RD1.jpg?resize=350%2C200&ssl=1","width":350,"height":200,"srcset":"https:\/\/i0.wp.com\/lasprimeras.com.do\/wp-content\/uploads\/2023\/11\/CEO-MAPFRE-RD1.jpg?resize=350%2C200&ssl=1 1x, https:\/\/i0.wp.com\/lasprimeras.com.do\/wp-content\/uploads\/2023\/11\/CEO-MAPFRE-RD1.jpg?resize=525%2C300&ssl=1 1.5x, https:\/\/i0.wp.com\/lasprimeras.com.do\/wp-content\/uploads\/2023\/11\/CEO-MAPFRE-RD1.jpg?resize=700%2C400&ssl=1 2x"},"classes":[]},{"id":94043,"url":"https:\/\/lasprimeras.com.do\/index.php\/2025\/02\/24\/mapfre-crece-un-30-a-nivel-global-y-fortalece-su-presencia-en-republica-dominicana\/","url_meta":{"origin":99152,"position":4},"title":"MAPFRE crece un 30% a nivel global y fortalece su presencia en Rep\u00fablica Dominicana","author":"Nelson Feliz","date":"24 de febrero de 2025","format":false,"excerpt":"MAPFRE RD cierra 2024 con m\u00e1s de RD$31 mil millones en primas y 18 millones de siniestros atendidos. MAPFRE, aseguradora global y l\u00edder en Latinoam\u00e9rica, cerr\u00f3 2024 con un beneficio atribuible de 902 millones de euros (+30%) y primas por 28.120 millones (+4,5%). Estos resultados reflejan la consolidaci\u00f3n de la\u2026","rel":"","context":"En \u00abECONOM\u00cdA\u00bb","block_context":{"text":"ECONOM\u00cdA","link":"https:\/\/lasprimeras.com.do\/index.php\/category\/economia\/"},"img":{"alt_text":"","src":"https:\/\/i0.wp.com\/lasprimeras.com.do\/wp-content\/uploads\/2025\/02\/Andres-Mejia.jpg?resize=350%2C200&ssl=1","width":350,"height":200,"srcset":"https:\/\/i0.wp.com\/lasprimeras.com.do\/wp-content\/uploads\/2025\/02\/Andres-Mejia.jpg?resize=350%2C200&ssl=1 1x, https:\/\/i0.wp.com\/lasprimeras.com.do\/wp-content\/uploads\/2025\/02\/Andres-Mejia.jpg?resize=525%2C300&ssl=1 1.5x, https:\/\/i0.wp.com\/lasprimeras.com.do\/wp-content\/uploads\/2025\/02\/Andres-Mejia.jpg?resize=700%2C400&ssl=1 2x"},"classes":[]},{"id":107709,"url":"https:\/\/lasprimeras.com.do\/index.php\/2025\/08\/29\/mapfre-economics-mejora-en-dos-decimas-prevision-de-crecimiento-de-al-para-2025-hasta-el-2-1\/","url_meta":{"origin":99152,"position":5},"title":"MAPFRE Economics mejora en dos d\u00e9cimas previsi\u00f3n de crecimiento de AL para 2025 hasta el 2.1%","author":"Nelson Feliz","date":"29 de agosto de 2025","format":false,"excerpt":"La econom\u00eda mundial crecer\u00eda un 2.9% en 2025 y un 3% en 2026, y con una inflaci\u00f3n que se situar\u00e1 en el 3.4% en 2025 y en el 2.9%, en 2026. Am\u00e9rica Latina experimentar\u00e1 un crecimiento del PIB del 2.1% este 2025, dos d\u00e9cimas m\u00e1s respecto a las previsiones de\u2026","rel":"","context":"En \u00abECONOM\u00cdA\u00bb","block_context":{"text":"ECONOM\u00cdA","link":"https:\/\/lasprimeras.com.do\/index.php\/category\/economia\/"},"img":{"alt_text":"","src":"https:\/\/i0.wp.com\/lasprimeras.com.do\/wp-content\/uploads\/2025\/08\/America-Latina-experimentara-un-crecimiento-del-PIB-del-2.1-este-2025.jpg?resize=350%2C200&ssl=1","width":350,"height":200,"srcset":"https:\/\/i0.wp.com\/lasprimeras.com.do\/wp-content\/uploads\/2025\/08\/America-Latina-experimentara-un-crecimiento-del-PIB-del-2.1-este-2025.jpg?resize=350%2C200&ssl=1 1x, https:\/\/i0.wp.com\/lasprimeras.com.do\/wp-content\/uploads\/2025\/08\/America-Latina-experimentara-un-crecimiento-del-PIB-del-2.1-este-2025.jpg?resize=525%2C300&ssl=1 1.5x, https:\/\/i0.wp.com\/lasprimeras.com.do\/wp-content\/uploads\/2025\/08\/America-Latina-experimentara-un-crecimiento-del-PIB-del-2.1-este-2025.jpg?resize=700%2C400&ssl=1 2x"},"classes":[]}],"jetpack_sharing_enabled":true,"_links":{"self":[{"href":"https:\/\/lasprimeras.com.do\/index.php\/wp-json\/wp\/v2\/posts\/99152","targetHints":{"allow":["GET"]}}],"collection":[{"href":"https:\/\/lasprimeras.com.do\/index.php\/wp-json\/wp\/v2\/posts"}],"about":[{"href":"https:\/\/lasprimeras.com.do\/index.php\/wp-json\/wp\/v2\/types\/post"}],"author":[{"embeddable":true,"href":"https:\/\/lasprimeras.com.do\/index.php\/wp-json\/wp\/v2\/users\/2"}],"replies":[{"embeddable":true,"href":"https:\/\/lasprimeras.com.do\/index.php\/wp-json\/wp\/v2\/comments?post=99152"}],"version-history":[{"count":1,"href":"https:\/\/lasprimeras.com.do\/index.php\/wp-json\/wp\/v2\/posts\/99152\/revisions"}],"predecessor-version":[{"id":99154,"href":"https:\/\/lasprimeras.com.do\/index.php\/wp-json\/wp\/v2\/posts\/99152\/revisions\/99154"}],"wp:featuredmedia":[{"embeddable":true,"href":"https:\/\/lasprimeras.com.do\/index.php\/wp-json\/wp\/v2\/media\/99153"}],"wp:attachment":[{"href":"https:\/\/lasprimeras.com.do\/index.php\/wp-json\/wp\/v2\/media?parent=99152"}],"wp:term":[{"taxonomy":"category","embeddable":true,"href":"https:\/\/lasprimeras.com.do\/index.php\/wp-json\/wp\/v2\/categories?post=99152"},{"taxonomy":"post_tag","embeddable":true,"href":"https:\/\/lasprimeras.com.do\/index.php\/wp-json\/wp\/v2\/tags?post=99152"}],"curies":[{"name":"wp","href":"https:\/\/api.w.org\/{rel}","templated":true}]}}