{"id":99158,"date":"2025-05-18T21:39:57","date_gmt":"2025-05-19T01:39:57","guid":{"rendered":"https:\/\/lasprimeras.com.do\/?p=99158"},"modified":"2025-05-18T21:39:58","modified_gmt":"2025-05-19T01:39:58","slug":"hospital-ney-arias-lora-celebra-xii-jornada-de-enfermeria","status":"publish","type":"post","link":"https:\/\/lasprimeras.com.do\/index.php\/2025\/05\/18\/hospital-ney-arias-lora-celebra-xii-jornada-de-enfermeria\/","title":{"rendered":"Hospital Ney Arias Lora celebra XII Jornada de Enfermer\u00eda"},"content":{"rendered":"\n<p><em><strong>La Jornada de este a\u00f1o se enfoc\u00f3 en el compromiso y la humanizaci\u00f3n del cuidado al paciente.<\/strong><\/em><\/p>\n\n\n\n<p>El Hospital Universitario Docente Traumatol\u00f3gico Dr. Ney Arias Lora celebr\u00f3 su XII Jornada de Enfermer\u00eda bajo el lema \u201cSuperando desaf\u00edos y retos para una atenci\u00f3n temprana hacia el paciente\u201d, resaltando la dedicaci\u00f3n del personal de enfermer\u00eda y su compromiso con una atenci\u00f3n humanizada desde el primer contacto con los pacientes.<\/p>\n\n\n\n<p>Durante el evento, el director del centro, Dr. Julio Landr\u00f3n, valor\u00f3 la entrega de las enfermeras, destacando su rol esencial en brindar cuidados con calidad y calidez.<\/p>\n\n\n\n<p>De igual manera, el subdirector acad\u00e9mico, Dr. David Cuevas, subray\u00f3 las cualidades humanas que distinguen al personal sanitario del hospital.<\/p>\n\n\n\n<p>La jornada incluy\u00f3 exposiciones como \u201cDesaf\u00edos y retos para una atenci\u00f3n temprana hacia el paciente\u201d, a cargo de la licenciada Damaris Dur\u00e1n, y \u201cEducaci\u00f3n en salud, elemento central del cuidado de enfermer\u00eda\u201d, presentada por la licenciada Yaniris Mella, entre otras.<\/p>\n\n\n\n<p>Igualmente, en la conferencia se present\u00f3 el tema empat\u00eda y salud mental laboral en enfermer\u00eda a cargo de la licenciada Arelis Garc\u00eda L\u00f3pez, y el tema clave para una gesti\u00f3n eficiente y efectiva a cargo del licenciado Jos\u00e9 Mar\u00eda Almonte.<\/p>\n\n\n\n<p>La Gerencia de Enfermer\u00eda reconoci\u00f3 la trayectoria y dedicaci\u00f3n de varias profesionales con placas de reconocimiento, entre ellas las licenciadas Josefina Mariano, Gisela P\u00e9rez y Kenia Valdez.<\/p>\n\n\n\n<p>Tambi\u00e9n, en el evento fueron reconocidas varias enfermeras, con un certificado al m\u00e9rito por destacarse en el desarrollo de sus funciones.<\/p>\n\n\n\n<p>La actividad se desarroll\u00f3 en el Sal\u00f3n Jaime Fern\u00e1ndez, ubicado en el quinto nivel del centro de salud, desde las 8:00 a.\u202fm. hasta las 2:00 p.\u202fm., con una participaci\u00f3n activa del personal de enfermer\u00eda y autoridades hospitalarias.<\/p>\n","protected":false},"excerpt":{"rendered":"<p>La Jornada de este a\u00f1o se enfoc\u00f3 en el compromiso y la humanizaci\u00f3n del cuidado al paciente. El Hospital Universitario Docente Traumatol\u00f3gico Dr. Ney Arias Lora celebr\u00f3 su XII Jornada&hellip;<\/p>\n","protected":false},"author":2,"featured_media":99159,"comment_status":"open","ping_status":"open","sticky":false,"template":"","format":"standard","meta":{"content-type":"","jetpack_post_was_ever_published":false,"_jetpack_newsletter_access":"","_jetpack_dont_email_post_to_subs":false,"_jetpack_newsletter_tier_id":0,"_jetpack_memberships_contains_paywalled_content":false,"_jetpack_memberships_contains_paid_content":false,"footnotes":""},"categories":[16558],"tags":[1304,19632,19633],"class_list":["post-99158","post","type-post","status-publish","format-standard","has-post-thumbnail","hentry","category-salud","tag-celebra","tag-hospital-ney-arias-lora","tag-jornada-de-enfermeria"],"jetpack_featured_media_url":"https:\/\/lasprimeras.com.do\/wp-content\/uploads\/2025\/05\/ney-arias-enfermeria.jpg","jetpack-related-posts":[{"id":76163,"url":"https:\/\/lasprimeras.com.do\/index.php\/2024\/02\/07\/ney-arias-lora-entrega-remozada-area-de-reanimacion\/","url_meta":{"origin":99158,"position":0},"title":"Ney Arias Lora entrega remozada \u00e1rea de Reanimaci\u00f3n","author":"Nelson Feliz","date":"7 de febrero de 2024","format":false,"excerpt":"El Hospital Universitario Docente Traumatol\u00f3gico Dr. Ney Arias Lora, entreg\u00f3 este mi\u00e9rcoles remozada la Sala de Reanimaci\u00f3n que funciona en el \u00e1rea de emergencia del centro de salud. El doctor Julio Landr\u00f3n, director general, dijo que la nueva Sala de Reanimaci\u00f3n del servicio de urgencia, fue optimizado el espacio disponible,\u2026","rel":"","context":"En \u00abSin categor\u00eda\u00bb","block_context":{"text":"Sin categor\u00eda","link":"https:\/\/lasprimeras.com.do\/index.php\/category\/sin-categoria\/"},"img":{"alt_text":"Hospital Universitario Docente Traumatol\u00f3gico Dr. Ney Arias Lora","src":"https:\/\/i0.wp.com\/lasprimeras.com.do\/wp-content\/uploads\/2024\/02\/emergencia-1.jpg?resize=350%2C200&ssl=1","width":350,"height":200,"srcset":"https:\/\/i0.wp.com\/lasprimeras.com.do\/wp-content\/uploads\/2024\/02\/emergencia-1.jpg?resize=350%2C200&ssl=1 1x, https:\/\/i0.wp.com\/lasprimeras.com.do\/wp-content\/uploads\/2024\/02\/emergencia-1.jpg?resize=525%2C300&ssl=1 1.5x, https:\/\/i0.wp.com\/lasprimeras.com.do\/wp-content\/uploads\/2024\/02\/emergencia-1.jpg?resize=700%2C400&ssl=1 2x, https:\/\/i0.wp.com\/lasprimeras.com.do\/wp-content\/uploads\/2024\/02\/emergencia-1.jpg?resize=1050%2C600&ssl=1 3x, https:\/\/i0.wp.com\/lasprimeras.com.do\/wp-content\/uploads\/2024\/02\/emergencia-1.jpg?resize=1400%2C800&ssl=1 4x"},"classes":[]},{"id":100048,"url":"https:\/\/lasprimeras.com.do\/index.php\/2025\/05\/30\/hospital-ney-arias-lora-amplia-especialidades-y-subespecialidades-unicas-en-latinoamerica\/","url_meta":{"origin":99158,"position":1},"title":"Hospital Ney Arias Lora ampl\u00eda especialidades y subespecialidades \u00fanicas en Latinoam\u00e9rica","author":"Nelson Feliz","date":"30 de mayo de 2025","format":false,"excerpt":"El Hospital Universitario Docente Traumatol\u00f3gico Dr. Ney Arias Lora, inform\u00f3 sobre la disponibilidad de un amplio cat\u00e1logo de especialidades y subespecialidades m\u00e9dicas, consolidando su posici\u00f3n como centro de referencia en el \u00e1rea de ortopedia y traumatolog\u00eda. El director del centro hospitalario doctor Julio Landr\u00f3n, destac\u00f3 el compromiso del hospital con\u2026","rel":"","context":"En \u00abSALUD\u00bb","block_context":{"text":"SALUD","link":"https:\/\/lasprimeras.com.do\/index.php\/category\/salud\/"},"img":{"alt_text":"Hospital Universitario Docente Traumatol\u00f3gico Dr. Ney Arias Lora","src":"https:\/\/i0.wp.com\/lasprimeras.com.do\/wp-content\/uploads\/2024\/01\/Hospital-Universitario-Dr.-Ney-Arias-Lora.jpg?resize=350%2C200&ssl=1","width":350,"height":200,"srcset":"https:\/\/i0.wp.com\/lasprimeras.com.do\/wp-content\/uploads\/2024\/01\/Hospital-Universitario-Dr.-Ney-Arias-Lora.jpg?resize=350%2C200&ssl=1 1x, https:\/\/i0.wp.com\/lasprimeras.com.do\/wp-content\/uploads\/2024\/01\/Hospital-Universitario-Dr.-Ney-Arias-Lora.jpg?resize=525%2C300&ssl=1 1.5x, https:\/\/i0.wp.com\/lasprimeras.com.do\/wp-content\/uploads\/2024\/01\/Hospital-Universitario-Dr.-Ney-Arias-Lora.jpg?resize=700%2C400&ssl=1 2x"},"classes":[]},{"id":126113,"url":"https:\/\/lasprimeras.com.do\/index.php\/2026\/03\/29\/hospital-ney-arias-lora-inaugura%c2%a8unidad-de-psicotrauma%c2%a8para-atencion-integral-de-pacientes\/","url_meta":{"origin":99158,"position":2},"title":"Hospital Ney Arias Lora inaugura\u00a8Unidad de Psicotrauma\u00a8para atenci\u00f3n integral de pacientes","author":"Nelson Feliz","date":"29 de marzo de 2026","format":false,"excerpt":"Titular del SNS destaca importancia de dicha unidad. La Direcci\u00f3n del Hospital Universitario Docente Traumatol\u00f3gico Dr. Ney Arias Lora inaugur\u00f3 la Unidad de Psicotrauma, un espacio dise\u00f1ado para atender a pacientes con traumas f\u00edsicos y psicol\u00f3gicos de manera integral, fortaleciendo la atenci\u00f3n en salud mental en Santo Domingo Norte y\u2026","rel":"","context":"En \u00abSALUD\u00bb","block_context":{"text":"SALUD","link":"https:\/\/lasprimeras.com.do\/index.php\/category\/salud\/"},"img":{"alt_text":"","src":"https:\/\/i0.wp.com\/lasprimeras.com.do\/wp-content\/uploads\/2026\/03\/ney-arias-doctor-landron.jpg?resize=350%2C200&ssl=1","width":350,"height":200,"srcset":"https:\/\/i0.wp.com\/lasprimeras.com.do\/wp-content\/uploads\/2026\/03\/ney-arias-doctor-landron.jpg?resize=350%2C200&ssl=1 1x, https:\/\/i0.wp.com\/lasprimeras.com.do\/wp-content\/uploads\/2026\/03\/ney-arias-doctor-landron.jpg?resize=525%2C300&ssl=1 1.5x, https:\/\/i0.wp.com\/lasprimeras.com.do\/wp-content\/uploads\/2026\/03\/ney-arias-doctor-landron.jpg?resize=700%2C400&ssl=1 2x"},"classes":[]},{"id":84900,"url":"https:\/\/lasprimeras.com.do\/index.php\/2024\/06\/17\/ney-arias-lora-realiza-jornada-quirurgica-mas-de-12-pacientes-fueron-intervenidos\/","url_meta":{"origin":99158,"position":3},"title":"Ney Arias Lora realiza jornada quir\u00fargica; m\u00e1s de 12 pacientes fueron intervenidos","author":"Nelson Feliz","date":"17 de junio de 2024","format":false,"excerpt":"Durante el fin de semana el equipo m\u00e9dico del Hospital Universitario Docente Traumatol\u00f3gico Dr. Ney Arias Lora, intervino m\u00e1s 12 pacientes en una nueva jornada quir\u00fargica realizada el fin de semana. El director general del centro del salud, doctor Julio Landr\u00f2n, inform\u00f3 que el objetivo del operativo quir\u00fargico es disminuir\u2026","rel":"","context":"En \u00abSin categor\u00eda\u00bb","block_context":{"text":"Sin categor\u00eda","link":"https:\/\/lasprimeras.com.do\/index.php\/category\/sin-categoria\/"},"img":{"alt_text":"Ney Arias Lora","src":"https:\/\/i0.wp.com\/lasprimeras.com.do\/wp-content\/uploads\/2024\/06\/Ney-Arias-Lora-2.jpg?resize=350%2C200&ssl=1","width":350,"height":200,"srcset":"https:\/\/i0.wp.com\/lasprimeras.com.do\/wp-content\/uploads\/2024\/06\/Ney-Arias-Lora-2.jpg?resize=350%2C200&ssl=1 1x, https:\/\/i0.wp.com\/lasprimeras.com.do\/wp-content\/uploads\/2024\/06\/Ney-Arias-Lora-2.jpg?resize=525%2C300&ssl=1 1.5x, https:\/\/i0.wp.com\/lasprimeras.com.do\/wp-content\/uploads\/2024\/06\/Ney-Arias-Lora-2.jpg?resize=700%2C400&ssl=1 2x"},"classes":[]},{"id":96967,"url":"https:\/\/lasprimeras.com.do\/index.php\/2025\/04\/13\/presidente-cmd-valora-entrega-personal-medico-del-centro-de-trauma\/","url_meta":{"origin":99158,"position":4},"title":"Presidente CMD valora entrega personal m\u00e9dico del centro de trauma","author":"Nelson Feliz","date":"13 de abril de 2025","format":false,"excerpt":"Del total de pacientes ingresados en el Ney Arias Lora, solo dos permanecen en cuidados intensivos. El director del Hospital Universitario Docente Traumatol\u00f3gico Dr. Ney Arias Lora, doctor Julio Landr\u00f3n, inform\u00f3 que de los 22 pacientes ingresados en este centro de salud por el desplome del techo de la discoteca\u2026","rel":"","context":"En \u00abPORTADA\u00bb","block_context":{"text":"PORTADA","link":"https:\/\/lasprimeras.com.do\/index.php\/category\/portada\/"},"img":{"alt_text":"","src":"https:\/\/i0.wp.com\/lasprimeras.com.do\/wp-content\/uploads\/2025\/04\/julio-Landron.jpg?resize=350%2C200&ssl=1","width":350,"height":200,"srcset":"https:\/\/i0.wp.com\/lasprimeras.com.do\/wp-content\/uploads\/2025\/04\/julio-Landron.jpg?resize=350%2C200&ssl=1 1x, https:\/\/i0.wp.com\/lasprimeras.com.do\/wp-content\/uploads\/2025\/04\/julio-Landron.jpg?resize=525%2C300&ssl=1 1.5x"},"classes":[]},{"id":72716,"url":"https:\/\/lasprimeras.com.do\/index.php\/2024\/01\/02\/ney-arias-lora-mas-del-70-de-los-pacientes-asistidos-en-el-feriado-navideno-transitaba-en-motocicleta\/","url_meta":{"origin":99158,"position":5},"title":"Ney Arias Lora: M\u00e1s del 70% de los pacientes asistidos en el feriado navide\u00f1o transitaba en motocicleta","author":"Nelson Feliz","date":"2 de enero de 2024","format":false,"excerpt":"La direcci\u00f3n del Hospital Universitario Docente Traumatol\u00f3gico Dr. Ney Arias Lora, inform\u00f3 que en el segundo feriado navide\u00f1o, ofreci\u00f3 atenciones oportunas a las emergencias que se presentaron. El director general doctor Julio Landr\u00f3n, dijo que durante el fin de semana, la emergencia se mantuvo controlada, ya que se asistieron menos\u2026","rel":"","context":"En \u00abPORTADA\u00bb","block_context":{"text":"PORTADA","link":"https:\/\/lasprimeras.com.do\/index.php\/category\/portada\/"},"img":{"alt_text":"Hospital Universitario Docente Traumatol\u00f3gico Dr. Ney Arias Lora","src":"https:\/\/i0.wp.com\/lasprimeras.com.do\/wp-content\/uploads\/2024\/01\/Hospital-Universitario-Dr.-Ney-Arias-Lora.jpg?resize=350%2C200&ssl=1","width":350,"height":200,"srcset":"https:\/\/i0.wp.com\/lasprimeras.com.do\/wp-content\/uploads\/2024\/01\/Hospital-Universitario-Dr.-Ney-Arias-Lora.jpg?resize=350%2C200&ssl=1 1x, https:\/\/i0.wp.com\/lasprimeras.com.do\/wp-content\/uploads\/2024\/01\/Hospital-Universitario-Dr.-Ney-Arias-Lora.jpg?resize=525%2C300&ssl=1 1.5x, https:\/\/i0.wp.com\/lasprimeras.com.do\/wp-content\/uploads\/2024\/01\/Hospital-Universitario-Dr.-Ney-Arias-Lora.jpg?resize=700%2C400&ssl=1 2x"},"classes":[]}],"jetpack_sharing_enabled":true,"_links":{"self":[{"href":"https:\/\/lasprimeras.com.do\/index.php\/wp-json\/wp\/v2\/posts\/99158","targetHints":{"allow":["GET"]}}],"collection":[{"href":"https:\/\/lasprimeras.com.do\/index.php\/wp-json\/wp\/v2\/posts"}],"about":[{"href":"https:\/\/lasprimeras.com.do\/index.php\/wp-json\/wp\/v2\/types\/post"}],"author":[{"embeddable":true,"href":"https:\/\/lasprimeras.com.do\/index.php\/wp-json\/wp\/v2\/users\/2"}],"replies":[{"embeddable":true,"href":"https:\/\/lasprimeras.com.do\/index.php\/wp-json\/wp\/v2\/comments?post=99158"}],"version-history":[{"count":1,"href":"https:\/\/lasprimeras.com.do\/index.php\/wp-json\/wp\/v2\/posts\/99158\/revisions"}],"predecessor-version":[{"id":99160,"href":"https:\/\/lasprimeras.com.do\/index.php\/wp-json\/wp\/v2\/posts\/99158\/revisions\/99160"}],"wp:featuredmedia":[{"embeddable":true,"href":"https:\/\/lasprimeras.com.do\/index.php\/wp-json\/wp\/v2\/media\/99159"}],"wp:attachment":[{"href":"https:\/\/lasprimeras.com.do\/index.php\/wp-json\/wp\/v2\/media?parent=99158"}],"wp:term":[{"taxonomy":"category","embeddable":true,"href":"https:\/\/lasprimeras.com.do\/index.php\/wp-json\/wp\/v2\/categories?post=99158"},{"taxonomy":"post_tag","embeddable":true,"href":"https:\/\/lasprimeras.com.do\/index.php\/wp-json\/wp\/v2\/tags?post=99158"}],"curies":[{"name":"wp","href":"https:\/\/api.w.org\/{rel}","templated":true}]}}