{"id":99177,"date":"2025-05-18T22:29:28","date_gmt":"2025-05-19T02:29:28","guid":{"rendered":"https:\/\/lasprimeras.com.do\/?p=99177"},"modified":"2025-05-18T22:29:29","modified_gmt":"2025-05-19T02:29:29","slug":"mochotran-anuncia-paro-por-tiempo-indefinido-por-altos-costos-operacionales","status":"publish","type":"post","link":"https:\/\/lasprimeras.com.do\/index.php\/2025\/05\/18\/mochotran-anuncia-paro-por-tiempo-indefinido-por-altos-costos-operacionales\/","title":{"rendered":"MOCHOTR\u00c1N anuncia paro por tiempo indefinido por altos costos operacionales"},"content":{"rendered":"\n<p>La Central Nacional Movimiento Choferil del Transporte (MOCHOTRAN) anunci\u00f3 que, a partir de este jueves, estar\u00e1n paralizando sus servicios en demanda de que el gobierno del presidente Luis Abinader disponga una soluci\u00f3n a una serie de problemas que afectan ese sector.<\/p>\n\n\n\n<p>\u201cEstamos anunciando que desde este jueves nuestras unidades no ofrecer\u00e1n el servicio de transporte p\u00fablico de pasajeros, pero desde MOCHOTR\u00c1N no estamos promoviendo des\u00f3rdenes ni vamos a obstaculizar el tr\u00e1nsito. Se trata de una acci\u00f3n reivindicativa, en busca de que la situaci\u00f3n que afecta a nuestro sector mejore\u201d, dijo el presidente de MOCHOTRAN, Alfredo Pulinario Mariot (Tito).<\/p>\n\n\n\n<p>Pulinario Mariot, dijo que, si bien es cierto que el retraso de alrededor de un mes en el suministro del combustible compensado por un una deuda millonaria con los suplidores, representa un grave problema, hay otros temas que merecen una atenci\u00f3n especial.<\/p>\n\n\n\n<p>\u201cTal es el caso del bonogas el que hay miles de choferes que no lo est\u00e1n recibiendo porque, al cambiar el pl\u00e1stico, resulta que al intentar utilizar el nuevo pl\u00e1stico, carecen de fondos y al reclamar solo se limitan a decirnos que eso est\u00e1 en manos de la ADES (Administradora de Subsidios Sociales), donde nunca nos dan respuesta\u201d, se queja Pulinario Mariot.<\/p>\n\n\n\n<p>Trece a\u00f1os sin pensionar un solo chofer.- Otro mal planteado por el presidente de MOCHOTR\u00c1N es el relativo a las pensiones de los choferes enfermos y envejecientes.<\/p>\n\n\n\n<p>Cit\u00f3 que desde que la Caja de Prensiones y Jubilaciones para Choferes, fuera disuelta tras la promulgaci\u00f3n de la Ley 63-17 de Movilidad. Transporte Terrestre, Tr\u00e1nsito y Seguridad Vial, el Gobierno no ha pensionado un solo chofer.<\/p>\n\n\n\n<p>\u201cEn el a\u00f1o tuvimos el honor y el privilegio de que el presidente Leonel Fern\u00e1ndez nos designara como director de la Caja de Prensiones y Jubilaciones para Choferes.<\/p>\n\n\n\n<p>Esa entidad desapareci\u00f3 por asuntos de la nueva Ley de Transporte y, lamentablemente, pasaron ocho a\u00f1o del Gobierno de Danilo Medina, van casi cinco a\u00f1os de la actual gesti\u00f3n gubernamental y en esos trece a\u00f1os ning\u00fan chofer ha gozado de pensiones, pese al deterioro f\u00edsico y de la salud de miles y miles de nuestros compa\u00f1eros choferes\u201d, dijo Alfredo Pulinario Mariot (Tito).<\/p>\n\n\n\n<p>Record\u00f3 que la la Caja de Prensiones y Jubilaciones para Choferes administraba noventa millones de pesos que bien deb\u00edan estar siendo invertidos para los mismos fines sociales que se utilizaban, pero nadie da explicaciones de como se manejan ahora esos fondos.<\/p>\n\n\n\n<p>No cargar m\u00e1s al pueblo.- El presidente de MOCHOTR\u00c1N cit\u00f3 que cada uno de los temas por \u00e9l se\u00f1alados, representan una carga enorme en materias operacionales, costos que no desean traspasar a los usuarios, pues un aumento en los precios de los pasajes ser\u00eda fatal.<\/p>\n\n\n\n<p>Expres\u00f3 que, como central que agrupa a 157 gremios y empresas choferiles, en MOCHOTR\u00c1N no quieren aumentar los precios de los pasajes urbanos e interurbanos, pero que la negativa del Gobierno a solucionar los males, no les deja otro camino.<\/p>\n","protected":false},"excerpt":{"rendered":"<p>La Central Nacional Movimiento Choferil del Transporte (MOCHOTRAN) anunci\u00f3 que, a partir de este jueves, estar\u00e1n paralizando sus servicios en demanda de que el gobierno del presidente Luis Abinader disponga&hellip;<\/p>\n","protected":false},"author":2,"featured_media":99178,"comment_status":"open","ping_status":"open","sticky":false,"template":"","format":"standard","meta":{"content-type":"","jetpack_post_was_ever_published":false,"_jetpack_newsletter_access":"","_jetpack_dont_email_post_to_subs":false,"_jetpack_newsletter_tier_id":0,"_jetpack_memberships_contains_paywalled_content":false,"_jetpack_memberships_contains_paid_content":false,"footnotes":""},"categories":[35],"tags":[19640,19638,19641,1059,19639],"class_list":["post-99177","post","type-post","status-publish","format-standard","has-post-thumbnail","hentry","category-nacionales","tag-altos-costos","tag-mochotran-2","tag-operacionales","tag-paro","tag-tiempo-indefinido"],"jetpack_featured_media_url":"https:\/\/lasprimeras.com.do\/wp-content\/uploads\/2025\/05\/Alfredo-Pulinario-Mariot.jpg","jetpack-related-posts":[{"id":118147,"url":"https:\/\/lasprimeras.com.do\/index.php\/2025\/12\/22\/mochotran-reafirma-estabilidad-en-tarifas-y-proyecta-expansion-del-sistema-de-transporte\/","url_meta":{"origin":99177,"position":0},"title":"Mochotran reafirma estabilidad en tarifas y proyecta expansi\u00f3n del sistema de transporte","author":"Nelson Feliz","date":"22 de diciembre de 2025","format":false,"excerpt":"Por Orlando Arias El Grupo de Empresas del Transporte Mochotran asegur\u00f3 que no aplicar\u00e1 aumentos en el precio de los pasajes durante las festividades navide\u00f1as, garantizando as\u00ed estabilidad tarifaria para los miles de usuarios que a diario utilizan sus unidades en el Gran Santo Domingo. El presidente de la entidad,\u2026","rel":"","context":"En \u00abECONOM\u00cdA\u00bb","block_context":{"text":"ECONOM\u00cdA","link":"https:\/\/lasprimeras.com.do\/index.php\/category\/economia\/"},"img":{"alt_text":"Alfredo Pulinario Mariot","src":"https:\/\/i0.wp.com\/lasprimeras.com.do\/wp-content\/uploads\/2025\/12\/Tito-Pulinario.jpg?resize=350%2C200&ssl=1","width":350,"height":200,"srcset":"https:\/\/i0.wp.com\/lasprimeras.com.do\/wp-content\/uploads\/2025\/12\/Tito-Pulinario.jpg?resize=350%2C200&ssl=1 1x, https:\/\/i0.wp.com\/lasprimeras.com.do\/wp-content\/uploads\/2025\/12\/Tito-Pulinario.jpg?resize=525%2C300&ssl=1 1.5x, https:\/\/i0.wp.com\/lasprimeras.com.do\/wp-content\/uploads\/2025\/12\/Tito-Pulinario.jpg?resize=700%2C400&ssl=1 2x"},"classes":[]},{"id":101315,"url":"https:\/\/lasprimeras.com.do\/index.php\/2025\/06\/18\/honraran-memoria-y-recordaran-legado-del-dirigente-choferil-alfredo-pulinario-cambita\/","url_meta":{"origin":99177,"position":1},"title":"Honrar\u00e1n memoria y recordar\u00e1n legado del dirigente choferil Alfredo Pulinario (Cambita)","author":"Nelson Feliz","date":"18 de junio de 2025","format":false,"excerpt":"El destacado l\u00edder choferil y empresario del transporte, Alfredo Pulinario (Cambita), ser\u00e1 objeto de un homenaje p\u00f3stumo el lunes, 23 de junio de 2025, al cumplirse el primer aniversario de su fallecimiento. Al momento de su muerte, el 23 de junio de 2024, Alfredo Pulinario (Cambita) se desempe\u00f1aba como gerente\u2026","rel":"","context":"En \u00abNACIONALES\u00bb","block_context":{"text":"NACIONALES","link":"https:\/\/lasprimeras.com.do\/index.php\/category\/nacionales\/"},"img":{"alt_text":"","src":"https:\/\/i0.wp.com\/lasprimeras.com.do\/wp-content\/uploads\/2025\/06\/Alfredo-Pulinario.jpg?resize=350%2C200&ssl=1","width":350,"height":200,"srcset":"https:\/\/i0.wp.com\/lasprimeras.com.do\/wp-content\/uploads\/2025\/06\/Alfredo-Pulinario.jpg?resize=350%2C200&ssl=1 1x, https:\/\/i0.wp.com\/lasprimeras.com.do\/wp-content\/uploads\/2025\/06\/Alfredo-Pulinario.jpg?resize=525%2C300&ssl=1 1.5x, https:\/\/i0.wp.com\/lasprimeras.com.do\/wp-content\/uploads\/2025\/06\/Alfredo-Pulinario.jpg?resize=700%2C400&ssl=1 2x"},"classes":[]},{"id":127857,"url":"https:\/\/lasprimeras.com.do\/index.php\/2026\/04\/16\/mochotran-destaca-labor-de-abinader-al-congelar-combustibles-califica-medida-como-una-accion-patriotica\/","url_meta":{"origin":99177,"position":2},"title":"Mochotran destaca labor de Abinader al congelar combustibles; califica medida como una \u201cacci\u00f3n patri\u00f3tica\u201d","author":"Nelson Feliz","date":"16 de abril de 2026","format":false,"excerpt":"Por Martin Restituyo El presidente del Grupo de Empresas de Transporte Mochotran, Alfredo Pulinario Mariot (Tito), salud\u00f3 con entusiasmo la iniciativa del mandatario Luis Abinader de mantener congelados los precios de los combustibles para la pr\u00f3xima semana. El dirigente choferil destac\u00f3 que esta decisi\u00f3n gubernamental llega en un momento crucial\u2026","rel":"","context":"En \u00abECONOM\u00cdA\u00bb","block_context":{"text":"ECONOM\u00cdA","link":"https:\/\/lasprimeras.com.do\/index.php\/category\/economia\/"},"img":{"alt_text":"","src":"https:\/\/i0.wp.com\/lasprimeras.com.do\/wp-content\/uploads\/2026\/04\/Tito-Pulinario-dia-del-periodista.jpg?resize=350%2C200&ssl=1","width":350,"height":200},"classes":[]},{"id":126320,"url":"https:\/\/lasprimeras.com.do\/index.php\/2026\/03\/31\/mochotran-resalta-eficiencia-y-seguridad-en-su-cuarto-aniversario\/","url_meta":{"origin":99177,"position":3},"title":"MOCHOTRAN resalta eficiencia y seguridad en su cuarto aniversario","author":"Nelson Feliz","date":"31 de marzo de 2026","format":false,"excerpt":"Por Martin Restituyo El Grupo de Empresas de Transporte Mochotran destac\u00f3 la calidad, eficiencia y seguridad de sus servicios al conmemorar su cuarto aniversario con una misa de acci\u00f3n de gracias celebrada en la terminal de autobuses ubicada en esta demarcaci\u00f3n. Durante la actividad, el presidente de la empresa, Alfredo\u2026","rel":"","context":"En \u00abNACIONALES\u00bb","block_context":{"text":"NACIONALES","link":"https:\/\/lasprimeras.com.do\/index.php\/category\/nacionales\/"},"img":{"alt_text":"Alfredo Pulinario","src":"https:\/\/i0.wp.com\/lasprimeras.com.do\/wp-content\/uploads\/2026\/03\/Alfredo-Pulinario.jpg?resize=350%2C200&ssl=1","width":350,"height":200,"srcset":"https:\/\/i0.wp.com\/lasprimeras.com.do\/wp-content\/uploads\/2026\/03\/Alfredo-Pulinario.jpg?resize=350%2C200&ssl=1 1x, https:\/\/i0.wp.com\/lasprimeras.com.do\/wp-content\/uploads\/2026\/03\/Alfredo-Pulinario.jpg?resize=525%2C300&ssl=1 1.5x, https:\/\/i0.wp.com\/lasprimeras.com.do\/wp-content\/uploads\/2026\/03\/Alfredo-Pulinario.jpg?resize=700%2C400&ssl=1 2x"},"classes":[]},{"id":86755,"url":"https:\/\/lasprimeras.com.do\/index.php\/2024\/07\/31\/ejecutivos-de-mochotran-visitan-nuevo-director-del-intrant-milton-morrison\/","url_meta":{"origin":99177,"position":4},"title":"Ejecutivos de Mochotran visitan nuevo director del Intrant, Milton Morrison","author":"Nelson Feliz","date":"31 de julio de 2024","format":false,"excerpt":"Ejecutivos del Grupo de Empresas de transporte Mochotran, giraron una visita de cortes\u00eda al nuevo director del Instituto Nacional de Tr\u00e1nsito y Transporte Terrestre (Intrant), Milton Morrison, con quien intercambiaron ideas sobre los temas inherentes al sector transporte. Durante el encuentro, donde actualizaron al se\u00f1or Morrison sobre los temas en\u2026","rel":"","context":"En \u00abNACIONALES\u00bb","block_context":{"text":"NACIONALES","link":"https:\/\/lasprimeras.com.do\/index.php\/category\/nacionales\/"},"img":{"alt_text":"Alfredo Pulinario Mariot","src":"https:\/\/i0.wp.com\/lasprimeras.com.do\/wp-content\/uploads\/2024\/07\/UNAA.jpg?resize=350%2C200&ssl=1","width":350,"height":200,"srcset":"https:\/\/i0.wp.com\/lasprimeras.com.do\/wp-content\/uploads\/2024\/07\/UNAA.jpg?resize=350%2C200&ssl=1 1x, https:\/\/i0.wp.com\/lasprimeras.com.do\/wp-content\/uploads\/2024\/07\/UNAA.jpg?resize=525%2C300&ssl=1 1.5x, https:\/\/i0.wp.com\/lasprimeras.com.do\/wp-content\/uploads\/2024\/07\/UNAA.jpg?resize=700%2C400&ssl=1 2x"},"classes":[]},{"id":128035,"url":"https:\/\/lasprimeras.com.do\/index.php\/2026\/04\/19\/mochotran-congela-pasajes-pese-al-alza-de-combustibles\/","url_meta":{"origin":99177,"position":5},"title":"Mochotran congela pasajes pese al alza de combustibles","author":"Nelson Feliz","date":"19 de abril de 2026","format":false,"excerpt":"Por Martin Restituyo El Consorcio de Empresas del Transporte Mochotran inform\u00f3 este domingo que no aplicar\u00e1 incrementos en el precio del pasaje, pese a las recientes alzas en los combustibles derivadas del conflicto en Ir\u00e1n. La decisi\u00f3n busca evitar una mayor carga econ\u00f3mica sobre los usuarios del servicio p\u00fablico. El\u2026","rel":"","context":"En \u00abECONOM\u00cdA\u00bb","block_context":{"text":"ECONOM\u00cdA","link":"https:\/\/lasprimeras.com.do\/index.php\/category\/economia\/"},"img":{"alt_text":"","src":"https:\/\/i0.wp.com\/lasprimeras.com.do\/wp-content\/uploads\/2026\/04\/mochotran.jpg?resize=350%2C200&ssl=1","width":350,"height":200,"srcset":"https:\/\/i0.wp.com\/lasprimeras.com.do\/wp-content\/uploads\/2026\/04\/mochotran.jpg?resize=350%2C200&ssl=1 1x, https:\/\/i0.wp.com\/lasprimeras.com.do\/wp-content\/uploads\/2026\/04\/mochotran.jpg?resize=525%2C300&ssl=1 1.5x, https:\/\/i0.wp.com\/lasprimeras.com.do\/wp-content\/uploads\/2026\/04\/mochotran.jpg?resize=700%2C400&ssl=1 2x"},"classes":[]}],"jetpack_sharing_enabled":true,"_links":{"self":[{"href":"https:\/\/lasprimeras.com.do\/index.php\/wp-json\/wp\/v2\/posts\/99177","targetHints":{"allow":["GET"]}}],"collection":[{"href":"https:\/\/lasprimeras.com.do\/index.php\/wp-json\/wp\/v2\/posts"}],"about":[{"href":"https:\/\/lasprimeras.com.do\/index.php\/wp-json\/wp\/v2\/types\/post"}],"author":[{"embeddable":true,"href":"https:\/\/lasprimeras.com.do\/index.php\/wp-json\/wp\/v2\/users\/2"}],"replies":[{"embeddable":true,"href":"https:\/\/lasprimeras.com.do\/index.php\/wp-json\/wp\/v2\/comments?post=99177"}],"version-history":[{"count":1,"href":"https:\/\/lasprimeras.com.do\/index.php\/wp-json\/wp\/v2\/posts\/99177\/revisions"}],"predecessor-version":[{"id":99179,"href":"https:\/\/lasprimeras.com.do\/index.php\/wp-json\/wp\/v2\/posts\/99177\/revisions\/99179"}],"wp:featuredmedia":[{"embeddable":true,"href":"https:\/\/lasprimeras.com.do\/index.php\/wp-json\/wp\/v2\/media\/99178"}],"wp:attachment":[{"href":"https:\/\/lasprimeras.com.do\/index.php\/wp-json\/wp\/v2\/media?parent=99177"}],"wp:term":[{"taxonomy":"category","embeddable":true,"href":"https:\/\/lasprimeras.com.do\/index.php\/wp-json\/wp\/v2\/categories?post=99177"},{"taxonomy":"post_tag","embeddable":true,"href":"https:\/\/lasprimeras.com.do\/index.php\/wp-json\/wp\/v2\/tags?post=99177"}],"curies":[{"name":"wp","href":"https:\/\/api.w.org\/{rel}","templated":true}]}}