{"id":99188,"date":"2025-05-19T07:33:46","date_gmt":"2025-05-19T11:33:46","guid":{"rendered":"https:\/\/lasprimeras.com.do\/?p=99188"},"modified":"2025-05-19T07:33:48","modified_gmt":"2025-05-19T11:33:48","slug":"la-oms-abre-su-asamblea-anual-en-plena-crisis-existencial-tras-recortes-de-fondos-de-eeuu","status":"publish","type":"post","link":"https:\/\/lasprimeras.com.do\/index.php\/2025\/05\/19\/la-oms-abre-su-asamblea-anual-en-plena-crisis-existencial-tras-recortes-de-fondos-de-eeuu\/","title":{"rendered":"La OMS abre su asamblea anual en plena \u201ccrisis existencial\u201d tras recortes de fondos de EEUU"},"content":{"rendered":"\n<p>POR JAMEY KEATEN<\/p>\n\n\n\n<p>GINEBRA (AP) \u2014 La Organizaci\u00f3n Mundial de la Salud comenz\u00f3 el lunes su reuni\u00f3n anual de ministros de gobierno y otros altos enviados, en medio de una de las crisis m\u00e1s serias de sus 77 a\u00f1os de historia tras los recortes de financiaci\u00f3n del gobierno de Trump y los planes de Estados Unidos de abandonar la organizaci\u00f3n.<\/p>\n\n\n\n<p>Este a\u00f1o, la agencia de salud de la ONU ha visto una ca\u00edda en su capacidad para llevar a cabo su amplio mandato, que va desde recomendar reducciones en los niveles de az\u00facar en las bebidas gaseosas hasta liderar la respuesta global a pandemias como el COVID-19 o brotes como el de polio o \u00e9bola.<\/p>\n\n\n\n<p>El director general, Tedros Adhanom Ghebreyesus, ha lidiado con una respuesta a los recortes de Estados Unidos, as\u00ed como con la reducci\u00f3n de aportaciones de otros donantes occidentales tradicionales que est\u00e1n destinando m\u00e1s dinero a la defensa y menos a la ayuda humanitaria.<\/p>\n\n\n\n<p>Matthew Kavanagh, director del centro de Pol\u00edtica y Salud Global de la Universidad de Georgetown, dijo que otros pa\u00edses han utilizado la \u201cdisrupci\u00f3n de Estados Unidos\u201d \u2014el recorte de ayuda\u2014 \u201ccomo cobertura para hacer sus maniobras, con muchos pa\u00edses en Europa reduciendo la ayuda\u201d.<\/p>\n\n\n\n<p>\u201cLa OMS enfrenta una crisis existencial que va mucho m\u00e1s all\u00e1 de un d\u00e9ficit presupuestario hasta la cuesti\u00f3n de si este tipo de multilateralismo puede tener \u00e9xito en abordar la salud global en esta nueva era de nacionalismo y desinformaci\u00f3n\u201d, expres\u00f3.<\/p>\n\n\n\n<p>\u201cLiteralmente, probablemente millones morir\u00e1n innecesariamente en la trayectoria actual y los ministros de salud del mundo no parecen capaces de una respuesta coherente\u201d, a\u00f1adi\u00f3 Kavanagh.<\/p>\n\n\n\n<p>Preparaci\u00f3n para pandemias en la agenda<\/p>\n\n\n\n<p>En la agenda de los nueve d\u00edas de la Asamblea Mundial de la Salud hay dos avances importantes destinados a reforzar la fortaleza financiera de la OMS y mejorar la capacidad del mundo para enfrentar pandemias en el futuro.<\/p>\n\n\n\n<p>Se espera que los pa\u00edses miembros acuerden aumentar las cuotas anuales, conocidas como \u201ccontribuciones evaluadas\u201d, en un 20% para apoyar las finanzas de la OMS y reducir la dependencia de las contribuciones voluntarias de los gobiernos, que cambian cada a\u00f1o y constituyen m\u00e1s de la mitad del presupuesto.<\/p>\n\n\n\n<p>Tambi\u00e9n se espera que acuerden un \u201ctratado pand\u00e9mico\u201d arduamente negociado, que naci\u00f3 del deseo de evitar una repetici\u00f3n de la respuesta desigual y fragmentada a el COVID-19 cuando llegue la pr\u00f3xima pandemia, que la mayor\u00eda de los expertos considera inevitable.<\/p>\n\n\n\n<p>Entre otras cosas, el tratado garantizar\u00eda que los pa\u00edses que compartan muestras cr\u00edticas de virus reciban cualquier prueba, medicamento y vacuna resultante, y dar\u00eda a la OMS hasta el 20% de esos productos para asegurar que los pa\u00edses m\u00e1s pobres puedan tener acceso a ellos.<\/p>\n\n\n\n<p>\u201cCada Asamblea Mundial de la Salud es significativa, pero la de este a\u00f1o lo es especialmente\u201d, dijo Tedros en sus comentarios de apertura el lunes. \u201cEn esta asamblea, los estados miembros considerar\u00e1n y, con suerte, adoptar\u00e1n el Acuerdo Pand\u00e9mico de la OMS. Este es verdaderamente un momento hist\u00f3rico\u201d.<\/p>\n\n\n\n<p>Anteriormente, ha dicho que el acuerdo puede \u201chacer el mundo m\u00e1s seguro\u201d al impulsar la colaboraci\u00f3n para prepararse, prevenir y responder a pandemias.<\/p>\n\n\n\n<p>La efectividad del tratado enfrentar\u00e1 dudas cuando Estados Unidos \u2014que invirti\u00f3 miles de millones en el trabajo r\u00e1pido de las compa\u00f1\u00edas farmac\u00e9uticas para desarrollar vacunas contra el COVID-19\u2014 est\u00e9 ausente, y porque los pa\u00edses no enfrentan sanciones si lo ignoran, un problema com\u00fan en el derecho internacional.<\/p>\n\n\n\n<p>Kavanagh dijo que la aprobaci\u00f3n del tratado \u201cpodr\u00eda ser una victoria significativa \u2014evidencia de que el gobierno de Estados Unidos puede que ya no sea indispensable en la salud global\u201d y podr\u00eda ofrecer una oportunidad para las naciones en desarrollo en el \u201cSur global\u201d a largo plazo.<\/p>\n\n\n\n<p>Reorganizaci\u00f3n de la gesti\u00f3n mientras el presupuesto se ajusta<br>CitizenGo, un grupo activista que apoya temas de derecho a la vida y libertad religiosa, protest\u00f3 contra el tratado fuera del complejo de la ONU en Ginebra, donde se celebraba la reuni\u00f3n de la OMS.<\/p>\n\n\n\n<p>La manifestaci\u00f3n incluy\u00f3 una escultura de globos en forma del mundo y una pancarta que arremet\u00eda contra las &#8220;\u00e9lites globalistas\u201d y mostraba una imagen de Tedros y el multimillonario cofundador de Microsoft, Bill Gates, un importante partidario de la OMS, d\u00e1ndose la mano y rodeados de d\u00f3lares.<\/p>\n\n\n\n<p>\u201cDespu\u00e9s del COVID, la OMS se reuni\u00f3 y pens\u00f3 que era una buena idea centralizar a\u00fan m\u00e1s el poder\u201d, dijo el activista de CitizenGo Sebastian Lukomski, acusando a la OMS de un esfuerzo por \u201celiminar m\u00e1s libertades fundamentales y no aprender de los errores que ocurrieron durante el COVID\u201d.<\/p>\n\n\n\n<p>En el per\u00edodo previo a la asamblea, la OMS ha estado reorganizando su estructura y reduciendo costos. Su direcci\u00f3n ha presentado un presupuesto para los pr\u00f3ximos dos a\u00f1os de poco menos de 4.300 millones de d\u00f3lares, lo que representa un 22% menos de lo planeado originalmente, en gran parte en respuesta a los recortes de financiaci\u00f3n occidental.<\/p>\n\n\n\n<p>En una reuni\u00f3n sobre su presupuesto la semana pasada, Tedros \u2014exministro de Salud y Exteriores de Etiop\u00eda\u2014 anunci\u00f3 una reorganizaci\u00f3n de la alta direcci\u00f3n que incluy\u00f3 la salida de doctor Michael Ryan, un asesor clave, del puesto de jefe de emergencias.<\/p>\n\n\n\n<p>Tedros dijo la semana pasada que la p\u00e9rdida de fondos y otras asistencias de Estados Unidos han dejado a la OMS con un d\u00e9ficit salarial de m\u00e1s de 500 millones de d\u00f3lares.<\/p>\n\n\n\n<p>La OMS est\u00e1 \u201csegura\u201d de que tiene compromisos para el 60% de los fondos para el pr\u00f3ximo ciclo presupuestario de dos a\u00f1os, pero enfrenta un d\u00e9ficit presupuestario de 1.700 millones de d\u00f3lares.<\/p>\n","protected":false},"excerpt":{"rendered":"<p>POR JAMEY KEATEN GINEBRA (AP) \u2014 La Organizaci\u00f3n Mundial de la Salud comenz\u00f3 el lunes su reuni\u00f3n anual de ministros de gobierno y otros altos enviados, en medio de una&hellip;<\/p>\n","protected":false},"author":10,"featured_media":99189,"comment_status":"open","ping_status":"open","sticky":false,"template":"","format":"standard","meta":{"content-type":"","jetpack_post_was_ever_published":false,"_jetpack_newsletter_access":"","_jetpack_dont_email_post_to_subs":false,"_jetpack_newsletter_tier_id":0,"_jetpack_memberships_contains_paywalled_content":false,"_jetpack_memberships_contains_paid_content":false,"footnotes":""},"categories":[16558],"tags":[10251,19644,979,1522,19645],"class_list":["post-99188","post","type-post","status-publish","format-standard","has-post-thumbnail","hentry","category-salud","tag-asamblea-anual","tag-crisis-existencial","tag-eeuu","tag-oms","tag-recortes-de-fondos"],"jetpack_featured_media_url":"https:\/\/lasprimeras.com.do\/wp-content\/uploads\/2025\/05\/Tedros-Adhanom-Ghebreyesus.jpg","jetpack-related-posts":[{"id":98530,"url":"https:\/\/lasprimeras.com.do\/index.php\/2025\/05\/08\/eeuu-reducira-ayuda-sanitaria-a-zambia-por-robo-y-venta-de-medicamentos\/","url_meta":{"origin":99188,"position":0},"title":"EEUU reducir\u00e1 ayuda sanitaria a Zambia por robo y venta de medicamentos","author":"Nelson Feliz","date":"8 de mayo de 2025","format":false,"excerpt":"LUSAKA, Zambia (AP) \u2014 Estados Unidos recortar\u00e1 50 millones de d\u00f3lares anuales en ayuda a Zambia debido al robo \u201csistem\u00e1tico\u201d de medicamentos y suministros m\u00e9dicos que el dinero financiaba, anunci\u00f3 el jueves el embajador estadounidense. El embajador Michael Gonzales manifest\u00f3 en una conferencia de prensa que en 2021 se descubri\u00f3\u2026","rel":"","context":"En \u00abSALUD\u00bb","block_context":{"text":"SALUD","link":"https:\/\/lasprimeras.com.do\/index.php\/category\/salud\/"},"img":{"alt_text":"","src":"https:\/\/i0.wp.com\/lasprimeras.com.do\/wp-content\/uploads\/2025\/05\/zambia.jpg?resize=350%2C200&ssl=1","width":350,"height":200,"srcset":"https:\/\/i0.wp.com\/lasprimeras.com.do\/wp-content\/uploads\/2025\/05\/zambia.jpg?resize=350%2C200&ssl=1 1x, https:\/\/i0.wp.com\/lasprimeras.com.do\/wp-content\/uploads\/2025\/05\/zambia.jpg?resize=525%2C300&ssl=1 1.5x, https:\/\/i0.wp.com\/lasprimeras.com.do\/wp-content\/uploads\/2025\/05\/zambia.jpg?resize=700%2C400&ssl=1 2x"},"classes":[]},{"id":96679,"url":"https:\/\/lasprimeras.com.do\/index.php\/2025\/04\/05\/kennedy-guarda-silencio-sobre-perdida-de-10-000-empleos-en-departamento-de-salud-de-eeuu\/","url_meta":{"origin":99188,"position":1},"title":"Kennedy guarda silencio sobre p\u00e9rdida de 10.000 empleos en Departamento de Salud de EEUU","author":"Nelson Feliz","date":"5 de abril de 2025","format":false,"excerpt":"POR AMANDA SEITZ WASHINGTON (AP) \u2014 El secretario Robert F. Kennedy Jr. no ofreci\u00f3 nuevos detalles el mi\u00e9rcoles sobre su masiva reestructuraci\u00f3n del Departamento de Salud y Servicios Humanos de Estados Unidos (HHS por sus siglas en ingl\u00e9s), un d\u00eda despu\u00e9s de que miles de despidos resonaran a trav\u00e9s de\u2026","rel":"","context":"En \u00abSALUD\u00bb","block_context":{"text":"SALUD","link":"https:\/\/lasprimeras.com.do\/index.php\/category\/salud\/"},"img":{"alt_text":"","src":"https:\/\/i0.wp.com\/lasprimeras.com.do\/wp-content\/uploads\/2025\/04\/Robert-F.-Kennedy-Jr.jpg?resize=350%2C200&ssl=1","width":350,"height":200,"srcset":"https:\/\/i0.wp.com\/lasprimeras.com.do\/wp-content\/uploads\/2025\/04\/Robert-F.-Kennedy-Jr.jpg?resize=350%2C200&ssl=1 1x, https:\/\/i0.wp.com\/lasprimeras.com.do\/wp-content\/uploads\/2025\/04\/Robert-F.-Kennedy-Jr.jpg?resize=525%2C300&ssl=1 1.5x, https:\/\/i0.wp.com\/lasprimeras.com.do\/wp-content\/uploads\/2025\/04\/Robert-F.-Kennedy-Jr.jpg?resize=700%2C400&ssl=1 2x"},"classes":[]},{"id":99310,"url":"https:\/\/lasprimeras.com.do\/index.php\/2025\/05\/20\/miembros-de-la-oms-adoptan-un-acuerdo-pandemico-tras-la-descoordinada-respuesta-global-al-covid-19\/","url_meta":{"origin":99188,"position":2},"title":"Miembros de la OMS adoptan un \u201cacuerdo pand\u00e9mico\u201d tras la descoordinada respuesta global al COVID-19","author":"Nelson Feliz","date":"20 de mayo de 2025","format":false,"excerpt":"POR JAMEY KEATEN GINEBRA (AP) \u2014 Los pa\u00edses miembros de la Organizaci\u00f3n Mundial de la Salud aprobaron el martes un acuerdo para mejorar la prevenci\u00f3n, preparaci\u00f3n y respuesta ante futuras pandemias tras la devastaci\u00f3n causada por el coronavirus. Un largo aplauso reson\u00f3 en la sala de Ginebra que albergaba la\u2026","rel":"","context":"En \u00abSALUD\u00bb","block_context":{"text":"SALUD","link":"https:\/\/lasprimeras.com.do\/index.php\/category\/salud\/"},"img":{"alt_text":"","src":"https:\/\/i0.wp.com\/lasprimeras.com.do\/wp-content\/uploads\/2025\/05\/covid.jpg?resize=350%2C200&ssl=1","width":350,"height":200,"srcset":"https:\/\/i0.wp.com\/lasprimeras.com.do\/wp-content\/uploads\/2025\/05\/covid.jpg?resize=350%2C200&ssl=1 1x, https:\/\/i0.wp.com\/lasprimeras.com.do\/wp-content\/uploads\/2025\/05\/covid.jpg?resize=525%2C300&ssl=1 1.5x, https:\/\/i0.wp.com\/lasprimeras.com.do\/wp-content\/uploads\/2025\/05\/covid.jpg?resize=700%2C400&ssl=1 2x"},"classes":[]},{"id":94241,"url":"https:\/\/lasprimeras.com.do\/index.php\/2025\/02\/26\/gobierno-de-eeuu-recorta-el-90-de-los-contratos-de-ayuda-exterior-de-usaid-segun-documentos\/","url_meta":{"origin":99188,"position":3},"title":"Gobierno de EEUU recorta el 90% de los contratos de ayuda exterior de USAID, seg\u00fan documentos","author":"Nelson Feliz","date":"26 de febrero de 2025","format":false,"excerpt":"POR ELLEN KNICKMEYER and MATTHEW LEE WASHINGTON (AP) \u2014 El gobierno de Estados Unidos anunci\u00f3 el mi\u00e9rcoles que decidi\u00f3 eliminar m\u00e1s del 90% de los contratos de ayuda exterior de la Agencia de Estados Unidos para el Desarrollo Internacional (USAID, por sus siglas en ingl\u00e9s) y 60.000 millones de d\u00f3lares\u2026","rel":"","context":"En \u00abECONOM\u00cdA\u00bb","block_context":{"text":"ECONOM\u00cdA","link":"https:\/\/lasprimeras.com.do\/index.php\/category\/economia\/"},"img":{"alt_text":"","src":"https:\/\/i0.wp.com\/lasprimeras.com.do\/wp-content\/uploads\/2025\/02\/usaid-2.jpg?resize=350%2C200&ssl=1","width":350,"height":200,"srcset":"https:\/\/i0.wp.com\/lasprimeras.com.do\/wp-content\/uploads\/2025\/02\/usaid-2.jpg?resize=350%2C200&ssl=1 1x, https:\/\/i0.wp.com\/lasprimeras.com.do\/wp-content\/uploads\/2025\/02\/usaid-2.jpg?resize=525%2C300&ssl=1 1.5x, https:\/\/i0.wp.com\/lasprimeras.com.do\/wp-content\/uploads\/2025\/02\/usaid-2.jpg?resize=700%2C400&ssl=1 2x"},"classes":[]},{"id":126270,"url":"https:\/\/lasprimeras.com.do\/index.php\/2026\/03\/31\/republica-dominicana-propuesta-para-presidir-la-79-a-asamblea-mundial-de-la-salud\/","url_meta":{"origin":99188,"position":4},"title":"Rep\u00fablica Dominicana propuesta para presidir la 79.\u00aa Asamblea Mundial de la Salud","author":"Nelson Feliz","date":"31 de marzo de 2026","format":false,"excerpt":"_Por primera vez en su historia, el pa\u00eds ejercer\u00e1 la m\u00e1xima representaci\u00f3n rotativa de la Regi\u00f3n de las Am\u00e9ricas en el principal \u00f3rgano de decisi\u00f3n de la OMS_ La Rep\u00fablica Dominicana ha sido propuesta de manera un\u00e1nime por los Estados Miembros de la Regi\u00f3n de las Am\u00e9ricas para asumir la\u2026","rel":"","context":"En \u00abPORTADA\u00bb","block_context":{"text":"PORTADA","link":"https:\/\/lasprimeras.com.do\/index.php\/category\/portada\/"},"img":{"alt_text":"","src":"https:\/\/i0.wp.com\/lasprimeras.com.do\/wp-content\/uploads\/2025\/08\/Bandera-Dominicana.jpg?resize=350%2C200&ssl=1","width":350,"height":200,"srcset":"https:\/\/i0.wp.com\/lasprimeras.com.do\/wp-content\/uploads\/2025\/08\/Bandera-Dominicana.jpg?resize=350%2C200&ssl=1 1x, https:\/\/i0.wp.com\/lasprimeras.com.do\/wp-content\/uploads\/2025\/08\/Bandera-Dominicana.jpg?resize=525%2C300&ssl=1 1.5x, https:\/\/i0.wp.com\/lasprimeras.com.do\/wp-content\/uploads\/2025\/08\/Bandera-Dominicana.jpg?resize=700%2C400&ssl=1 2x"},"classes":[]},{"id":106036,"url":"https:\/\/lasprimeras.com.do\/index.php\/2025\/08\/10\/comunidad-lgbtq-de-nepal-celebra-su-primer-desfile-del-orgullo-tras-recortes-de-fondos-de-eeuu\/","url_meta":{"origin":99188,"position":5},"title":"Comunidad LGBTQ+ de Nepal celebra su primer desfile del Orgullo tras recortes de fondos de EEUU","author":"Nelson Feliz","date":"10 de agosto de 2025","format":false,"excerpt":"POR BINAJ GURUBACHARYA KATMAND\u00da, Nepal (AP) \u2014 Miembros de la comunidad LGBTQ+ de Nepal y sus simpatizantes se reunieron en la capital el domingo en la marcha anual del orgullo, que fue la primera desde un importante recorte en la financiaci\u00f3n despu\u00e9s de que el gobierno de Estados Unidos cesara\u2026","rel":"","context":"En \u00abINTERNACIONALES\u00bb","block_context":{"text":"INTERNACIONALES","link":"https:\/\/lasprimeras.com.do\/index.php\/category\/sin-categoria\/internacionales\/"},"img":{"alt_text":"","src":"https:\/\/i0.wp.com\/lasprimeras.com.do\/wp-content\/uploads\/2025\/08\/nepal.jpg?resize=350%2C200&ssl=1","width":350,"height":200,"srcset":"https:\/\/i0.wp.com\/lasprimeras.com.do\/wp-content\/uploads\/2025\/08\/nepal.jpg?resize=350%2C200&ssl=1 1x, https:\/\/i0.wp.com\/lasprimeras.com.do\/wp-content\/uploads\/2025\/08\/nepal.jpg?resize=525%2C300&ssl=1 1.5x, https:\/\/i0.wp.com\/lasprimeras.com.do\/wp-content\/uploads\/2025\/08\/nepal.jpg?resize=700%2C400&ssl=1 2x"},"classes":[]}],"jetpack_sharing_enabled":true,"_links":{"self":[{"href":"https:\/\/lasprimeras.com.do\/index.php\/wp-json\/wp\/v2\/posts\/99188","targetHints":{"allow":["GET"]}}],"collection":[{"href":"https:\/\/lasprimeras.com.do\/index.php\/wp-json\/wp\/v2\/posts"}],"about":[{"href":"https:\/\/lasprimeras.com.do\/index.php\/wp-json\/wp\/v2\/types\/post"}],"author":[{"embeddable":true,"href":"https:\/\/lasprimeras.com.do\/index.php\/wp-json\/wp\/v2\/users\/10"}],"replies":[{"embeddable":true,"href":"https:\/\/lasprimeras.com.do\/index.php\/wp-json\/wp\/v2\/comments?post=99188"}],"version-history":[{"count":1,"href":"https:\/\/lasprimeras.com.do\/index.php\/wp-json\/wp\/v2\/posts\/99188\/revisions"}],"predecessor-version":[{"id":99190,"href":"https:\/\/lasprimeras.com.do\/index.php\/wp-json\/wp\/v2\/posts\/99188\/revisions\/99190"}],"wp:featuredmedia":[{"embeddable":true,"href":"https:\/\/lasprimeras.com.do\/index.php\/wp-json\/wp\/v2\/media\/99189"}],"wp:attachment":[{"href":"https:\/\/lasprimeras.com.do\/index.php\/wp-json\/wp\/v2\/media?parent=99188"}],"wp:term":[{"taxonomy":"category","embeddable":true,"href":"https:\/\/lasprimeras.com.do\/index.php\/wp-json\/wp\/v2\/categories?post=99188"},{"taxonomy":"post_tag","embeddable":true,"href":"https:\/\/lasprimeras.com.do\/index.php\/wp-json\/wp\/v2\/tags?post=99188"}],"curies":[{"name":"wp","href":"https:\/\/api.w.org\/{rel}","templated":true}]}}