{"id":99239,"date":"2025-05-19T11:15:39","date_gmt":"2025-05-19T15:15:39","guid":{"rendered":"https:\/\/lasprimeras.com.do\/?p=99239"},"modified":"2025-05-19T11:15:41","modified_gmt":"2025-05-19T15:15:41","slug":"rafael-santos-exhorta-a-fortalecer-el-sindicalismo-con-democracia","status":"publish","type":"post","link":"https:\/\/lasprimeras.com.do\/index.php\/2025\/05\/19\/rafael-santos-exhorta-a-fortalecer-el-sindicalismo-con-democracia\/","title":{"rendered":"Rafael Santos exhorta a fortalecer el sindicalismo con democracia"},"content":{"rendered":"\n<p><strong>\u00b7-Durante el cierre del 5to Congreso de la Confederaci\u00f3n Sindical de las Am\u00e9ricas, abord\u00f3 los retos actuales del movimiento sindical ante los cambios sociales y tecnol\u00f3gicos.<\/strong><\/p>\n\n\n\n<p>El director general del Instituto Nacional de Formaci\u00f3n T\u00e9cnico Profesional (INFOTEP), Rafael Santos Bad\u00eda, afirm\u00f3 que el movimiento sindical debe transformarse en un nuevo sindicalismo, fundamentado en la democracia interna, la inclusi\u00f3n de mujeres y j\u00f3venes, y la adaptaci\u00f3n tecnol\u00f3gica, para hacer frente a las profundas transformaciones que experimenta el mundo del trabajo.<\/p>\n\n\n\n<p>Durante su participaci\u00f3n en el acto de clausura del 5to Congreso de la Confederaci\u00f3n Sindical de las Am\u00e9ricas (CSA), celebrado del 13 al 17 de mayo, Santos Bad\u00eda abord\u00f3 los desaf\u00edos que impone la cuarta revoluci\u00f3n industrial, los efectos sociales de la exclusi\u00f3n y la necesidad de una acci\u00f3n sindical m\u00e1s consciente, moderna y solidaria.<\/p>\n\n\n\n<p>\u201cEl sindicalismo no puede temer al cambio. Tiene que ser parte de las transformaciones. Debe preparar a las nuevas generaciones para los empleos del futuro, garantizar condiciones dignas, y liderar con inteligencia, democracia y visi\u00f3n\u201d, expres\u00f3.<\/p>\n\n\n\n<p><strong>Transformaci\u00f3n del trabajo y formaci\u00f3n profesional<\/strong><\/p>\n\n\n\n<p>El director del INFOTEP explic\u00f3 que, como resultado de la transformaci\u00f3n tecnol\u00f3gica, m\u00e1s de 90 millones de empleos desaparecer\u00e1n, pero se generar\u00e1n m\u00e1s de 140 millones de nuevas ocupaciones, lo que representa una gran oportunidad para los trabajadores, siempre que exista una respuesta adecuada desde la formaci\u00f3n t\u00e9cnica y profesional.<\/p>\n\n\n\n<p>En ese sentido, subray\u00f3 el compromiso de INFOTEP con la capacitaci\u00f3n continua y la actualizaci\u00f3n de competencias para apoyar a trabajadores y trabajadoras en su proceso de adaptaci\u00f3n a un entorno cada vez m\u00e1s digital, automatizado y especializado.<\/p>\n\n\n\n<p><strong>Inclusi\u00f3n y liderazgo juvenil<\/strong><\/p>\n\n\n\n<p>Santos Bad\u00eda hizo \u00e9nfasis en la necesidad de renovar los liderazgos dentro de las organizaciones sindicales, integrando a las nuevas generaciones que tienen formas distintas de pensar, comunicarse y actuar.<\/p>\n\n\n\n<p>Como ejemplo explic\u00f3 que los j\u00f3venes trabajadores prefieren las reuniones virtuales, m\u00e1s que las presenciales.<\/p>\n\n\n\n<p>\u201cPodemos organizar asambleas virtuales, webinars, encuentros a trav\u00e9s del metaverso. Es decir, podemos hacer el sindicalismo del futuro para los empleos del futuro. Y ese sindicalismo ser\u00e1 m\u00e1s poderoso, m\u00e1s consciente\u201d, dijo.<\/p>\n\n\n\n<p>Asimismo, destac\u00f3 que el sindicalismo del presente y del futuro debe tener rostro de mujer y rostro juvenil, con estructuras abiertas, representativas y equitativas que reflejen la diversidad de la fuerza laboral actual.<\/p>\n\n\n\n<p><strong>Sindicalismo sociopol\u00edtico y defensa de los derechos<\/strong><\/p>\n\n\n\n<p>Santos Bad\u00eda advirti\u00f3 sobre el resurgimiento de discursos excluyentes y pr\u00e1cticas que atentan contra los derechos de las personas migrantes, las minor\u00edas y los sectores vulnerables.<\/p>\n\n\n\n<p>Record\u00f3 episodios hist\u00f3ricos de persecuci\u00f3n y represi\u00f3n para llamar a una defensa activa de la libertad sindical, la igualdad de derechos y la justicia social.<\/p>\n\n\n\n<p>Tambi\u00e9n dijo que el sindicalismo no solo debe defender condiciones laborales, sino tambi\u00e9n actuar como fuerza sociopol\u00edtica en favor de una sociedad m\u00e1s justa, con acceso a salud, educaci\u00f3n, techo, alimentaci\u00f3n, bienestar y paz.<\/p>\n\n\n\n<p>Asimismo, reafirm\u00f3 el compromiso del INFOTEP con el desarrollo de competencias, el di\u00e1logo social y el fortalecimiento del sindicalismo como actor clave para el desarrollo inclusivo.<\/p>\n\n\n\n<p><strong>CSA reconoce a Rafael Santos Bad\u00eda<\/strong><\/p>\n\n\n\n<p>La CSA, a trav\u00e9s de su director general, Rafael Freire, entreg\u00f3 un reconocimiento al profesor Rafael Santos Bad\u00eda, en agradecimiento por su valiosa colaboraci\u00f3n y compromiso en la organizaci\u00f3n del evento, as\u00ed como por su contribuci\u00f3n al fortalecimiento de la clase trabajadora de las Am\u00e9ricas.<\/p>\n\n\n\n<p><strong>Clausura del Congreso<\/strong><\/p>\n\n\n\n<p>El Quinto Congreso de la CSA reuni\u00f3 a representantes sindicales de toda Am\u00e9rica durante cinco d\u00edas de debates, intercambios y propuestas en torno al futuro del trabajo, la democracia, los derechos laborales y la sostenibilidad.<\/p>\n","protected":false},"excerpt":{"rendered":"<p>\u00b7-Durante el cierre del 5to Congreso de la Confederaci\u00f3n Sindical de las Am\u00e9ricas, abord\u00f3 los retos actuales del movimiento sindical ante los cambios sociales y tecnol\u00f3gicos. El director general del&hellip;<\/p>\n","protected":false},"author":10,"featured_media":99240,"comment_status":"open","ping_status":"open","sticky":false,"template":"","format":"standard","meta":{"content-type":"","jetpack_post_was_ever_published":false,"_jetpack_newsletter_access":"","_jetpack_dont_email_post_to_subs":false,"_jetpack_newsletter_tier_id":0,"_jetpack_memberships_contains_paywalled_content":false,"_jetpack_memberships_contains_paid_content":false,"footnotes":""},"categories":[35],"tags":[19682,607,7564,12647,19681,2456],"class_list":["post-99239","post","type-post","status-publish","format-standard","has-post-thumbnail","hentry","category-nacionales","tag-adaptacion","tag-democracia","tag-inclusion","tag-rafael-santos-badia","tag-sindicalismo","tag-tecnologica"],"jetpack_featured_media_url":"https:\/\/lasprimeras.com.do\/wp-content\/uploads\/2025\/05\/Rafael-Santos-Badia-2.jpg","jetpack-related-posts":[{"id":98916,"url":"https:\/\/lasprimeras.com.do\/index.php\/2025\/05\/14\/director-de-infotep-afirma-que-la-formacion-tecnico-profesional-es-clave-en-la-era-digital\/","url_meta":{"origin":99239,"position":0},"title":"Director de INFOTEP afirma que la formaci\u00f3n t\u00e9cnico profesional es clave en la era digital","author":"Nelson Feliz","date":"14 de mayo de 2025","format":false,"excerpt":"Santos Bad\u00eda destac\u00f3 la importancia de fortalecer el capital humano, actualizar las habilidades laborales, reducir la brecha digital y fomentar la formaci\u00f3n t\u00e9cnico profesional. El director general del Instituto Nacional de Formaci\u00f3n T\u00e9cnico Profesional (INFOTEP), el profesor Rafael Santos Bad\u00eda, ofreci\u00f3 la conferencia titulada \u201cTransformaciones econ\u00f3micas, cambio tecnol\u00f3gico y desaf\u00edos\u2026","rel":"","context":"En \u00abNACIONALES\u00bb","block_context":{"text":"NACIONALES","link":"https:\/\/lasprimeras.com.do\/index.php\/category\/nacionales\/"},"img":{"alt_text":"Rafael Santos Bad\u00eda","src":"https:\/\/i0.wp.com\/lasprimeras.com.do\/wp-content\/uploads\/2025\/05\/Rafael-Santos-Badia-1.jpg?resize=350%2C200&ssl=1","width":350,"height":200,"srcset":"https:\/\/i0.wp.com\/lasprimeras.com.do\/wp-content\/uploads\/2025\/05\/Rafael-Santos-Badia-1.jpg?resize=350%2C200&ssl=1 1x, https:\/\/i0.wp.com\/lasprimeras.com.do\/wp-content\/uploads\/2025\/05\/Rafael-Santos-Badia-1.jpg?resize=525%2C300&ssl=1 1.5x"},"classes":[]},{"id":98172,"url":"https:\/\/lasprimeras.com.do\/index.php\/2025\/05\/01\/rafael-santos-reconoce-el-legado-de-los-lideres-sindicales\/","url_meta":{"origin":99239,"position":1},"title":"Rafael Santos reconoce el legado de los l\u00edderes sindicales","author":"Nelson Feliz","date":"1 de mayo de 2025","format":false,"excerpt":"El evento reuni\u00f3 autoridades, sindicalistas y sociedad civil para rendir homenaje a los pioneros del movimiento obrero. El director general del Instituto Nacional de Formaci\u00f3n T\u00e9cnico Profesional (INFOTEP), Rafael Santos Bad\u00eda, rindi\u00f3 homenaje a los hombres y mujeres que fundaron el movimiento sindical en la Rep\u00fablica Dominicana, destacando su valiosa\u2026","rel":"","context":"En \u00abNACIONALES\u00bb","block_context":{"text":"NACIONALES","link":"https:\/\/lasprimeras.com.do\/index.php\/category\/nacionales\/"},"img":{"alt_text":"","src":"https:\/\/i0.wp.com\/lasprimeras.com.do\/wp-content\/uploads\/2025\/05\/Rafael-Santos-Badia.jpg?resize=350%2C200&ssl=1","width":350,"height":200,"srcset":"https:\/\/i0.wp.com\/lasprimeras.com.do\/wp-content\/uploads\/2025\/05\/Rafael-Santos-Badia.jpg?resize=350%2C200&ssl=1 1x, https:\/\/i0.wp.com\/lasprimeras.com.do\/wp-content\/uploads\/2025\/05\/Rafael-Santos-Badia.jpg?resize=525%2C300&ssl=1 1.5x"},"classes":[]},{"id":99761,"url":"https:\/\/lasprimeras.com.do\/index.php\/2025\/05\/26\/asodemu-culmina-con-exito-el-8vo-congreso-ordinario-de-la-contua\/","url_meta":{"origin":99239,"position":2},"title":"ASODEMU culmina con \u00e9xito el 8vo Congreso Ordinario de la CONTUA","author":"Nelson Feliz","date":"26 de mayo de 2025","format":false,"excerpt":"La Asociaci\u00f3n de Empleados Universitarios (ASODEMU) concluy\u00f3 con rotundo \u00e9xito el 8vo Congreso Ordinario de la Confederaci\u00f3n de Trabajadores y Trabajadoras de las Universidades de las Am\u00e9ricas (CONTUA), evento que tuvo como sede principal la Universidad Aut\u00f3noma de Santo Domingo (UASD). Con la participaci\u00f3n de 28 organizaciones sindicales provenientes de\u2026","rel":"","context":"En \u00abNACIONALES\u00bb","block_context":{"text":"NACIONALES","link":"https:\/\/lasprimeras.com.do\/index.php\/category\/nacionales\/"},"img":{"alt_text":"","src":"https:\/\/i0.wp.com\/lasprimeras.com.do\/wp-content\/uploads\/2025\/05\/uasd-2.jpg?resize=350%2C200&ssl=1","width":350,"height":200,"srcset":"https:\/\/i0.wp.com\/lasprimeras.com.do\/wp-content\/uploads\/2025\/05\/uasd-2.jpg?resize=350%2C200&ssl=1 1x, https:\/\/i0.wp.com\/lasprimeras.com.do\/wp-content\/uploads\/2025\/05\/uasd-2.jpg?resize=525%2C300&ssl=1 1.5x, https:\/\/i0.wp.com\/lasprimeras.com.do\/wp-content\/uploads\/2025\/05\/uasd-2.jpg?resize=700%2C400&ssl=1 2x"},"classes":[]},{"id":102544,"url":"https:\/\/lasprimeras.com.do\/index.php\/2025\/07\/06\/santos-badia-afirma-que-formar-mano-de-obra-en-los-pueblos-es-clave-para-atraer-inversion\/","url_meta":{"origin":99239,"position":3},"title":"Santos Bad\u00eda afirma que formar mano de obra en los pueblos es clave para atraer inversi\u00f3n","author":"Nelson Feliz","date":"6 de julio de 2025","format":false,"excerpt":"El director general del INFOTEP, Rafael Santos Bad\u00eda, asegur\u00f3 que la formaci\u00f3n t\u00e9cnico profesional en los pueblos del interior es indispensable para atraer inversi\u00f3n, generar empleos de calidad y garantizar el desarrollo sostenible de las comunidades. \u201cSi no se forma mano de obra en los pueblos del interior del pa\u00eds,\u2026","rel":"","context":"En \u00abNACIONALES\u00bb","block_context":{"text":"NACIONALES","link":"https:\/\/lasprimeras.com.do\/index.php\/category\/nacionales\/"},"img":{"alt_text":"Rafael Santos Bad\u00eda","src":"https:\/\/i0.wp.com\/lasprimeras.com.do\/wp-content\/uploads\/2025\/04\/Rafael-Santos-Badia.jpg?resize=350%2C200&ssl=1","width":350,"height":200,"srcset":"https:\/\/i0.wp.com\/lasprimeras.com.do\/wp-content\/uploads\/2025\/04\/Rafael-Santos-Badia.jpg?resize=350%2C200&ssl=1 1x, https:\/\/i0.wp.com\/lasprimeras.com.do\/wp-content\/uploads\/2025\/04\/Rafael-Santos-Badia.jpg?resize=525%2C300&ssl=1 1.5x"},"classes":[]},{"id":86284,"url":"https:\/\/lasprimeras.com.do\/index.php\/2024\/07\/21\/quien-es-rafael-santos-badia-en-republica-dominicana\/","url_meta":{"origin":99239,"position":4},"title":"\u00bfQui\u00e9n es Rafael Santos Bad\u00eda en Rep\u00fablica Dominicana?","author":"Nelson Feliz","date":"21 de julio de 2024","format":false,"excerpt":"Por Jacqueline Malag\u00f3n\u00a0\u00a0\u00a0\u00a0\u00a0\u00a0\u00a0\u00a0\u00a0\u00a0\u00a0\u00a0\u00a0\u00a0\u00a0\u00a0\u00a0\u00a0\u00a0\u00a0\u00a0\u00a0\u00a0\u00a0\u00a0\u00a0\u00a0\u00a0\u00a0\u00a0\u00a0\u00a0\u00a0\u00a0\u00a0\u00a0\u00a0\u00a0\u00a0\u00a0\u00a0\u00a0\u00a0\u00a0\u00a0\u00a0\u00a0\u00a0\u00a0\u00a0\u00a0\u00a0\u00a0\u00a0\u00a0\u00a0\u00a0\u00a0\u00a0\u00a0\u00a0\u00a0\u00a0\u00a0\u00a0\u00a0\u00a0\u00a0\u00a0\u00a0\u00a0\u00a0\u00a0\u00a0\u00a0\u00a0\u00a0\u00a0\u00a0\u00a0 Exministra de Educaci\u00f3n Rafael Santos Bad\u00eda es conocido en la Rep\u00fablica Dominicana principalmente por su papel como educador, dirigente sindical, legislador y ciudadano comprometido con la mejora del dominicano desde su inserci\u00f3n en el sistema educativo preuniversitario, en el que se le reconoce como un gran y\u2026","rel":"","context":"En \u00abOPINI\u00d3N\u00bb","block_context":{"text":"OPINI\u00d3N","link":"https:\/\/lasprimeras.com.do\/index.php\/category\/opinion\/"},"img":{"alt_text":"Rafael Santos Bad\u00eda","src":"https:\/\/i0.wp.com\/lasprimeras.com.do\/wp-content\/uploads\/2024\/06\/Rafael-Santos-Badia-2.jpg?resize=350%2C200&ssl=1","width":350,"height":200,"srcset":"https:\/\/i0.wp.com\/lasprimeras.com.do\/wp-content\/uploads\/2024\/06\/Rafael-Santos-Badia-2.jpg?resize=350%2C200&ssl=1 1x, https:\/\/i0.wp.com\/lasprimeras.com.do\/wp-content\/uploads\/2024\/06\/Rafael-Santos-Badia-2.jpg?resize=525%2C300&ssl=1 1.5x, https:\/\/i0.wp.com\/lasprimeras.com.do\/wp-content\/uploads\/2024\/06\/Rafael-Santos-Badia-2.jpg?resize=700%2C400&ssl=1 2x"},"classes":[]},{"id":110266,"url":"https:\/\/lasprimeras.com.do\/index.php\/2025\/09\/27\/director-del-infotep-destaca-el-rol-del-sindicalismo-ante-los-retos-de-la-inteligencia-artificial\/","url_meta":{"origin":99239,"position":5},"title":"Director del INFOTEP destaca el rol del sindicalismo ante los retos de la inteligencia artificial","author":"Nelson Feliz","date":"27 de septiembre de 2025","format":false,"excerpt":"\u00b7- Santos Bad\u00eda particip\u00f3 como orador en el XIII Encuentro Latinoamericano y Caribe\u00f1o de Sindicalistas. El director general del INFOTEP, profesor Rafael Santos Bad\u00eda, exhort\u00f3 a los trabajadores sindicalizados de Am\u00e9rica Latina y el Caribe a mantenerse unidos y preparados ante los cambios de las revoluciones industriales y el avance\u2026","rel":"","context":"En \u00abNACIONALES\u00bb","block_context":{"text":"NACIONALES","link":"https:\/\/lasprimeras.com.do\/index.php\/category\/nacionales\/"},"img":{"alt_text":"","src":"https:\/\/i0.wp.com\/lasprimeras.com.do\/wp-content\/uploads\/2025\/09\/Rafael-Santos-Badia-1.jpg?resize=350%2C200&ssl=1","width":350,"height":200,"srcset":"https:\/\/i0.wp.com\/lasprimeras.com.do\/wp-content\/uploads\/2025\/09\/Rafael-Santos-Badia-1.jpg?resize=350%2C200&ssl=1 1x, https:\/\/i0.wp.com\/lasprimeras.com.do\/wp-content\/uploads\/2025\/09\/Rafael-Santos-Badia-1.jpg?resize=525%2C300&ssl=1 1.5x, https:\/\/i0.wp.com\/lasprimeras.com.do\/wp-content\/uploads\/2025\/09\/Rafael-Santos-Badia-1.jpg?resize=700%2C400&ssl=1 2x"},"classes":[]}],"jetpack_sharing_enabled":true,"_links":{"self":[{"href":"https:\/\/lasprimeras.com.do\/index.php\/wp-json\/wp\/v2\/posts\/99239","targetHints":{"allow":["GET"]}}],"collection":[{"href":"https:\/\/lasprimeras.com.do\/index.php\/wp-json\/wp\/v2\/posts"}],"about":[{"href":"https:\/\/lasprimeras.com.do\/index.php\/wp-json\/wp\/v2\/types\/post"}],"author":[{"embeddable":true,"href":"https:\/\/lasprimeras.com.do\/index.php\/wp-json\/wp\/v2\/users\/10"}],"replies":[{"embeddable":true,"href":"https:\/\/lasprimeras.com.do\/index.php\/wp-json\/wp\/v2\/comments?post=99239"}],"version-history":[{"count":1,"href":"https:\/\/lasprimeras.com.do\/index.php\/wp-json\/wp\/v2\/posts\/99239\/revisions"}],"predecessor-version":[{"id":99241,"href":"https:\/\/lasprimeras.com.do\/index.php\/wp-json\/wp\/v2\/posts\/99239\/revisions\/99241"}],"wp:featuredmedia":[{"embeddable":true,"href":"https:\/\/lasprimeras.com.do\/index.php\/wp-json\/wp\/v2\/media\/99240"}],"wp:attachment":[{"href":"https:\/\/lasprimeras.com.do\/index.php\/wp-json\/wp\/v2\/media?parent=99239"}],"wp:term":[{"taxonomy":"category","embeddable":true,"href":"https:\/\/lasprimeras.com.do\/index.php\/wp-json\/wp\/v2\/categories?post=99239"},{"taxonomy":"post_tag","embeddable":true,"href":"https:\/\/lasprimeras.com.do\/index.php\/wp-json\/wp\/v2\/tags?post=99239"}],"curies":[{"name":"wp","href":"https:\/\/api.w.org\/{rel}","templated":true}]}}