{"id":99278,"date":"2025-05-19T23:07:25","date_gmt":"2025-05-20T03:07:25","guid":{"rendered":"https:\/\/lasprimeras.com.do\/?p=99278"},"modified":"2025-05-19T23:07:27","modified_gmt":"2025-05-20T03:07:27","slug":"indotel-contrarrestara-interferencias-de-emisoras-haitianas-en-la-frontera","status":"publish","type":"post","link":"https:\/\/lasprimeras.com.do\/index.php\/2025\/05\/19\/indotel-contrarrestara-interferencias-de-emisoras-haitianas-en-la-frontera\/","title":{"rendered":"Indotel contrarrestara interferencias de emisoras haitianas en la frontera"},"content":{"rendered":"\n<p><strong>El Indotel realiz\u00f3 un estudio t\u00e9cnico que identific\u00f3 niveles cr\u00edticos de interferencia en distintas localidades del norte y el sur del pa\u00eds.<\/strong><\/p>\n\n\n\n<p>El presidente del Instituto Dominicano de las Telecomunicaciones (Indotel), Guido G\u00f3mez Mazara, anunci\u00f3 este lunes el lanzamiento de una red de emisoras culturales y educativas que operar\u00e1n en la zona fronteriza a partir del pr\u00f3ximo 3 de junio, como parte de un plan para mitigar las interferencias de se\u00f1ales extranjeras y fortalecer la presencia comunicacional del pa\u00eds en esa regi\u00f3n.<\/p>\n\n\n\n<p>La medida forma parte de una estrategia de soberan\u00eda tecnol\u00f3gica y territorial que busca asegurar el control del espectro radioel\u00e9ctrico en comunidades vulnerables a se\u00f1ales for\u00e1neas.<\/p>\n\n\n\n<p>Seg\u00fan explic\u00f3 G\u00f3mez Mazara, el Indotel realiz\u00f3 un estudio t\u00e9cnico que identific\u00f3 niveles cr\u00edticos de interferencia en distintas localidades del norte y el sur del pa\u00eds, donde emisoras de origen extranjero suplantan la se\u00f1al de estaciones nacionales debido a la baja potencia de transmisi\u00f3n.<\/p>\n\n\n\n<p>&#8220;Con esta intervenci\u00f3n no solo protegemos el espectro, sino que promovemos nuestra identidad cultural, hist\u00f3rica e informativa en zonas clave para la seguridad y la cohesi\u00f3n nacional&#8221;, indic\u00f3 el funcionario.<\/p>\n\n\n\n<p>El proyecto es coordinado por el Indotel en conjunto con el Ministerio de Cultura y la Voz de las Fuerzas Armadas, y contempla la difusi\u00f3n ininterrumpida de contenido dominicano, incluyendo m\u00fasica, mensajes educativos, programas culturales y concursos, las 24 horas del d\u00eda.<\/p>\n\n\n\n<p>La programaci\u00f3n estar\u00e1 enfocada en resaltar los valores patrios y fomentar la participaci\u00f3n comunitaria, como parte de una agenda comunicacional alineada con los pilares estrat\u00e9gicos del plan &#8220;Rep\u00fablica Dominicana Conectada con el Futuro&#8221;.<\/p>\n\n\n\n<p>&#8220;Este esfuerzo reafirma el compromiso del Gobierno con una frontera m\u00e1s presente, m\u00e1s dominicana y mejor conectada&#8221;, concluy\u00f3 G\u00f3mez Mazara.<\/p>\n","protected":false},"excerpt":{"rendered":"<p>El Indotel realiz\u00f3 un estudio t\u00e9cnico que identific\u00f3 niveles cr\u00edticos de interferencia en distintas localidades del norte y el sur del pa\u00eds. El presidente del Instituto Dominicano de las Telecomunicaciones&hellip;<\/p>\n","protected":false},"author":2,"featured_media":90604,"comment_status":"open","ping_status":"open","sticky":false,"template":"","format":"standard","meta":{"content-type":"","jetpack_post_was_ever_published":false,"_jetpack_newsletter_access":"","_jetpack_dont_email_post_to_subs":false,"_jetpack_newsletter_tier_id":0,"_jetpack_memberships_contains_paywalled_content":false,"_jetpack_memberships_contains_paid_content":false,"footnotes":""},"categories":[35],"tags":[19702,19703,74,14991,19701],"class_list":["post-99278","post","type-post","status-publish","format-standard","has-post-thumbnail","hentry","category-nacionales","tag-contrarrestara","tag-emisoras-haitianas","tag-frontera","tag-indotel","tag-interferencias"],"jetpack_featured_media_url":"https:\/\/lasprimeras.com.do\/wp-content\/uploads\/2024\/10\/indotel-1.jpg","jetpack-related-posts":[{"id":103188,"url":"https:\/\/lasprimeras.com.do\/index.php\/2025\/07\/13\/uit-ayuda-para-que-haiti-corrija-interferencias-de-emisoras-en-frontera\/","url_meta":{"origin":99278,"position":0},"title":"UIT ayuda para que Hait\u00ed corrija interferencias de emisoras en frontera","author":"Nelson Feliz","date":"13 de julio de 2025","format":false,"excerpt":"INDOTEL propuso que la cooperaci\u00f3n internacional se canalice hacia Hait\u00ed, para dotar a ese pa\u00eds de equipos que eviten afectaciones en las telecomunicaciones dominicanas Ginebra, Suiza. \u2013 La Uni\u00f3n Internacional de Telecomunicaciones (UIT) atender\u00e1 la situaci\u00f3n de las interferencias en la frontera de Rep\u00fablica Dominicana con Hait\u00ed, con apoyo t\u00e9cnico\u2026","rel":"","context":"En \u00abINTERNACIONALES\u00bb","block_context":{"text":"INTERNACIONALES","link":"https:\/\/lasprimeras.com.do\/index.php\/category\/sin-categoria\/internacionales\/"},"img":{"alt_text":"","src":"https:\/\/i0.wp.com\/lasprimeras.com.do\/wp-content\/uploads\/2025\/07\/indotel.jpg?resize=350%2C200&ssl=1","width":350,"height":200,"srcset":"https:\/\/i0.wp.com\/lasprimeras.com.do\/wp-content\/uploads\/2025\/07\/indotel.jpg?resize=350%2C200&ssl=1 1x, https:\/\/i0.wp.com\/lasprimeras.com.do\/wp-content\/uploads\/2025\/07\/indotel.jpg?resize=525%2C300&ssl=1 1.5x, https:\/\/i0.wp.com\/lasprimeras.com.do\/wp-content\/uploads\/2025\/07\/indotel.jpg?resize=700%2C400&ssl=1 2x"},"classes":[]},{"id":99720,"url":"https:\/\/lasprimeras.com.do\/index.php\/2025\/05\/26\/indotel-licitara-frecuencia-emisoras-de-am-apagadas\/","url_meta":{"origin":99278,"position":1},"title":"INDOTEL licitara frecuencia emisoras de AM apagadas","author":"Nelson Feliz","date":"26 de mayo de 2025","format":false,"excerpt":"El Instituto Dominicano de las Telecomunicaciones (INDOTEL), iniciar\u00e1 un proceso de licitaci\u00f3n de las frecuencia de emisoras de Amplitud Moduladas(AM), que se encuentran apagadas en todo el pa\u00eds. La administraci\u00f3n del Indotel, encabezada por el presidente del Consejo Directivo, doctor Guido G\u00f3mez Mazara, se ha enfocado en la reorganizaci\u00f3n del\u2026","rel":"","context":"En \u00abNACIONALES\u00bb","block_context":{"text":"NACIONALES","link":"https:\/\/lasprimeras.com.do\/index.php\/category\/nacionales\/"},"img":{"alt_text":"","src":"https:\/\/i0.wp.com\/lasprimeras.com.do\/wp-content\/uploads\/2024\/10\/indotel-1.jpg?resize=350%2C200&ssl=1","width":350,"height":200,"srcset":"https:\/\/i0.wp.com\/lasprimeras.com.do\/wp-content\/uploads\/2024\/10\/indotel-1.jpg?resize=350%2C200&ssl=1 1x, https:\/\/i0.wp.com\/lasprimeras.com.do\/wp-content\/uploads\/2024\/10\/indotel-1.jpg?resize=525%2C300&ssl=1 1.5x, https:\/\/i0.wp.com\/lasprimeras.com.do\/wp-content\/uploads\/2024\/10\/indotel-1.jpg?resize=700%2C400&ssl=1 2x"},"classes":[]},{"id":107462,"url":"https:\/\/lasprimeras.com.do\/index.php\/2025\/08\/26\/guido-gomez-mazara-resalta-logros-y-avances-durante-primer-ano-de-gestion-en-indotel\/","url_meta":{"origin":99278,"position":2},"title":"Guido G\u00f3mez Mazara resalta logros y avances durante primer a\u00f1o de gesti\u00f3n en INDOTEL","author":"Nelson Feliz","date":"26 de agosto de 2025","format":false,"excerpt":"Figuran entre principales logros: Destacamentos Conectados, Proyecto de Conectividad a Internet de Fibra \u00d3ptica Regi\u00f3n Sur y UASD Conectada El presidente del Consejo Directivo del Instituto Dominicano de las Telecomunicaciones (INDOTEL), Guido G\u00f3mez Mazara, se\u00f1al\u00f3 que en su primer a\u00f1o de gesti\u00f3n frente a esta instituci\u00f3n ha transformado de manera\u2026","rel":"","context":"En \u00abNACIONALES\u00bb","block_context":{"text":"NACIONALES","link":"https:\/\/lasprimeras.com.do\/index.php\/category\/nacionales\/"},"img":{"alt_text":"","src":"https:\/\/i0.wp.com\/lasprimeras.com.do\/wp-content\/uploads\/2025\/08\/Guido-Gomez-Mazara-1.jpg?resize=350%2C200&ssl=1","width":350,"height":200,"srcset":"https:\/\/i0.wp.com\/lasprimeras.com.do\/wp-content\/uploads\/2025\/08\/Guido-Gomez-Mazara-1.jpg?resize=350%2C200&ssl=1 1x, https:\/\/i0.wp.com\/lasprimeras.com.do\/wp-content\/uploads\/2025\/08\/Guido-Gomez-Mazara-1.jpg?resize=525%2C300&ssl=1 1.5x, https:\/\/i0.wp.com\/lasprimeras.com.do\/wp-content\/uploads\/2025\/08\/Guido-Gomez-Mazara-1.jpg?resize=700%2C400&ssl=1 2x"},"classes":[]},{"id":99155,"url":"https:\/\/lasprimeras.com.do\/index.php\/2025\/05\/18\/indotel-garantiza-conexion-a-internet-de-todos-los-dominicanos\/","url_meta":{"origin":99278,"position":3},"title":"INDOTEL garantiza conexi\u00f3n a internet de todos los dominicanos","author":"Nelson Feliz","date":"18 de mayo de 2025","format":false,"excerpt":"El presidente del Consejo Directivo del Instituto Dominicano de las Telecomunicaciones (INDOTEL), Guido G\u00f3mez Mazara, indic\u00f3 que reducir la brecha digital para garantizar que todos los dominicanos tengan acceso a las herramientas digitales es el compromiso de la actual gesti\u00f3n, durante la celebraci\u00f3n de una jornada institucional orientada a compartir\u2026","rel":"","context":"En \u00abNACIONALES\u00bb","block_context":{"text":"NACIONALES","link":"https:\/\/lasprimeras.com.do\/index.php\/category\/nacionales\/"},"img":{"alt_text":"","src":"https:\/\/i0.wp.com\/lasprimeras.com.do\/wp-content\/uploads\/2025\/05\/Guido-Gomez-Mazara-en-Eucaristia-por-Dia-Mundial-de-las-Telecomunicaciones.jpg?resize=350%2C200&ssl=1","width":350,"height":200,"srcset":"https:\/\/i0.wp.com\/lasprimeras.com.do\/wp-content\/uploads\/2025\/05\/Guido-Gomez-Mazara-en-Eucaristia-por-Dia-Mundial-de-las-Telecomunicaciones.jpg?resize=350%2C200&ssl=1 1x, https:\/\/i0.wp.com\/lasprimeras.com.do\/wp-content\/uploads\/2025\/05\/Guido-Gomez-Mazara-en-Eucaristia-por-Dia-Mundial-de-las-Telecomunicaciones.jpg?resize=525%2C300&ssl=1 1.5x"},"classes":[]},{"id":93244,"url":"https:\/\/lasprimeras.com.do\/index.php\/2025\/02\/04\/guido-gomez-dejo-a-indotel-si-se-comprueban-irregularidades-en-mi-gestion\/","url_meta":{"origin":99278,"position":4},"title":"Guido G\u00f3mez: \u201cDej\u00f3 a Indotel si se comprueban irregularidades en mi gesti\u00f3n\u201d","author":"Nelson Feliz","date":"4 de febrero de 2025","format":false,"excerpt":"El presidente del Instituto Dominicano de las Telecomunicaciones (Indotel), Guido G\u00f3mez Mazara, reafirm\u00f3 su compromiso con la transparencia en la funci\u00f3n p\u00fablica y asegur\u00f3: \"estoy dispuesto a renunciar en caso de comprobarse irregularidades en mi gesti\u00f3n\". Durante su intervenci\u00f3n, enfatiz\u00f3 que la rendici\u00f3n de cuentas y el cumplimiento estricto de\u2026","rel":"","context":"En \u00abPOLITICA\u00bb","block_context":{"text":"POLITICA","link":"https:\/\/lasprimeras.com.do\/index.php\/category\/politica\/"},"img":{"alt_text":"Guido Gomez Mazara","src":"https:\/\/i0.wp.com\/lasprimeras.com.do\/wp-content\/uploads\/2025\/02\/Guido-Gomez-Mazara.jpg?resize=350%2C200&ssl=1","width":350,"height":200,"srcset":"https:\/\/i0.wp.com\/lasprimeras.com.do\/wp-content\/uploads\/2025\/02\/Guido-Gomez-Mazara.jpg?resize=350%2C200&ssl=1 1x, https:\/\/i0.wp.com\/lasprimeras.com.do\/wp-content\/uploads\/2025\/02\/Guido-Gomez-Mazara.jpg?resize=525%2C300&ssl=1 1.5x, https:\/\/i0.wp.com\/lasprimeras.com.do\/wp-content\/uploads\/2025\/02\/Guido-Gomez-Mazara.jpg?resize=700%2C400&ssl=1 2x"},"classes":[]},{"id":96040,"url":"https:\/\/lasprimeras.com.do\/index.php\/2025\/03\/24\/indotel-clausura-tres-emisoras-de-radio-y-seis-negocios-de-reventa-de-internet-operaban-ilegalmente\/","url_meta":{"origin":99278,"position":5},"title":"INDOTEL clausura tres emisoras de radio y seis negocios de reventa de internet operaban ilegalmente","author":"Nelson Feliz","date":"24 de marzo de 2025","format":false,"excerpt":"La instituci\u00f3n refuerza su lucha contra la operaci\u00f3n ilegal en el espectro radioel\u00e9ctrico y la prestaci\u00f3n de servicios sin autorizaci\u00f3n El Instituto Dominicano de las Telecomunicaciones (INDOTEL) clausur\u00f3 tres emisoras de radio y seis negocios revendedores de servicios de internet que operaban ilegalmente en diferentes partes del pa\u00eds, incumpliendo la\u2026","rel":"","context":"En \u00abNACIONALES\u00bb","block_context":{"text":"NACIONALES","link":"https:\/\/lasprimeras.com.do\/index.php\/category\/nacionales\/"},"img":{"alt_text":"","src":"https:\/\/i0.wp.com\/lasprimeras.com.do\/wp-content\/uploads\/2024\/10\/indotel-1.jpg?resize=350%2C200&ssl=1","width":350,"height":200,"srcset":"https:\/\/i0.wp.com\/lasprimeras.com.do\/wp-content\/uploads\/2024\/10\/indotel-1.jpg?resize=350%2C200&ssl=1 1x, https:\/\/i0.wp.com\/lasprimeras.com.do\/wp-content\/uploads\/2024\/10\/indotel-1.jpg?resize=525%2C300&ssl=1 1.5x, https:\/\/i0.wp.com\/lasprimeras.com.do\/wp-content\/uploads\/2024\/10\/indotel-1.jpg?resize=700%2C400&ssl=1 2x"},"classes":[]}],"jetpack_sharing_enabled":true,"_links":{"self":[{"href":"https:\/\/lasprimeras.com.do\/index.php\/wp-json\/wp\/v2\/posts\/99278","targetHints":{"allow":["GET"]}}],"collection":[{"href":"https:\/\/lasprimeras.com.do\/index.php\/wp-json\/wp\/v2\/posts"}],"about":[{"href":"https:\/\/lasprimeras.com.do\/index.php\/wp-json\/wp\/v2\/types\/post"}],"author":[{"embeddable":true,"href":"https:\/\/lasprimeras.com.do\/index.php\/wp-json\/wp\/v2\/users\/2"}],"replies":[{"embeddable":true,"href":"https:\/\/lasprimeras.com.do\/index.php\/wp-json\/wp\/v2\/comments?post=99278"}],"version-history":[{"count":1,"href":"https:\/\/lasprimeras.com.do\/index.php\/wp-json\/wp\/v2\/posts\/99278\/revisions"}],"predecessor-version":[{"id":99279,"href":"https:\/\/lasprimeras.com.do\/index.php\/wp-json\/wp\/v2\/posts\/99278\/revisions\/99279"}],"wp:featuredmedia":[{"embeddable":true,"href":"https:\/\/lasprimeras.com.do\/index.php\/wp-json\/wp\/v2\/media\/90604"}],"wp:attachment":[{"href":"https:\/\/lasprimeras.com.do\/index.php\/wp-json\/wp\/v2\/media?parent=99278"}],"wp:term":[{"taxonomy":"category","embeddable":true,"href":"https:\/\/lasprimeras.com.do\/index.php\/wp-json\/wp\/v2\/categories?post=99278"},{"taxonomy":"post_tag","embeddable":true,"href":"https:\/\/lasprimeras.com.do\/index.php\/wp-json\/wp\/v2\/tags?post=99278"}],"curies":[{"name":"wp","href":"https:\/\/api.w.org\/{rel}","templated":true}]}}